{"id":10001,"date":"2023-05-30T10:15:21","date_gmt":"2023-05-30T08:15:21","guid":{"rendered":"https:\/\/www.emplea-te.com\/noticias-oposiciones\/?p=10001"},"modified":"2023-05-30T10:15:21","modified_gmt":"2023-05-30T08:15:21","slug":"ayuntamiento-de-baiona-publicacion-bases-regidoras-proceso-selectivo-que-sera-convocado-para-cubrir-plaza-de-tecnico-de-administracion-general-a1","status":"publish","type":"post","link":"https:\/\/www.emplea-te.com\/noticias-oposiciones\/ayuntamiento-de-baiona-publicacion-bases-regidoras-proceso-selectivo-que-sera-convocado-para-cubrir-plaza-de-tecnico-de-administracion-general-a1\/","title":{"rendered":"Ayuntamiento de Baiona. Publicaci\u00f3n bases regidoras proceso selectivo que ser\u00e1 convocado para cubrir plaza de T\u00e9cnico de Administraci\u00f3n General A1"},"content":{"rendered":"<p>Se publica en el BOP de la Provincia de Pontevedra de hoy, d\u00eda 30 de mayo de 2023, la Resoluci\u00f3n por la que se aprueban las bases que regir\u00e1n el proceso selectivo convocado para cubrir plaza de T\u00e9cnico de Administraci\u00f3n General A1 por el sistema selectivo de concurso-oposici\u00f3n en turno libre reservada a personal funcionario de carrera.<\/p>\n<p><a href=\"https:\/\/boppo.depo.gal\/web\/boppo\/detalle\/-\/boppo\/2023\/05\/30\/2023038416\" target=\"_blank\" rel=\"noopener\"><strong>Accede a las bases desde este enlace.<\/strong><\/a><\/p>\n","protected":false},"excerpt":{"rendered":"<p>Se publica en el BOP de la Provincia de Pontevedra de hoy, d\u00eda 30 de mayo de 2023, la Resoluci\u00f3n por la que se aprueban las bases que regir\u00e1n el proceso selectivo convocado para cubrir plaza de T\u00e9cnico de Administraci\u00f3n General A1 por el sistema selectivo de concurso-oposici\u00f3n en turno libre reservada a personal funcionario &hellip; <a href=\"https:\/\/www.emplea-te.com\/noticias-oposiciones\/ayuntamiento-de-baiona-publicacion-bases-regidoras-proceso-selectivo-que-sera-convocado-para-cubrir-plaza-de-tecnico-de-administracion-general-a1\/\" class=\"more-link\">Continuar leyendo<span class=\"screen-reader-text\"> \u00abAyuntamiento de Baiona. Publicaci\u00f3n bases regidoras proceso selectivo que ser\u00e1 convocado para cubrir plaza de T\u00e9cnico de Administraci\u00f3n General A1\u00bb<\/span><\/a><\/p>\n","protected":false},"author":1,"featured_media":0,"comment_status":"closed","ping_status":"closed","sticky":false,"template":"","format":"standard","meta":{"footnotes":""},"categories":[37,56],"tags":[117,103],"class_list":["post-10001","post","type-post","status-publish","format-standard","hentry","category-convocatorias-ayuntamientos","category-oposiciones-autonomicas-galicia","tag-anuncio-de-convocatoria","tag-informacion-procesos-selectivos"],"yoast_head":"<!-- This site is optimized with the Yoast SEO plugin v27.3 - https:\/\/yoast.com\/product\/yoast-seo-wordpress\/ -->\n<title>Ayuntamiento de Baiona. Proceso selectivo.<\/title>\n<meta name=\"description\" content=\"Ayuntamiento de Baiona. Publicaci\u00f3n bases regidoras proceso selectivo que ser\u00e1 convocado para cubrir plaza de T\u00e9cnico de Administraci\u00f3n General A1\" \/>\n<meta name=\"robots\" content=\"index, follow, max-snippet:-1, max-image-preview:large, max-video-preview:-1\" \/>\n<link rel=\"canonical\" href=\"https:\/\/www.emplea-te.com\/noticias-oposiciones\/ayuntamiento-de-baiona-publicacion-bases-regidoras-proceso-selectivo-que-sera-convocado-para-cubrir-plaza-de-tecnico-de-administracion-general-a1\/\" \/>\n<meta property=\"og:locale\" content=\"es_ES\" \/>\n<meta property=\"og:type\" content=\"article\" \/>\n<meta property=\"og:title\" content=\"Ayuntamiento de Baiona. Proceso selectivo.\" \/>\n<meta property=\"og:description\" content=\"Ayuntamiento de Baiona. Publicaci\u00f3n bases regidoras proceso selectivo que ser\u00e1 convocado para cubrir plaza de T\u00e9cnico de Administraci\u00f3n General A1\" \/>\n<meta property=\"og:url\" content=\"https:\/\/www.emplea-te.com\/noticias-oposiciones\/ayuntamiento-de-baiona-publicacion-bases-regidoras-proceso-selectivo-que-sera-convocado-para-cubrir-plaza-de-tecnico-de-administracion-general-a1\/\" \/>\n<meta property=\"og:site_name\" content=\"Noticas de oposiciones por Academia Emplea-te\" \/>\n<meta property=\"article:publisher\" content=\"https:\/\/www.facebook.com\/AcademiaEmpleate\/\" \/>\n<meta property=\"article:published_time\" content=\"2023-05-30T08:15:21+00:00\" \/>\n<meta name=\"author\" content=\"Empleate\" \/>\n<meta name=\"twitter:card\" content=\"summary_large_image\" \/>\n<meta name=\"twitter:creator\" content=\"@Emplea_Te\" \/>\n<meta name=\"twitter:site\" content=\"@Emplea_Te\" \/>\n<meta name=\"twitter:label1\" content=\"Escrito por\" \/>\n\t<meta name=\"twitter:data1\" content=\"Empleate\" \/>\n\t<meta name=\"twitter:label2\" content=\"Tiempo de lectura\" \/>\n\t<meta name=\"twitter:data2\" content=\"1 minuto\" \/>\n<script type=\"application\/ld+json\" class=\"yoast-schema-graph\">{\"@context\":\"https:\\\/\\\/schema.org\",\"@graph\":[{\"@type\":\"Article\",\"@id\":\"https:\\\/\\\/www.emplea-te.com\\\/noticias-oposiciones\\\/ayuntamiento-de-baiona-publicacion-bases-regidoras-proceso-selectivo-que-sera-convocado-para-cubrir-plaza-de-tecnico-de-administracion-general-a1\\\/#article\",\"isPartOf\":{\"@id\":\"https:\\\/\\\/www.emplea-te.com\\\/noticias-oposiciones\\\/ayuntamiento-de-baiona-publicacion-bases-regidoras-proceso-selectivo-que-sera-convocado-para-cubrir-plaza-de-tecnico-de-administracion-general-a1\\\/\"},\"author\":{\"name\":\"Empleate\",\"@id\":\"https:\\\/\\\/www.emplea-te.com\\\/noticias-oposiciones\\\/#\\\/schema\\\/person\\\/d1bc587e1af2b95e9c32aba1795509a6\"},\"headline\":\"Ayuntamiento de Baiona. Publicaci\u00f3n bases regidoras proceso selectivo que ser\u00e1 convocado para cubrir plaza de T\u00e9cnico de Administraci\u00f3n General A1\",\"datePublished\":\"2023-05-30T08:15:21+00:00\",\"mainEntityOfPage\":{\"@id\":\"https:\\\/\\\/www.emplea-te.com\\\/noticias-oposiciones\\\/ayuntamiento-de-baiona-publicacion-bases-regidoras-proceso-selectivo-que-sera-convocado-para-cubrir-plaza-de-tecnico-de-administracion-general-a1\\\/\"},\"wordCount\":91,\"publisher\":{\"@id\":\"https:\\\/\\\/www.emplea-te.com\\\/noticias-oposiciones\\\/#organization\"},\"keywords\":[\"Anuncio de convocatoria\",\"Informaci\u00f3n procesos selectivos\"],\"articleSection\":[\"Convocatorias Ayuntamientos\",\"Oposiciones Auton\u00f3micas Galicia\"],\"inLanguage\":\"es\"},{\"@type\":\"WebPage\",\"@id\":\"https:\\\/\\\/www.emplea-te.com\\\/noticias-oposiciones\\\/ayuntamiento-de-baiona-publicacion-bases-regidoras-proceso-selectivo-que-sera-convocado-para-cubrir-plaza-de-tecnico-de-administracion-general-a1\\\/\",\"url\":\"https:\\\/\\\/www.emplea-te.com\\\/noticias-oposiciones\\\/ayuntamiento-de-baiona-publicacion-bases-regidoras-proceso-selectivo-que-sera-convocado-para-cubrir-plaza-de-tecnico-de-administracion-general-a1\\\/\",\"name\":\"Ayuntamiento de Baiona. Proceso selectivo.\",\"isPartOf\":{\"@id\":\"https:\\\/\\\/www.emplea-te.com\\\/noticias-oposiciones\\\/#website\"},\"datePublished\":\"2023-05-30T08:15:21+00:00\",\"description\":\"Ayuntamiento de Baiona. Publicaci\u00f3n bases regidoras proceso selectivo que ser\u00e1 convocado para cubrir plaza de T\u00e9cnico de Administraci\u00f3n General A1\",\"breadcrumb\":{\"@id\":\"https:\\\/\\\/www.emplea-te.com\\\/noticias-oposiciones\\\/ayuntamiento-de-baiona-publicacion-bases-regidoras-proceso-selectivo-que-sera-convocado-para-cubrir-plaza-de-tecnico-de-administracion-general-a1\\\/#breadcrumb\"},\"inLanguage\":\"es\",\"potentialAction\":[{\"@type\":\"ReadAction\",\"target\":[\"https:\\\/\\\/www.emplea-te.com\\\/noticias-oposiciones\\\/ayuntamiento-de-baiona-publicacion-bases-regidoras-proceso-selectivo-que-sera-convocado-para-cubrir-plaza-de-tecnico-de-administracion-general-a1\\\/\"]}]},{\"@type\":\"BreadcrumbList\",\"@id\":\"https:\\\/\\\/www.emplea-te.com\\\/noticias-oposiciones\\\/ayuntamiento-de-baiona-publicacion-bases-regidoras-proceso-selectivo-que-sera-convocado-para-cubrir-plaza-de-tecnico-de-administracion-general-a1\\\/#breadcrumb\",\"itemListElement\":[{\"@type\":\"ListItem\",\"position\":1,\"name\":\"Noticias Oposiciones\",\"item\":\"https:\\\/\\\/www.emplea-te.com\\\/noticias-oposiciones\\\/\"},{\"@type\":\"ListItem\",\"position\":2,\"name\":\"Oposiciones Auton\u00f3micas Galicia\",\"item\":\"https:\\\/\\\/www.emplea-te.com\\\/noticias-oposiciones\\\/categoria\\\/oposiciones-autonomicas-galicia\\\/\"},{\"@type\":\"ListItem\",\"position\":3,\"name\":\"Ayuntamiento de Baiona. Publicaci\u00f3n bases regidoras proceso selectivo que ser\u00e1 convocado para cubrir plaza de T\u00e9cnico de Administraci\u00f3n General A1\"}]},{\"@type\":\"WebSite\",\"@id\":\"https:\\\/\\\/www.emplea-te.com\\\/noticias-oposiciones\\\/#website\",\"url\":\"https:\\\/\\\/www.emplea-te.com\\\/noticias-oposiciones\\\/\",\"name\":\"Noticas de oposiciones por Academia Emplea-te\",\"description\":\"Toda la actualidad de las ofertas y convocatorias.\",\"publisher\":{\"@id\":\"https:\\\/\\\/www.emplea-te.com\\\/noticias-oposiciones\\\/#organization\"},\"potentialAction\":[{\"@type\":\"SearchAction\",\"target\":{\"@type\":\"EntryPoint\",\"urlTemplate\":\"https:\\\/\\\/www.emplea-te.com\\\/noticias-oposiciones\\\/?s={search_term_string}\"},\"query-input\":{\"@type\":\"PropertyValueSpecification\",\"valueRequired\":true,\"valueName\":\"search_term_string\"}}],\"inLanguage\":\"es\"},{\"@type\":\"Organization\",\"@id\":\"https:\\\/\\\/www.emplea-te.com\\\/noticias-oposiciones\\\/#organization\",\"name\":\"Academia de oposiciones Empl\u00e9ate\",\"url\":\"https:\\\/\\\/www.emplea-te.com\\\/noticias-oposiciones\\\/\",\"logo\":{\"@type\":\"ImageObject\",\"inLanguage\":\"es\",\"@id\":\"https:\\\/\\\/www.emplea-te.com\\\/noticias-oposiciones\\\/#\\\/schema\\\/logo\\\/image\\\/\",\"url\":\"https:\\\/\\\/www.emplea-te.com\\\/noticias-oposiciones\\\/wp-content\\\/uploads\\\/2019\\\/04\\\/empleate.jpg\",\"contentUrl\":\"https:\\\/\\\/www.emplea-te.com\\\/noticias-oposiciones\\\/wp-content\\\/uploads\\\/2019\\\/04\\\/empleate.jpg\",\"width\":250,\"height\":150,\"caption\":\"Academia de oposiciones Empl\u00e9ate\"},\"image\":{\"@id\":\"https:\\\/\\\/www.emplea-te.com\\\/noticias-oposiciones\\\/#\\\/schema\\\/logo\\\/image\\\/\"},\"sameAs\":[\"https:\\\/\\\/www.facebook.com\\\/AcademiaEmpleate\\\/\",\"https:\\\/\\\/x.com\\\/Emplea_Te\",\"https:\\\/\\\/www.instagram.com\\\/academia_empleate\\\/\"]},{\"@type\":\"Person\",\"@id\":\"https:\\\/\\\/www.emplea-te.com\\\/noticias-oposiciones\\\/#\\\/schema\\\/person\\\/d1bc587e1af2b95e9c32aba1795509a6\",\"name\":\"Empleate\"}]}<\/script>\n<!-- \/ Yoast SEO plugin. -->","yoast_head_json":{"title":"Ayuntamiento de Baiona. Proceso selectivo.","description":"Ayuntamiento de Baiona. Publicaci\u00f3n bases regidoras proceso selectivo que ser\u00e1 convocado para cubrir plaza de T\u00e9cnico de Administraci\u00f3n General A1","robots":{"index":"index","follow":"follow","max-snippet":"max-snippet:-1","max-image-preview":"max-image-preview:large","max-video-preview":"max-video-preview:-1"},"canonical":"https:\/\/www.emplea-te.com\/noticias-oposiciones\/ayuntamiento-de-baiona-publicacion-bases-regidoras-proceso-selectivo-que-sera-convocado-para-cubrir-plaza-de-tecnico-de-administracion-general-a1\/","og_locale":"es_ES","og_type":"article","og_title":"Ayuntamiento de Baiona. Proceso selectivo.","og_description":"Ayuntamiento de Baiona. Publicaci\u00f3n bases regidoras proceso selectivo que ser\u00e1 convocado para cubrir plaza de T\u00e9cnico de Administraci\u00f3n General A1","og_url":"https:\/\/www.emplea-te.com\/noticias-oposiciones\/ayuntamiento-de-baiona-publicacion-bases-regidoras-proceso-selectivo-que-sera-convocado-para-cubrir-plaza-de-tecnico-de-administracion-general-a1\/","og_site_name":"Noticas de oposiciones por Academia Emplea-te","article_publisher":"https:\/\/www.facebook.com\/AcademiaEmpleate\/","article_published_time":"2023-05-30T08:15:21+00:00","author":"Empleate","twitter_card":"summary_large_image","twitter_creator":"@Emplea_Te","twitter_site":"@Emplea_Te","twitter_misc":{"Escrito por":"Empleate","Tiempo de lectura":"1 minuto"},"schema":{"@context":"https:\/\/schema.org","@graph":[{"@type":"Article","@id":"https:\/\/www.emplea-te.com\/noticias-oposiciones\/ayuntamiento-de-baiona-publicacion-bases-regidoras-proceso-selectivo-que-sera-convocado-para-cubrir-plaza-de-tecnico-de-administracion-general-a1\/#article","isPartOf":{"@id":"https:\/\/www.emplea-te.com\/noticias-oposiciones\/ayuntamiento-de-baiona-publicacion-bases-regidoras-proceso-selectivo-que-sera-convocado-para-cubrir-plaza-de-tecnico-de-administracion-general-a1\/"},"author":{"name":"Empleate","@id":"https:\/\/www.emplea-te.com\/noticias-oposiciones\/#\/schema\/person\/d1bc587e1af2b95e9c32aba1795509a6"},"headline":"Ayuntamiento de Baiona. Publicaci\u00f3n bases regidoras proceso selectivo que ser\u00e1 convocado para cubrir plaza de T\u00e9cnico de Administraci\u00f3n General A1","datePublished":"2023-05-30T08:15:21+00:00","mainEntityOfPage":{"@id":"https:\/\/www.emplea-te.com\/noticias-oposiciones\/ayuntamiento-de-baiona-publicacion-bases-regidoras-proceso-selectivo-que-sera-convocado-para-cubrir-plaza-de-tecnico-de-administracion-general-a1\/"},"wordCount":91,"publisher":{"@id":"https:\/\/www.emplea-te.com\/noticias-oposiciones\/#organization"},"keywords":["Anuncio de convocatoria","Informaci\u00f3n procesos selectivos"],"articleSection":["Convocatorias Ayuntamientos","Oposiciones Auton\u00f3micas Galicia"],"inLanguage":"es"},{"@type":"WebPage","@id":"https:\/\/www.emplea-te.com\/noticias-oposiciones\/ayuntamiento-de-baiona-publicacion-bases-regidoras-proceso-selectivo-que-sera-convocado-para-cubrir-plaza-de-tecnico-de-administracion-general-a1\/","url":"https:\/\/www.emplea-te.com\/noticias-oposiciones\/ayuntamiento-de-baiona-publicacion-bases-regidoras-proceso-selectivo-que-sera-convocado-para-cubrir-plaza-de-tecnico-de-administracion-general-a1\/","name":"Ayuntamiento de Baiona. Proceso selectivo.","isPartOf":{"@id":"https:\/\/www.emplea-te.com\/noticias-oposiciones\/#website"},"datePublished":"2023-05-30T08:15:21+00:00","description":"Ayuntamiento de Baiona. Publicaci\u00f3n bases regidoras proceso selectivo que ser\u00e1 convocado para cubrir plaza de T\u00e9cnico de Administraci\u00f3n General A1","breadcrumb":{"@id":"https:\/\/www.emplea-te.com\/noticias-oposiciones\/ayuntamiento-de-baiona-publicacion-bases-regidoras-proceso-selectivo-que-sera-convocado-para-cubrir-plaza-de-tecnico-de-administracion-general-a1\/#breadcrumb"},"inLanguage":"es","potentialAction":[{"@type":"ReadAction","target":["https:\/\/www.emplea-te.com\/noticias-oposiciones\/ayuntamiento-de-baiona-publicacion-bases-regidoras-proceso-selectivo-que-sera-convocado-para-cubrir-plaza-de-tecnico-de-administracion-general-a1\/"]}]},{"@type":"BreadcrumbList","@id":"https:\/\/www.emplea-te.com\/noticias-oposiciones\/ayuntamiento-de-baiona-publicacion-bases-regidoras-proceso-selectivo-que-sera-convocado-para-cubrir-plaza-de-tecnico-de-administracion-general-a1\/#breadcrumb","itemListElement":[{"@type":"ListItem","position":1,"name":"Noticias Oposiciones","item":"https:\/\/www.emplea-te.com\/noticias-oposiciones\/"},{"@type":"ListItem","position":2,"name":"Oposiciones Auton\u00f3micas Galicia","item":"https:\/\/www.emplea-te.com\/noticias-oposiciones\/categoria\/oposiciones-autonomicas-galicia\/"},{"@type":"ListItem","position":3,"name":"Ayuntamiento de Baiona. Publicaci\u00f3n bases regidoras proceso selectivo que ser\u00e1 convocado para cubrir plaza de T\u00e9cnico de Administraci\u00f3n General A1"}]},{"@type":"WebSite","@id":"https:\/\/www.emplea-te.com\/noticias-oposiciones\/#website","url":"https:\/\/www.emplea-te.com\/noticias-oposiciones\/","name":"Noticas de oposiciones por Academia Emplea-te","description":"Toda la actualidad de las ofertas y convocatorias.","publisher":{"@id":"https:\/\/www.emplea-te.com\/noticias-oposiciones\/#organization"},"potentialAction":[{"@type":"SearchAction","target":{"@type":"EntryPoint","urlTemplate":"https:\/\/www.emplea-te.com\/noticias-oposiciones\/?s={search_term_string}"},"query-input":{"@type":"PropertyValueSpecification","valueRequired":true,"valueName":"search_term_string"}}],"inLanguage":"es"},{"@type":"Organization","@id":"https:\/\/www.emplea-te.com\/noticias-oposiciones\/#organization","name":"Academia de oposiciones Empl\u00e9ate","url":"https:\/\/www.emplea-te.com\/noticias-oposiciones\/","logo":{"@type":"ImageObject","inLanguage":"es","@id":"https:\/\/www.emplea-te.com\/noticias-oposiciones\/#\/schema\/logo\/image\/","url":"https:\/\/www.emplea-te.com\/noticias-oposiciones\/wp-content\/uploads\/2019\/04\/empleate.jpg","contentUrl":"https:\/\/www.emplea-te.com\/noticias-oposiciones\/wp-content\/uploads\/2019\/04\/empleate.jpg","width":250,"height":150,"caption":"Academia de oposiciones Empl\u00e9ate"},"image":{"@id":"https:\/\/www.emplea-te.com\/noticias-oposiciones\/#\/schema\/logo\/image\/"},"sameAs":["https:\/\/www.facebook.com\/AcademiaEmpleate\/","https:\/\/x.com\/Emplea_Te","https:\/\/www.instagram.com\/academia_empleate\/"]},{"@type":"Person","@id":"https:\/\/www.emplea-te.com\/noticias-oposiciones\/#\/schema\/person\/d1bc587e1af2b95e9c32aba1795509a6","name":"Empleate"}]}},"_links":{"self":[{"href":"https:\/\/www.emplea-te.com\/noticias-oposiciones\/wp-json\/wp\/v2\/posts\/10001","targetHints":{"allow":["GET"]}}],"collection":[{"href":"https:\/\/www.emplea-te.com\/noticias-oposiciones\/wp-json\/wp\/v2\/posts"}],"about":[{"href":"https:\/\/www.emplea-te.com\/noticias-oposiciones\/wp-json\/wp\/v2\/types\/post"}],"author":[{"embeddable":true,"href":"https:\/\/www.emplea-te.com\/noticias-oposiciones\/wp-json\/wp\/v2\/users\/1"}],"replies":[{"embeddable":true,"href":"https:\/\/www.emplea-te.com\/noticias-oposiciones\/wp-json\/wp\/v2\/comments?post=10001"}],"version-history":[{"count":1,"href":"https:\/\/www.emplea-te.com\/noticias-oposiciones\/wp-json\/wp\/v2\/posts\/10001\/revisions"}],"predecessor-version":[{"id":10002,"href":"https:\/\/www.emplea-te.com\/noticias-oposiciones\/wp-json\/wp\/v2\/posts\/10001\/revisions\/10002"}],"wp:attachment":[{"href":"https:\/\/www.emplea-te.com\/noticias-oposiciones\/wp-json\/wp\/v2\/media?parent=10001"}],"wp:term":[{"taxonomy":"category","embeddable":true,"href":"https:\/\/www.emplea-te.com\/noticias-oposiciones\/wp-json\/wp\/v2\/categories?post=10001"},{"taxonomy":"post_tag","embeddable":true,"href":"https:\/\/www.emplea-te.com\/noticias-oposiciones\/wp-json\/wp\/v2\/tags?post=10001"}],"curies":[{"name":"wp","href":"https:\/\/api.w.org\/{rel}","templated":true}]}}