{"id":10317,"date":"2023-07-11T09:14:51","date_gmt":"2023-07-11T07:14:51","guid":{"rendered":"https:\/\/www.emplea-te.com\/noticias-oposiciones\/?p=10317"},"modified":"2023-07-11T09:14:51","modified_gmt":"2023-07-11T07:14:51","slug":"gobierno-y-sindicatos-acuerdan-una-oferta-record-de-empleo-publico-de-mas-de-30-000-plazas-un-20-mas-que-en-2022","status":"publish","type":"post","link":"https:\/\/www.emplea-te.com\/noticias-oposiciones\/gobierno-y-sindicatos-acuerdan-una-oferta-record-de-empleo-publico-de-mas-de-30-000-plazas-un-20-mas-que-en-2022\/","title":{"rendered":"Gobierno y sindicatos acuerdan una oferta r\u00e9cord de empleo p\u00fablico de m\u00e1s de 30.000 plazas, un 20% m\u00e1s que en 2022."},"content":{"rendered":"<p>El Gobierno\u00a0y los sindicatos\u00a0han acordado<strong>\u00a0incrementar en un 20%\u00a0<\/strong>las plazas en la Administraci\u00f3n General del Estado, de modo que superar\u00edan las\u00a0<strong>30.000 plazas<\/strong>, una cifra que supera las 5.000 del a\u00f1o pasado, sin contar las 20.000 m\u00e1s en 2022 que se ofertaron en Justicia, Polic\u00eda, Guardia Civil y Ej\u00e9rcito.<\/p>\n<p>Adem\u00e1s, a esta cifra hay que sumar la reposici\u00f3n y la promoci\u00f3n interna, con lo que la oferta p\u00fablica de empleo\u00a0<strong>superar\u00eda las 45.000 plazas<\/strong>, aunque todav\u00eda queda por conocer la cifra global de este a\u00f1o.<\/p>\n<p>Cabe recordar que la oferta de empleo ordinaria de 2022 incluy\u00f3 15.800 plazas de acceso libre y 9.591 para promoci\u00f3n interna.<\/p>\n<p>Las convocatorias deber\u00e1n publicarse antes del 31 de diciembre de 2023.<\/p>\n<p>&nbsp;<\/p>\n<p><a href=\"https:\/\/www.csif.es\/contenido\/nacional\/general\/364885\" target=\"_blank\" rel=\"noopener\"><strong>Enlace a Comunicado CSIF<\/strong><\/a><\/p>\n<p><a href=\"https:\/\/www.rtve.es\/noticias\/20230710\/gobierno-sindicatos-acuerdo-oferta-empleo-publico-2023-plazas\/2451571.shtml\" target=\"_blank\" rel=\"noopener\"><strong>Enlace a noticia prensa.\u00a0<\/strong><\/a><\/p>\n","protected":false},"excerpt":{"rendered":"<p>El Gobierno\u00a0y los sindicatos\u00a0han acordado\u00a0incrementar en un 20%\u00a0las plazas en la Administraci\u00f3n General del Estado, de modo que superar\u00edan las\u00a030.000 plazas, una cifra que supera las 5.000 del a\u00f1o pasado, sin contar las 20.000 m\u00e1s en 2022 que se ofertaron en Justicia, Polic\u00eda, Guardia Civil y Ej\u00e9rcito. Adem\u00e1s, a esta cifra hay que sumar la &hellip; <a href=\"https:\/\/www.emplea-te.com\/noticias-oposiciones\/gobierno-y-sindicatos-acuerdan-una-oferta-record-de-empleo-publico-de-mas-de-30-000-plazas-un-20-mas-que-en-2022\/\" class=\"more-link\">Continuar leyendo<span class=\"screen-reader-text\"> \u00abGobierno y sindicatos acuerdan una oferta r\u00e9cord de empleo p\u00fablico de m\u00e1s de 30.000 plazas, un 20% m\u00e1s que en 2022.\u00bb<\/span><\/a><\/p>\n","protected":false},"author":1,"featured_media":0,"comment_status":"closed","ping_status":"closed","sticky":false,"template":"","format":"standard","meta":{"footnotes":""},"categories":[47,7],"tags":[103,84],"class_list":["post-10317","post","type-post","status-publish","format-standard","hentry","category-administracion-general-del-estado","category-oposiciones-administracion-general-del-estado","tag-informacion-procesos-selectivos","tag-oferta-de-empleo-publico"],"yoast_head":"<!-- This site is optimized with the Yoast SEO plugin v27.5 - https:\/\/yoast.com\/product\/yoast-seo-wordpress\/ -->\n<title>Noticias OEP 2023.<\/title>\n<meta name=\"description\" content=\"Gobierno y sindicatos acuerdan una oferta r\u00e9cord de empleo p\u00fablico de m\u00e1s de 30.000 plazas, un 20% m\u00e1s que en 2022.\" \/>\n<meta name=\"robots\" content=\"index, follow, max-snippet:-1, max-image-preview:large, max-video-preview:-1\" \/>\n<link rel=\"canonical\" href=\"https:\/\/www.emplea-te.com\/noticias-oposiciones\/gobierno-y-sindicatos-acuerdan-una-oferta-record-de-empleo-publico-de-mas-de-30-000-plazas-un-20-mas-que-en-2022\/\" \/>\n<meta property=\"og:locale\" content=\"es_ES\" \/>\n<meta property=\"og:type\" content=\"article\" \/>\n<meta property=\"og:title\" content=\"Noticias OEP 2023.\" \/>\n<meta property=\"og:description\" content=\"Gobierno y sindicatos acuerdan una oferta r\u00e9cord de empleo p\u00fablico de m\u00e1s de 30.000 plazas, un 20% m\u00e1s que en 2022.\" \/>\n<meta property=\"og:url\" content=\"https:\/\/www.emplea-te.com\/noticias-oposiciones\/gobierno-y-sindicatos-acuerdan-una-oferta-record-de-empleo-publico-de-mas-de-30-000-plazas-un-20-mas-que-en-2022\/\" \/>\n<meta property=\"og:site_name\" content=\"Noticas de oposiciones por Academia Emplea-te\" \/>\n<meta property=\"article:publisher\" content=\"https:\/\/www.facebook.com\/AcademiaEmpleate\/\" \/>\n<meta property=\"article:published_time\" content=\"2023-07-11T07:14:51+00:00\" \/>\n<meta name=\"author\" content=\"Empleate\" \/>\n<meta name=\"twitter:card\" content=\"summary_large_image\" \/>\n<meta name=\"twitter:creator\" content=\"@Emplea_Te\" \/>\n<meta name=\"twitter:site\" content=\"@Emplea_Te\" \/>\n<meta name=\"twitter:label1\" content=\"Escrito por\" \/>\n\t<meta name=\"twitter:data1\" content=\"Empleate\" \/>\n\t<meta name=\"twitter:label2\" content=\"Tiempo de lectura\" \/>\n\t<meta name=\"twitter:data2\" content=\"1 minuto\" \/>\n<script type=\"application\/ld+json\" class=\"yoast-schema-graph\">{\"@context\":\"https:\\\/\\\/schema.org\",\"@graph\":[{\"@type\":\"Article\",\"@id\":\"https:\\\/\\\/www.emplea-te.com\\\/noticias-oposiciones\\\/gobierno-y-sindicatos-acuerdan-una-oferta-record-de-empleo-publico-de-mas-de-30-000-plazas-un-20-mas-que-en-2022\\\/#article\",\"isPartOf\":{\"@id\":\"https:\\\/\\\/www.emplea-te.com\\\/noticias-oposiciones\\\/gobierno-y-sindicatos-acuerdan-una-oferta-record-de-empleo-publico-de-mas-de-30-000-plazas-un-20-mas-que-en-2022\\\/\"},\"author\":{\"name\":\"Empleate\",\"@id\":\"https:\\\/\\\/www.emplea-te.com\\\/noticias-oposiciones\\\/#\\\/schema\\\/person\\\/d1bc587e1af2b95e9c32aba1795509a6\"},\"headline\":\"Gobierno y sindicatos acuerdan una oferta r\u00e9cord de empleo p\u00fablico de m\u00e1s de 30.000 plazas, un 20% m\u00e1s que en 2022.\",\"datePublished\":\"2023-07-11T07:14:51+00:00\",\"mainEntityOfPage\":{\"@id\":\"https:\\\/\\\/www.emplea-te.com\\\/noticias-oposiciones\\\/gobierno-y-sindicatos-acuerdan-una-oferta-record-de-empleo-publico-de-mas-de-30-000-plazas-un-20-mas-que-en-2022\\\/\"},\"wordCount\":155,\"publisher\":{\"@id\":\"https:\\\/\\\/www.emplea-te.com\\\/noticias-oposiciones\\\/#organization\"},\"keywords\":[\"Informaci\u00f3n procesos selectivos\",\"Oferta de Empleo P\u00fablico\"],\"articleSection\":[\"Administraci\u00f3n General del Estado.\",\"Oposiciones Administraci\u00f3n General del Estado\"],\"inLanguage\":\"es\"},{\"@type\":\"WebPage\",\"@id\":\"https:\\\/\\\/www.emplea-te.com\\\/noticias-oposiciones\\\/gobierno-y-sindicatos-acuerdan-una-oferta-record-de-empleo-publico-de-mas-de-30-000-plazas-un-20-mas-que-en-2022\\\/\",\"url\":\"https:\\\/\\\/www.emplea-te.com\\\/noticias-oposiciones\\\/gobierno-y-sindicatos-acuerdan-una-oferta-record-de-empleo-publico-de-mas-de-30-000-plazas-un-20-mas-que-en-2022\\\/\",\"name\":\"Noticias OEP 2023.\",\"isPartOf\":{\"@id\":\"https:\\\/\\\/www.emplea-te.com\\\/noticias-oposiciones\\\/#website\"},\"datePublished\":\"2023-07-11T07:14:51+00:00\",\"description\":\"Gobierno y sindicatos acuerdan una oferta r\u00e9cord de empleo p\u00fablico de m\u00e1s de 30.000 plazas, un 20% m\u00e1s que en 2022.\",\"breadcrumb\":{\"@id\":\"https:\\\/\\\/www.emplea-te.com\\\/noticias-oposiciones\\\/gobierno-y-sindicatos-acuerdan-una-oferta-record-de-empleo-publico-de-mas-de-30-000-plazas-un-20-mas-que-en-2022\\\/#breadcrumb\"},\"inLanguage\":\"es\",\"potentialAction\":[{\"@type\":\"ReadAction\",\"target\":[\"https:\\\/\\\/www.emplea-te.com\\\/noticias-oposiciones\\\/gobierno-y-sindicatos-acuerdan-una-oferta-record-de-empleo-publico-de-mas-de-30-000-plazas-un-20-mas-que-en-2022\\\/\"]}]},{\"@type\":\"BreadcrumbList\",\"@id\":\"https:\\\/\\\/www.emplea-te.com\\\/noticias-oposiciones\\\/gobierno-y-sindicatos-acuerdan-una-oferta-record-de-empleo-publico-de-mas-de-30-000-plazas-un-20-mas-que-en-2022\\\/#breadcrumb\",\"itemListElement\":[{\"@type\":\"ListItem\",\"position\":1,\"name\":\"Noticias Oposiciones\",\"item\":\"https:\\\/\\\/www.emplea-te.com\\\/noticias-oposiciones\\\/\"},{\"@type\":\"ListItem\",\"position\":2,\"name\":\"Oposiciones Administraci\u00f3n General del Estado\",\"item\":\"https:\\\/\\\/www.emplea-te.com\\\/noticias-oposiciones\\\/categoria\\\/oposiciones-administracion-general-del-estado\\\/\"},{\"@type\":\"ListItem\",\"position\":3,\"name\":\"Gobierno y sindicatos acuerdan una oferta r\u00e9cord de empleo p\u00fablico de m\u00e1s de 30.000 plazas, un 20% m\u00e1s que en 2022.\"}]},{\"@type\":\"WebSite\",\"@id\":\"https:\\\/\\\/www.emplea-te.com\\\/noticias-oposiciones\\\/#website\",\"url\":\"https:\\\/\\\/www.emplea-te.com\\\/noticias-oposiciones\\\/\",\"name\":\"Noticas de oposiciones por Academia Emplea-te\",\"description\":\"Toda la actualidad de las ofertas y convocatorias.\",\"publisher\":{\"@id\":\"https:\\\/\\\/www.emplea-te.com\\\/noticias-oposiciones\\\/#organization\"},\"potentialAction\":[{\"@type\":\"SearchAction\",\"target\":{\"@type\":\"EntryPoint\",\"urlTemplate\":\"https:\\\/\\\/www.emplea-te.com\\\/noticias-oposiciones\\\/?s={search_term_string}\"},\"query-input\":{\"@type\":\"PropertyValueSpecification\",\"valueRequired\":true,\"valueName\":\"search_term_string\"}}],\"inLanguage\":\"es\"},{\"@type\":\"Organization\",\"@id\":\"https:\\\/\\\/www.emplea-te.com\\\/noticias-oposiciones\\\/#organization\",\"name\":\"Academia de oposiciones Empl\u00e9ate\",\"url\":\"https:\\\/\\\/www.emplea-te.com\\\/noticias-oposiciones\\\/\",\"logo\":{\"@type\":\"ImageObject\",\"inLanguage\":\"es\",\"@id\":\"https:\\\/\\\/www.emplea-te.com\\\/noticias-oposiciones\\\/#\\\/schema\\\/logo\\\/image\\\/\",\"url\":\"https:\\\/\\\/www.emplea-te.com\\\/noticias-oposiciones\\\/wp-content\\\/uploads\\\/2019\\\/04\\\/empleate.jpg\",\"contentUrl\":\"https:\\\/\\\/www.emplea-te.com\\\/noticias-oposiciones\\\/wp-content\\\/uploads\\\/2019\\\/04\\\/empleate.jpg\",\"width\":250,\"height\":150,\"caption\":\"Academia de oposiciones Empl\u00e9ate\"},\"image\":{\"@id\":\"https:\\\/\\\/www.emplea-te.com\\\/noticias-oposiciones\\\/#\\\/schema\\\/logo\\\/image\\\/\"},\"sameAs\":[\"https:\\\/\\\/www.facebook.com\\\/AcademiaEmpleate\\\/\",\"https:\\\/\\\/x.com\\\/Emplea_Te\",\"https:\\\/\\\/www.instagram.com\\\/academia_empleate\\\/\"]},{\"@type\":\"Person\",\"@id\":\"https:\\\/\\\/www.emplea-te.com\\\/noticias-oposiciones\\\/#\\\/schema\\\/person\\\/d1bc587e1af2b95e9c32aba1795509a6\",\"name\":\"Empleate\"}]}<\/script>\n<!-- \/ Yoast SEO plugin. -->","yoast_head_json":{"title":"Noticias OEP 2023.","description":"Gobierno y sindicatos acuerdan una oferta r\u00e9cord de empleo p\u00fablico de m\u00e1s de 30.000 plazas, un 20% m\u00e1s que en 2022.","robots":{"index":"index","follow":"follow","max-snippet":"max-snippet:-1","max-image-preview":"max-image-preview:large","max-video-preview":"max-video-preview:-1"},"canonical":"https:\/\/www.emplea-te.com\/noticias-oposiciones\/gobierno-y-sindicatos-acuerdan-una-oferta-record-de-empleo-publico-de-mas-de-30-000-plazas-un-20-mas-que-en-2022\/","og_locale":"es_ES","og_type":"article","og_title":"Noticias OEP 2023.","og_description":"Gobierno y sindicatos acuerdan una oferta r\u00e9cord de empleo p\u00fablico de m\u00e1s de 30.000 plazas, un 20% m\u00e1s que en 2022.","og_url":"https:\/\/www.emplea-te.com\/noticias-oposiciones\/gobierno-y-sindicatos-acuerdan-una-oferta-record-de-empleo-publico-de-mas-de-30-000-plazas-un-20-mas-que-en-2022\/","og_site_name":"Noticas de oposiciones por Academia Emplea-te","article_publisher":"https:\/\/www.facebook.com\/AcademiaEmpleate\/","article_published_time":"2023-07-11T07:14:51+00:00","author":"Empleate","twitter_card":"summary_large_image","twitter_creator":"@Emplea_Te","twitter_site":"@Emplea_Te","twitter_misc":{"Escrito por":"Empleate","Tiempo de lectura":"1 minuto"},"schema":{"@context":"https:\/\/schema.org","@graph":[{"@type":"Article","@id":"https:\/\/www.emplea-te.com\/noticias-oposiciones\/gobierno-y-sindicatos-acuerdan-una-oferta-record-de-empleo-publico-de-mas-de-30-000-plazas-un-20-mas-que-en-2022\/#article","isPartOf":{"@id":"https:\/\/www.emplea-te.com\/noticias-oposiciones\/gobierno-y-sindicatos-acuerdan-una-oferta-record-de-empleo-publico-de-mas-de-30-000-plazas-un-20-mas-que-en-2022\/"},"author":{"name":"Empleate","@id":"https:\/\/www.emplea-te.com\/noticias-oposiciones\/#\/schema\/person\/d1bc587e1af2b95e9c32aba1795509a6"},"headline":"Gobierno y sindicatos acuerdan una oferta r\u00e9cord de empleo p\u00fablico de m\u00e1s de 30.000 plazas, un 20% m\u00e1s que en 2022.","datePublished":"2023-07-11T07:14:51+00:00","mainEntityOfPage":{"@id":"https:\/\/www.emplea-te.com\/noticias-oposiciones\/gobierno-y-sindicatos-acuerdan-una-oferta-record-de-empleo-publico-de-mas-de-30-000-plazas-un-20-mas-que-en-2022\/"},"wordCount":155,"publisher":{"@id":"https:\/\/www.emplea-te.com\/noticias-oposiciones\/#organization"},"keywords":["Informaci\u00f3n procesos selectivos","Oferta de Empleo P\u00fablico"],"articleSection":["Administraci\u00f3n General del Estado.","Oposiciones Administraci\u00f3n General del Estado"],"inLanguage":"es"},{"@type":"WebPage","@id":"https:\/\/www.emplea-te.com\/noticias-oposiciones\/gobierno-y-sindicatos-acuerdan-una-oferta-record-de-empleo-publico-de-mas-de-30-000-plazas-un-20-mas-que-en-2022\/","url":"https:\/\/www.emplea-te.com\/noticias-oposiciones\/gobierno-y-sindicatos-acuerdan-una-oferta-record-de-empleo-publico-de-mas-de-30-000-plazas-un-20-mas-que-en-2022\/","name":"Noticias OEP 2023.","isPartOf":{"@id":"https:\/\/www.emplea-te.com\/noticias-oposiciones\/#website"},"datePublished":"2023-07-11T07:14:51+00:00","description":"Gobierno y sindicatos acuerdan una oferta r\u00e9cord de empleo p\u00fablico de m\u00e1s de 30.000 plazas, un 20% m\u00e1s que en 2022.","breadcrumb":{"@id":"https:\/\/www.emplea-te.com\/noticias-oposiciones\/gobierno-y-sindicatos-acuerdan-una-oferta-record-de-empleo-publico-de-mas-de-30-000-plazas-un-20-mas-que-en-2022\/#breadcrumb"},"inLanguage":"es","potentialAction":[{"@type":"ReadAction","target":["https:\/\/www.emplea-te.com\/noticias-oposiciones\/gobierno-y-sindicatos-acuerdan-una-oferta-record-de-empleo-publico-de-mas-de-30-000-plazas-un-20-mas-que-en-2022\/"]}]},{"@type":"BreadcrumbList","@id":"https:\/\/www.emplea-te.com\/noticias-oposiciones\/gobierno-y-sindicatos-acuerdan-una-oferta-record-de-empleo-publico-de-mas-de-30-000-plazas-un-20-mas-que-en-2022\/#breadcrumb","itemListElement":[{"@type":"ListItem","position":1,"name":"Noticias Oposiciones","item":"https:\/\/www.emplea-te.com\/noticias-oposiciones\/"},{"@type":"ListItem","position":2,"name":"Oposiciones Administraci\u00f3n General del Estado","item":"https:\/\/www.emplea-te.com\/noticias-oposiciones\/categoria\/oposiciones-administracion-general-del-estado\/"},{"@type":"ListItem","position":3,"name":"Gobierno y sindicatos acuerdan una oferta r\u00e9cord de empleo p\u00fablico de m\u00e1s de 30.000 plazas, un 20% m\u00e1s que en 2022."}]},{"@type":"WebSite","@id":"https:\/\/www.emplea-te.com\/noticias-oposiciones\/#website","url":"https:\/\/www.emplea-te.com\/noticias-oposiciones\/","name":"Noticas de oposiciones por Academia Emplea-te","description":"Toda la actualidad de las ofertas y convocatorias.","publisher":{"@id":"https:\/\/www.emplea-te.com\/noticias-oposiciones\/#organization"},"potentialAction":[{"@type":"SearchAction","target":{"@type":"EntryPoint","urlTemplate":"https:\/\/www.emplea-te.com\/noticias-oposiciones\/?s={search_term_string}"},"query-input":{"@type":"PropertyValueSpecification","valueRequired":true,"valueName":"search_term_string"}}],"inLanguage":"es"},{"@type":"Organization","@id":"https:\/\/www.emplea-te.com\/noticias-oposiciones\/#organization","name":"Academia de oposiciones Empl\u00e9ate","url":"https:\/\/www.emplea-te.com\/noticias-oposiciones\/","logo":{"@type":"ImageObject","inLanguage":"es","@id":"https:\/\/www.emplea-te.com\/noticias-oposiciones\/#\/schema\/logo\/image\/","url":"https:\/\/www.emplea-te.com\/noticias-oposiciones\/wp-content\/uploads\/2019\/04\/empleate.jpg","contentUrl":"https:\/\/www.emplea-te.com\/noticias-oposiciones\/wp-content\/uploads\/2019\/04\/empleate.jpg","width":250,"height":150,"caption":"Academia de oposiciones Empl\u00e9ate"},"image":{"@id":"https:\/\/www.emplea-te.com\/noticias-oposiciones\/#\/schema\/logo\/image\/"},"sameAs":["https:\/\/www.facebook.com\/AcademiaEmpleate\/","https:\/\/x.com\/Emplea_Te","https:\/\/www.instagram.com\/academia_empleate\/"]},{"@type":"Person","@id":"https:\/\/www.emplea-te.com\/noticias-oposiciones\/#\/schema\/person\/d1bc587e1af2b95e9c32aba1795509a6","name":"Empleate"}]}},"_links":{"self":[{"href":"https:\/\/www.emplea-te.com\/noticias-oposiciones\/wp-json\/wp\/v2\/posts\/10317","targetHints":{"allow":["GET"]}}],"collection":[{"href":"https:\/\/www.emplea-te.com\/noticias-oposiciones\/wp-json\/wp\/v2\/posts"}],"about":[{"href":"https:\/\/www.emplea-te.com\/noticias-oposiciones\/wp-json\/wp\/v2\/types\/post"}],"author":[{"embeddable":true,"href":"https:\/\/www.emplea-te.com\/noticias-oposiciones\/wp-json\/wp\/v2\/users\/1"}],"replies":[{"embeddable":true,"href":"https:\/\/www.emplea-te.com\/noticias-oposiciones\/wp-json\/wp\/v2\/comments?post=10317"}],"version-history":[{"count":1,"href":"https:\/\/www.emplea-te.com\/noticias-oposiciones\/wp-json\/wp\/v2\/posts\/10317\/revisions"}],"predecessor-version":[{"id":10318,"href":"https:\/\/www.emplea-te.com\/noticias-oposiciones\/wp-json\/wp\/v2\/posts\/10317\/revisions\/10318"}],"wp:attachment":[{"href":"https:\/\/www.emplea-te.com\/noticias-oposiciones\/wp-json\/wp\/v2\/media?parent=10317"}],"wp:term":[{"taxonomy":"category","embeddable":true,"href":"https:\/\/www.emplea-te.com\/noticias-oposiciones\/wp-json\/wp\/v2\/categories?post=10317"},{"taxonomy":"post_tag","embeddable":true,"href":"https:\/\/www.emplea-te.com\/noticias-oposiciones\/wp-json\/wp\/v2\/tags?post=10317"}],"curies":[{"name":"wp","href":"https:\/\/api.w.org\/{rel}","templated":true}]}}