{"id":10336,"date":"2023-07-12T10:53:46","date_gmt":"2023-07-12T08:53:46","guid":{"rendered":"https:\/\/www.emplea-te.com\/noticias-oposiciones\/?p=10336"},"modified":"2023-07-12T10:53:46","modified_gmt":"2023-07-12T08:53:46","slug":"publicada-en-el-boe-la-oferta-de-empleo-publico-para-2023","status":"publish","type":"post","link":"https:\/\/www.emplea-te.com\/noticias-oposiciones\/publicada-en-el-boe-la-oferta-de-empleo-publico-para-2023\/","title":{"rendered":"Publicada en el BOE la OFERTA DE EMPLEO P\u00daBLICO PARA 2023."},"content":{"rendered":"<p>Se publica en el BOE de hoy, d\u00eda 12 de julio de 2023, el Real Decreto 625\/2023, de 11 de julio, por el que se aprueba la oferta de empleo p\u00fablico correspondiente al ejercicio 2023.<\/p>\n<p><a href=\"https:\/\/www.boe.es\/boe\/dias\/2023\/07\/12\/pdfs\/BOE-A-2023-16191.pdf\" target=\"_blank\" rel=\"noopener\"><strong>Enlace a OEP 2023 publicada en el BOE.\u00a0<\/strong><\/a><\/p>\n<p>Destacamos las siguientes plazas que puedes preparar en nuestros grupos:<\/p>\n<p><strong>SEGURIDAD SOCIAL PLAZAS NUEVO INGRESO:<\/strong><br \/>\nCuerpo Administrativo C1 : 2500 plazas<br \/>\nCuerpo de Gesti\u00f3n A2: 326 plazas<\/p>\n<p><strong>ADMINISTRACI\u00d3N GENERAL DEL ESTADO PLAZAS NUEVO INGRESO:<\/strong><br \/>\n<span style=\"font-size: large;\">A2 Gesti\u00f3n administraci\u00f3n general estado: 1.200 plazas<\/span><br \/>\n<span style=\"font-size: large;\">C1 Administrativo del Estado: 3343 plazas<br \/>\nC2 Aux. administrativo del Estado: 1000 plazas<\/span><br \/>\n<span style=\"font-size: large;\">C1\u00a0 <\/span><span style=\"font-size: large;\">Ayudante de Instituciones Penitenciarias: <\/span><span style=\"font-size: large;\">\u00a0750 plazas<\/span><br \/>\n<span style=\"font-size: large;\">C1 Agente Hacienda: 780 plazas<\/span><br \/>\n<span style=\"font-size: large;\">C1 Auxiliar archivos y bibliotecas MCU: 74 plazas<\/p>\n<p><\/span><strong>PLAZAS DE JUSTICIA:<\/strong><br \/>\n<span style=\"font-size: large;\">Gesti\u00f3n Procesal A2\u00a0 : 288 plazas<\/span><br \/>\n<span style=\"font-size: large;\">Tramitaci\u00f3n Procesal C1: 406 plazas<\/span><br \/>\n<span style=\"font-size: large;\">Auxilio Judicial C2 : 358 plazas<\/p>\n<p><\/span><strong>AGILIDAD EN PROCESOS SELECTIVOS DE ESTAS PLAZAS:<\/strong><br \/>\n<strong>Las convocatorias de los procesos selectivos previstos en el presente real<\/strong> <strong>decreto<\/strong> deber\u00e1n <strong>publicarse antes del 31 de diciembre de 2023<\/strong>, salvo causa justificada que acredite su imposibilidad.<br \/>\nLa excepcionalidad de la causa ser\u00e1 justificada por el \u00f3rgano convocante ante la Secretar\u00eda de Estado de Funci\u00f3n P\u00fablica.<\/p>\n<p>En el caso de que el estado de ejecuci\u00f3n de la fase de oposici\u00f3n de convocatorias derivadas de ofertas de empleo anteriores al presente real decreto, confluyera con la fecha de 31 de diciembre de 2023, la Secretar\u00eda de Estado de Funci\u00f3n P\u00fablica autorizar\u00e1 la acumulaci\u00f3n de las plazas pendientes de convocatoria, junto con las que, en su caso, se oferten en el ejercicio inmediato siguiente.<\/p>\n<p><strong>En cualquier caso, todos los procesos selectivos deber\u00e1n estar finalizados antes de que transcurran dos a\u00f1os, ampliables a tres por causa justificada, computados desde la aprobaci\u00f3n de este real decreto.<\/strong><\/p>\n","protected":false},"excerpt":{"rendered":"<p>Se publica en el BOE de hoy, d\u00eda 12 de julio de 2023, el Real Decreto 625\/2023, de 11 de julio, por el que se aprueba la oferta de empleo p\u00fablico correspondiente al ejercicio 2023. Enlace a OEP 2023 publicada en el BOE.\u00a0 Destacamos las siguientes plazas que puedes preparar en nuestros grupos: SEGURIDAD SOCIAL &hellip; <a href=\"https:\/\/www.emplea-te.com\/noticias-oposiciones\/publicada-en-el-boe-la-oferta-de-empleo-publico-para-2023\/\" class=\"more-link\">Continuar leyendo<span class=\"screen-reader-text\"> \u00abPublicada en el BOE la OFERTA DE EMPLEO P\u00daBLICO PARA 2023.\u00bb<\/span><\/a><\/p>\n","protected":false},"author":1,"featured_media":0,"comment_status":"closed","ping_status":"closed","sticky":false,"template":"","format":"standard","meta":{"footnotes":""},"categories":[47,7],"tags":[103,84],"class_list":["post-10336","post","type-post","status-publish","format-standard","hentry","category-administracion-general-del-estado","category-oposiciones-administracion-general-del-estado","tag-informacion-procesos-selectivos","tag-oferta-de-empleo-publico"],"yoast_head":"<!-- This site is optimized with the Yoast SEO plugin v27.5 - https:\/\/yoast.com\/product\/yoast-seo-wordpress\/ -->\n<title>OFERTA DE EMPLEO P\u00daBLICO PARA 2023.<\/title>\n<meta name=\"description\" content=\"Publicada en el BOE la OFERTA DE EMPLEO P\u00daBLICO PARA 2023.\" \/>\n<meta name=\"robots\" content=\"index, follow, max-snippet:-1, max-image-preview:large, max-video-preview:-1\" \/>\n<link rel=\"canonical\" href=\"https:\/\/www.emplea-te.com\/noticias-oposiciones\/publicada-en-el-boe-la-oferta-de-empleo-publico-para-2023\/\" \/>\n<meta property=\"og:locale\" content=\"es_ES\" \/>\n<meta property=\"og:type\" content=\"article\" \/>\n<meta property=\"og:title\" content=\"OFERTA DE EMPLEO P\u00daBLICO PARA 2023.\" \/>\n<meta property=\"og:description\" content=\"Publicada en el BOE la OFERTA DE EMPLEO P\u00daBLICO PARA 2023.\" \/>\n<meta property=\"og:url\" content=\"https:\/\/www.emplea-te.com\/noticias-oposiciones\/publicada-en-el-boe-la-oferta-de-empleo-publico-para-2023\/\" \/>\n<meta property=\"og:site_name\" content=\"Noticas de oposiciones por Academia Emplea-te\" \/>\n<meta property=\"article:publisher\" content=\"https:\/\/www.facebook.com\/AcademiaEmpleate\/\" \/>\n<meta property=\"article:published_time\" content=\"2023-07-12T08:53:46+00:00\" \/>\n<meta name=\"author\" content=\"Empleate\" \/>\n<meta name=\"twitter:card\" content=\"summary_large_image\" \/>\n<meta name=\"twitter:creator\" content=\"@Emplea_Te\" \/>\n<meta name=\"twitter:site\" content=\"@Emplea_Te\" \/>\n<meta name=\"twitter:label1\" content=\"Escrito por\" \/>\n\t<meta name=\"twitter:data1\" content=\"Empleate\" \/>\n\t<meta name=\"twitter:label2\" content=\"Tiempo de lectura\" \/>\n\t<meta name=\"twitter:data2\" content=\"2 minutos\" \/>\n<script type=\"application\/ld+json\" class=\"yoast-schema-graph\">{\"@context\":\"https:\\\/\\\/schema.org\",\"@graph\":[{\"@type\":\"Article\",\"@id\":\"https:\\\/\\\/www.emplea-te.com\\\/noticias-oposiciones\\\/publicada-en-el-boe-la-oferta-de-empleo-publico-para-2023\\\/#article\",\"isPartOf\":{\"@id\":\"https:\\\/\\\/www.emplea-te.com\\\/noticias-oposiciones\\\/publicada-en-el-boe-la-oferta-de-empleo-publico-para-2023\\\/\"},\"author\":{\"name\":\"Empleate\",\"@id\":\"https:\\\/\\\/www.emplea-te.com\\\/noticias-oposiciones\\\/#\\\/schema\\\/person\\\/d1bc587e1af2b95e9c32aba1795509a6\"},\"headline\":\"Publicada en el BOE la OFERTA DE EMPLEO P\u00daBLICO PARA 2023.\",\"datePublished\":\"2023-07-12T08:53:46+00:00\",\"mainEntityOfPage\":{\"@id\":\"https:\\\/\\\/www.emplea-te.com\\\/noticias-oposiciones\\\/publicada-en-el-boe-la-oferta-de-empleo-publico-para-2023\\\/\"},\"wordCount\":295,\"publisher\":{\"@id\":\"https:\\\/\\\/www.emplea-te.com\\\/noticias-oposiciones\\\/#organization\"},\"keywords\":[\"Informaci\u00f3n procesos selectivos\",\"Oferta de Empleo P\u00fablico\"],\"articleSection\":[\"Administraci\u00f3n General del Estado.\",\"Oposiciones Administraci\u00f3n General del Estado\"],\"inLanguage\":\"es\"},{\"@type\":\"WebPage\",\"@id\":\"https:\\\/\\\/www.emplea-te.com\\\/noticias-oposiciones\\\/publicada-en-el-boe-la-oferta-de-empleo-publico-para-2023\\\/\",\"url\":\"https:\\\/\\\/www.emplea-te.com\\\/noticias-oposiciones\\\/publicada-en-el-boe-la-oferta-de-empleo-publico-para-2023\\\/\",\"name\":\"OFERTA DE EMPLEO P\u00daBLICO PARA 2023.\",\"isPartOf\":{\"@id\":\"https:\\\/\\\/www.emplea-te.com\\\/noticias-oposiciones\\\/#website\"},\"datePublished\":\"2023-07-12T08:53:46+00:00\",\"description\":\"Publicada en el BOE la OFERTA DE EMPLEO P\u00daBLICO PARA 2023.\",\"breadcrumb\":{\"@id\":\"https:\\\/\\\/www.emplea-te.com\\\/noticias-oposiciones\\\/publicada-en-el-boe-la-oferta-de-empleo-publico-para-2023\\\/#breadcrumb\"},\"inLanguage\":\"es\",\"potentialAction\":[{\"@type\":\"ReadAction\",\"target\":[\"https:\\\/\\\/www.emplea-te.com\\\/noticias-oposiciones\\\/publicada-en-el-boe-la-oferta-de-empleo-publico-para-2023\\\/\"]}]},{\"@type\":\"BreadcrumbList\",\"@id\":\"https:\\\/\\\/www.emplea-te.com\\\/noticias-oposiciones\\\/publicada-en-el-boe-la-oferta-de-empleo-publico-para-2023\\\/#breadcrumb\",\"itemListElement\":[{\"@type\":\"ListItem\",\"position\":1,\"name\":\"Noticias Oposiciones\",\"item\":\"https:\\\/\\\/www.emplea-te.com\\\/noticias-oposiciones\\\/\"},{\"@type\":\"ListItem\",\"position\":2,\"name\":\"Oposiciones Administraci\u00f3n General del Estado\",\"item\":\"https:\\\/\\\/www.emplea-te.com\\\/noticias-oposiciones\\\/categoria\\\/oposiciones-administracion-general-del-estado\\\/\"},{\"@type\":\"ListItem\",\"position\":3,\"name\":\"Publicada en el BOE la OFERTA DE EMPLEO P\u00daBLICO PARA 2023.\"}]},{\"@type\":\"WebSite\",\"@id\":\"https:\\\/\\\/www.emplea-te.com\\\/noticias-oposiciones\\\/#website\",\"url\":\"https:\\\/\\\/www.emplea-te.com\\\/noticias-oposiciones\\\/\",\"name\":\"Noticas de oposiciones por Academia Emplea-te\",\"description\":\"Toda la actualidad de las ofertas y convocatorias.\",\"publisher\":{\"@id\":\"https:\\\/\\\/www.emplea-te.com\\\/noticias-oposiciones\\\/#organization\"},\"potentialAction\":[{\"@type\":\"SearchAction\",\"target\":{\"@type\":\"EntryPoint\",\"urlTemplate\":\"https:\\\/\\\/www.emplea-te.com\\\/noticias-oposiciones\\\/?s={search_term_string}\"},\"query-input\":{\"@type\":\"PropertyValueSpecification\",\"valueRequired\":true,\"valueName\":\"search_term_string\"}}],\"inLanguage\":\"es\"},{\"@type\":\"Organization\",\"@id\":\"https:\\\/\\\/www.emplea-te.com\\\/noticias-oposiciones\\\/#organization\",\"name\":\"Academia de oposiciones Empl\u00e9ate\",\"url\":\"https:\\\/\\\/www.emplea-te.com\\\/noticias-oposiciones\\\/\",\"logo\":{\"@type\":\"ImageObject\",\"inLanguage\":\"es\",\"@id\":\"https:\\\/\\\/www.emplea-te.com\\\/noticias-oposiciones\\\/#\\\/schema\\\/logo\\\/image\\\/\",\"url\":\"https:\\\/\\\/www.emplea-te.com\\\/noticias-oposiciones\\\/wp-content\\\/uploads\\\/2019\\\/04\\\/empleate.jpg\",\"contentUrl\":\"https:\\\/\\\/www.emplea-te.com\\\/noticias-oposiciones\\\/wp-content\\\/uploads\\\/2019\\\/04\\\/empleate.jpg\",\"width\":250,\"height\":150,\"caption\":\"Academia de oposiciones Empl\u00e9ate\"},\"image\":{\"@id\":\"https:\\\/\\\/www.emplea-te.com\\\/noticias-oposiciones\\\/#\\\/schema\\\/logo\\\/image\\\/\"},\"sameAs\":[\"https:\\\/\\\/www.facebook.com\\\/AcademiaEmpleate\\\/\",\"https:\\\/\\\/x.com\\\/Emplea_Te\",\"https:\\\/\\\/www.instagram.com\\\/academia_empleate\\\/\"]},{\"@type\":\"Person\",\"@id\":\"https:\\\/\\\/www.emplea-te.com\\\/noticias-oposiciones\\\/#\\\/schema\\\/person\\\/d1bc587e1af2b95e9c32aba1795509a6\",\"name\":\"Empleate\"}]}<\/script>\n<!-- \/ Yoast SEO plugin. -->","yoast_head_json":{"title":"OFERTA DE EMPLEO P\u00daBLICO PARA 2023.","description":"Publicada en el BOE la OFERTA DE EMPLEO P\u00daBLICO PARA 2023.","robots":{"index":"index","follow":"follow","max-snippet":"max-snippet:-1","max-image-preview":"max-image-preview:large","max-video-preview":"max-video-preview:-1"},"canonical":"https:\/\/www.emplea-te.com\/noticias-oposiciones\/publicada-en-el-boe-la-oferta-de-empleo-publico-para-2023\/","og_locale":"es_ES","og_type":"article","og_title":"OFERTA DE EMPLEO P\u00daBLICO PARA 2023.","og_description":"Publicada en el BOE la OFERTA DE EMPLEO P\u00daBLICO PARA 2023.","og_url":"https:\/\/www.emplea-te.com\/noticias-oposiciones\/publicada-en-el-boe-la-oferta-de-empleo-publico-para-2023\/","og_site_name":"Noticas de oposiciones por Academia Emplea-te","article_publisher":"https:\/\/www.facebook.com\/AcademiaEmpleate\/","article_published_time":"2023-07-12T08:53:46+00:00","author":"Empleate","twitter_card":"summary_large_image","twitter_creator":"@Emplea_Te","twitter_site":"@Emplea_Te","twitter_misc":{"Escrito por":"Empleate","Tiempo de lectura":"2 minutos"},"schema":{"@context":"https:\/\/schema.org","@graph":[{"@type":"Article","@id":"https:\/\/www.emplea-te.com\/noticias-oposiciones\/publicada-en-el-boe-la-oferta-de-empleo-publico-para-2023\/#article","isPartOf":{"@id":"https:\/\/www.emplea-te.com\/noticias-oposiciones\/publicada-en-el-boe-la-oferta-de-empleo-publico-para-2023\/"},"author":{"name":"Empleate","@id":"https:\/\/www.emplea-te.com\/noticias-oposiciones\/#\/schema\/person\/d1bc587e1af2b95e9c32aba1795509a6"},"headline":"Publicada en el BOE la OFERTA DE EMPLEO P\u00daBLICO PARA 2023.","datePublished":"2023-07-12T08:53:46+00:00","mainEntityOfPage":{"@id":"https:\/\/www.emplea-te.com\/noticias-oposiciones\/publicada-en-el-boe-la-oferta-de-empleo-publico-para-2023\/"},"wordCount":295,"publisher":{"@id":"https:\/\/www.emplea-te.com\/noticias-oposiciones\/#organization"},"keywords":["Informaci\u00f3n procesos selectivos","Oferta de Empleo P\u00fablico"],"articleSection":["Administraci\u00f3n General del Estado.","Oposiciones Administraci\u00f3n General del Estado"],"inLanguage":"es"},{"@type":"WebPage","@id":"https:\/\/www.emplea-te.com\/noticias-oposiciones\/publicada-en-el-boe-la-oferta-de-empleo-publico-para-2023\/","url":"https:\/\/www.emplea-te.com\/noticias-oposiciones\/publicada-en-el-boe-la-oferta-de-empleo-publico-para-2023\/","name":"OFERTA DE EMPLEO P\u00daBLICO PARA 2023.","isPartOf":{"@id":"https:\/\/www.emplea-te.com\/noticias-oposiciones\/#website"},"datePublished":"2023-07-12T08:53:46+00:00","description":"Publicada en el BOE la OFERTA DE EMPLEO P\u00daBLICO PARA 2023.","breadcrumb":{"@id":"https:\/\/www.emplea-te.com\/noticias-oposiciones\/publicada-en-el-boe-la-oferta-de-empleo-publico-para-2023\/#breadcrumb"},"inLanguage":"es","potentialAction":[{"@type":"ReadAction","target":["https:\/\/www.emplea-te.com\/noticias-oposiciones\/publicada-en-el-boe-la-oferta-de-empleo-publico-para-2023\/"]}]},{"@type":"BreadcrumbList","@id":"https:\/\/www.emplea-te.com\/noticias-oposiciones\/publicada-en-el-boe-la-oferta-de-empleo-publico-para-2023\/#breadcrumb","itemListElement":[{"@type":"ListItem","position":1,"name":"Noticias Oposiciones","item":"https:\/\/www.emplea-te.com\/noticias-oposiciones\/"},{"@type":"ListItem","position":2,"name":"Oposiciones Administraci\u00f3n General del Estado","item":"https:\/\/www.emplea-te.com\/noticias-oposiciones\/categoria\/oposiciones-administracion-general-del-estado\/"},{"@type":"ListItem","position":3,"name":"Publicada en el BOE la OFERTA DE EMPLEO P\u00daBLICO PARA 2023."}]},{"@type":"WebSite","@id":"https:\/\/www.emplea-te.com\/noticias-oposiciones\/#website","url":"https:\/\/www.emplea-te.com\/noticias-oposiciones\/","name":"Noticas de oposiciones por Academia Emplea-te","description":"Toda la actualidad de las ofertas y convocatorias.","publisher":{"@id":"https:\/\/www.emplea-te.com\/noticias-oposiciones\/#organization"},"potentialAction":[{"@type":"SearchAction","target":{"@type":"EntryPoint","urlTemplate":"https:\/\/www.emplea-te.com\/noticias-oposiciones\/?s={search_term_string}"},"query-input":{"@type":"PropertyValueSpecification","valueRequired":true,"valueName":"search_term_string"}}],"inLanguage":"es"},{"@type":"Organization","@id":"https:\/\/www.emplea-te.com\/noticias-oposiciones\/#organization","name":"Academia de oposiciones Empl\u00e9ate","url":"https:\/\/www.emplea-te.com\/noticias-oposiciones\/","logo":{"@type":"ImageObject","inLanguage":"es","@id":"https:\/\/www.emplea-te.com\/noticias-oposiciones\/#\/schema\/logo\/image\/","url":"https:\/\/www.emplea-te.com\/noticias-oposiciones\/wp-content\/uploads\/2019\/04\/empleate.jpg","contentUrl":"https:\/\/www.emplea-te.com\/noticias-oposiciones\/wp-content\/uploads\/2019\/04\/empleate.jpg","width":250,"height":150,"caption":"Academia de oposiciones Empl\u00e9ate"},"image":{"@id":"https:\/\/www.emplea-te.com\/noticias-oposiciones\/#\/schema\/logo\/image\/"},"sameAs":["https:\/\/www.facebook.com\/AcademiaEmpleate\/","https:\/\/x.com\/Emplea_Te","https:\/\/www.instagram.com\/academia_empleate\/"]},{"@type":"Person","@id":"https:\/\/www.emplea-te.com\/noticias-oposiciones\/#\/schema\/person\/d1bc587e1af2b95e9c32aba1795509a6","name":"Empleate"}]}},"_links":{"self":[{"href":"https:\/\/www.emplea-te.com\/noticias-oposiciones\/wp-json\/wp\/v2\/posts\/10336","targetHints":{"allow":["GET"]}}],"collection":[{"href":"https:\/\/www.emplea-te.com\/noticias-oposiciones\/wp-json\/wp\/v2\/posts"}],"about":[{"href":"https:\/\/www.emplea-te.com\/noticias-oposiciones\/wp-json\/wp\/v2\/types\/post"}],"author":[{"embeddable":true,"href":"https:\/\/www.emplea-te.com\/noticias-oposiciones\/wp-json\/wp\/v2\/users\/1"}],"replies":[{"embeddable":true,"href":"https:\/\/www.emplea-te.com\/noticias-oposiciones\/wp-json\/wp\/v2\/comments?post=10336"}],"version-history":[{"count":1,"href":"https:\/\/www.emplea-te.com\/noticias-oposiciones\/wp-json\/wp\/v2\/posts\/10336\/revisions"}],"predecessor-version":[{"id":10337,"href":"https:\/\/www.emplea-te.com\/noticias-oposiciones\/wp-json\/wp\/v2\/posts\/10336\/revisions\/10337"}],"wp:attachment":[{"href":"https:\/\/www.emplea-te.com\/noticias-oposiciones\/wp-json\/wp\/v2\/media?parent=10336"}],"wp:term":[{"taxonomy":"category","embeddable":true,"href":"https:\/\/www.emplea-te.com\/noticias-oposiciones\/wp-json\/wp\/v2\/categories?post=10336"},{"taxonomy":"post_tag","embeddable":true,"href":"https:\/\/www.emplea-te.com\/noticias-oposiciones\/wp-json\/wp\/v2\/tags?post=10336"}],"curies":[{"name":"wp","href":"https:\/\/api.w.org\/{rel}","templated":true}]}}