{"id":10343,"date":"2023-07-14T09:46:10","date_gmt":"2023-07-14T07:46:10","guid":{"rendered":"https:\/\/www.emplea-te.com\/noticias-oposiciones\/?p=10343"},"modified":"2023-07-14T09:46:10","modified_gmt":"2023-07-14T07:46:10","slug":"xunta-de-galicia-subalterno-a-p-estabilizacion-listas-provisionales-aspirantes-admitidos-y-excluidos-en-proceso-selectivo","status":"publish","type":"post","link":"https:\/\/www.emplea-te.com\/noticias-oposiciones\/xunta-de-galicia-subalterno-a-p-estabilizacion-listas-provisionales-aspirantes-admitidos-y-excluidos-en-proceso-selectivo\/","title":{"rendered":"Xunta de Galicia. Subalterno A.P estabilizaci\u00f3n. Listas provisionales aspirantes admitidos y excluidos en proceso selectivo."},"content":{"rendered":"<p>Se publica en el DOG de hoy, d\u00eda 14 de julio de 2023, la RESOLUCI\u00d3N de 11 de julio de 2023, de la Direcci\u00f3n General de la Funci\u00f3n P\u00fablica, por la que se aprueban y se hacen p\u00fablicas las listas provisionales de personas admitidas y excluidas al proceso selectivo extraordinario de estabilizaci\u00f3n derivado de la Ley 20\/2021, de 28 de diciembre, por el turno de acceso libre y mediante el sistema de concurso-oposici\u00f3n, para el ingreso en la agrupaci\u00f3n profesional de personal funcionario de la Xunta de Galicia (subgrupo AP).<\/p>\n<p class=\"dog-base-sangria\">Las personas aspirantes podr\u00e1n consultar el estado de las solicitudes de inscripci\u00f3n presentadas y la situaci\u00f3n como admitidas o excluidas en <a href=\"http:\/\/www.xunta.gal\" target=\"_blank\" rel=\"noopener\"><strong>fides.xunta.gal<\/strong><\/a><\/p>\n<p><strong>Consulta de listas:\u00a0<\/strong><\/p>\n<p class=\"dog-base-sangria\">La lista completa de personas aspirantes admitidas y excluidas, con indicaci\u00f3n de la causa determinante de su exclusi\u00f3n, se podr\u00e1 consultar en el portal web corporativo<a href=\"http:\/\/www.xunta.gal\" target=\"_blank\" rel=\"noopener\"><strong> funcionpublica.xunta.gal<\/strong><\/a><\/p>\n<p class=\"dog-base-sangria\">Asimismo, y seg\u00fan la base I.4 de las que rigen el proceso selectivo, en esta lista figuran las personas aspirantes que tienen pendiente de acreditar que est\u00e1n en posesi\u00f3n del Celga requerido.<\/p>\n<p><strong>Presentaci\u00f3n alegaciones aspirantes excluidos y aspirantes pendientes de acreditar el CELGA:\u00a0<\/strong><\/p>\n<p>Las personas aspirantes excluidas, las que no figuren en ninguna de las listas, as\u00ed como aquellas personas que no acreditaron estar en posesi\u00f3n del Celga requerido, dispondr\u00e1n de un plazo de diez d\u00edas h\u00e1biles, contados a partir del d\u00eda siguiente al de la publicaci\u00f3n de esta resoluci\u00f3n en el\u00a0<span class=\"dog-cursiva\">Diario Oficial de Galicia<\/span>, para reclamar o enmendar el defecto que motiv\u00f3 la exclusi\u00f3n o acreditar que pose\u00edan antes del d\u00eda de finalizaci\u00f3n del plazo de presentaci\u00f3n de solicitudes de participaci\u00f3n en el proceso selectivo el Celga 2 o equivalente debidamente homologado.<br \/>\nEl plazo permanecer\u00e1 abierto desde el d\u00eda 17\/07\/2023 hasta el d\u00eda 31\/07\/2023.<\/p>\n<p>El hecho de figurar en la relaci\u00f3n de personas admitidas no prejuzgar\u00e1 que se les reconozca a las personas aspirantes la posesi\u00f3n de los requisitos exigidos para participar en el proceso selectivo, as\u00ed como de la posesi\u00f3n del Celga requerido.<\/p>\n<p>Cuando de la documentaci\u00f3n que deben presentar tras superar el proceso selectivo se desprenda que no poseen alguno de los requisitos, las personas aspirantes decaer\u00e1n en todos los derechos que puedan derivar de su participaci\u00f3n.<\/p>\n<p><a href=\"https:\/\/www.xunta.gal\/dog\/Publicados\/2023\/20230714\/AnuncioG0597-100723-0010_es.html\" target=\"_blank\" rel=\"noopener\"><strong>Accede a la Resoluci\u00f3n con su contenido \u00edntegro desde este enlace.\u00a0<\/strong><\/a><\/p>\n","protected":false},"excerpt":{"rendered":"<p>Se publica en el DOG de hoy, d\u00eda 14 de julio de 2023, la RESOLUCI\u00d3N de 11 de julio de 2023, de la Direcci\u00f3n General de la Funci\u00f3n P\u00fablica, por la que se aprueban y se hacen p\u00fablicas las listas provisionales de personas admitidas y excluidas al proceso selectivo extraordinario de estabilizaci\u00f3n derivado de la &hellip; <a href=\"https:\/\/www.emplea-te.com\/noticias-oposiciones\/xunta-de-galicia-subalterno-a-p-estabilizacion-listas-provisionales-aspirantes-admitidos-y-excluidos-en-proceso-selectivo\/\" class=\"more-link\">Continuar leyendo<span class=\"screen-reader-text\"> \u00abXunta de Galicia. Subalterno A.P estabilizaci\u00f3n. Listas provisionales aspirantes admitidos y excluidos en proceso selectivo.\u00bb<\/span><\/a><\/p>\n","protected":false},"author":1,"featured_media":0,"comment_status":"closed","ping_status":"closed","sticky":false,"template":"","format":"standard","meta":{"footnotes":""},"categories":[4,43],"tags":[103,70],"class_list":["post-10343","post","type-post","status-publish","format-standard","hentry","category-oposiciones-xunta","category-subalterno-a-p","tag-informacion-procesos-selectivos","tag-listas-provisionales-admitidos-y-excluidos"],"yoast_head":"<!-- This site is optimized with the Yoast SEO plugin v27.5 - https:\/\/yoast.com\/product\/yoast-seo-wordpress\/ -->\n<title>Xunta de Galicia. Subalterno A.P estabilizaci\u00f3n. Informaci\u00f3n.<\/title>\n<meta name=\"description\" content=\"Xunta de Galicia. Subalterno A.P estabilizaci\u00f3n. Listas provisionales aspirantes admitidos y excluidos en proceso selectivo.\" \/>\n<meta name=\"robots\" content=\"index, follow, max-snippet:-1, max-image-preview:large, max-video-preview:-1\" \/>\n<link rel=\"canonical\" href=\"https:\/\/www.emplea-te.com\/noticias-oposiciones\/xunta-de-galicia-subalterno-a-p-estabilizacion-listas-provisionales-aspirantes-admitidos-y-excluidos-en-proceso-selectivo\/\" \/>\n<meta property=\"og:locale\" content=\"es_ES\" \/>\n<meta property=\"og:type\" content=\"article\" \/>\n<meta property=\"og:title\" content=\"Xunta de Galicia. Subalterno A.P estabilizaci\u00f3n. Informaci\u00f3n.\" \/>\n<meta property=\"og:description\" content=\"Xunta de Galicia. Subalterno A.P estabilizaci\u00f3n. Listas provisionales aspirantes admitidos y excluidos en proceso selectivo.\" \/>\n<meta property=\"og:url\" content=\"https:\/\/www.emplea-te.com\/noticias-oposiciones\/xunta-de-galicia-subalterno-a-p-estabilizacion-listas-provisionales-aspirantes-admitidos-y-excluidos-en-proceso-selectivo\/\" \/>\n<meta property=\"og:site_name\" content=\"Noticas de oposiciones por Academia Emplea-te\" \/>\n<meta property=\"article:publisher\" content=\"https:\/\/www.facebook.com\/AcademiaEmpleate\/\" \/>\n<meta property=\"article:published_time\" content=\"2023-07-14T07:46:10+00:00\" \/>\n<meta name=\"author\" content=\"Empleate\" \/>\n<meta name=\"twitter:card\" content=\"summary_large_image\" \/>\n<meta name=\"twitter:creator\" content=\"@Emplea_Te\" \/>\n<meta name=\"twitter:site\" content=\"@Emplea_Te\" \/>\n<meta name=\"twitter:label1\" content=\"Escrito por\" \/>\n\t<meta name=\"twitter:data1\" content=\"Empleate\" \/>\n\t<meta name=\"twitter:label2\" content=\"Tiempo de lectura\" \/>\n\t<meta name=\"twitter:data2\" content=\"2 minutos\" \/>\n<script type=\"application\/ld+json\" class=\"yoast-schema-graph\">{\"@context\":\"https:\\\/\\\/schema.org\",\"@graph\":[{\"@type\":\"Article\",\"@id\":\"https:\\\/\\\/www.emplea-te.com\\\/noticias-oposiciones\\\/xunta-de-galicia-subalterno-a-p-estabilizacion-listas-provisionales-aspirantes-admitidos-y-excluidos-en-proceso-selectivo\\\/#article\",\"isPartOf\":{\"@id\":\"https:\\\/\\\/www.emplea-te.com\\\/noticias-oposiciones\\\/xunta-de-galicia-subalterno-a-p-estabilizacion-listas-provisionales-aspirantes-admitidos-y-excluidos-en-proceso-selectivo\\\/\"},\"author\":{\"name\":\"Empleate\",\"@id\":\"https:\\\/\\\/www.emplea-te.com\\\/noticias-oposiciones\\\/#\\\/schema\\\/person\\\/d1bc587e1af2b95e9c32aba1795509a6\"},\"headline\":\"Xunta de Galicia. Subalterno A.P estabilizaci\u00f3n. Listas provisionales aspirantes admitidos y excluidos en proceso selectivo.\",\"datePublished\":\"2023-07-14T07:46:10+00:00\",\"mainEntityOfPage\":{\"@id\":\"https:\\\/\\\/www.emplea-te.com\\\/noticias-oposiciones\\\/xunta-de-galicia-subalterno-a-p-estabilizacion-listas-provisionales-aspirantes-admitidos-y-excluidos-en-proceso-selectivo\\\/\"},\"wordCount\":426,\"publisher\":{\"@id\":\"https:\\\/\\\/www.emplea-te.com\\\/noticias-oposiciones\\\/#organization\"},\"keywords\":[\"Informaci\u00f3n procesos selectivos\",\"Listas provisionales admitidos y excluidos\"],\"articleSection\":[\"Oposiciones Xunta\",\"Subalterno A.P Xunta de Galicia\"],\"inLanguage\":\"es\"},{\"@type\":\"WebPage\",\"@id\":\"https:\\\/\\\/www.emplea-te.com\\\/noticias-oposiciones\\\/xunta-de-galicia-subalterno-a-p-estabilizacion-listas-provisionales-aspirantes-admitidos-y-excluidos-en-proceso-selectivo\\\/\",\"url\":\"https:\\\/\\\/www.emplea-te.com\\\/noticias-oposiciones\\\/xunta-de-galicia-subalterno-a-p-estabilizacion-listas-provisionales-aspirantes-admitidos-y-excluidos-en-proceso-selectivo\\\/\",\"name\":\"Xunta de Galicia. Subalterno A.P estabilizaci\u00f3n. Informaci\u00f3n.\",\"isPartOf\":{\"@id\":\"https:\\\/\\\/www.emplea-te.com\\\/noticias-oposiciones\\\/#website\"},\"datePublished\":\"2023-07-14T07:46:10+00:00\",\"description\":\"Xunta de Galicia. Subalterno A.P estabilizaci\u00f3n. Listas provisionales aspirantes admitidos y excluidos en proceso selectivo.\",\"breadcrumb\":{\"@id\":\"https:\\\/\\\/www.emplea-te.com\\\/noticias-oposiciones\\\/xunta-de-galicia-subalterno-a-p-estabilizacion-listas-provisionales-aspirantes-admitidos-y-excluidos-en-proceso-selectivo\\\/#breadcrumb\"},\"inLanguage\":\"es\",\"potentialAction\":[{\"@type\":\"ReadAction\",\"target\":[\"https:\\\/\\\/www.emplea-te.com\\\/noticias-oposiciones\\\/xunta-de-galicia-subalterno-a-p-estabilizacion-listas-provisionales-aspirantes-admitidos-y-excluidos-en-proceso-selectivo\\\/\"]}]},{\"@type\":\"BreadcrumbList\",\"@id\":\"https:\\\/\\\/www.emplea-te.com\\\/noticias-oposiciones\\\/xunta-de-galicia-subalterno-a-p-estabilizacion-listas-provisionales-aspirantes-admitidos-y-excluidos-en-proceso-selectivo\\\/#breadcrumb\",\"itemListElement\":[{\"@type\":\"ListItem\",\"position\":1,\"name\":\"Noticias Oposiciones\",\"item\":\"https:\\\/\\\/www.emplea-te.com\\\/noticias-oposiciones\\\/\"},{\"@type\":\"ListItem\",\"position\":2,\"name\":\"Oposiciones Xunta\",\"item\":\"https:\\\/\\\/www.emplea-te.com\\\/noticias-oposiciones\\\/categoria\\\/oposiciones-xunta\\\/\"},{\"@type\":\"ListItem\",\"position\":3,\"name\":\"Xunta de Galicia. Subalterno A.P estabilizaci\u00f3n. Listas provisionales aspirantes admitidos y excluidos en proceso selectivo.\"}]},{\"@type\":\"WebSite\",\"@id\":\"https:\\\/\\\/www.emplea-te.com\\\/noticias-oposiciones\\\/#website\",\"url\":\"https:\\\/\\\/www.emplea-te.com\\\/noticias-oposiciones\\\/\",\"name\":\"Noticas de oposiciones por Academia Emplea-te\",\"description\":\"Toda la actualidad de las ofertas y convocatorias.\",\"publisher\":{\"@id\":\"https:\\\/\\\/www.emplea-te.com\\\/noticias-oposiciones\\\/#organization\"},\"potentialAction\":[{\"@type\":\"SearchAction\",\"target\":{\"@type\":\"EntryPoint\",\"urlTemplate\":\"https:\\\/\\\/www.emplea-te.com\\\/noticias-oposiciones\\\/?s={search_term_string}\"},\"query-input\":{\"@type\":\"PropertyValueSpecification\",\"valueRequired\":true,\"valueName\":\"search_term_string\"}}],\"inLanguage\":\"es\"},{\"@type\":\"Organization\",\"@id\":\"https:\\\/\\\/www.emplea-te.com\\\/noticias-oposiciones\\\/#organization\",\"name\":\"Academia de oposiciones Empl\u00e9ate\",\"url\":\"https:\\\/\\\/www.emplea-te.com\\\/noticias-oposiciones\\\/\",\"logo\":{\"@type\":\"ImageObject\",\"inLanguage\":\"es\",\"@id\":\"https:\\\/\\\/www.emplea-te.com\\\/noticias-oposiciones\\\/#\\\/schema\\\/logo\\\/image\\\/\",\"url\":\"https:\\\/\\\/www.emplea-te.com\\\/noticias-oposiciones\\\/wp-content\\\/uploads\\\/2019\\\/04\\\/empleate.jpg\",\"contentUrl\":\"https:\\\/\\\/www.emplea-te.com\\\/noticias-oposiciones\\\/wp-content\\\/uploads\\\/2019\\\/04\\\/empleate.jpg\",\"width\":250,\"height\":150,\"caption\":\"Academia de oposiciones Empl\u00e9ate\"},\"image\":{\"@id\":\"https:\\\/\\\/www.emplea-te.com\\\/noticias-oposiciones\\\/#\\\/schema\\\/logo\\\/image\\\/\"},\"sameAs\":[\"https:\\\/\\\/www.facebook.com\\\/AcademiaEmpleate\\\/\",\"https:\\\/\\\/x.com\\\/Emplea_Te\",\"https:\\\/\\\/www.instagram.com\\\/academia_empleate\\\/\"]},{\"@type\":\"Person\",\"@id\":\"https:\\\/\\\/www.emplea-te.com\\\/noticias-oposiciones\\\/#\\\/schema\\\/person\\\/d1bc587e1af2b95e9c32aba1795509a6\",\"name\":\"Empleate\"}]}<\/script>\n<!-- \/ Yoast SEO plugin. -->","yoast_head_json":{"title":"Xunta de Galicia. Subalterno A.P estabilizaci\u00f3n. Informaci\u00f3n.","description":"Xunta de Galicia. Subalterno A.P estabilizaci\u00f3n. Listas provisionales aspirantes admitidos y excluidos en proceso selectivo.","robots":{"index":"index","follow":"follow","max-snippet":"max-snippet:-1","max-image-preview":"max-image-preview:large","max-video-preview":"max-video-preview:-1"},"canonical":"https:\/\/www.emplea-te.com\/noticias-oposiciones\/xunta-de-galicia-subalterno-a-p-estabilizacion-listas-provisionales-aspirantes-admitidos-y-excluidos-en-proceso-selectivo\/","og_locale":"es_ES","og_type":"article","og_title":"Xunta de Galicia. Subalterno A.P estabilizaci\u00f3n. Informaci\u00f3n.","og_description":"Xunta de Galicia. Subalterno A.P estabilizaci\u00f3n. Listas provisionales aspirantes admitidos y excluidos en proceso selectivo.","og_url":"https:\/\/www.emplea-te.com\/noticias-oposiciones\/xunta-de-galicia-subalterno-a-p-estabilizacion-listas-provisionales-aspirantes-admitidos-y-excluidos-en-proceso-selectivo\/","og_site_name":"Noticas de oposiciones por Academia Emplea-te","article_publisher":"https:\/\/www.facebook.com\/AcademiaEmpleate\/","article_published_time":"2023-07-14T07:46:10+00:00","author":"Empleate","twitter_card":"summary_large_image","twitter_creator":"@Emplea_Te","twitter_site":"@Emplea_Te","twitter_misc":{"Escrito por":"Empleate","Tiempo de lectura":"2 minutos"},"schema":{"@context":"https:\/\/schema.org","@graph":[{"@type":"Article","@id":"https:\/\/www.emplea-te.com\/noticias-oposiciones\/xunta-de-galicia-subalterno-a-p-estabilizacion-listas-provisionales-aspirantes-admitidos-y-excluidos-en-proceso-selectivo\/#article","isPartOf":{"@id":"https:\/\/www.emplea-te.com\/noticias-oposiciones\/xunta-de-galicia-subalterno-a-p-estabilizacion-listas-provisionales-aspirantes-admitidos-y-excluidos-en-proceso-selectivo\/"},"author":{"name":"Empleate","@id":"https:\/\/www.emplea-te.com\/noticias-oposiciones\/#\/schema\/person\/d1bc587e1af2b95e9c32aba1795509a6"},"headline":"Xunta de Galicia. Subalterno A.P estabilizaci\u00f3n. Listas provisionales aspirantes admitidos y excluidos en proceso selectivo.","datePublished":"2023-07-14T07:46:10+00:00","mainEntityOfPage":{"@id":"https:\/\/www.emplea-te.com\/noticias-oposiciones\/xunta-de-galicia-subalterno-a-p-estabilizacion-listas-provisionales-aspirantes-admitidos-y-excluidos-en-proceso-selectivo\/"},"wordCount":426,"publisher":{"@id":"https:\/\/www.emplea-te.com\/noticias-oposiciones\/#organization"},"keywords":["Informaci\u00f3n procesos selectivos","Listas provisionales admitidos y excluidos"],"articleSection":["Oposiciones Xunta","Subalterno A.P Xunta de Galicia"],"inLanguage":"es"},{"@type":"WebPage","@id":"https:\/\/www.emplea-te.com\/noticias-oposiciones\/xunta-de-galicia-subalterno-a-p-estabilizacion-listas-provisionales-aspirantes-admitidos-y-excluidos-en-proceso-selectivo\/","url":"https:\/\/www.emplea-te.com\/noticias-oposiciones\/xunta-de-galicia-subalterno-a-p-estabilizacion-listas-provisionales-aspirantes-admitidos-y-excluidos-en-proceso-selectivo\/","name":"Xunta de Galicia. Subalterno A.P estabilizaci\u00f3n. Informaci\u00f3n.","isPartOf":{"@id":"https:\/\/www.emplea-te.com\/noticias-oposiciones\/#website"},"datePublished":"2023-07-14T07:46:10+00:00","description":"Xunta de Galicia. Subalterno A.P estabilizaci\u00f3n. Listas provisionales aspirantes admitidos y excluidos en proceso selectivo.","breadcrumb":{"@id":"https:\/\/www.emplea-te.com\/noticias-oposiciones\/xunta-de-galicia-subalterno-a-p-estabilizacion-listas-provisionales-aspirantes-admitidos-y-excluidos-en-proceso-selectivo\/#breadcrumb"},"inLanguage":"es","potentialAction":[{"@type":"ReadAction","target":["https:\/\/www.emplea-te.com\/noticias-oposiciones\/xunta-de-galicia-subalterno-a-p-estabilizacion-listas-provisionales-aspirantes-admitidos-y-excluidos-en-proceso-selectivo\/"]}]},{"@type":"BreadcrumbList","@id":"https:\/\/www.emplea-te.com\/noticias-oposiciones\/xunta-de-galicia-subalterno-a-p-estabilizacion-listas-provisionales-aspirantes-admitidos-y-excluidos-en-proceso-selectivo\/#breadcrumb","itemListElement":[{"@type":"ListItem","position":1,"name":"Noticias Oposiciones","item":"https:\/\/www.emplea-te.com\/noticias-oposiciones\/"},{"@type":"ListItem","position":2,"name":"Oposiciones Xunta","item":"https:\/\/www.emplea-te.com\/noticias-oposiciones\/categoria\/oposiciones-xunta\/"},{"@type":"ListItem","position":3,"name":"Xunta de Galicia. Subalterno A.P estabilizaci\u00f3n. Listas provisionales aspirantes admitidos y excluidos en proceso selectivo."}]},{"@type":"WebSite","@id":"https:\/\/www.emplea-te.com\/noticias-oposiciones\/#website","url":"https:\/\/www.emplea-te.com\/noticias-oposiciones\/","name":"Noticas de oposiciones por Academia Emplea-te","description":"Toda la actualidad de las ofertas y convocatorias.","publisher":{"@id":"https:\/\/www.emplea-te.com\/noticias-oposiciones\/#organization"},"potentialAction":[{"@type":"SearchAction","target":{"@type":"EntryPoint","urlTemplate":"https:\/\/www.emplea-te.com\/noticias-oposiciones\/?s={search_term_string}"},"query-input":{"@type":"PropertyValueSpecification","valueRequired":true,"valueName":"search_term_string"}}],"inLanguage":"es"},{"@type":"Organization","@id":"https:\/\/www.emplea-te.com\/noticias-oposiciones\/#organization","name":"Academia de oposiciones Empl\u00e9ate","url":"https:\/\/www.emplea-te.com\/noticias-oposiciones\/","logo":{"@type":"ImageObject","inLanguage":"es","@id":"https:\/\/www.emplea-te.com\/noticias-oposiciones\/#\/schema\/logo\/image\/","url":"https:\/\/www.emplea-te.com\/noticias-oposiciones\/wp-content\/uploads\/2019\/04\/empleate.jpg","contentUrl":"https:\/\/www.emplea-te.com\/noticias-oposiciones\/wp-content\/uploads\/2019\/04\/empleate.jpg","width":250,"height":150,"caption":"Academia de oposiciones Empl\u00e9ate"},"image":{"@id":"https:\/\/www.emplea-te.com\/noticias-oposiciones\/#\/schema\/logo\/image\/"},"sameAs":["https:\/\/www.facebook.com\/AcademiaEmpleate\/","https:\/\/x.com\/Emplea_Te","https:\/\/www.instagram.com\/academia_empleate\/"]},{"@type":"Person","@id":"https:\/\/www.emplea-te.com\/noticias-oposiciones\/#\/schema\/person\/d1bc587e1af2b95e9c32aba1795509a6","name":"Empleate"}]}},"_links":{"self":[{"href":"https:\/\/www.emplea-te.com\/noticias-oposiciones\/wp-json\/wp\/v2\/posts\/10343","targetHints":{"allow":["GET"]}}],"collection":[{"href":"https:\/\/www.emplea-te.com\/noticias-oposiciones\/wp-json\/wp\/v2\/posts"}],"about":[{"href":"https:\/\/www.emplea-te.com\/noticias-oposiciones\/wp-json\/wp\/v2\/types\/post"}],"author":[{"embeddable":true,"href":"https:\/\/www.emplea-te.com\/noticias-oposiciones\/wp-json\/wp\/v2\/users\/1"}],"replies":[{"embeddable":true,"href":"https:\/\/www.emplea-te.com\/noticias-oposiciones\/wp-json\/wp\/v2\/comments?post=10343"}],"version-history":[{"count":1,"href":"https:\/\/www.emplea-te.com\/noticias-oposiciones\/wp-json\/wp\/v2\/posts\/10343\/revisions"}],"predecessor-version":[{"id":10344,"href":"https:\/\/www.emplea-te.com\/noticias-oposiciones\/wp-json\/wp\/v2\/posts\/10343\/revisions\/10344"}],"wp:attachment":[{"href":"https:\/\/www.emplea-te.com\/noticias-oposiciones\/wp-json\/wp\/v2\/media?parent=10343"}],"wp:term":[{"taxonomy":"category","embeddable":true,"href":"https:\/\/www.emplea-te.com\/noticias-oposiciones\/wp-json\/wp\/v2\/categories?post=10343"},{"taxonomy":"post_tag","embeddable":true,"href":"https:\/\/www.emplea-te.com\/noticias-oposiciones\/wp-json\/wp\/v2\/tags?post=10343"}],"curies":[{"name":"wp","href":"https:\/\/api.w.org\/{rel}","templated":true}]}}