{"id":10735,"date":"2023-09-25T11:19:02","date_gmt":"2023-09-25T09:19:02","guid":{"rendered":"https:\/\/www.emplea-te.com\/noticias-oposiciones\/?p=10735"},"modified":"2023-09-25T11:19:02","modified_gmt":"2023-09-25T09:19:02","slug":"comunidad-de-madrid-prevision-fechas-ejercicios-auxiliar-administrativo-c2-1-114-plazas-convocadas-estabilizacion","status":"publish","type":"post","link":"https:\/\/www.emplea-te.com\/noticias-oposiciones\/comunidad-de-madrid-prevision-fechas-ejercicios-auxiliar-administrativo-c2-1-114-plazas-convocadas-estabilizacion\/","title":{"rendered":"Comunidad de Madrid. Previsi\u00f3n fechas ejercicios Auxiliar Administrativo C2. 1.114 plazas convocadas estabilizaci\u00f3n."},"content":{"rendered":"<p>Se publica en la Web de la Comunidad de Madrid, la siguiente informaci\u00f3n referente al Proceso selectivo extraordinario de estabilizaci\u00f3n de empleo temporal del personal funcionario para el ingreso en el Cuerpo de Auxiliares, de Administraci\u00f3n General, Grupo C, Subgrupo C2, de la Comunidad de Madrid (1.114 plazas convocadas):<\/p>\n<p>Se publica el calendario de actuaciones orientativo (puede sufrir modificaciones) para la realizaci\u00f3n de las pruebas de la convocatoria de las 1.114 plazas de Auxiliar Administrativo C2 (estabilizaci\u00f3n).<\/p>\n<p><a href=\"https:\/\/www.comunidad.madrid\/sites\/default\/files\/aud\/empleo\/394-2021_calendario_actuaciones_sin_firma.pdf\" target=\"_blank\" rel=\"noopener\"><strong>Accede a este calendario desde este enlace.\u00a0<\/strong><\/a><\/p>\n","protected":false},"excerpt":{"rendered":"<p>Se publica en la Web de la Comunidad de Madrid, la siguiente informaci\u00f3n referente al Proceso selectivo extraordinario de estabilizaci\u00f3n de empleo temporal del personal funcionario para el ingreso en el Cuerpo de Auxiliares, de Administraci\u00f3n General, Grupo C, Subgrupo C2, de la Comunidad de Madrid (1.114 plazas convocadas): Se publica el calendario de actuaciones &hellip; <a href=\"https:\/\/www.emplea-te.com\/noticias-oposiciones\/comunidad-de-madrid-prevision-fechas-ejercicios-auxiliar-administrativo-c2-1-114-plazas-convocadas-estabilizacion\/\" class=\"more-link\">Continuar leyendo<span class=\"screen-reader-text\"> \u00abComunidad de Madrid. Previsi\u00f3n fechas ejercicios Auxiliar Administrativo C2. 1.114 plazas convocadas estabilizaci\u00f3n.\u00bb<\/span><\/a><\/p>\n","protected":false},"author":1,"featured_media":0,"comment_status":"closed","ping_status":"closed","sticky":false,"template":"","format":"standard","meta":{"footnotes":""},"categories":[109],"tags":[49,71,103],"class_list":["post-10735","post","type-post","status-publish","format-standard","hentry","category-oposiciones-madrid","tag-convocatorias-de-oposiciones","tag-fecha-examenes","tag-informacion-procesos-selectivos"],"yoast_head":"<!-- This site is optimized with the Yoast SEO plugin v27.5 - https:\/\/yoast.com\/product\/yoast-seo-wordpress\/ -->\n<title>Comunidad de Madrid. Previsi\u00f3n Calendario Aux Administrativo C2.<\/title>\n<meta name=\"description\" content=\"Comunidad de Madrid. Previsi\u00f3n fechas ejercicios Auxiliar Administrativo C2. 1.114 plazas convocadas estabilizaci\u00f3n.\" \/>\n<meta name=\"robots\" content=\"index, follow, max-snippet:-1, max-image-preview:large, max-video-preview:-1\" \/>\n<link rel=\"canonical\" href=\"https:\/\/www.emplea-te.com\/noticias-oposiciones\/comunidad-de-madrid-prevision-fechas-ejercicios-auxiliar-administrativo-c2-1-114-plazas-convocadas-estabilizacion\/\" \/>\n<meta property=\"og:locale\" content=\"es_ES\" \/>\n<meta property=\"og:type\" content=\"article\" \/>\n<meta property=\"og:title\" content=\"Comunidad de Madrid. Previsi\u00f3n Calendario Aux Administrativo C2.\" \/>\n<meta property=\"og:description\" content=\"Comunidad de Madrid. Previsi\u00f3n fechas ejercicios Auxiliar Administrativo C2. 1.114 plazas convocadas estabilizaci\u00f3n.\" \/>\n<meta property=\"og:url\" content=\"https:\/\/www.emplea-te.com\/noticias-oposiciones\/comunidad-de-madrid-prevision-fechas-ejercicios-auxiliar-administrativo-c2-1-114-plazas-convocadas-estabilizacion\/\" \/>\n<meta property=\"og:site_name\" content=\"Noticas de oposiciones por Academia Emplea-te\" \/>\n<meta property=\"article:publisher\" content=\"https:\/\/www.facebook.com\/AcademiaEmpleate\/\" \/>\n<meta property=\"article:published_time\" content=\"2023-09-25T09:19:02+00:00\" \/>\n<meta name=\"author\" content=\"Empleate\" \/>\n<meta name=\"twitter:card\" content=\"summary_large_image\" \/>\n<meta name=\"twitter:creator\" content=\"@Emplea_Te\" \/>\n<meta name=\"twitter:site\" content=\"@Emplea_Te\" \/>\n<meta name=\"twitter:label1\" content=\"Escrito por\" \/>\n\t<meta name=\"twitter:data1\" content=\"Empleate\" \/>\n\t<meta name=\"twitter:label2\" content=\"Tiempo de lectura\" \/>\n\t<meta name=\"twitter:data2\" content=\"1 minuto\" \/>\n<script type=\"application\/ld+json\" class=\"yoast-schema-graph\">{\"@context\":\"https:\\\/\\\/schema.org\",\"@graph\":[{\"@type\":\"Article\",\"@id\":\"https:\\\/\\\/www.emplea-te.com\\\/noticias-oposiciones\\\/comunidad-de-madrid-prevision-fechas-ejercicios-auxiliar-administrativo-c2-1-114-plazas-convocadas-estabilizacion\\\/#article\",\"isPartOf\":{\"@id\":\"https:\\\/\\\/www.emplea-te.com\\\/noticias-oposiciones\\\/comunidad-de-madrid-prevision-fechas-ejercicios-auxiliar-administrativo-c2-1-114-plazas-convocadas-estabilizacion\\\/\"},\"author\":{\"name\":\"Empleate\",\"@id\":\"https:\\\/\\\/www.emplea-te.com\\\/noticias-oposiciones\\\/#\\\/schema\\\/person\\\/d1bc587e1af2b95e9c32aba1795509a6\"},\"headline\":\"Comunidad de Madrid. Previsi\u00f3n fechas ejercicios Auxiliar Administrativo C2. 1.114 plazas convocadas estabilizaci\u00f3n.\",\"datePublished\":\"2023-09-25T09:19:02+00:00\",\"mainEntityOfPage\":{\"@id\":\"https:\\\/\\\/www.emplea-te.com\\\/noticias-oposiciones\\\/comunidad-de-madrid-prevision-fechas-ejercicios-auxiliar-administrativo-c2-1-114-plazas-convocadas-estabilizacion\\\/\"},\"wordCount\":101,\"publisher\":{\"@id\":\"https:\\\/\\\/www.emplea-te.com\\\/noticias-oposiciones\\\/#organization\"},\"keywords\":[\"Convocatoria\",\"Fecha ex\u00e1menes\",\"Informaci\u00f3n procesos selectivos\"],\"articleSection\":[\"Oposiciones Madrid.\"],\"inLanguage\":\"es\"},{\"@type\":\"WebPage\",\"@id\":\"https:\\\/\\\/www.emplea-te.com\\\/noticias-oposiciones\\\/comunidad-de-madrid-prevision-fechas-ejercicios-auxiliar-administrativo-c2-1-114-plazas-convocadas-estabilizacion\\\/\",\"url\":\"https:\\\/\\\/www.emplea-te.com\\\/noticias-oposiciones\\\/comunidad-de-madrid-prevision-fechas-ejercicios-auxiliar-administrativo-c2-1-114-plazas-convocadas-estabilizacion\\\/\",\"name\":\"Comunidad de Madrid. Previsi\u00f3n Calendario Aux Administrativo C2.\",\"isPartOf\":{\"@id\":\"https:\\\/\\\/www.emplea-te.com\\\/noticias-oposiciones\\\/#website\"},\"datePublished\":\"2023-09-25T09:19:02+00:00\",\"description\":\"Comunidad de Madrid. Previsi\u00f3n fechas ejercicios Auxiliar Administrativo C2. 1.114 plazas convocadas estabilizaci\u00f3n.\",\"breadcrumb\":{\"@id\":\"https:\\\/\\\/www.emplea-te.com\\\/noticias-oposiciones\\\/comunidad-de-madrid-prevision-fechas-ejercicios-auxiliar-administrativo-c2-1-114-plazas-convocadas-estabilizacion\\\/#breadcrumb\"},\"inLanguage\":\"es\",\"potentialAction\":[{\"@type\":\"ReadAction\",\"target\":[\"https:\\\/\\\/www.emplea-te.com\\\/noticias-oposiciones\\\/comunidad-de-madrid-prevision-fechas-ejercicios-auxiliar-administrativo-c2-1-114-plazas-convocadas-estabilizacion\\\/\"]}]},{\"@type\":\"BreadcrumbList\",\"@id\":\"https:\\\/\\\/www.emplea-te.com\\\/noticias-oposiciones\\\/comunidad-de-madrid-prevision-fechas-ejercicios-auxiliar-administrativo-c2-1-114-plazas-convocadas-estabilizacion\\\/#breadcrumb\",\"itemListElement\":[{\"@type\":\"ListItem\",\"position\":1,\"name\":\"Noticias Oposiciones\",\"item\":\"https:\\\/\\\/www.emplea-te.com\\\/noticias-oposiciones\\\/\"},{\"@type\":\"ListItem\",\"position\":2,\"name\":\"Oposiciones Madrid.\",\"item\":\"https:\\\/\\\/www.emplea-te.com\\\/noticias-oposiciones\\\/categoria\\\/oposiciones-madrid\\\/\"},{\"@type\":\"ListItem\",\"position\":3,\"name\":\"Comunidad de Madrid. Previsi\u00f3n fechas ejercicios Auxiliar Administrativo C2. 1.114 plazas convocadas estabilizaci\u00f3n.\"}]},{\"@type\":\"WebSite\",\"@id\":\"https:\\\/\\\/www.emplea-te.com\\\/noticias-oposiciones\\\/#website\",\"url\":\"https:\\\/\\\/www.emplea-te.com\\\/noticias-oposiciones\\\/\",\"name\":\"Noticas de oposiciones por Academia Emplea-te\",\"description\":\"Toda la actualidad de las ofertas y convocatorias.\",\"publisher\":{\"@id\":\"https:\\\/\\\/www.emplea-te.com\\\/noticias-oposiciones\\\/#organization\"},\"potentialAction\":[{\"@type\":\"SearchAction\",\"target\":{\"@type\":\"EntryPoint\",\"urlTemplate\":\"https:\\\/\\\/www.emplea-te.com\\\/noticias-oposiciones\\\/?s={search_term_string}\"},\"query-input\":{\"@type\":\"PropertyValueSpecification\",\"valueRequired\":true,\"valueName\":\"search_term_string\"}}],\"inLanguage\":\"es\"},{\"@type\":\"Organization\",\"@id\":\"https:\\\/\\\/www.emplea-te.com\\\/noticias-oposiciones\\\/#organization\",\"name\":\"Academia de oposiciones Empl\u00e9ate\",\"url\":\"https:\\\/\\\/www.emplea-te.com\\\/noticias-oposiciones\\\/\",\"logo\":{\"@type\":\"ImageObject\",\"inLanguage\":\"es\",\"@id\":\"https:\\\/\\\/www.emplea-te.com\\\/noticias-oposiciones\\\/#\\\/schema\\\/logo\\\/image\\\/\",\"url\":\"https:\\\/\\\/www.emplea-te.com\\\/noticias-oposiciones\\\/wp-content\\\/uploads\\\/2019\\\/04\\\/empleate.jpg\",\"contentUrl\":\"https:\\\/\\\/www.emplea-te.com\\\/noticias-oposiciones\\\/wp-content\\\/uploads\\\/2019\\\/04\\\/empleate.jpg\",\"width\":250,\"height\":150,\"caption\":\"Academia de oposiciones Empl\u00e9ate\"},\"image\":{\"@id\":\"https:\\\/\\\/www.emplea-te.com\\\/noticias-oposiciones\\\/#\\\/schema\\\/logo\\\/image\\\/\"},\"sameAs\":[\"https:\\\/\\\/www.facebook.com\\\/AcademiaEmpleate\\\/\",\"https:\\\/\\\/x.com\\\/Emplea_Te\",\"https:\\\/\\\/www.instagram.com\\\/academia_empleate\\\/\"]},{\"@type\":\"Person\",\"@id\":\"https:\\\/\\\/www.emplea-te.com\\\/noticias-oposiciones\\\/#\\\/schema\\\/person\\\/d1bc587e1af2b95e9c32aba1795509a6\",\"name\":\"Empleate\"}]}<\/script>\n<!-- \/ Yoast SEO plugin. -->","yoast_head_json":{"title":"Comunidad de Madrid. Previsi\u00f3n Calendario Aux Administrativo C2.","description":"Comunidad de Madrid. Previsi\u00f3n fechas ejercicios Auxiliar Administrativo C2. 1.114 plazas convocadas estabilizaci\u00f3n.","robots":{"index":"index","follow":"follow","max-snippet":"max-snippet:-1","max-image-preview":"max-image-preview:large","max-video-preview":"max-video-preview:-1"},"canonical":"https:\/\/www.emplea-te.com\/noticias-oposiciones\/comunidad-de-madrid-prevision-fechas-ejercicios-auxiliar-administrativo-c2-1-114-plazas-convocadas-estabilizacion\/","og_locale":"es_ES","og_type":"article","og_title":"Comunidad de Madrid. Previsi\u00f3n Calendario Aux Administrativo C2.","og_description":"Comunidad de Madrid. Previsi\u00f3n fechas ejercicios Auxiliar Administrativo C2. 1.114 plazas convocadas estabilizaci\u00f3n.","og_url":"https:\/\/www.emplea-te.com\/noticias-oposiciones\/comunidad-de-madrid-prevision-fechas-ejercicios-auxiliar-administrativo-c2-1-114-plazas-convocadas-estabilizacion\/","og_site_name":"Noticas de oposiciones por Academia Emplea-te","article_publisher":"https:\/\/www.facebook.com\/AcademiaEmpleate\/","article_published_time":"2023-09-25T09:19:02+00:00","author":"Empleate","twitter_card":"summary_large_image","twitter_creator":"@Emplea_Te","twitter_site":"@Emplea_Te","twitter_misc":{"Escrito por":"Empleate","Tiempo de lectura":"1 minuto"},"schema":{"@context":"https:\/\/schema.org","@graph":[{"@type":"Article","@id":"https:\/\/www.emplea-te.com\/noticias-oposiciones\/comunidad-de-madrid-prevision-fechas-ejercicios-auxiliar-administrativo-c2-1-114-plazas-convocadas-estabilizacion\/#article","isPartOf":{"@id":"https:\/\/www.emplea-te.com\/noticias-oposiciones\/comunidad-de-madrid-prevision-fechas-ejercicios-auxiliar-administrativo-c2-1-114-plazas-convocadas-estabilizacion\/"},"author":{"name":"Empleate","@id":"https:\/\/www.emplea-te.com\/noticias-oposiciones\/#\/schema\/person\/d1bc587e1af2b95e9c32aba1795509a6"},"headline":"Comunidad de Madrid. Previsi\u00f3n fechas ejercicios Auxiliar Administrativo C2. 1.114 plazas convocadas estabilizaci\u00f3n.","datePublished":"2023-09-25T09:19:02+00:00","mainEntityOfPage":{"@id":"https:\/\/www.emplea-te.com\/noticias-oposiciones\/comunidad-de-madrid-prevision-fechas-ejercicios-auxiliar-administrativo-c2-1-114-plazas-convocadas-estabilizacion\/"},"wordCount":101,"publisher":{"@id":"https:\/\/www.emplea-te.com\/noticias-oposiciones\/#organization"},"keywords":["Convocatoria","Fecha ex\u00e1menes","Informaci\u00f3n procesos selectivos"],"articleSection":["Oposiciones Madrid."],"inLanguage":"es"},{"@type":"WebPage","@id":"https:\/\/www.emplea-te.com\/noticias-oposiciones\/comunidad-de-madrid-prevision-fechas-ejercicios-auxiliar-administrativo-c2-1-114-plazas-convocadas-estabilizacion\/","url":"https:\/\/www.emplea-te.com\/noticias-oposiciones\/comunidad-de-madrid-prevision-fechas-ejercicios-auxiliar-administrativo-c2-1-114-plazas-convocadas-estabilizacion\/","name":"Comunidad de Madrid. Previsi\u00f3n Calendario Aux Administrativo C2.","isPartOf":{"@id":"https:\/\/www.emplea-te.com\/noticias-oposiciones\/#website"},"datePublished":"2023-09-25T09:19:02+00:00","description":"Comunidad de Madrid. Previsi\u00f3n fechas ejercicios Auxiliar Administrativo C2. 1.114 plazas convocadas estabilizaci\u00f3n.","breadcrumb":{"@id":"https:\/\/www.emplea-te.com\/noticias-oposiciones\/comunidad-de-madrid-prevision-fechas-ejercicios-auxiliar-administrativo-c2-1-114-plazas-convocadas-estabilizacion\/#breadcrumb"},"inLanguage":"es","potentialAction":[{"@type":"ReadAction","target":["https:\/\/www.emplea-te.com\/noticias-oposiciones\/comunidad-de-madrid-prevision-fechas-ejercicios-auxiliar-administrativo-c2-1-114-plazas-convocadas-estabilizacion\/"]}]},{"@type":"BreadcrumbList","@id":"https:\/\/www.emplea-te.com\/noticias-oposiciones\/comunidad-de-madrid-prevision-fechas-ejercicios-auxiliar-administrativo-c2-1-114-plazas-convocadas-estabilizacion\/#breadcrumb","itemListElement":[{"@type":"ListItem","position":1,"name":"Noticias Oposiciones","item":"https:\/\/www.emplea-te.com\/noticias-oposiciones\/"},{"@type":"ListItem","position":2,"name":"Oposiciones Madrid.","item":"https:\/\/www.emplea-te.com\/noticias-oposiciones\/categoria\/oposiciones-madrid\/"},{"@type":"ListItem","position":3,"name":"Comunidad de Madrid. Previsi\u00f3n fechas ejercicios Auxiliar Administrativo C2. 1.114 plazas convocadas estabilizaci\u00f3n."}]},{"@type":"WebSite","@id":"https:\/\/www.emplea-te.com\/noticias-oposiciones\/#website","url":"https:\/\/www.emplea-te.com\/noticias-oposiciones\/","name":"Noticas de oposiciones por Academia Emplea-te","description":"Toda la actualidad de las ofertas y convocatorias.","publisher":{"@id":"https:\/\/www.emplea-te.com\/noticias-oposiciones\/#organization"},"potentialAction":[{"@type":"SearchAction","target":{"@type":"EntryPoint","urlTemplate":"https:\/\/www.emplea-te.com\/noticias-oposiciones\/?s={search_term_string}"},"query-input":{"@type":"PropertyValueSpecification","valueRequired":true,"valueName":"search_term_string"}}],"inLanguage":"es"},{"@type":"Organization","@id":"https:\/\/www.emplea-te.com\/noticias-oposiciones\/#organization","name":"Academia de oposiciones Empl\u00e9ate","url":"https:\/\/www.emplea-te.com\/noticias-oposiciones\/","logo":{"@type":"ImageObject","inLanguage":"es","@id":"https:\/\/www.emplea-te.com\/noticias-oposiciones\/#\/schema\/logo\/image\/","url":"https:\/\/www.emplea-te.com\/noticias-oposiciones\/wp-content\/uploads\/2019\/04\/empleate.jpg","contentUrl":"https:\/\/www.emplea-te.com\/noticias-oposiciones\/wp-content\/uploads\/2019\/04\/empleate.jpg","width":250,"height":150,"caption":"Academia de oposiciones Empl\u00e9ate"},"image":{"@id":"https:\/\/www.emplea-te.com\/noticias-oposiciones\/#\/schema\/logo\/image\/"},"sameAs":["https:\/\/www.facebook.com\/AcademiaEmpleate\/","https:\/\/x.com\/Emplea_Te","https:\/\/www.instagram.com\/academia_empleate\/"]},{"@type":"Person","@id":"https:\/\/www.emplea-te.com\/noticias-oposiciones\/#\/schema\/person\/d1bc587e1af2b95e9c32aba1795509a6","name":"Empleate"}]}},"_links":{"self":[{"href":"https:\/\/www.emplea-te.com\/noticias-oposiciones\/wp-json\/wp\/v2\/posts\/10735","targetHints":{"allow":["GET"]}}],"collection":[{"href":"https:\/\/www.emplea-te.com\/noticias-oposiciones\/wp-json\/wp\/v2\/posts"}],"about":[{"href":"https:\/\/www.emplea-te.com\/noticias-oposiciones\/wp-json\/wp\/v2\/types\/post"}],"author":[{"embeddable":true,"href":"https:\/\/www.emplea-te.com\/noticias-oposiciones\/wp-json\/wp\/v2\/users\/1"}],"replies":[{"embeddable":true,"href":"https:\/\/www.emplea-te.com\/noticias-oposiciones\/wp-json\/wp\/v2\/comments?post=10735"}],"version-history":[{"count":1,"href":"https:\/\/www.emplea-te.com\/noticias-oposiciones\/wp-json\/wp\/v2\/posts\/10735\/revisions"}],"predecessor-version":[{"id":10736,"href":"https:\/\/www.emplea-te.com\/noticias-oposiciones\/wp-json\/wp\/v2\/posts\/10735\/revisions\/10736"}],"wp:attachment":[{"href":"https:\/\/www.emplea-te.com\/noticias-oposiciones\/wp-json\/wp\/v2\/media?parent=10735"}],"wp:term":[{"taxonomy":"category","embeddable":true,"href":"https:\/\/www.emplea-te.com\/noticias-oposiciones\/wp-json\/wp\/v2\/categories?post=10735"},{"taxonomy":"post_tag","embeddable":true,"href":"https:\/\/www.emplea-te.com\/noticias-oposiciones\/wp-json\/wp\/v2\/tags?post=10735"}],"curies":[{"name":"wp","href":"https:\/\/api.w.org\/{rel}","templated":true}]}}