{"id":10739,"date":"2023-09-26T10:06:26","date_gmt":"2023-09-26T08:06:26","guid":{"rendered":"https:\/\/www.emplea-te.com\/noticias-oposiciones\/?p=10739"},"modified":"2023-09-26T10:06:26","modified_gmt":"2023-09-26T08:06:26","slug":"xunta-de-galicia-relacion-definitiva-admitidos-y-excluidos-en-lista-unica-de-contratacion-temporal-de-personal-de-limpieza-y-cocina-a-p","status":"publish","type":"post","link":"https:\/\/www.emplea-te.com\/noticias-oposiciones\/xunta-de-galicia-relacion-definitiva-admitidos-y-excluidos-en-lista-unica-de-contratacion-temporal-de-personal-de-limpieza-y-cocina-a-p\/","title":{"rendered":"Xunta de Galicia. Relaci\u00f3n definitiva admitidos y excluidos en lista \u00fanica de contrataci\u00f3n temporal de Personal de Limpieza y Cocina A.P."},"content":{"rendered":"<p>Se publica en el DOG de hoy, d\u00eda 26 de septiembre de 2023, la Resoluci\u00f3n de 15 de septiembre de 2023, de la Direcci\u00f3n General de la Funci\u00f3n P\u00fablica, por la que se hace p\u00fablica la relaci\u00f3n de personas admitidas y excluidas con car\u00e1cter definitivo que solicitaron la inclusi\u00f3n en la lista \u00fanica para la cobertura con car\u00e1cter transitorio de plazas reservadas a personal de la agrupaci\u00f3n profesional del personal funcionario de la Administraci\u00f3n general de la Comunidad Aut\u00f3noma de Galicia, escala de personal de limpieza y recursos naturales y forestales, especialidad de personal de limpieza y cocina, al amparo de lo establecido en el art\u00edculo 4.1 de la Orden de 20 de julio de 2021.<\/p>\n<p>Consulta de listas:<br \/>\nLas listas podr\u00e1n consultarse en el portal web corporativo de la Xunta de Galicia, <a href=\"http:\/\/funcionpublica.xunta.gal\" target=\"_blank\" rel=\"noopener\"><strong>http:\/\/funcionpublica.xunta.gal<\/strong><\/a>, ep\u00edgrafe de &lt;Listas de contrataci\u00f3n&gt;; y en las oficinas de registro y atenci\u00f3n a la ciudadan\u00eda de la Xunta de Galicia (oficinas de los edificios administrativos de la Vicepresidencia Primera y Conseller\u00eda de Presidencia, Justicia y Deportes).<\/p>\n<p><a href=\"https:\/\/www.xunta.gal\/dog\/Publicados\/2023\/20230926\/AnuncioG0597-180923-0004_es.html\" target=\"_blank\" rel=\"noopener\"><strong>Accede a la Resoluci\u00f3n con su contenido \u00edntegro desde este enlace.\u00a0<\/strong><\/a><\/p>\n","protected":false},"excerpt":{"rendered":"<p>Se publica en el DOG de hoy, d\u00eda 26 de septiembre de 2023, la Resoluci\u00f3n de 15 de septiembre de 2023, de la Direcci\u00f3n General de la Funci\u00f3n P\u00fablica, por la que se hace p\u00fablica la relaci\u00f3n de personas admitidas y excluidas con car\u00e1cter definitivo que solicitaron la inclusi\u00f3n en la lista \u00fanica para la &hellip; <a href=\"https:\/\/www.emplea-te.com\/noticias-oposiciones\/xunta-de-galicia-relacion-definitiva-admitidos-y-excluidos-en-lista-unica-de-contratacion-temporal-de-personal-de-limpieza-y-cocina-a-p\/\" class=\"more-link\">Continuar leyendo<span class=\"screen-reader-text\"> \u00abXunta de Galicia. Relaci\u00f3n definitiva admitidos y excluidos en lista \u00fanica de contrataci\u00f3n temporal de Personal de Limpieza y Cocina A.P.\u00bb<\/span><\/a><\/p>\n","protected":false},"author":1,"featured_media":0,"comment_status":"closed","ping_status":"closed","sticky":false,"template":"","format":"standard","meta":{"footnotes":""},"categories":[56,4],"tags":[103],"class_list":["post-10739","post","type-post","status-publish","format-standard","hentry","category-oposiciones-autonomicas-galicia","category-oposiciones-xunta","tag-informacion-procesos-selectivos"],"yoast_head":"<!-- This site is optimized with the Yoast SEO plugin v27.5 - https:\/\/yoast.com\/product\/yoast-seo-wordpress\/ -->\n<title>Xunta de Galicia. Contrataci\u00f3n temporal A.P.<\/title>\n<meta name=\"description\" content=\"Xunta de Galicia. Relaci\u00f3n definitiva admitidos y excluidos en lista \u00fanica de contrataci\u00f3n temporal de Personal de Limpieza y Cocina A.P.\" \/>\n<meta name=\"robots\" content=\"index, follow, max-snippet:-1, max-image-preview:large, max-video-preview:-1\" \/>\n<link rel=\"canonical\" href=\"https:\/\/www.emplea-te.com\/noticias-oposiciones\/xunta-de-galicia-relacion-definitiva-admitidos-y-excluidos-en-lista-unica-de-contratacion-temporal-de-personal-de-limpieza-y-cocina-a-p\/\" \/>\n<meta property=\"og:locale\" content=\"es_ES\" \/>\n<meta property=\"og:type\" content=\"article\" \/>\n<meta property=\"og:title\" content=\"Xunta de Galicia. Contrataci\u00f3n temporal A.P.\" \/>\n<meta property=\"og:description\" content=\"Xunta de Galicia. Relaci\u00f3n definitiva admitidos y excluidos en lista \u00fanica de contrataci\u00f3n temporal de Personal de Limpieza y Cocina A.P.\" \/>\n<meta property=\"og:url\" content=\"https:\/\/www.emplea-te.com\/noticias-oposiciones\/xunta-de-galicia-relacion-definitiva-admitidos-y-excluidos-en-lista-unica-de-contratacion-temporal-de-personal-de-limpieza-y-cocina-a-p\/\" \/>\n<meta property=\"og:site_name\" content=\"Noticas de oposiciones por Academia Emplea-te\" \/>\n<meta property=\"article:publisher\" content=\"https:\/\/www.facebook.com\/AcademiaEmpleate\/\" \/>\n<meta property=\"article:published_time\" content=\"2023-09-26T08:06:26+00:00\" \/>\n<meta name=\"author\" content=\"Empleate\" \/>\n<meta name=\"twitter:card\" content=\"summary_large_image\" \/>\n<meta name=\"twitter:creator\" content=\"@Emplea_Te\" \/>\n<meta name=\"twitter:site\" content=\"@Emplea_Te\" \/>\n<meta name=\"twitter:label1\" content=\"Escrito por\" \/>\n\t<meta name=\"twitter:data1\" content=\"Empleate\" \/>\n\t<meta name=\"twitter:label2\" content=\"Tiempo de lectura\" \/>\n\t<meta name=\"twitter:data2\" content=\"1 minuto\" \/>\n<script type=\"application\/ld+json\" class=\"yoast-schema-graph\">{\"@context\":\"https:\\\/\\\/schema.org\",\"@graph\":[{\"@type\":\"Article\",\"@id\":\"https:\\\/\\\/www.emplea-te.com\\\/noticias-oposiciones\\\/xunta-de-galicia-relacion-definitiva-admitidos-y-excluidos-en-lista-unica-de-contratacion-temporal-de-personal-de-limpieza-y-cocina-a-p\\\/#article\",\"isPartOf\":{\"@id\":\"https:\\\/\\\/www.emplea-te.com\\\/noticias-oposiciones\\\/xunta-de-galicia-relacion-definitiva-admitidos-y-excluidos-en-lista-unica-de-contratacion-temporal-de-personal-de-limpieza-y-cocina-a-p\\\/\"},\"author\":{\"name\":\"Empleate\",\"@id\":\"https:\\\/\\\/www.emplea-te.com\\\/noticias-oposiciones\\\/#\\\/schema\\\/person\\\/d1bc587e1af2b95e9c32aba1795509a6\"},\"headline\":\"Xunta de Galicia. Relaci\u00f3n definitiva admitidos y excluidos en lista \u00fanica de contrataci\u00f3n temporal de Personal de Limpieza y Cocina A.P.\",\"datePublished\":\"2023-09-26T08:06:26+00:00\",\"mainEntityOfPage\":{\"@id\":\"https:\\\/\\\/www.emplea-te.com\\\/noticias-oposiciones\\\/xunta-de-galicia-relacion-definitiva-admitidos-y-excluidos-en-lista-unica-de-contratacion-temporal-de-personal-de-limpieza-y-cocina-a-p\\\/\"},\"wordCount\":225,\"publisher\":{\"@id\":\"https:\\\/\\\/www.emplea-te.com\\\/noticias-oposiciones\\\/#organization\"},\"keywords\":[\"Informaci\u00f3n procesos selectivos\"],\"articleSection\":[\"Oposiciones Auton\u00f3micas Galicia\",\"Oposiciones Xunta\"],\"inLanguage\":\"es\"},{\"@type\":\"WebPage\",\"@id\":\"https:\\\/\\\/www.emplea-te.com\\\/noticias-oposiciones\\\/xunta-de-galicia-relacion-definitiva-admitidos-y-excluidos-en-lista-unica-de-contratacion-temporal-de-personal-de-limpieza-y-cocina-a-p\\\/\",\"url\":\"https:\\\/\\\/www.emplea-te.com\\\/noticias-oposiciones\\\/xunta-de-galicia-relacion-definitiva-admitidos-y-excluidos-en-lista-unica-de-contratacion-temporal-de-personal-de-limpieza-y-cocina-a-p\\\/\",\"name\":\"Xunta de Galicia. Contrataci\u00f3n temporal A.P.\",\"isPartOf\":{\"@id\":\"https:\\\/\\\/www.emplea-te.com\\\/noticias-oposiciones\\\/#website\"},\"datePublished\":\"2023-09-26T08:06:26+00:00\",\"description\":\"Xunta de Galicia. Relaci\u00f3n definitiva admitidos y excluidos en lista \u00fanica de contrataci\u00f3n temporal de Personal de Limpieza y Cocina A.P.\",\"breadcrumb\":{\"@id\":\"https:\\\/\\\/www.emplea-te.com\\\/noticias-oposiciones\\\/xunta-de-galicia-relacion-definitiva-admitidos-y-excluidos-en-lista-unica-de-contratacion-temporal-de-personal-de-limpieza-y-cocina-a-p\\\/#breadcrumb\"},\"inLanguage\":\"es\",\"potentialAction\":[{\"@type\":\"ReadAction\",\"target\":[\"https:\\\/\\\/www.emplea-te.com\\\/noticias-oposiciones\\\/xunta-de-galicia-relacion-definitiva-admitidos-y-excluidos-en-lista-unica-de-contratacion-temporal-de-personal-de-limpieza-y-cocina-a-p\\\/\"]}]},{\"@type\":\"BreadcrumbList\",\"@id\":\"https:\\\/\\\/www.emplea-te.com\\\/noticias-oposiciones\\\/xunta-de-galicia-relacion-definitiva-admitidos-y-excluidos-en-lista-unica-de-contratacion-temporal-de-personal-de-limpieza-y-cocina-a-p\\\/#breadcrumb\",\"itemListElement\":[{\"@type\":\"ListItem\",\"position\":1,\"name\":\"Noticias Oposiciones\",\"item\":\"https:\\\/\\\/www.emplea-te.com\\\/noticias-oposiciones\\\/\"},{\"@type\":\"ListItem\",\"position\":2,\"name\":\"Oposiciones Xunta\",\"item\":\"https:\\\/\\\/www.emplea-te.com\\\/noticias-oposiciones\\\/categoria\\\/oposiciones-xunta\\\/\"},{\"@type\":\"ListItem\",\"position\":3,\"name\":\"Xunta de Galicia. Relaci\u00f3n definitiva admitidos y excluidos en lista \u00fanica de contrataci\u00f3n temporal de Personal de Limpieza y Cocina A.P.\"}]},{\"@type\":\"WebSite\",\"@id\":\"https:\\\/\\\/www.emplea-te.com\\\/noticias-oposiciones\\\/#website\",\"url\":\"https:\\\/\\\/www.emplea-te.com\\\/noticias-oposiciones\\\/\",\"name\":\"Noticas de oposiciones por Academia Emplea-te\",\"description\":\"Toda la actualidad de las ofertas y convocatorias.\",\"publisher\":{\"@id\":\"https:\\\/\\\/www.emplea-te.com\\\/noticias-oposiciones\\\/#organization\"},\"potentialAction\":[{\"@type\":\"SearchAction\",\"target\":{\"@type\":\"EntryPoint\",\"urlTemplate\":\"https:\\\/\\\/www.emplea-te.com\\\/noticias-oposiciones\\\/?s={search_term_string}\"},\"query-input\":{\"@type\":\"PropertyValueSpecification\",\"valueRequired\":true,\"valueName\":\"search_term_string\"}}],\"inLanguage\":\"es\"},{\"@type\":\"Organization\",\"@id\":\"https:\\\/\\\/www.emplea-te.com\\\/noticias-oposiciones\\\/#organization\",\"name\":\"Academia de oposiciones Empl\u00e9ate\",\"url\":\"https:\\\/\\\/www.emplea-te.com\\\/noticias-oposiciones\\\/\",\"logo\":{\"@type\":\"ImageObject\",\"inLanguage\":\"es\",\"@id\":\"https:\\\/\\\/www.emplea-te.com\\\/noticias-oposiciones\\\/#\\\/schema\\\/logo\\\/image\\\/\",\"url\":\"https:\\\/\\\/www.emplea-te.com\\\/noticias-oposiciones\\\/wp-content\\\/uploads\\\/2019\\\/04\\\/empleate.jpg\",\"contentUrl\":\"https:\\\/\\\/www.emplea-te.com\\\/noticias-oposiciones\\\/wp-content\\\/uploads\\\/2019\\\/04\\\/empleate.jpg\",\"width\":250,\"height\":150,\"caption\":\"Academia de oposiciones Empl\u00e9ate\"},\"image\":{\"@id\":\"https:\\\/\\\/www.emplea-te.com\\\/noticias-oposiciones\\\/#\\\/schema\\\/logo\\\/image\\\/\"},\"sameAs\":[\"https:\\\/\\\/www.facebook.com\\\/AcademiaEmpleate\\\/\",\"https:\\\/\\\/x.com\\\/Emplea_Te\",\"https:\\\/\\\/www.instagram.com\\\/academia_empleate\\\/\"]},{\"@type\":\"Person\",\"@id\":\"https:\\\/\\\/www.emplea-te.com\\\/noticias-oposiciones\\\/#\\\/schema\\\/person\\\/d1bc587e1af2b95e9c32aba1795509a6\",\"name\":\"Empleate\"}]}<\/script>\n<!-- \/ Yoast SEO plugin. -->","yoast_head_json":{"title":"Xunta de Galicia. Contrataci\u00f3n temporal A.P.","description":"Xunta de Galicia. Relaci\u00f3n definitiva admitidos y excluidos en lista \u00fanica de contrataci\u00f3n temporal de Personal de Limpieza y Cocina A.P.","robots":{"index":"index","follow":"follow","max-snippet":"max-snippet:-1","max-image-preview":"max-image-preview:large","max-video-preview":"max-video-preview:-1"},"canonical":"https:\/\/www.emplea-te.com\/noticias-oposiciones\/xunta-de-galicia-relacion-definitiva-admitidos-y-excluidos-en-lista-unica-de-contratacion-temporal-de-personal-de-limpieza-y-cocina-a-p\/","og_locale":"es_ES","og_type":"article","og_title":"Xunta de Galicia. Contrataci\u00f3n temporal A.P.","og_description":"Xunta de Galicia. Relaci\u00f3n definitiva admitidos y excluidos en lista \u00fanica de contrataci\u00f3n temporal de Personal de Limpieza y Cocina A.P.","og_url":"https:\/\/www.emplea-te.com\/noticias-oposiciones\/xunta-de-galicia-relacion-definitiva-admitidos-y-excluidos-en-lista-unica-de-contratacion-temporal-de-personal-de-limpieza-y-cocina-a-p\/","og_site_name":"Noticas de oposiciones por Academia Emplea-te","article_publisher":"https:\/\/www.facebook.com\/AcademiaEmpleate\/","article_published_time":"2023-09-26T08:06:26+00:00","author":"Empleate","twitter_card":"summary_large_image","twitter_creator":"@Emplea_Te","twitter_site":"@Emplea_Te","twitter_misc":{"Escrito por":"Empleate","Tiempo de lectura":"1 minuto"},"schema":{"@context":"https:\/\/schema.org","@graph":[{"@type":"Article","@id":"https:\/\/www.emplea-te.com\/noticias-oposiciones\/xunta-de-galicia-relacion-definitiva-admitidos-y-excluidos-en-lista-unica-de-contratacion-temporal-de-personal-de-limpieza-y-cocina-a-p\/#article","isPartOf":{"@id":"https:\/\/www.emplea-te.com\/noticias-oposiciones\/xunta-de-galicia-relacion-definitiva-admitidos-y-excluidos-en-lista-unica-de-contratacion-temporal-de-personal-de-limpieza-y-cocina-a-p\/"},"author":{"name":"Empleate","@id":"https:\/\/www.emplea-te.com\/noticias-oposiciones\/#\/schema\/person\/d1bc587e1af2b95e9c32aba1795509a6"},"headline":"Xunta de Galicia. Relaci\u00f3n definitiva admitidos y excluidos en lista \u00fanica de contrataci\u00f3n temporal de Personal de Limpieza y Cocina A.P.","datePublished":"2023-09-26T08:06:26+00:00","mainEntityOfPage":{"@id":"https:\/\/www.emplea-te.com\/noticias-oposiciones\/xunta-de-galicia-relacion-definitiva-admitidos-y-excluidos-en-lista-unica-de-contratacion-temporal-de-personal-de-limpieza-y-cocina-a-p\/"},"wordCount":225,"publisher":{"@id":"https:\/\/www.emplea-te.com\/noticias-oposiciones\/#organization"},"keywords":["Informaci\u00f3n procesos selectivos"],"articleSection":["Oposiciones Auton\u00f3micas Galicia","Oposiciones Xunta"],"inLanguage":"es"},{"@type":"WebPage","@id":"https:\/\/www.emplea-te.com\/noticias-oposiciones\/xunta-de-galicia-relacion-definitiva-admitidos-y-excluidos-en-lista-unica-de-contratacion-temporal-de-personal-de-limpieza-y-cocina-a-p\/","url":"https:\/\/www.emplea-te.com\/noticias-oposiciones\/xunta-de-galicia-relacion-definitiva-admitidos-y-excluidos-en-lista-unica-de-contratacion-temporal-de-personal-de-limpieza-y-cocina-a-p\/","name":"Xunta de Galicia. Contrataci\u00f3n temporal A.P.","isPartOf":{"@id":"https:\/\/www.emplea-te.com\/noticias-oposiciones\/#website"},"datePublished":"2023-09-26T08:06:26+00:00","description":"Xunta de Galicia. Relaci\u00f3n definitiva admitidos y excluidos en lista \u00fanica de contrataci\u00f3n temporal de Personal de Limpieza y Cocina A.P.","breadcrumb":{"@id":"https:\/\/www.emplea-te.com\/noticias-oposiciones\/xunta-de-galicia-relacion-definitiva-admitidos-y-excluidos-en-lista-unica-de-contratacion-temporal-de-personal-de-limpieza-y-cocina-a-p\/#breadcrumb"},"inLanguage":"es","potentialAction":[{"@type":"ReadAction","target":["https:\/\/www.emplea-te.com\/noticias-oposiciones\/xunta-de-galicia-relacion-definitiva-admitidos-y-excluidos-en-lista-unica-de-contratacion-temporal-de-personal-de-limpieza-y-cocina-a-p\/"]}]},{"@type":"BreadcrumbList","@id":"https:\/\/www.emplea-te.com\/noticias-oposiciones\/xunta-de-galicia-relacion-definitiva-admitidos-y-excluidos-en-lista-unica-de-contratacion-temporal-de-personal-de-limpieza-y-cocina-a-p\/#breadcrumb","itemListElement":[{"@type":"ListItem","position":1,"name":"Noticias Oposiciones","item":"https:\/\/www.emplea-te.com\/noticias-oposiciones\/"},{"@type":"ListItem","position":2,"name":"Oposiciones Xunta","item":"https:\/\/www.emplea-te.com\/noticias-oposiciones\/categoria\/oposiciones-xunta\/"},{"@type":"ListItem","position":3,"name":"Xunta de Galicia. Relaci\u00f3n definitiva admitidos y excluidos en lista \u00fanica de contrataci\u00f3n temporal de Personal de Limpieza y Cocina A.P."}]},{"@type":"WebSite","@id":"https:\/\/www.emplea-te.com\/noticias-oposiciones\/#website","url":"https:\/\/www.emplea-te.com\/noticias-oposiciones\/","name":"Noticas de oposiciones por Academia Emplea-te","description":"Toda la actualidad de las ofertas y convocatorias.","publisher":{"@id":"https:\/\/www.emplea-te.com\/noticias-oposiciones\/#organization"},"potentialAction":[{"@type":"SearchAction","target":{"@type":"EntryPoint","urlTemplate":"https:\/\/www.emplea-te.com\/noticias-oposiciones\/?s={search_term_string}"},"query-input":{"@type":"PropertyValueSpecification","valueRequired":true,"valueName":"search_term_string"}}],"inLanguage":"es"},{"@type":"Organization","@id":"https:\/\/www.emplea-te.com\/noticias-oposiciones\/#organization","name":"Academia de oposiciones Empl\u00e9ate","url":"https:\/\/www.emplea-te.com\/noticias-oposiciones\/","logo":{"@type":"ImageObject","inLanguage":"es","@id":"https:\/\/www.emplea-te.com\/noticias-oposiciones\/#\/schema\/logo\/image\/","url":"https:\/\/www.emplea-te.com\/noticias-oposiciones\/wp-content\/uploads\/2019\/04\/empleate.jpg","contentUrl":"https:\/\/www.emplea-te.com\/noticias-oposiciones\/wp-content\/uploads\/2019\/04\/empleate.jpg","width":250,"height":150,"caption":"Academia de oposiciones Empl\u00e9ate"},"image":{"@id":"https:\/\/www.emplea-te.com\/noticias-oposiciones\/#\/schema\/logo\/image\/"},"sameAs":["https:\/\/www.facebook.com\/AcademiaEmpleate\/","https:\/\/x.com\/Emplea_Te","https:\/\/www.instagram.com\/academia_empleate\/"]},{"@type":"Person","@id":"https:\/\/www.emplea-te.com\/noticias-oposiciones\/#\/schema\/person\/d1bc587e1af2b95e9c32aba1795509a6","name":"Empleate"}]}},"_links":{"self":[{"href":"https:\/\/www.emplea-te.com\/noticias-oposiciones\/wp-json\/wp\/v2\/posts\/10739","targetHints":{"allow":["GET"]}}],"collection":[{"href":"https:\/\/www.emplea-te.com\/noticias-oposiciones\/wp-json\/wp\/v2\/posts"}],"about":[{"href":"https:\/\/www.emplea-te.com\/noticias-oposiciones\/wp-json\/wp\/v2\/types\/post"}],"author":[{"embeddable":true,"href":"https:\/\/www.emplea-te.com\/noticias-oposiciones\/wp-json\/wp\/v2\/users\/1"}],"replies":[{"embeddable":true,"href":"https:\/\/www.emplea-te.com\/noticias-oposiciones\/wp-json\/wp\/v2\/comments?post=10739"}],"version-history":[{"count":1,"href":"https:\/\/www.emplea-te.com\/noticias-oposiciones\/wp-json\/wp\/v2\/posts\/10739\/revisions"}],"predecessor-version":[{"id":10740,"href":"https:\/\/www.emplea-te.com\/noticias-oposiciones\/wp-json\/wp\/v2\/posts\/10739\/revisions\/10740"}],"wp:attachment":[{"href":"https:\/\/www.emplea-te.com\/noticias-oposiciones\/wp-json\/wp\/v2\/media?parent=10739"}],"wp:term":[{"taxonomy":"category","embeddable":true,"href":"https:\/\/www.emplea-te.com\/noticias-oposiciones\/wp-json\/wp\/v2\/categories?post=10739"},{"taxonomy":"post_tag","embeddable":true,"href":"https:\/\/www.emplea-te.com\/noticias-oposiciones\/wp-json\/wp\/v2\/tags?post=10739"}],"curies":[{"name":"wp","href":"https:\/\/api.w.org\/{rel}","templated":true}]}}