{"id":10746,"date":"2023-09-26T10:27:19","date_gmt":"2023-09-26T08:27:19","guid":{"rendered":"https:\/\/www.emplea-te.com\/noticias-oposiciones\/?p=10746"},"modified":"2023-09-26T10:27:19","modified_gmt":"2023-09-26T08:27:19","slug":"examenes-estado-age-abierto-nuevo-plazo-de-presentacion-de-alegaciones-de-incidencias-a-plantillas-correctoras-abierto-dias-26-y-27-septiembre-de-2023","status":"publish","type":"post","link":"https:\/\/www.emplea-te.com\/noticias-oposiciones\/examenes-estado-age-abierto-nuevo-plazo-de-presentacion-de-alegaciones-de-incidencias-a-plantillas-correctoras-abierto-dias-26-y-27-septiembre-de-2023\/","title":{"rendered":"Ex\u00e1menes Estado AGE. Abierto nuevo plazo de presentaci\u00f3n de alegaciones de  incidencias a plantillas correctoras (abierto d\u00edas 26 y 27 septiembre de 2023)"},"content":{"rendered":"<p>Se publica en la Web del INAP:<br \/>\nNOTA INFORMATIVA SOBRE LA PRESENTACI\u00d3N DE ALEGACIONES A LAS PLANTILLAS CORRECTORAS PROVISIONALES DE LOS EJERCICIOS DE LOS PROCESOS SELECTIVOS CELEBRADOS LOS D\u00cdAS 16 Y 17 DE SEPTIEMBRE DE 2023.<\/p>\n<p>En relaci\u00f3n a los procesos selectivos convocados por Resoluci\u00f3n de la Secretar\u00eda de Estado de Funci\u00f3n P\u00fablica de 20 de enero de 2023 y encomendados a la Comisi\u00f3n Permanente de Selecci\u00f3n, se informa de lo siguiente:<br \/>\nLas alegaciones a las plantillas correctoras provisionales de las pruebas con respuestas alternativas celebradas el s\u00e1bado 16 y domingo 17 de septiembre de 2023, podr\u00e1n presentarse en el plazo de 2 d\u00edas h\u00e1biles contados a partir del d\u00eda siguiente al de su publicaci\u00f3n a trav\u00e9s del siguiente medio electr\u00f3nico: Sede Electr\u00f3nica del INAP, en el apartado de \u201cServicios electr\u00f3nicos\u201d, \u201cSolicitudes generales, quejas, sugerencias, recursos y alegaciones\u201d, \u201cAcceso al servicio de alegaciones\u00bb (<a href=\"https:\/\/alegacionselectivos.inap.es\/alegacion\" target=\"_blank\" rel=\"noopener\"><strong>https:\/\/alegacionselectivos.inap.es\/alegacion<\/strong><\/a>).<\/p>\n<p>No se permite adjuntar ficheros al formulario de alegaciones.<br \/>\n<strong>El plazo para la presentaci\u00f3n de alegaciones a las plantillas correctoras se inicia el martes 26 de septiembre, inclusive, y finaliza el mi\u00e9rcoles 27 de septiembre de 2023.<\/strong> No se admitir\u00e1n alegaciones fuera de plazo ni presentadas por cualquier otro medio distinto del indicado.<\/p>\n<p>La contestaci\u00f3n a estas alegaciones se efectuar\u00e1 mediante la publicaci\u00f3n de las plantillas correctoras definitivas en la p\u00e1gina web del INAP En el caso de que se produzca alguna incidencia t\u00e9cnica durante el citado plazo se ruega lo intenten de nuevo pasado un tiempo, evitando as\u00ed colapsar el servicio, no obstante, de persistir la incidencia, pueden remitir un mail al <strong>cau@inap.es<\/strong> o dirigirse al tel\u00e9fono 910 61 68 92.<\/p>\n<p><a href=\"https:\/\/alegacionselectivos.inap.es\/alegacion\" target=\"_blank\" rel=\"noopener\"><strong>Accede al contenido \u00edntegro de esta Nota informativa desde este enlace.\u00a0<\/strong><\/a><\/p>\n","protected":false},"excerpt":{"rendered":"<p>Se publica en la Web del INAP: NOTA INFORMATIVA SOBRE LA PRESENTACI\u00d3N DE ALEGACIONES A LAS PLANTILLAS CORRECTORAS PROVISIONALES DE LOS EJERCICIOS DE LOS PROCESOS SELECTIVOS CELEBRADOS LOS D\u00cdAS 16 Y 17 DE SEPTIEMBRE DE 2023. En relaci\u00f3n a los procesos selectivos convocados por Resoluci\u00f3n de la Secretar\u00eda de Estado de Funci\u00f3n P\u00fablica de 20 &hellip; <a href=\"https:\/\/www.emplea-te.com\/noticias-oposiciones\/examenes-estado-age-abierto-nuevo-plazo-de-presentacion-de-alegaciones-de-incidencias-a-plantillas-correctoras-abierto-dias-26-y-27-septiembre-de-2023\/\" class=\"more-link\">Continuar leyendo<span class=\"screen-reader-text\"> \u00abEx\u00e1menes Estado AGE. Abierto nuevo plazo de presentaci\u00f3n de alegaciones de  incidencias a plantillas correctoras (abierto d\u00edas 26 y 27 septiembre de 2023)\u00bb<\/span><\/a><\/p>\n","protected":false},"author":1,"featured_media":0,"comment_status":"closed","ping_status":"closed","sticky":false,"template":"","format":"standard","meta":{"footnotes":""},"categories":[47,7],"tags":[103],"class_list":["post-10746","post","type-post","status-publish","format-standard","hentry","category-administracion-general-del-estado","category-oposiciones-administracion-general-del-estado","tag-informacion-procesos-selectivos"],"yoast_head":"<!-- This site is optimized with the Yoast SEO plugin v27.5 - https:\/\/yoast.com\/product\/yoast-seo-wordpress\/ -->\n<title>Ex\u00e1menes Estado AGE. Alegaciones plantillas correctoras.<\/title>\n<meta name=\"description\" content=\"Ex\u00e1menes Estado AGE. Abierto nuevo plazo de presentaci\u00f3n de alegaciones de incidencias (abierto d\u00edas 26 y 27 septiembre de 2023)\" \/>\n<meta name=\"robots\" content=\"index, follow, max-snippet:-1, max-image-preview:large, max-video-preview:-1\" \/>\n<link rel=\"canonical\" href=\"https:\/\/www.emplea-te.com\/noticias-oposiciones\/examenes-estado-age-abierto-nuevo-plazo-de-presentacion-de-alegaciones-de-incidencias-a-plantillas-correctoras-abierto-dias-26-y-27-septiembre-de-2023\/\" \/>\n<meta property=\"og:locale\" content=\"es_ES\" \/>\n<meta property=\"og:type\" content=\"article\" \/>\n<meta property=\"og:title\" content=\"Ex\u00e1menes Estado AGE. Alegaciones plantillas correctoras.\" \/>\n<meta property=\"og:description\" content=\"Ex\u00e1menes Estado AGE. Abierto nuevo plazo de presentaci\u00f3n de alegaciones de incidencias (abierto d\u00edas 26 y 27 septiembre de 2023)\" \/>\n<meta property=\"og:url\" content=\"https:\/\/www.emplea-te.com\/noticias-oposiciones\/examenes-estado-age-abierto-nuevo-plazo-de-presentacion-de-alegaciones-de-incidencias-a-plantillas-correctoras-abierto-dias-26-y-27-septiembre-de-2023\/\" \/>\n<meta property=\"og:site_name\" content=\"Noticas de oposiciones por Academia Emplea-te\" \/>\n<meta property=\"article:publisher\" content=\"https:\/\/www.facebook.com\/AcademiaEmpleate\/\" \/>\n<meta property=\"article:published_time\" content=\"2023-09-26T08:27:19+00:00\" \/>\n<meta name=\"author\" content=\"Empleate\" \/>\n<meta name=\"twitter:card\" content=\"summary_large_image\" \/>\n<meta name=\"twitter:creator\" content=\"@Emplea_Te\" \/>\n<meta name=\"twitter:site\" content=\"@Emplea_Te\" \/>\n<meta name=\"twitter:label1\" content=\"Escrito por\" \/>\n\t<meta name=\"twitter:data1\" content=\"Empleate\" \/>\n\t<meta name=\"twitter:label2\" content=\"Tiempo de lectura\" \/>\n\t<meta name=\"twitter:data2\" content=\"2 minutos\" \/>\n<script type=\"application\/ld+json\" class=\"yoast-schema-graph\">{\"@context\":\"https:\\\/\\\/schema.org\",\"@graph\":[{\"@type\":\"Article\",\"@id\":\"https:\\\/\\\/www.emplea-te.com\\\/noticias-oposiciones\\\/examenes-estado-age-abierto-nuevo-plazo-de-presentacion-de-alegaciones-de-incidencias-a-plantillas-correctoras-abierto-dias-26-y-27-septiembre-de-2023\\\/#article\",\"isPartOf\":{\"@id\":\"https:\\\/\\\/www.emplea-te.com\\\/noticias-oposiciones\\\/examenes-estado-age-abierto-nuevo-plazo-de-presentacion-de-alegaciones-de-incidencias-a-plantillas-correctoras-abierto-dias-26-y-27-septiembre-de-2023\\\/\"},\"author\":{\"name\":\"Empleate\",\"@id\":\"https:\\\/\\\/www.emplea-te.com\\\/noticias-oposiciones\\\/#\\\/schema\\\/person\\\/d1bc587e1af2b95e9c32aba1795509a6\"},\"headline\":\"Ex\u00e1menes Estado AGE. Abierto nuevo plazo de presentaci\u00f3n de alegaciones de incidencias a plantillas correctoras (abierto d\u00edas 26 y 27 septiembre de 2023)\",\"datePublished\":\"2023-09-26T08:27:19+00:00\",\"mainEntityOfPage\":{\"@id\":\"https:\\\/\\\/www.emplea-te.com\\\/noticias-oposiciones\\\/examenes-estado-age-abierto-nuevo-plazo-de-presentacion-de-alegaciones-de-incidencias-a-plantillas-correctoras-abierto-dias-26-y-27-septiembre-de-2023\\\/\"},\"wordCount\":317,\"publisher\":{\"@id\":\"https:\\\/\\\/www.emplea-te.com\\\/noticias-oposiciones\\\/#organization\"},\"keywords\":[\"Informaci\u00f3n procesos selectivos\"],\"articleSection\":[\"Administraci\u00f3n General del Estado.\",\"Oposiciones Administraci\u00f3n General del Estado\"],\"inLanguage\":\"es\"},{\"@type\":\"WebPage\",\"@id\":\"https:\\\/\\\/www.emplea-te.com\\\/noticias-oposiciones\\\/examenes-estado-age-abierto-nuevo-plazo-de-presentacion-de-alegaciones-de-incidencias-a-plantillas-correctoras-abierto-dias-26-y-27-septiembre-de-2023\\\/\",\"url\":\"https:\\\/\\\/www.emplea-te.com\\\/noticias-oposiciones\\\/examenes-estado-age-abierto-nuevo-plazo-de-presentacion-de-alegaciones-de-incidencias-a-plantillas-correctoras-abierto-dias-26-y-27-septiembre-de-2023\\\/\",\"name\":\"Ex\u00e1menes Estado AGE. Alegaciones plantillas correctoras.\",\"isPartOf\":{\"@id\":\"https:\\\/\\\/www.emplea-te.com\\\/noticias-oposiciones\\\/#website\"},\"datePublished\":\"2023-09-26T08:27:19+00:00\",\"description\":\"Ex\u00e1menes Estado AGE. Abierto nuevo plazo de presentaci\u00f3n de alegaciones de incidencias (abierto d\u00edas 26 y 27 septiembre de 2023)\",\"breadcrumb\":{\"@id\":\"https:\\\/\\\/www.emplea-te.com\\\/noticias-oposiciones\\\/examenes-estado-age-abierto-nuevo-plazo-de-presentacion-de-alegaciones-de-incidencias-a-plantillas-correctoras-abierto-dias-26-y-27-septiembre-de-2023\\\/#breadcrumb\"},\"inLanguage\":\"es\",\"potentialAction\":[{\"@type\":\"ReadAction\",\"target\":[\"https:\\\/\\\/www.emplea-te.com\\\/noticias-oposiciones\\\/examenes-estado-age-abierto-nuevo-plazo-de-presentacion-de-alegaciones-de-incidencias-a-plantillas-correctoras-abierto-dias-26-y-27-septiembre-de-2023\\\/\"]}]},{\"@type\":\"BreadcrumbList\",\"@id\":\"https:\\\/\\\/www.emplea-te.com\\\/noticias-oposiciones\\\/examenes-estado-age-abierto-nuevo-plazo-de-presentacion-de-alegaciones-de-incidencias-a-plantillas-correctoras-abierto-dias-26-y-27-septiembre-de-2023\\\/#breadcrumb\",\"itemListElement\":[{\"@type\":\"ListItem\",\"position\":1,\"name\":\"Noticias Oposiciones\",\"item\":\"https:\\\/\\\/www.emplea-te.com\\\/noticias-oposiciones\\\/\"},{\"@type\":\"ListItem\",\"position\":2,\"name\":\"Oposiciones Administraci\u00f3n General del Estado\",\"item\":\"https:\\\/\\\/www.emplea-te.com\\\/noticias-oposiciones\\\/categoria\\\/oposiciones-administracion-general-del-estado\\\/\"},{\"@type\":\"ListItem\",\"position\":3,\"name\":\"Ex\u00e1menes Estado AGE. Abierto nuevo plazo de presentaci\u00f3n de alegaciones de incidencias a plantillas correctoras (abierto d\u00edas 26 y 27 septiembre de 2023)\"}]},{\"@type\":\"WebSite\",\"@id\":\"https:\\\/\\\/www.emplea-te.com\\\/noticias-oposiciones\\\/#website\",\"url\":\"https:\\\/\\\/www.emplea-te.com\\\/noticias-oposiciones\\\/\",\"name\":\"Noticas de oposiciones por Academia Emplea-te\",\"description\":\"Toda la actualidad de las ofertas y convocatorias.\",\"publisher\":{\"@id\":\"https:\\\/\\\/www.emplea-te.com\\\/noticias-oposiciones\\\/#organization\"},\"potentialAction\":[{\"@type\":\"SearchAction\",\"target\":{\"@type\":\"EntryPoint\",\"urlTemplate\":\"https:\\\/\\\/www.emplea-te.com\\\/noticias-oposiciones\\\/?s={search_term_string}\"},\"query-input\":{\"@type\":\"PropertyValueSpecification\",\"valueRequired\":true,\"valueName\":\"search_term_string\"}}],\"inLanguage\":\"es\"},{\"@type\":\"Organization\",\"@id\":\"https:\\\/\\\/www.emplea-te.com\\\/noticias-oposiciones\\\/#organization\",\"name\":\"Academia de oposiciones Empl\u00e9ate\",\"url\":\"https:\\\/\\\/www.emplea-te.com\\\/noticias-oposiciones\\\/\",\"logo\":{\"@type\":\"ImageObject\",\"inLanguage\":\"es\",\"@id\":\"https:\\\/\\\/www.emplea-te.com\\\/noticias-oposiciones\\\/#\\\/schema\\\/logo\\\/image\\\/\",\"url\":\"https:\\\/\\\/www.emplea-te.com\\\/noticias-oposiciones\\\/wp-content\\\/uploads\\\/2019\\\/04\\\/empleate.jpg\",\"contentUrl\":\"https:\\\/\\\/www.emplea-te.com\\\/noticias-oposiciones\\\/wp-content\\\/uploads\\\/2019\\\/04\\\/empleate.jpg\",\"width\":250,\"height\":150,\"caption\":\"Academia de oposiciones Empl\u00e9ate\"},\"image\":{\"@id\":\"https:\\\/\\\/www.emplea-te.com\\\/noticias-oposiciones\\\/#\\\/schema\\\/logo\\\/image\\\/\"},\"sameAs\":[\"https:\\\/\\\/www.facebook.com\\\/AcademiaEmpleate\\\/\",\"https:\\\/\\\/x.com\\\/Emplea_Te\",\"https:\\\/\\\/www.instagram.com\\\/academia_empleate\\\/\"]},{\"@type\":\"Person\",\"@id\":\"https:\\\/\\\/www.emplea-te.com\\\/noticias-oposiciones\\\/#\\\/schema\\\/person\\\/d1bc587e1af2b95e9c32aba1795509a6\",\"name\":\"Empleate\"}]}<\/script>\n<!-- \/ Yoast SEO plugin. -->","yoast_head_json":{"title":"Ex\u00e1menes Estado AGE. Alegaciones plantillas correctoras.","description":"Ex\u00e1menes Estado AGE. Abierto nuevo plazo de presentaci\u00f3n de alegaciones de incidencias (abierto d\u00edas 26 y 27 septiembre de 2023)","robots":{"index":"index","follow":"follow","max-snippet":"max-snippet:-1","max-image-preview":"max-image-preview:large","max-video-preview":"max-video-preview:-1"},"canonical":"https:\/\/www.emplea-te.com\/noticias-oposiciones\/examenes-estado-age-abierto-nuevo-plazo-de-presentacion-de-alegaciones-de-incidencias-a-plantillas-correctoras-abierto-dias-26-y-27-septiembre-de-2023\/","og_locale":"es_ES","og_type":"article","og_title":"Ex\u00e1menes Estado AGE. Alegaciones plantillas correctoras.","og_description":"Ex\u00e1menes Estado AGE. Abierto nuevo plazo de presentaci\u00f3n de alegaciones de incidencias (abierto d\u00edas 26 y 27 septiembre de 2023)","og_url":"https:\/\/www.emplea-te.com\/noticias-oposiciones\/examenes-estado-age-abierto-nuevo-plazo-de-presentacion-de-alegaciones-de-incidencias-a-plantillas-correctoras-abierto-dias-26-y-27-septiembre-de-2023\/","og_site_name":"Noticas de oposiciones por Academia Emplea-te","article_publisher":"https:\/\/www.facebook.com\/AcademiaEmpleate\/","article_published_time":"2023-09-26T08:27:19+00:00","author":"Empleate","twitter_card":"summary_large_image","twitter_creator":"@Emplea_Te","twitter_site":"@Emplea_Te","twitter_misc":{"Escrito por":"Empleate","Tiempo de lectura":"2 minutos"},"schema":{"@context":"https:\/\/schema.org","@graph":[{"@type":"Article","@id":"https:\/\/www.emplea-te.com\/noticias-oposiciones\/examenes-estado-age-abierto-nuevo-plazo-de-presentacion-de-alegaciones-de-incidencias-a-plantillas-correctoras-abierto-dias-26-y-27-septiembre-de-2023\/#article","isPartOf":{"@id":"https:\/\/www.emplea-te.com\/noticias-oposiciones\/examenes-estado-age-abierto-nuevo-plazo-de-presentacion-de-alegaciones-de-incidencias-a-plantillas-correctoras-abierto-dias-26-y-27-septiembre-de-2023\/"},"author":{"name":"Empleate","@id":"https:\/\/www.emplea-te.com\/noticias-oposiciones\/#\/schema\/person\/d1bc587e1af2b95e9c32aba1795509a6"},"headline":"Ex\u00e1menes Estado AGE. Abierto nuevo plazo de presentaci\u00f3n de alegaciones de incidencias a plantillas correctoras (abierto d\u00edas 26 y 27 septiembre de 2023)","datePublished":"2023-09-26T08:27:19+00:00","mainEntityOfPage":{"@id":"https:\/\/www.emplea-te.com\/noticias-oposiciones\/examenes-estado-age-abierto-nuevo-plazo-de-presentacion-de-alegaciones-de-incidencias-a-plantillas-correctoras-abierto-dias-26-y-27-septiembre-de-2023\/"},"wordCount":317,"publisher":{"@id":"https:\/\/www.emplea-te.com\/noticias-oposiciones\/#organization"},"keywords":["Informaci\u00f3n procesos selectivos"],"articleSection":["Administraci\u00f3n General del Estado.","Oposiciones Administraci\u00f3n General del Estado"],"inLanguage":"es"},{"@type":"WebPage","@id":"https:\/\/www.emplea-te.com\/noticias-oposiciones\/examenes-estado-age-abierto-nuevo-plazo-de-presentacion-de-alegaciones-de-incidencias-a-plantillas-correctoras-abierto-dias-26-y-27-septiembre-de-2023\/","url":"https:\/\/www.emplea-te.com\/noticias-oposiciones\/examenes-estado-age-abierto-nuevo-plazo-de-presentacion-de-alegaciones-de-incidencias-a-plantillas-correctoras-abierto-dias-26-y-27-septiembre-de-2023\/","name":"Ex\u00e1menes Estado AGE. Alegaciones plantillas correctoras.","isPartOf":{"@id":"https:\/\/www.emplea-te.com\/noticias-oposiciones\/#website"},"datePublished":"2023-09-26T08:27:19+00:00","description":"Ex\u00e1menes Estado AGE. Abierto nuevo plazo de presentaci\u00f3n de alegaciones de incidencias (abierto d\u00edas 26 y 27 septiembre de 2023)","breadcrumb":{"@id":"https:\/\/www.emplea-te.com\/noticias-oposiciones\/examenes-estado-age-abierto-nuevo-plazo-de-presentacion-de-alegaciones-de-incidencias-a-plantillas-correctoras-abierto-dias-26-y-27-septiembre-de-2023\/#breadcrumb"},"inLanguage":"es","potentialAction":[{"@type":"ReadAction","target":["https:\/\/www.emplea-te.com\/noticias-oposiciones\/examenes-estado-age-abierto-nuevo-plazo-de-presentacion-de-alegaciones-de-incidencias-a-plantillas-correctoras-abierto-dias-26-y-27-septiembre-de-2023\/"]}]},{"@type":"BreadcrumbList","@id":"https:\/\/www.emplea-te.com\/noticias-oposiciones\/examenes-estado-age-abierto-nuevo-plazo-de-presentacion-de-alegaciones-de-incidencias-a-plantillas-correctoras-abierto-dias-26-y-27-septiembre-de-2023\/#breadcrumb","itemListElement":[{"@type":"ListItem","position":1,"name":"Noticias Oposiciones","item":"https:\/\/www.emplea-te.com\/noticias-oposiciones\/"},{"@type":"ListItem","position":2,"name":"Oposiciones Administraci\u00f3n General del Estado","item":"https:\/\/www.emplea-te.com\/noticias-oposiciones\/categoria\/oposiciones-administracion-general-del-estado\/"},{"@type":"ListItem","position":3,"name":"Ex\u00e1menes Estado AGE. Abierto nuevo plazo de presentaci\u00f3n de alegaciones de incidencias a plantillas correctoras (abierto d\u00edas 26 y 27 septiembre de 2023)"}]},{"@type":"WebSite","@id":"https:\/\/www.emplea-te.com\/noticias-oposiciones\/#website","url":"https:\/\/www.emplea-te.com\/noticias-oposiciones\/","name":"Noticas de oposiciones por Academia Emplea-te","description":"Toda la actualidad de las ofertas y convocatorias.","publisher":{"@id":"https:\/\/www.emplea-te.com\/noticias-oposiciones\/#organization"},"potentialAction":[{"@type":"SearchAction","target":{"@type":"EntryPoint","urlTemplate":"https:\/\/www.emplea-te.com\/noticias-oposiciones\/?s={search_term_string}"},"query-input":{"@type":"PropertyValueSpecification","valueRequired":true,"valueName":"search_term_string"}}],"inLanguage":"es"},{"@type":"Organization","@id":"https:\/\/www.emplea-te.com\/noticias-oposiciones\/#organization","name":"Academia de oposiciones Empl\u00e9ate","url":"https:\/\/www.emplea-te.com\/noticias-oposiciones\/","logo":{"@type":"ImageObject","inLanguage":"es","@id":"https:\/\/www.emplea-te.com\/noticias-oposiciones\/#\/schema\/logo\/image\/","url":"https:\/\/www.emplea-te.com\/noticias-oposiciones\/wp-content\/uploads\/2019\/04\/empleate.jpg","contentUrl":"https:\/\/www.emplea-te.com\/noticias-oposiciones\/wp-content\/uploads\/2019\/04\/empleate.jpg","width":250,"height":150,"caption":"Academia de oposiciones Empl\u00e9ate"},"image":{"@id":"https:\/\/www.emplea-te.com\/noticias-oposiciones\/#\/schema\/logo\/image\/"},"sameAs":["https:\/\/www.facebook.com\/AcademiaEmpleate\/","https:\/\/x.com\/Emplea_Te","https:\/\/www.instagram.com\/academia_empleate\/"]},{"@type":"Person","@id":"https:\/\/www.emplea-te.com\/noticias-oposiciones\/#\/schema\/person\/d1bc587e1af2b95e9c32aba1795509a6","name":"Empleate"}]}},"_links":{"self":[{"href":"https:\/\/www.emplea-te.com\/noticias-oposiciones\/wp-json\/wp\/v2\/posts\/10746","targetHints":{"allow":["GET"]}}],"collection":[{"href":"https:\/\/www.emplea-te.com\/noticias-oposiciones\/wp-json\/wp\/v2\/posts"}],"about":[{"href":"https:\/\/www.emplea-te.com\/noticias-oposiciones\/wp-json\/wp\/v2\/types\/post"}],"author":[{"embeddable":true,"href":"https:\/\/www.emplea-te.com\/noticias-oposiciones\/wp-json\/wp\/v2\/users\/1"}],"replies":[{"embeddable":true,"href":"https:\/\/www.emplea-te.com\/noticias-oposiciones\/wp-json\/wp\/v2\/comments?post=10746"}],"version-history":[{"count":1,"href":"https:\/\/www.emplea-te.com\/noticias-oposiciones\/wp-json\/wp\/v2\/posts\/10746\/revisions"}],"predecessor-version":[{"id":10747,"href":"https:\/\/www.emplea-te.com\/noticias-oposiciones\/wp-json\/wp\/v2\/posts\/10746\/revisions\/10747"}],"wp:attachment":[{"href":"https:\/\/www.emplea-te.com\/noticias-oposiciones\/wp-json\/wp\/v2\/media?parent=10746"}],"wp:term":[{"taxonomy":"category","embeddable":true,"href":"https:\/\/www.emplea-te.com\/noticias-oposiciones\/wp-json\/wp\/v2\/categories?post=10746"},{"taxonomy":"post_tag","embeddable":true,"href":"https:\/\/www.emplea-te.com\/noticias-oposiciones\/wp-json\/wp\/v2\/tags?post=10746"}],"curies":[{"name":"wp","href":"https:\/\/api.w.org\/{rel}","templated":true}]}}