{"id":10748,"date":"2023-09-26T10:35:38","date_gmt":"2023-09-26T08:35:38","guid":{"rendered":"https:\/\/www.emplea-te.com\/noticias-oposiciones\/?p=10748"},"modified":"2023-09-26T10:35:38","modified_gmt":"2023-09-26T08:35:38","slug":"diputacion-de-pontevedra-correccion-convocatoria-de-5-plazas-de-tecnico-medio-de-administracion-general-por-oposicion-en-turno-libre-1-de-ellas-reservada-a-turno-de-discapacidad","status":"publish","type":"post","link":"https:\/\/www.emplea-te.com\/noticias-oposiciones\/diputacion-de-pontevedra-correccion-convocatoria-de-5-plazas-de-tecnico-medio-de-administracion-general-por-oposicion-en-turno-libre-1-de-ellas-reservada-a-turno-de-discapacidad\/","title":{"rendered":"Diputaci\u00f3n de Pontevedra. Correcci\u00f3n convocatoria de 5 plazas de T\u00e9cnico Medio de Administraci\u00f3n general por oposici\u00f3n en turno libre. 1 de ellas reservada a turno de discapacidad."},"content":{"rendered":"<p>Se publica en el BOE de hoy, d\u00eda 26 de septiembre de 2023, la\u00a0Correcci\u00f3n de errores de la Resoluci\u00f3n de 11 de septiembre de 2023, de la Diputaci\u00f3n Provincial de Pontevedra, referente a la convocatoria para proveer varias plazas.<\/p>\n<p>Advertido error en la publicaci\u00f3n de la Resoluci\u00f3n de 11 de septiembre de 2023, de la Diputaci\u00f3n Provincial de Pontevedra, referente a la convocatoria para proveer varias plazas, publicada en el BOE n\u00famero 228, de 23 de septiembre de 2023, se procede a su correcci\u00f3n:<\/p>\n<p>En la p\u00e1gina 128981, donde dice:<br \/>\n\u00abcuatro plazas de T\u00e9cnica\/o media\/o de Administraci\u00f3n general\u00bb.<br \/>\nDebe decir: \u00abcuatro de T\u00e9cnica\/o media\/o de Administraci\u00f3n general, por el sistema oposici\u00f3n, turno libre y una plaza de T\u00e9cnica\/o media\/o de Administraci\u00f3n general, por el sistema oposici\u00f3n, turno libre, reservada a personas con discapacidad\u00bb.<\/p>\n<p><strong>El total de plazas convocadas por oposici\u00f3n en turno libre son:<\/strong><\/p>\n<p>4 Plazas T\u00e9cnico Medio Administraci\u00f3n General A2 por oposici\u00f3n en turno libre.<br \/>\n1 Plaza de T\u00e9cnico Medio Administraci\u00f3n General A2 por oposici\u00f3n turno libre (reservada a turno de discapacidad):<\/p>\n<p><a href=\"https:\/\/www.boe.es\/boe\/dias\/2023\/09\/26\/pdfs\/BOE-A-2023-20079.pdf\" target=\"_blank\" rel=\"noopener\"><strong>Enlace a correcci\u00f3n Resoluci\u00f3n con la convocatoria.\u00a0<\/strong><\/a><\/p>\n<p><a href=\"https:\/\/boppo.depo.gal\/web\/boppo\/detalle\/-\/boppo\/2023\/08\/07\/2023052251\" target=\"_blank\" rel=\"noopener\"><strong>Enlace a bases regidoras de esta convocatoria<\/strong><\/a><\/p>\n","protected":false},"excerpt":{"rendered":"<p>Se publica en el BOE de hoy, d\u00eda 26 de septiembre de 2023, la\u00a0Correcci\u00f3n de errores de la Resoluci\u00f3n de 11 de septiembre de 2023, de la Diputaci\u00f3n Provincial de Pontevedra, referente a la convocatoria para proveer varias plazas. Advertido error en la publicaci\u00f3n de la Resoluci\u00f3n de 11 de septiembre de 2023, de la &hellip; <a href=\"https:\/\/www.emplea-te.com\/noticias-oposiciones\/diputacion-de-pontevedra-correccion-convocatoria-de-5-plazas-de-tecnico-medio-de-administracion-general-por-oposicion-en-turno-libre-1-de-ellas-reservada-a-turno-de-discapacidad\/\" class=\"more-link\">Continuar leyendo<span class=\"screen-reader-text\"> \u00abDiputaci\u00f3n de Pontevedra. Correcci\u00f3n convocatoria de 5 plazas de T\u00e9cnico Medio de Administraci\u00f3n general por oposici\u00f3n en turno libre. 1 de ellas reservada a turno de discapacidad.\u00bb<\/span><\/a><\/p>\n","protected":false},"author":1,"featured_media":0,"comment_status":"closed","ping_status":"closed","sticky":false,"template":"","format":"standard","meta":{"footnotes":""},"categories":[44,56],"tags":[49,103],"class_list":["post-10748","post","type-post","status-publish","format-standard","hentry","category-diputacion-de-pontevedra","category-oposiciones-autonomicas-galicia","tag-convocatorias-de-oposiciones","tag-informacion-procesos-selectivos"],"yoast_head":"<!-- This site is optimized with the Yoast SEO plugin v27.5 - https:\/\/yoast.com\/product\/yoast-seo-wordpress\/ -->\n<title>Diputaci\u00f3n Pontevedra. Correcci\u00f3n convocatoria proceso selectivo<\/title>\n<meta name=\"description\" content=\"Diputaci\u00f3n de Pontevedra. Correcci\u00f3n convocatoria de 5 plazas de T\u00e9cnico Medio de Administraci\u00f3n general por oposici\u00f3n en turno libre. 1 de ellas reservada a turno de discapacidad.\" \/>\n<meta name=\"robots\" content=\"index, follow, max-snippet:-1, max-image-preview:large, max-video-preview:-1\" \/>\n<link rel=\"canonical\" href=\"https:\/\/www.emplea-te.com\/noticias-oposiciones\/diputacion-de-pontevedra-correccion-convocatoria-de-5-plazas-de-tecnico-medio-de-administracion-general-por-oposicion-en-turno-libre-1-de-ellas-reservada-a-turno-de-discapacidad\/\" \/>\n<meta property=\"og:locale\" content=\"es_ES\" \/>\n<meta property=\"og:type\" content=\"article\" \/>\n<meta property=\"og:title\" content=\"Diputaci\u00f3n Pontevedra. Correcci\u00f3n convocatoria proceso selectivo\" \/>\n<meta property=\"og:description\" content=\"Diputaci\u00f3n de Pontevedra. Correcci\u00f3n convocatoria de 5 plazas de T\u00e9cnico Medio de Administraci\u00f3n general por oposici\u00f3n en turno libre. 1 de ellas reservada a turno de discapacidad.\" \/>\n<meta property=\"og:url\" content=\"https:\/\/www.emplea-te.com\/noticias-oposiciones\/diputacion-de-pontevedra-correccion-convocatoria-de-5-plazas-de-tecnico-medio-de-administracion-general-por-oposicion-en-turno-libre-1-de-ellas-reservada-a-turno-de-discapacidad\/\" \/>\n<meta property=\"og:site_name\" content=\"Noticas de oposiciones por Academia Emplea-te\" \/>\n<meta property=\"article:publisher\" content=\"https:\/\/www.facebook.com\/AcademiaEmpleate\/\" \/>\n<meta property=\"article:published_time\" content=\"2023-09-26T08:35:38+00:00\" \/>\n<meta name=\"author\" content=\"Empleate\" \/>\n<meta name=\"twitter:card\" content=\"summary_large_image\" \/>\n<meta name=\"twitter:creator\" content=\"@Emplea_Te\" \/>\n<meta name=\"twitter:site\" content=\"@Emplea_Te\" \/>\n<meta name=\"twitter:label1\" content=\"Escrito por\" \/>\n\t<meta name=\"twitter:data1\" content=\"Empleate\" \/>\n\t<meta name=\"twitter:label2\" content=\"Tiempo de lectura\" \/>\n\t<meta name=\"twitter:data2\" content=\"1 minuto\" \/>\n<script type=\"application\/ld+json\" class=\"yoast-schema-graph\">{\"@context\":\"https:\\\/\\\/schema.org\",\"@graph\":[{\"@type\":\"Article\",\"@id\":\"https:\\\/\\\/www.emplea-te.com\\\/noticias-oposiciones\\\/diputacion-de-pontevedra-correccion-convocatoria-de-5-plazas-de-tecnico-medio-de-administracion-general-por-oposicion-en-turno-libre-1-de-ellas-reservada-a-turno-de-discapacidad\\\/#article\",\"isPartOf\":{\"@id\":\"https:\\\/\\\/www.emplea-te.com\\\/noticias-oposiciones\\\/diputacion-de-pontevedra-correccion-convocatoria-de-5-plazas-de-tecnico-medio-de-administracion-general-por-oposicion-en-turno-libre-1-de-ellas-reservada-a-turno-de-discapacidad\\\/\"},\"author\":{\"name\":\"Empleate\",\"@id\":\"https:\\\/\\\/www.emplea-te.com\\\/noticias-oposiciones\\\/#\\\/schema\\\/person\\\/d1bc587e1af2b95e9c32aba1795509a6\"},\"headline\":\"Diputaci\u00f3n de Pontevedra. Correcci\u00f3n convocatoria de 5 plazas de T\u00e9cnico Medio de Administraci\u00f3n general por oposici\u00f3n en turno libre. 1 de ellas reservada a turno de discapacidad.\",\"datePublished\":\"2023-09-26T08:35:38+00:00\",\"mainEntityOfPage\":{\"@id\":\"https:\\\/\\\/www.emplea-te.com\\\/noticias-oposiciones\\\/diputacion-de-pontevedra-correccion-convocatoria-de-5-plazas-de-tecnico-medio-de-administracion-general-por-oposicion-en-turno-libre-1-de-ellas-reservada-a-turno-de-discapacidad\\\/\"},\"wordCount\":239,\"publisher\":{\"@id\":\"https:\\\/\\\/www.emplea-te.com\\\/noticias-oposiciones\\\/#organization\"},\"keywords\":[\"Convocatoria\",\"Informaci\u00f3n procesos selectivos\"],\"articleSection\":[\"Diputaci\u00f3n de Pontevedra.\",\"Oposiciones Auton\u00f3micas Galicia\"],\"inLanguage\":\"es\"},{\"@type\":\"WebPage\",\"@id\":\"https:\\\/\\\/www.emplea-te.com\\\/noticias-oposiciones\\\/diputacion-de-pontevedra-correccion-convocatoria-de-5-plazas-de-tecnico-medio-de-administracion-general-por-oposicion-en-turno-libre-1-de-ellas-reservada-a-turno-de-discapacidad\\\/\",\"url\":\"https:\\\/\\\/www.emplea-te.com\\\/noticias-oposiciones\\\/diputacion-de-pontevedra-correccion-convocatoria-de-5-plazas-de-tecnico-medio-de-administracion-general-por-oposicion-en-turno-libre-1-de-ellas-reservada-a-turno-de-discapacidad\\\/\",\"name\":\"Diputaci\u00f3n Pontevedra. Correcci\u00f3n convocatoria proceso selectivo\",\"isPartOf\":{\"@id\":\"https:\\\/\\\/www.emplea-te.com\\\/noticias-oposiciones\\\/#website\"},\"datePublished\":\"2023-09-26T08:35:38+00:00\",\"description\":\"Diputaci\u00f3n de Pontevedra. Correcci\u00f3n convocatoria de 5 plazas de T\u00e9cnico Medio de Administraci\u00f3n general por oposici\u00f3n en turno libre. 1 de ellas reservada a turno de discapacidad.\",\"breadcrumb\":{\"@id\":\"https:\\\/\\\/www.emplea-te.com\\\/noticias-oposiciones\\\/diputacion-de-pontevedra-correccion-convocatoria-de-5-plazas-de-tecnico-medio-de-administracion-general-por-oposicion-en-turno-libre-1-de-ellas-reservada-a-turno-de-discapacidad\\\/#breadcrumb\"},\"inLanguage\":\"es\",\"potentialAction\":[{\"@type\":\"ReadAction\",\"target\":[\"https:\\\/\\\/www.emplea-te.com\\\/noticias-oposiciones\\\/diputacion-de-pontevedra-correccion-convocatoria-de-5-plazas-de-tecnico-medio-de-administracion-general-por-oposicion-en-turno-libre-1-de-ellas-reservada-a-turno-de-discapacidad\\\/\"]}]},{\"@type\":\"BreadcrumbList\",\"@id\":\"https:\\\/\\\/www.emplea-te.com\\\/noticias-oposiciones\\\/diputacion-de-pontevedra-correccion-convocatoria-de-5-plazas-de-tecnico-medio-de-administracion-general-por-oposicion-en-turno-libre-1-de-ellas-reservada-a-turno-de-discapacidad\\\/#breadcrumb\",\"itemListElement\":[{\"@type\":\"ListItem\",\"position\":1,\"name\":\"Noticias Oposiciones\",\"item\":\"https:\\\/\\\/www.emplea-te.com\\\/noticias-oposiciones\\\/\"},{\"@type\":\"ListItem\",\"position\":2,\"name\":\"Oposiciones Auton\u00f3micas Galicia\",\"item\":\"https:\\\/\\\/www.emplea-te.com\\\/noticias-oposiciones\\\/categoria\\\/oposiciones-autonomicas-galicia\\\/\"},{\"@type\":\"ListItem\",\"position\":3,\"name\":\"Diputaci\u00f3n de Pontevedra. Correcci\u00f3n convocatoria de 5 plazas de T\u00e9cnico Medio de Administraci\u00f3n general por oposici\u00f3n en turno libre. 1 de ellas reservada a turno de discapacidad.\"}]},{\"@type\":\"WebSite\",\"@id\":\"https:\\\/\\\/www.emplea-te.com\\\/noticias-oposiciones\\\/#website\",\"url\":\"https:\\\/\\\/www.emplea-te.com\\\/noticias-oposiciones\\\/\",\"name\":\"Noticas de oposiciones por Academia Emplea-te\",\"description\":\"Toda la actualidad de las ofertas y convocatorias.\",\"publisher\":{\"@id\":\"https:\\\/\\\/www.emplea-te.com\\\/noticias-oposiciones\\\/#organization\"},\"potentialAction\":[{\"@type\":\"SearchAction\",\"target\":{\"@type\":\"EntryPoint\",\"urlTemplate\":\"https:\\\/\\\/www.emplea-te.com\\\/noticias-oposiciones\\\/?s={search_term_string}\"},\"query-input\":{\"@type\":\"PropertyValueSpecification\",\"valueRequired\":true,\"valueName\":\"search_term_string\"}}],\"inLanguage\":\"es\"},{\"@type\":\"Organization\",\"@id\":\"https:\\\/\\\/www.emplea-te.com\\\/noticias-oposiciones\\\/#organization\",\"name\":\"Academia de oposiciones Empl\u00e9ate\",\"url\":\"https:\\\/\\\/www.emplea-te.com\\\/noticias-oposiciones\\\/\",\"logo\":{\"@type\":\"ImageObject\",\"inLanguage\":\"es\",\"@id\":\"https:\\\/\\\/www.emplea-te.com\\\/noticias-oposiciones\\\/#\\\/schema\\\/logo\\\/image\\\/\",\"url\":\"https:\\\/\\\/www.emplea-te.com\\\/noticias-oposiciones\\\/wp-content\\\/uploads\\\/2019\\\/04\\\/empleate.jpg\",\"contentUrl\":\"https:\\\/\\\/www.emplea-te.com\\\/noticias-oposiciones\\\/wp-content\\\/uploads\\\/2019\\\/04\\\/empleate.jpg\",\"width\":250,\"height\":150,\"caption\":\"Academia de oposiciones Empl\u00e9ate\"},\"image\":{\"@id\":\"https:\\\/\\\/www.emplea-te.com\\\/noticias-oposiciones\\\/#\\\/schema\\\/logo\\\/image\\\/\"},\"sameAs\":[\"https:\\\/\\\/www.facebook.com\\\/AcademiaEmpleate\\\/\",\"https:\\\/\\\/x.com\\\/Emplea_Te\",\"https:\\\/\\\/www.instagram.com\\\/academia_empleate\\\/\"]},{\"@type\":\"Person\",\"@id\":\"https:\\\/\\\/www.emplea-te.com\\\/noticias-oposiciones\\\/#\\\/schema\\\/person\\\/d1bc587e1af2b95e9c32aba1795509a6\",\"name\":\"Empleate\"}]}<\/script>\n<!-- \/ Yoast SEO plugin. -->","yoast_head_json":{"title":"Diputaci\u00f3n Pontevedra. Correcci\u00f3n convocatoria proceso selectivo","description":"Diputaci\u00f3n de Pontevedra. Correcci\u00f3n convocatoria de 5 plazas de T\u00e9cnico Medio de Administraci\u00f3n general por oposici\u00f3n en turno libre. 1 de ellas reservada a turno de discapacidad.","robots":{"index":"index","follow":"follow","max-snippet":"max-snippet:-1","max-image-preview":"max-image-preview:large","max-video-preview":"max-video-preview:-1"},"canonical":"https:\/\/www.emplea-te.com\/noticias-oposiciones\/diputacion-de-pontevedra-correccion-convocatoria-de-5-plazas-de-tecnico-medio-de-administracion-general-por-oposicion-en-turno-libre-1-de-ellas-reservada-a-turno-de-discapacidad\/","og_locale":"es_ES","og_type":"article","og_title":"Diputaci\u00f3n Pontevedra. Correcci\u00f3n convocatoria proceso selectivo","og_description":"Diputaci\u00f3n de Pontevedra. Correcci\u00f3n convocatoria de 5 plazas de T\u00e9cnico Medio de Administraci\u00f3n general por oposici\u00f3n en turno libre. 1 de ellas reservada a turno de discapacidad.","og_url":"https:\/\/www.emplea-te.com\/noticias-oposiciones\/diputacion-de-pontevedra-correccion-convocatoria-de-5-plazas-de-tecnico-medio-de-administracion-general-por-oposicion-en-turno-libre-1-de-ellas-reservada-a-turno-de-discapacidad\/","og_site_name":"Noticas de oposiciones por Academia Emplea-te","article_publisher":"https:\/\/www.facebook.com\/AcademiaEmpleate\/","article_published_time":"2023-09-26T08:35:38+00:00","author":"Empleate","twitter_card":"summary_large_image","twitter_creator":"@Emplea_Te","twitter_site":"@Emplea_Te","twitter_misc":{"Escrito por":"Empleate","Tiempo de lectura":"1 minuto"},"schema":{"@context":"https:\/\/schema.org","@graph":[{"@type":"Article","@id":"https:\/\/www.emplea-te.com\/noticias-oposiciones\/diputacion-de-pontevedra-correccion-convocatoria-de-5-plazas-de-tecnico-medio-de-administracion-general-por-oposicion-en-turno-libre-1-de-ellas-reservada-a-turno-de-discapacidad\/#article","isPartOf":{"@id":"https:\/\/www.emplea-te.com\/noticias-oposiciones\/diputacion-de-pontevedra-correccion-convocatoria-de-5-plazas-de-tecnico-medio-de-administracion-general-por-oposicion-en-turno-libre-1-de-ellas-reservada-a-turno-de-discapacidad\/"},"author":{"name":"Empleate","@id":"https:\/\/www.emplea-te.com\/noticias-oposiciones\/#\/schema\/person\/d1bc587e1af2b95e9c32aba1795509a6"},"headline":"Diputaci\u00f3n de Pontevedra. Correcci\u00f3n convocatoria de 5 plazas de T\u00e9cnico Medio de Administraci\u00f3n general por oposici\u00f3n en turno libre. 1 de ellas reservada a turno de discapacidad.","datePublished":"2023-09-26T08:35:38+00:00","mainEntityOfPage":{"@id":"https:\/\/www.emplea-te.com\/noticias-oposiciones\/diputacion-de-pontevedra-correccion-convocatoria-de-5-plazas-de-tecnico-medio-de-administracion-general-por-oposicion-en-turno-libre-1-de-ellas-reservada-a-turno-de-discapacidad\/"},"wordCount":239,"publisher":{"@id":"https:\/\/www.emplea-te.com\/noticias-oposiciones\/#organization"},"keywords":["Convocatoria","Informaci\u00f3n procesos selectivos"],"articleSection":["Diputaci\u00f3n de Pontevedra.","Oposiciones Auton\u00f3micas Galicia"],"inLanguage":"es"},{"@type":"WebPage","@id":"https:\/\/www.emplea-te.com\/noticias-oposiciones\/diputacion-de-pontevedra-correccion-convocatoria-de-5-plazas-de-tecnico-medio-de-administracion-general-por-oposicion-en-turno-libre-1-de-ellas-reservada-a-turno-de-discapacidad\/","url":"https:\/\/www.emplea-te.com\/noticias-oposiciones\/diputacion-de-pontevedra-correccion-convocatoria-de-5-plazas-de-tecnico-medio-de-administracion-general-por-oposicion-en-turno-libre-1-de-ellas-reservada-a-turno-de-discapacidad\/","name":"Diputaci\u00f3n Pontevedra. Correcci\u00f3n convocatoria proceso selectivo","isPartOf":{"@id":"https:\/\/www.emplea-te.com\/noticias-oposiciones\/#website"},"datePublished":"2023-09-26T08:35:38+00:00","description":"Diputaci\u00f3n de Pontevedra. Correcci\u00f3n convocatoria de 5 plazas de T\u00e9cnico Medio de Administraci\u00f3n general por oposici\u00f3n en turno libre. 1 de ellas reservada a turno de discapacidad.","breadcrumb":{"@id":"https:\/\/www.emplea-te.com\/noticias-oposiciones\/diputacion-de-pontevedra-correccion-convocatoria-de-5-plazas-de-tecnico-medio-de-administracion-general-por-oposicion-en-turno-libre-1-de-ellas-reservada-a-turno-de-discapacidad\/#breadcrumb"},"inLanguage":"es","potentialAction":[{"@type":"ReadAction","target":["https:\/\/www.emplea-te.com\/noticias-oposiciones\/diputacion-de-pontevedra-correccion-convocatoria-de-5-plazas-de-tecnico-medio-de-administracion-general-por-oposicion-en-turno-libre-1-de-ellas-reservada-a-turno-de-discapacidad\/"]}]},{"@type":"BreadcrumbList","@id":"https:\/\/www.emplea-te.com\/noticias-oposiciones\/diputacion-de-pontevedra-correccion-convocatoria-de-5-plazas-de-tecnico-medio-de-administracion-general-por-oposicion-en-turno-libre-1-de-ellas-reservada-a-turno-de-discapacidad\/#breadcrumb","itemListElement":[{"@type":"ListItem","position":1,"name":"Noticias Oposiciones","item":"https:\/\/www.emplea-te.com\/noticias-oposiciones\/"},{"@type":"ListItem","position":2,"name":"Oposiciones Auton\u00f3micas Galicia","item":"https:\/\/www.emplea-te.com\/noticias-oposiciones\/categoria\/oposiciones-autonomicas-galicia\/"},{"@type":"ListItem","position":3,"name":"Diputaci\u00f3n de Pontevedra. Correcci\u00f3n convocatoria de 5 plazas de T\u00e9cnico Medio de Administraci\u00f3n general por oposici\u00f3n en turno libre. 1 de ellas reservada a turno de discapacidad."}]},{"@type":"WebSite","@id":"https:\/\/www.emplea-te.com\/noticias-oposiciones\/#website","url":"https:\/\/www.emplea-te.com\/noticias-oposiciones\/","name":"Noticas de oposiciones por Academia Emplea-te","description":"Toda la actualidad de las ofertas y convocatorias.","publisher":{"@id":"https:\/\/www.emplea-te.com\/noticias-oposiciones\/#organization"},"potentialAction":[{"@type":"SearchAction","target":{"@type":"EntryPoint","urlTemplate":"https:\/\/www.emplea-te.com\/noticias-oposiciones\/?s={search_term_string}"},"query-input":{"@type":"PropertyValueSpecification","valueRequired":true,"valueName":"search_term_string"}}],"inLanguage":"es"},{"@type":"Organization","@id":"https:\/\/www.emplea-te.com\/noticias-oposiciones\/#organization","name":"Academia de oposiciones Empl\u00e9ate","url":"https:\/\/www.emplea-te.com\/noticias-oposiciones\/","logo":{"@type":"ImageObject","inLanguage":"es","@id":"https:\/\/www.emplea-te.com\/noticias-oposiciones\/#\/schema\/logo\/image\/","url":"https:\/\/www.emplea-te.com\/noticias-oposiciones\/wp-content\/uploads\/2019\/04\/empleate.jpg","contentUrl":"https:\/\/www.emplea-te.com\/noticias-oposiciones\/wp-content\/uploads\/2019\/04\/empleate.jpg","width":250,"height":150,"caption":"Academia de oposiciones Empl\u00e9ate"},"image":{"@id":"https:\/\/www.emplea-te.com\/noticias-oposiciones\/#\/schema\/logo\/image\/"},"sameAs":["https:\/\/www.facebook.com\/AcademiaEmpleate\/","https:\/\/x.com\/Emplea_Te","https:\/\/www.instagram.com\/academia_empleate\/"]},{"@type":"Person","@id":"https:\/\/www.emplea-te.com\/noticias-oposiciones\/#\/schema\/person\/d1bc587e1af2b95e9c32aba1795509a6","name":"Empleate"}]}},"_links":{"self":[{"href":"https:\/\/www.emplea-te.com\/noticias-oposiciones\/wp-json\/wp\/v2\/posts\/10748","targetHints":{"allow":["GET"]}}],"collection":[{"href":"https:\/\/www.emplea-te.com\/noticias-oposiciones\/wp-json\/wp\/v2\/posts"}],"about":[{"href":"https:\/\/www.emplea-te.com\/noticias-oposiciones\/wp-json\/wp\/v2\/types\/post"}],"author":[{"embeddable":true,"href":"https:\/\/www.emplea-te.com\/noticias-oposiciones\/wp-json\/wp\/v2\/users\/1"}],"replies":[{"embeddable":true,"href":"https:\/\/www.emplea-te.com\/noticias-oposiciones\/wp-json\/wp\/v2\/comments?post=10748"}],"version-history":[{"count":1,"href":"https:\/\/www.emplea-te.com\/noticias-oposiciones\/wp-json\/wp\/v2\/posts\/10748\/revisions"}],"predecessor-version":[{"id":10749,"href":"https:\/\/www.emplea-te.com\/noticias-oposiciones\/wp-json\/wp\/v2\/posts\/10748\/revisions\/10749"}],"wp:attachment":[{"href":"https:\/\/www.emplea-te.com\/noticias-oposiciones\/wp-json\/wp\/v2\/media?parent=10748"}],"wp:term":[{"taxonomy":"category","embeddable":true,"href":"https:\/\/www.emplea-te.com\/noticias-oposiciones\/wp-json\/wp\/v2\/categories?post=10748"},{"taxonomy":"post_tag","embeddable":true,"href":"https:\/\/www.emplea-te.com\/noticias-oposiciones\/wp-json\/wp\/v2\/tags?post=10748"}],"curies":[{"name":"wp","href":"https:\/\/api.w.org\/{rel}","templated":true}]}}