{"id":10758,"date":"2023-09-28T09:42:32","date_gmt":"2023-09-28T07:42:32","guid":{"rendered":"https:\/\/www.emplea-te.com\/noticias-oposiciones\/?p=10758"},"modified":"2023-09-28T09:42:32","modified_gmt":"2023-09-28T07:42:32","slug":"ayuntamiento-de-santiago-de-compostela-proceso-selectivo-convocado-para-cubrir-8-plazas-de-tecnico-de-gestion-a2-correccion-bases-convocatoria-referentes-al-primer-ejercicio","status":"publish","type":"post","link":"https:\/\/www.emplea-te.com\/noticias-oposiciones\/ayuntamiento-de-santiago-de-compostela-proceso-selectivo-convocado-para-cubrir-8-plazas-de-tecnico-de-gestion-a2-correccion-bases-convocatoria-referentes-al-primer-ejercicio\/","title":{"rendered":"Ayuntamiento de Santiago de Compostela. Proceso selectivo convocado para cubrir 8 plazas de T\u00e9cnico de Gesti\u00f3n A2. Correcci\u00f3n bases convocatoria referentes al primer ejercicio."},"content":{"rendered":"<p>Se publica en el BOP de la Provincia de A Coru\u00f1a de hoy, d\u00eda 28 de septiembre de 2023, la\u00a0 Correcci\u00f3n de error en el\u00a0 BOP N\u00ba10 de fecha 16 de enero de 2023 relativo el tercer ejercicio de las bases especificas del proceso selectivo para la cobertura, por el turno libre, de ocho (8) plazas de personal funcionario de carrera, t\u00e9cnico\/a medio de gesti\u00f3n de la escala de administraci\u00f3n general (subgrupo a2)<\/p>\n<p><strong>Donde dice:<\/strong><br \/>\n<strong>Primer ejercicio<\/strong> (hasta 30 puntos). Obligatorio y eliminatorio.<br \/>\nConsistir\u00e1 en responder por escrito en un tiempo m\u00e1ximo de 100 minutos un <strong>cuestionario tipo test de 86 preguntas<\/strong> (mas diez de reserva que se utilizar\u00e1n para sustituir aquellas del examen inicial que pudieran ser anuladas por el tribunal, luego de un acuerdo motivado al respeto) con cuatro respuestas alternativas de las que solo una es correcta. El cuestionario ser\u00e1 elaborado por el tribunal inmediatamente antes del comienzo de la prueba y deber\u00e1 estar relacionado con las materias del temario de la convocatoria.<\/p>\n<p>&nbsp;<\/p>\n<p><strong>Debe decir:<\/strong><br \/>\n<strong>Primer ejercicio<\/strong> (hasta 30 puntos). Obligatorio y eliminatorio.<br \/>\nConsistir\u00e1 en responder por escrito en un tiempo m\u00e1ximo de 100 minutos un <strong>cuestionario tipo test de 90 preguntas<\/strong> (mas diez de reserva que se utilizar\u00e1n para sustituir aquellas del examen inicial que pudieran ser anuladas por el tribunal, luego de un acuerdo motivado al respeto) con cuatro respuestas alternativas de las que solo una es correcta. El cuestionario ser\u00e1 elaborado por el tribunal inmediatamente antes del comienzo de la prueba y deber\u00e1 estar relacionado con las materias del temario de la convocatoria.<\/p>\n<p><a href=\"https:\/\/bop.dicoruna.es\/bopportal\/publicado\/2023\/09\/28\/2023_0000007623.pdf\" target=\"_blank\" rel=\"noopener\"><strong>Accede al Anuncio con la correcci\u00f3n publicado en el BOP Coru\u00f1a de hoy desde este enlace.\u00a0<\/strong><\/a><\/p>\n<p>&nbsp;<\/p>\n","protected":false},"excerpt":{"rendered":"<p>Se publica en el BOP de la Provincia de A Coru\u00f1a de hoy, d\u00eda 28 de septiembre de 2023, la\u00a0 Correcci\u00f3n de error en el\u00a0 BOP N\u00ba10 de fecha 16 de enero de 2023 relativo el tercer ejercicio de las bases especificas del proceso selectivo para la cobertura, por el turno libre, de ocho (8) &hellip; <a href=\"https:\/\/www.emplea-te.com\/noticias-oposiciones\/ayuntamiento-de-santiago-de-compostela-proceso-selectivo-convocado-para-cubrir-8-plazas-de-tecnico-de-gestion-a2-correccion-bases-convocatoria-referentes-al-primer-ejercicio\/\" class=\"more-link\">Continuar leyendo<span class=\"screen-reader-text\"> \u00abAyuntamiento de Santiago de Compostela. Proceso selectivo convocado para cubrir 8 plazas de T\u00e9cnico de Gesti\u00f3n A2. Correcci\u00f3n bases convocatoria referentes al primer ejercicio.\u00bb<\/span><\/a><\/p>\n","protected":false},"author":1,"featured_media":0,"comment_status":"closed","ping_status":"closed","sticky":false,"template":"","format":"standard","meta":{"footnotes":""},"categories":[37,56],"tags":[49,103],"class_list":["post-10758","post","type-post","status-publish","format-standard","hentry","category-convocatorias-ayuntamientos","category-oposiciones-autonomicas-galicia","tag-convocatorias-de-oposiciones","tag-informacion-procesos-selectivos"],"yoast_head":"<!-- This site is optimized with the Yoast SEO plugin v27.5 - https:\/\/yoast.com\/product\/yoast-seo-wordpress\/ -->\n<title>Ayuntamiento de Santiago de Compostela. Proceso selectivo<\/title>\n<meta name=\"description\" content=\"Ayuntamiento de Santiago de Compostela. Proceso selectivo convocado para cubrir 8 plazas de T\u00e9cnico de Gesti\u00f3n A2. Correcci\u00f3n bases convocatoria referentes al primer ejercicio.\" \/>\n<meta name=\"robots\" content=\"index, follow, max-snippet:-1, max-image-preview:large, max-video-preview:-1\" \/>\n<link rel=\"canonical\" href=\"https:\/\/www.emplea-te.com\/noticias-oposiciones\/ayuntamiento-de-santiago-de-compostela-proceso-selectivo-convocado-para-cubrir-8-plazas-de-tecnico-de-gestion-a2-correccion-bases-convocatoria-referentes-al-primer-ejercicio\/\" \/>\n<meta property=\"og:locale\" content=\"es_ES\" \/>\n<meta property=\"og:type\" content=\"article\" \/>\n<meta property=\"og:title\" content=\"Ayuntamiento de Santiago de Compostela. Proceso selectivo\" \/>\n<meta property=\"og:description\" content=\"Ayuntamiento de Santiago de Compostela. Proceso selectivo convocado para cubrir 8 plazas de T\u00e9cnico de Gesti\u00f3n A2. Correcci\u00f3n bases convocatoria referentes al primer ejercicio.\" \/>\n<meta property=\"og:url\" content=\"https:\/\/www.emplea-te.com\/noticias-oposiciones\/ayuntamiento-de-santiago-de-compostela-proceso-selectivo-convocado-para-cubrir-8-plazas-de-tecnico-de-gestion-a2-correccion-bases-convocatoria-referentes-al-primer-ejercicio\/\" \/>\n<meta property=\"og:site_name\" content=\"Noticas de oposiciones por Academia Emplea-te\" \/>\n<meta property=\"article:publisher\" content=\"https:\/\/www.facebook.com\/AcademiaEmpleate\/\" \/>\n<meta property=\"article:published_time\" content=\"2023-09-28T07:42:32+00:00\" \/>\n<meta name=\"author\" content=\"Empleate\" \/>\n<meta name=\"twitter:card\" content=\"summary_large_image\" \/>\n<meta name=\"twitter:creator\" content=\"@Emplea_Te\" \/>\n<meta name=\"twitter:site\" content=\"@Emplea_Te\" \/>\n<meta name=\"twitter:label1\" content=\"Escrito por\" \/>\n\t<meta name=\"twitter:data1\" content=\"Empleate\" \/>\n\t<meta name=\"twitter:label2\" content=\"Tiempo de lectura\" \/>\n\t<meta name=\"twitter:data2\" content=\"2 minutos\" \/>\n<script type=\"application\/ld+json\" class=\"yoast-schema-graph\">{\"@context\":\"https:\\\/\\\/schema.org\",\"@graph\":[{\"@type\":\"Article\",\"@id\":\"https:\\\/\\\/www.emplea-te.com\\\/noticias-oposiciones\\\/ayuntamiento-de-santiago-de-compostela-proceso-selectivo-convocado-para-cubrir-8-plazas-de-tecnico-de-gestion-a2-correccion-bases-convocatoria-referentes-al-primer-ejercicio\\\/#article\",\"isPartOf\":{\"@id\":\"https:\\\/\\\/www.emplea-te.com\\\/noticias-oposiciones\\\/ayuntamiento-de-santiago-de-compostela-proceso-selectivo-convocado-para-cubrir-8-plazas-de-tecnico-de-gestion-a2-correccion-bases-convocatoria-referentes-al-primer-ejercicio\\\/\"},\"author\":{\"name\":\"Empleate\",\"@id\":\"https:\\\/\\\/www.emplea-te.com\\\/noticias-oposiciones\\\/#\\\/schema\\\/person\\\/d1bc587e1af2b95e9c32aba1795509a6\"},\"headline\":\"Ayuntamiento de Santiago de Compostela. Proceso selectivo convocado para cubrir 8 plazas de T\u00e9cnico de Gesti\u00f3n A2. Correcci\u00f3n bases convocatoria referentes al primer ejercicio.\",\"datePublished\":\"2023-09-28T07:42:32+00:00\",\"mainEntityOfPage\":{\"@id\":\"https:\\\/\\\/www.emplea-te.com\\\/noticias-oposiciones\\\/ayuntamiento-de-santiago-de-compostela-proceso-selectivo-convocado-para-cubrir-8-plazas-de-tecnico-de-gestion-a2-correccion-bases-convocatoria-referentes-al-primer-ejercicio\\\/\"},\"wordCount\":305,\"publisher\":{\"@id\":\"https:\\\/\\\/www.emplea-te.com\\\/noticias-oposiciones\\\/#organization\"},\"keywords\":[\"Convocatoria\",\"Informaci\u00f3n procesos selectivos\"],\"articleSection\":[\"Convocatorias Ayuntamientos\",\"Oposiciones Auton\u00f3micas Galicia\"],\"inLanguage\":\"es\"},{\"@type\":\"WebPage\",\"@id\":\"https:\\\/\\\/www.emplea-te.com\\\/noticias-oposiciones\\\/ayuntamiento-de-santiago-de-compostela-proceso-selectivo-convocado-para-cubrir-8-plazas-de-tecnico-de-gestion-a2-correccion-bases-convocatoria-referentes-al-primer-ejercicio\\\/\",\"url\":\"https:\\\/\\\/www.emplea-te.com\\\/noticias-oposiciones\\\/ayuntamiento-de-santiago-de-compostela-proceso-selectivo-convocado-para-cubrir-8-plazas-de-tecnico-de-gestion-a2-correccion-bases-convocatoria-referentes-al-primer-ejercicio\\\/\",\"name\":\"Ayuntamiento de Santiago de Compostela. Proceso selectivo\",\"isPartOf\":{\"@id\":\"https:\\\/\\\/www.emplea-te.com\\\/noticias-oposiciones\\\/#website\"},\"datePublished\":\"2023-09-28T07:42:32+00:00\",\"description\":\"Ayuntamiento de Santiago de Compostela. Proceso selectivo convocado para cubrir 8 plazas de T\u00e9cnico de Gesti\u00f3n A2. Correcci\u00f3n bases convocatoria referentes al primer ejercicio.\",\"breadcrumb\":{\"@id\":\"https:\\\/\\\/www.emplea-te.com\\\/noticias-oposiciones\\\/ayuntamiento-de-santiago-de-compostela-proceso-selectivo-convocado-para-cubrir-8-plazas-de-tecnico-de-gestion-a2-correccion-bases-convocatoria-referentes-al-primer-ejercicio\\\/#breadcrumb\"},\"inLanguage\":\"es\",\"potentialAction\":[{\"@type\":\"ReadAction\",\"target\":[\"https:\\\/\\\/www.emplea-te.com\\\/noticias-oposiciones\\\/ayuntamiento-de-santiago-de-compostela-proceso-selectivo-convocado-para-cubrir-8-plazas-de-tecnico-de-gestion-a2-correccion-bases-convocatoria-referentes-al-primer-ejercicio\\\/\"]}]},{\"@type\":\"BreadcrumbList\",\"@id\":\"https:\\\/\\\/www.emplea-te.com\\\/noticias-oposiciones\\\/ayuntamiento-de-santiago-de-compostela-proceso-selectivo-convocado-para-cubrir-8-plazas-de-tecnico-de-gestion-a2-correccion-bases-convocatoria-referentes-al-primer-ejercicio\\\/#breadcrumb\",\"itemListElement\":[{\"@type\":\"ListItem\",\"position\":1,\"name\":\"Noticias Oposiciones\",\"item\":\"https:\\\/\\\/www.emplea-te.com\\\/noticias-oposiciones\\\/\"},{\"@type\":\"ListItem\",\"position\":2,\"name\":\"Oposiciones Auton\u00f3micas Galicia\",\"item\":\"https:\\\/\\\/www.emplea-te.com\\\/noticias-oposiciones\\\/categoria\\\/oposiciones-autonomicas-galicia\\\/\"},{\"@type\":\"ListItem\",\"position\":3,\"name\":\"Ayuntamiento de Santiago de Compostela. Proceso selectivo convocado para cubrir 8 plazas de T\u00e9cnico de Gesti\u00f3n A2. Correcci\u00f3n bases convocatoria referentes al primer ejercicio.\"}]},{\"@type\":\"WebSite\",\"@id\":\"https:\\\/\\\/www.emplea-te.com\\\/noticias-oposiciones\\\/#website\",\"url\":\"https:\\\/\\\/www.emplea-te.com\\\/noticias-oposiciones\\\/\",\"name\":\"Noticas de oposiciones por Academia Emplea-te\",\"description\":\"Toda la actualidad de las ofertas y convocatorias.\",\"publisher\":{\"@id\":\"https:\\\/\\\/www.emplea-te.com\\\/noticias-oposiciones\\\/#organization\"},\"potentialAction\":[{\"@type\":\"SearchAction\",\"target\":{\"@type\":\"EntryPoint\",\"urlTemplate\":\"https:\\\/\\\/www.emplea-te.com\\\/noticias-oposiciones\\\/?s={search_term_string}\"},\"query-input\":{\"@type\":\"PropertyValueSpecification\",\"valueRequired\":true,\"valueName\":\"search_term_string\"}}],\"inLanguage\":\"es\"},{\"@type\":\"Organization\",\"@id\":\"https:\\\/\\\/www.emplea-te.com\\\/noticias-oposiciones\\\/#organization\",\"name\":\"Academia de oposiciones Empl\u00e9ate\",\"url\":\"https:\\\/\\\/www.emplea-te.com\\\/noticias-oposiciones\\\/\",\"logo\":{\"@type\":\"ImageObject\",\"inLanguage\":\"es\",\"@id\":\"https:\\\/\\\/www.emplea-te.com\\\/noticias-oposiciones\\\/#\\\/schema\\\/logo\\\/image\\\/\",\"url\":\"https:\\\/\\\/www.emplea-te.com\\\/noticias-oposiciones\\\/wp-content\\\/uploads\\\/2019\\\/04\\\/empleate.jpg\",\"contentUrl\":\"https:\\\/\\\/www.emplea-te.com\\\/noticias-oposiciones\\\/wp-content\\\/uploads\\\/2019\\\/04\\\/empleate.jpg\",\"width\":250,\"height\":150,\"caption\":\"Academia de oposiciones Empl\u00e9ate\"},\"image\":{\"@id\":\"https:\\\/\\\/www.emplea-te.com\\\/noticias-oposiciones\\\/#\\\/schema\\\/logo\\\/image\\\/\"},\"sameAs\":[\"https:\\\/\\\/www.facebook.com\\\/AcademiaEmpleate\\\/\",\"https:\\\/\\\/x.com\\\/Emplea_Te\",\"https:\\\/\\\/www.instagram.com\\\/academia_empleate\\\/\"]},{\"@type\":\"Person\",\"@id\":\"https:\\\/\\\/www.emplea-te.com\\\/noticias-oposiciones\\\/#\\\/schema\\\/person\\\/d1bc587e1af2b95e9c32aba1795509a6\",\"name\":\"Empleate\"}]}<\/script>\n<!-- \/ Yoast SEO plugin. -->","yoast_head_json":{"title":"Ayuntamiento de Santiago de Compostela. Proceso selectivo","description":"Ayuntamiento de Santiago de Compostela. Proceso selectivo convocado para cubrir 8 plazas de T\u00e9cnico de Gesti\u00f3n A2. Correcci\u00f3n bases convocatoria referentes al primer ejercicio.","robots":{"index":"index","follow":"follow","max-snippet":"max-snippet:-1","max-image-preview":"max-image-preview:large","max-video-preview":"max-video-preview:-1"},"canonical":"https:\/\/www.emplea-te.com\/noticias-oposiciones\/ayuntamiento-de-santiago-de-compostela-proceso-selectivo-convocado-para-cubrir-8-plazas-de-tecnico-de-gestion-a2-correccion-bases-convocatoria-referentes-al-primer-ejercicio\/","og_locale":"es_ES","og_type":"article","og_title":"Ayuntamiento de Santiago de Compostela. Proceso selectivo","og_description":"Ayuntamiento de Santiago de Compostela. Proceso selectivo convocado para cubrir 8 plazas de T\u00e9cnico de Gesti\u00f3n A2. Correcci\u00f3n bases convocatoria referentes al primer ejercicio.","og_url":"https:\/\/www.emplea-te.com\/noticias-oposiciones\/ayuntamiento-de-santiago-de-compostela-proceso-selectivo-convocado-para-cubrir-8-plazas-de-tecnico-de-gestion-a2-correccion-bases-convocatoria-referentes-al-primer-ejercicio\/","og_site_name":"Noticas de oposiciones por Academia Emplea-te","article_publisher":"https:\/\/www.facebook.com\/AcademiaEmpleate\/","article_published_time":"2023-09-28T07:42:32+00:00","author":"Empleate","twitter_card":"summary_large_image","twitter_creator":"@Emplea_Te","twitter_site":"@Emplea_Te","twitter_misc":{"Escrito por":"Empleate","Tiempo de lectura":"2 minutos"},"schema":{"@context":"https:\/\/schema.org","@graph":[{"@type":"Article","@id":"https:\/\/www.emplea-te.com\/noticias-oposiciones\/ayuntamiento-de-santiago-de-compostela-proceso-selectivo-convocado-para-cubrir-8-plazas-de-tecnico-de-gestion-a2-correccion-bases-convocatoria-referentes-al-primer-ejercicio\/#article","isPartOf":{"@id":"https:\/\/www.emplea-te.com\/noticias-oposiciones\/ayuntamiento-de-santiago-de-compostela-proceso-selectivo-convocado-para-cubrir-8-plazas-de-tecnico-de-gestion-a2-correccion-bases-convocatoria-referentes-al-primer-ejercicio\/"},"author":{"name":"Empleate","@id":"https:\/\/www.emplea-te.com\/noticias-oposiciones\/#\/schema\/person\/d1bc587e1af2b95e9c32aba1795509a6"},"headline":"Ayuntamiento de Santiago de Compostela. Proceso selectivo convocado para cubrir 8 plazas de T\u00e9cnico de Gesti\u00f3n A2. Correcci\u00f3n bases convocatoria referentes al primer ejercicio.","datePublished":"2023-09-28T07:42:32+00:00","mainEntityOfPage":{"@id":"https:\/\/www.emplea-te.com\/noticias-oposiciones\/ayuntamiento-de-santiago-de-compostela-proceso-selectivo-convocado-para-cubrir-8-plazas-de-tecnico-de-gestion-a2-correccion-bases-convocatoria-referentes-al-primer-ejercicio\/"},"wordCount":305,"publisher":{"@id":"https:\/\/www.emplea-te.com\/noticias-oposiciones\/#organization"},"keywords":["Convocatoria","Informaci\u00f3n procesos selectivos"],"articleSection":["Convocatorias Ayuntamientos","Oposiciones Auton\u00f3micas Galicia"],"inLanguage":"es"},{"@type":"WebPage","@id":"https:\/\/www.emplea-te.com\/noticias-oposiciones\/ayuntamiento-de-santiago-de-compostela-proceso-selectivo-convocado-para-cubrir-8-plazas-de-tecnico-de-gestion-a2-correccion-bases-convocatoria-referentes-al-primer-ejercicio\/","url":"https:\/\/www.emplea-te.com\/noticias-oposiciones\/ayuntamiento-de-santiago-de-compostela-proceso-selectivo-convocado-para-cubrir-8-plazas-de-tecnico-de-gestion-a2-correccion-bases-convocatoria-referentes-al-primer-ejercicio\/","name":"Ayuntamiento de Santiago de Compostela. Proceso selectivo","isPartOf":{"@id":"https:\/\/www.emplea-te.com\/noticias-oposiciones\/#website"},"datePublished":"2023-09-28T07:42:32+00:00","description":"Ayuntamiento de Santiago de Compostela. Proceso selectivo convocado para cubrir 8 plazas de T\u00e9cnico de Gesti\u00f3n A2. Correcci\u00f3n bases convocatoria referentes al primer ejercicio.","breadcrumb":{"@id":"https:\/\/www.emplea-te.com\/noticias-oposiciones\/ayuntamiento-de-santiago-de-compostela-proceso-selectivo-convocado-para-cubrir-8-plazas-de-tecnico-de-gestion-a2-correccion-bases-convocatoria-referentes-al-primer-ejercicio\/#breadcrumb"},"inLanguage":"es","potentialAction":[{"@type":"ReadAction","target":["https:\/\/www.emplea-te.com\/noticias-oposiciones\/ayuntamiento-de-santiago-de-compostela-proceso-selectivo-convocado-para-cubrir-8-plazas-de-tecnico-de-gestion-a2-correccion-bases-convocatoria-referentes-al-primer-ejercicio\/"]}]},{"@type":"BreadcrumbList","@id":"https:\/\/www.emplea-te.com\/noticias-oposiciones\/ayuntamiento-de-santiago-de-compostela-proceso-selectivo-convocado-para-cubrir-8-plazas-de-tecnico-de-gestion-a2-correccion-bases-convocatoria-referentes-al-primer-ejercicio\/#breadcrumb","itemListElement":[{"@type":"ListItem","position":1,"name":"Noticias Oposiciones","item":"https:\/\/www.emplea-te.com\/noticias-oposiciones\/"},{"@type":"ListItem","position":2,"name":"Oposiciones Auton\u00f3micas Galicia","item":"https:\/\/www.emplea-te.com\/noticias-oposiciones\/categoria\/oposiciones-autonomicas-galicia\/"},{"@type":"ListItem","position":3,"name":"Ayuntamiento de Santiago de Compostela. Proceso selectivo convocado para cubrir 8 plazas de T\u00e9cnico de Gesti\u00f3n A2. Correcci\u00f3n bases convocatoria referentes al primer ejercicio."}]},{"@type":"WebSite","@id":"https:\/\/www.emplea-te.com\/noticias-oposiciones\/#website","url":"https:\/\/www.emplea-te.com\/noticias-oposiciones\/","name":"Noticas de oposiciones por Academia Emplea-te","description":"Toda la actualidad de las ofertas y convocatorias.","publisher":{"@id":"https:\/\/www.emplea-te.com\/noticias-oposiciones\/#organization"},"potentialAction":[{"@type":"SearchAction","target":{"@type":"EntryPoint","urlTemplate":"https:\/\/www.emplea-te.com\/noticias-oposiciones\/?s={search_term_string}"},"query-input":{"@type":"PropertyValueSpecification","valueRequired":true,"valueName":"search_term_string"}}],"inLanguage":"es"},{"@type":"Organization","@id":"https:\/\/www.emplea-te.com\/noticias-oposiciones\/#organization","name":"Academia de oposiciones Empl\u00e9ate","url":"https:\/\/www.emplea-te.com\/noticias-oposiciones\/","logo":{"@type":"ImageObject","inLanguage":"es","@id":"https:\/\/www.emplea-te.com\/noticias-oposiciones\/#\/schema\/logo\/image\/","url":"https:\/\/www.emplea-te.com\/noticias-oposiciones\/wp-content\/uploads\/2019\/04\/empleate.jpg","contentUrl":"https:\/\/www.emplea-te.com\/noticias-oposiciones\/wp-content\/uploads\/2019\/04\/empleate.jpg","width":250,"height":150,"caption":"Academia de oposiciones Empl\u00e9ate"},"image":{"@id":"https:\/\/www.emplea-te.com\/noticias-oposiciones\/#\/schema\/logo\/image\/"},"sameAs":["https:\/\/www.facebook.com\/AcademiaEmpleate\/","https:\/\/x.com\/Emplea_Te","https:\/\/www.instagram.com\/academia_empleate\/"]},{"@type":"Person","@id":"https:\/\/www.emplea-te.com\/noticias-oposiciones\/#\/schema\/person\/d1bc587e1af2b95e9c32aba1795509a6","name":"Empleate"}]}},"_links":{"self":[{"href":"https:\/\/www.emplea-te.com\/noticias-oposiciones\/wp-json\/wp\/v2\/posts\/10758","targetHints":{"allow":["GET"]}}],"collection":[{"href":"https:\/\/www.emplea-te.com\/noticias-oposiciones\/wp-json\/wp\/v2\/posts"}],"about":[{"href":"https:\/\/www.emplea-te.com\/noticias-oposiciones\/wp-json\/wp\/v2\/types\/post"}],"author":[{"embeddable":true,"href":"https:\/\/www.emplea-te.com\/noticias-oposiciones\/wp-json\/wp\/v2\/users\/1"}],"replies":[{"embeddable":true,"href":"https:\/\/www.emplea-te.com\/noticias-oposiciones\/wp-json\/wp\/v2\/comments?post=10758"}],"version-history":[{"count":1,"href":"https:\/\/www.emplea-te.com\/noticias-oposiciones\/wp-json\/wp\/v2\/posts\/10758\/revisions"}],"predecessor-version":[{"id":10759,"href":"https:\/\/www.emplea-te.com\/noticias-oposiciones\/wp-json\/wp\/v2\/posts\/10758\/revisions\/10759"}],"wp:attachment":[{"href":"https:\/\/www.emplea-te.com\/noticias-oposiciones\/wp-json\/wp\/v2\/media?parent=10758"}],"wp:term":[{"taxonomy":"category","embeddable":true,"href":"https:\/\/www.emplea-te.com\/noticias-oposiciones\/wp-json\/wp\/v2\/categories?post=10758"},{"taxonomy":"post_tag","embeddable":true,"href":"https:\/\/www.emplea-te.com\/noticias-oposiciones\/wp-json\/wp\/v2\/tags?post=10758"}],"curies":[{"name":"wp","href":"https:\/\/api.w.org\/{rel}","templated":true}]}}