{"id":10785,"date":"2023-10-03T10:30:41","date_gmt":"2023-10-03T08:30:41","guid":{"rendered":"https:\/\/www.emplea-te.com\/noticias-oposiciones\/?p=10785"},"modified":"2023-10-03T10:32:17","modified_gmt":"2023-10-03T08:32:17","slug":"xunta-de-galicia-escala-de-finanzas-a2-turno-libre-y-promocion-interna-convocatoria-2021-regulacion-periodo-practicas-eleccion-destino-y-modificacion-baremacion-definitiva-fase-de-concurso","status":"publish","type":"post","link":"https:\/\/www.emplea-te.com\/noticias-oposiciones\/xunta-de-galicia-escala-de-finanzas-a2-turno-libre-y-promocion-interna-convocatoria-2021-regulacion-periodo-practicas-eleccion-destino-y-modificacion-baremacion-definitiva-fase-de-concurso\/","title":{"rendered":"Xunta de Galicia. Escala de Finanzas A2 turno libre y promoci\u00f3n interna. Convocatoria 2021. Regulaci\u00f3n per\u00edodo pr\u00e1cticas , elecci\u00f3n destino y modificaci\u00f3n baremaci\u00f3n definitiva fase de concurso."},"content":{"rendered":"<p>Se publican en el DOG de hoy, d\u00eda 3 de octubre de 2023, distintas Resoluciones referentes al proceso selectivo convocado por Resoluci\u00f3n de 31 de mayo de 2021 para cubrir plazas de Escala T\u00e9cnica de Finanzas A2 por turno libre y promoci\u00f3n interna .<\/p>\n<p>Resoluci\u00f3n de 28 de septiembre de 2023 por la que se regula el per\u00edodo de pr\u00e1cticas de las personas aspirantes que superaron las fases de oposici\u00f3n y de concurso de los procesos selectivos para el ingreso, por los turnos de acceso libre y de promoci\u00f3n interna, en el cuerpo superior de la Administraci\u00f3n general de la Comunidad Aut\u00f3noma de Galicia, subgrupo A1, escala superior de finanzas, convocado por la Resoluci\u00f3n de 31 de mayo de 2021, y para el ingreso, por el turno de acceso libre y promoci\u00f3n interna, en el cuerpo de gesti\u00f3n de la Administraci\u00f3n general de la Comunidad Aut\u00f3noma de Galicia, subgrupo A2, escala t\u00e9cnica de finanzas, convocado por la Resoluci\u00f3n de 31 de mayo de 2021.<br \/>\n<a href=\"https:\/\/www.xunta.gal\/dog\/Publicados\/2023\/20231003\/AnuncioG0597-280923-0006_es.html\" target=\"_blank\" rel=\"noopener\"><strong>Enlace<\/strong><\/a><\/p>\n<p>Resoluci\u00f3n de 2 de octubre de 2023 por la que se les convoca para la elecci\u00f3n de destino en pr\u00e1cticas y se procede al nombramiento como personal funcionario en pr\u00e1cticas de las personas aspirantes que superaron las fases de oposici\u00f3n y de concurso del proceso selectivo para el ingreso, por los turnos de acceso libre y de promoci\u00f3n interna, en el cuerpo superior de la Administraci\u00f3n general de la Comunidad Aut\u00f3noma de Galicia, subgrupo A1, escala superior de finanzas, convocado por la Resoluci\u00f3n de 31 de mayo de 2021, y de las personas aspirantes que superaron las fases de oposici\u00f3n y de concurso del proceso selectivo para el ingreso, por el turno de acceso libre y promoci\u00f3n interna, en el cuerpo de gesti\u00f3n de la Administraci\u00f3n general de la Comunidad Aut\u00f3noma de Galicia, subgrupo A2, escala t\u00e9cnica de finanzas, convocado por la Resoluci\u00f3n de 31 de mayo de 2021.<br \/>\n<a href=\"https:\/\/www.xunta.gal\/dog\/Publicados\/2023\/20231003\/AnuncioG0597-280923-0005_es.html\" target=\"_blank\" rel=\"noopener\"><strong>Enlace<\/strong><\/a><\/p>\n<p>Resoluci\u00f3n de 2 de octubre de 2023, del tribunal calificador del proceso selectivo para el ingreso, por el turno de acceso libre y promoci\u00f3n interna, en el cuerpo de gesti\u00f3n de la Administraci\u00f3n general de la Comunidad Aut\u00f3noma de Galicia, subgrupo A2, escala t\u00e9cnica de finanzas, convocado por Resoluci\u00f3n de 31 de mayo de 2021 (Diario Oficial de Galicia n\u00famero 115, de 18 de junio), por la que se modifica la baremaci\u00f3n definitiva de la fase de concurso y el orden en la relaci\u00f3n de aspirantes que superaron el proceso selectivo.<br \/>\n<a href=\"https:\/\/www.xunta.gal\/dog\/Publicados\/2023\/20231003\/AnuncioG0597-021023-0010_es.html\" target=\"_blank\" rel=\"noopener\"><strong>Enlace<\/strong><\/a><\/p>\n","protected":false},"excerpt":{"rendered":"<p>Se publican en el DOG de hoy, d\u00eda 3 de octubre de 2023, distintas Resoluciones referentes al proceso selectivo convocado por Resoluci\u00f3n de 31 de mayo de 2021 para cubrir plazas de Escala T\u00e9cnica de Finanzas A2 por turno libre y promoci\u00f3n interna . Resoluci\u00f3n de 28 de septiembre de 2023 por la que se &hellip; <a href=\"https:\/\/www.emplea-te.com\/noticias-oposiciones\/xunta-de-galicia-escala-de-finanzas-a2-turno-libre-y-promocion-interna-convocatoria-2021-regulacion-periodo-practicas-eleccion-destino-y-modificacion-baremacion-definitiva-fase-de-concurso\/\" class=\"more-link\">Continuar leyendo<span class=\"screen-reader-text\"> \u00abXunta de Galicia. Escala de Finanzas A2 turno libre y promoci\u00f3n interna. Convocatoria 2021. Regulaci\u00f3n per\u00edodo pr\u00e1cticas , elecci\u00f3n destino y modificaci\u00f3n baremaci\u00f3n definitiva fase de concurso.\u00bb<\/span><\/a><\/p>\n","protected":false},"author":1,"featured_media":0,"comment_status":"closed","ping_status":"closed","sticky":false,"template":"","format":"standard","meta":{"footnotes":""},"categories":[56,4],"tags":[88,103],"class_list":["post-10785","post","type-post","status-publish","format-standard","hentry","category-oposiciones-autonomicas-galicia","category-oposiciones-xunta","tag-aprobados-proceso-selectivo","tag-informacion-procesos-selectivos"],"yoast_head":"<!-- This site is optimized with the Yoast SEO plugin v27.5 - https:\/\/yoast.com\/product\/yoast-seo-wordpress\/ -->\n<title>Xunta de Galicia. Escala de Finanzas A2 turno libre y P.I<\/title>\n<meta name=\"description\" content=\"Xunta de Galicia. Escala de Finanzas A2 turno libre y promoci\u00f3n interna. Convocatoria 2021. Regulaci\u00f3n per\u00edodo pr\u00e1cticas , elecci\u00f3n destino y modificaci\u00f3n baremaci\u00f3n definitiva fase de concurso.\" \/>\n<meta name=\"robots\" content=\"index, follow, max-snippet:-1, max-image-preview:large, max-video-preview:-1\" \/>\n<link rel=\"canonical\" href=\"https:\/\/www.emplea-te.com\/noticias-oposiciones\/xunta-de-galicia-escala-de-finanzas-a2-turno-libre-y-promocion-interna-convocatoria-2021-regulacion-periodo-practicas-eleccion-destino-y-modificacion-baremacion-definitiva-fase-de-concurso\/\" \/>\n<meta property=\"og:locale\" content=\"es_ES\" \/>\n<meta property=\"og:type\" content=\"article\" \/>\n<meta property=\"og:title\" content=\"Xunta de Galicia. Escala de Finanzas A2 turno libre y P.I\" \/>\n<meta property=\"og:description\" content=\"Xunta de Galicia. Escala de Finanzas A2 turno libre y promoci\u00f3n interna. Convocatoria 2021. Regulaci\u00f3n per\u00edodo pr\u00e1cticas , elecci\u00f3n destino y modificaci\u00f3n baremaci\u00f3n definitiva fase de concurso.\" \/>\n<meta property=\"og:url\" content=\"https:\/\/www.emplea-te.com\/noticias-oposiciones\/xunta-de-galicia-escala-de-finanzas-a2-turno-libre-y-promocion-interna-convocatoria-2021-regulacion-periodo-practicas-eleccion-destino-y-modificacion-baremacion-definitiva-fase-de-concurso\/\" \/>\n<meta property=\"og:site_name\" content=\"Noticas de oposiciones por Academia Emplea-te\" \/>\n<meta property=\"article:publisher\" content=\"https:\/\/www.facebook.com\/AcademiaEmpleate\/\" \/>\n<meta property=\"article:published_time\" content=\"2023-10-03T08:30:41+00:00\" \/>\n<meta property=\"article:modified_time\" content=\"2023-10-03T08:32:17+00:00\" \/>\n<meta name=\"author\" content=\"Empleate\" \/>\n<meta name=\"twitter:card\" content=\"summary_large_image\" \/>\n<meta name=\"twitter:creator\" content=\"@Emplea_Te\" \/>\n<meta name=\"twitter:site\" content=\"@Emplea_Te\" \/>\n<meta name=\"twitter:label1\" content=\"Escrito por\" \/>\n\t<meta name=\"twitter:data1\" content=\"Empleate\" \/>\n\t<meta name=\"twitter:label2\" content=\"Tiempo de lectura\" \/>\n\t<meta name=\"twitter:data2\" content=\"2 minutos\" \/>\n<script type=\"application\/ld+json\" class=\"yoast-schema-graph\">{\"@context\":\"https:\\\/\\\/schema.org\",\"@graph\":[{\"@type\":\"Article\",\"@id\":\"https:\\\/\\\/www.emplea-te.com\\\/noticias-oposiciones\\\/xunta-de-galicia-escala-de-finanzas-a2-turno-libre-y-promocion-interna-convocatoria-2021-regulacion-periodo-practicas-eleccion-destino-y-modificacion-baremacion-definitiva-fase-de-concurso\\\/#article\",\"isPartOf\":{\"@id\":\"https:\\\/\\\/www.emplea-te.com\\\/noticias-oposiciones\\\/xunta-de-galicia-escala-de-finanzas-a2-turno-libre-y-promocion-interna-convocatoria-2021-regulacion-periodo-practicas-eleccion-destino-y-modificacion-baremacion-definitiva-fase-de-concurso\\\/\"},\"author\":{\"name\":\"Empleate\",\"@id\":\"https:\\\/\\\/www.emplea-te.com\\\/noticias-oposiciones\\\/#\\\/schema\\\/person\\\/d1bc587e1af2b95e9c32aba1795509a6\"},\"headline\":\"Xunta de Galicia. Escala de Finanzas A2 turno libre y promoci\u00f3n interna. Convocatoria 2021. Regulaci\u00f3n per\u00edodo pr\u00e1cticas , elecci\u00f3n destino y modificaci\u00f3n baremaci\u00f3n definitiva fase de concurso.\",\"datePublished\":\"2023-10-03T08:30:41+00:00\",\"dateModified\":\"2023-10-03T08:32:17+00:00\",\"mainEntityOfPage\":{\"@id\":\"https:\\\/\\\/www.emplea-te.com\\\/noticias-oposiciones\\\/xunta-de-galicia-escala-de-finanzas-a2-turno-libre-y-promocion-interna-convocatoria-2021-regulacion-periodo-practicas-eleccion-destino-y-modificacion-baremacion-definitiva-fase-de-concurso\\\/\"},\"wordCount\":460,\"publisher\":{\"@id\":\"https:\\\/\\\/www.emplea-te.com\\\/noticias-oposiciones\\\/#organization\"},\"keywords\":[\"Aprobados proceso selectivo\",\"Informaci\u00f3n procesos selectivos\"],\"articleSection\":[\"Oposiciones Auton\u00f3micas Galicia\",\"Oposiciones Xunta\"],\"inLanguage\":\"es\"},{\"@type\":\"WebPage\",\"@id\":\"https:\\\/\\\/www.emplea-te.com\\\/noticias-oposiciones\\\/xunta-de-galicia-escala-de-finanzas-a2-turno-libre-y-promocion-interna-convocatoria-2021-regulacion-periodo-practicas-eleccion-destino-y-modificacion-baremacion-definitiva-fase-de-concurso\\\/\",\"url\":\"https:\\\/\\\/www.emplea-te.com\\\/noticias-oposiciones\\\/xunta-de-galicia-escala-de-finanzas-a2-turno-libre-y-promocion-interna-convocatoria-2021-regulacion-periodo-practicas-eleccion-destino-y-modificacion-baremacion-definitiva-fase-de-concurso\\\/\",\"name\":\"Xunta de Galicia. Escala de Finanzas A2 turno libre y P.I\",\"isPartOf\":{\"@id\":\"https:\\\/\\\/www.emplea-te.com\\\/noticias-oposiciones\\\/#website\"},\"datePublished\":\"2023-10-03T08:30:41+00:00\",\"dateModified\":\"2023-10-03T08:32:17+00:00\",\"description\":\"Xunta de Galicia. Escala de Finanzas A2 turno libre y promoci\u00f3n interna. Convocatoria 2021. Regulaci\u00f3n per\u00edodo pr\u00e1cticas , elecci\u00f3n destino y modificaci\u00f3n baremaci\u00f3n definitiva fase de concurso.\",\"breadcrumb\":{\"@id\":\"https:\\\/\\\/www.emplea-te.com\\\/noticias-oposiciones\\\/xunta-de-galicia-escala-de-finanzas-a2-turno-libre-y-promocion-interna-convocatoria-2021-regulacion-periodo-practicas-eleccion-destino-y-modificacion-baremacion-definitiva-fase-de-concurso\\\/#breadcrumb\"},\"inLanguage\":\"es\",\"potentialAction\":[{\"@type\":\"ReadAction\",\"target\":[\"https:\\\/\\\/www.emplea-te.com\\\/noticias-oposiciones\\\/xunta-de-galicia-escala-de-finanzas-a2-turno-libre-y-promocion-interna-convocatoria-2021-regulacion-periodo-practicas-eleccion-destino-y-modificacion-baremacion-definitiva-fase-de-concurso\\\/\"]}]},{\"@type\":\"BreadcrumbList\",\"@id\":\"https:\\\/\\\/www.emplea-te.com\\\/noticias-oposiciones\\\/xunta-de-galicia-escala-de-finanzas-a2-turno-libre-y-promocion-interna-convocatoria-2021-regulacion-periodo-practicas-eleccion-destino-y-modificacion-baremacion-definitiva-fase-de-concurso\\\/#breadcrumb\",\"itemListElement\":[{\"@type\":\"ListItem\",\"position\":1,\"name\":\"Noticias Oposiciones\",\"item\":\"https:\\\/\\\/www.emplea-te.com\\\/noticias-oposiciones\\\/\"},{\"@type\":\"ListItem\",\"position\":2,\"name\":\"Oposiciones Xunta\",\"item\":\"https:\\\/\\\/www.emplea-te.com\\\/noticias-oposiciones\\\/categoria\\\/oposiciones-xunta\\\/\"},{\"@type\":\"ListItem\",\"position\":3,\"name\":\"Xunta de Galicia. Escala de Finanzas A2 turno libre y promoci\u00f3n interna. Convocatoria 2021. Regulaci\u00f3n per\u00edodo pr\u00e1cticas , elecci\u00f3n destino y modificaci\u00f3n baremaci\u00f3n definitiva fase de concurso.\"}]},{\"@type\":\"WebSite\",\"@id\":\"https:\\\/\\\/www.emplea-te.com\\\/noticias-oposiciones\\\/#website\",\"url\":\"https:\\\/\\\/www.emplea-te.com\\\/noticias-oposiciones\\\/\",\"name\":\"Noticas de oposiciones por Academia Emplea-te\",\"description\":\"Toda la actualidad de las ofertas y convocatorias.\",\"publisher\":{\"@id\":\"https:\\\/\\\/www.emplea-te.com\\\/noticias-oposiciones\\\/#organization\"},\"potentialAction\":[{\"@type\":\"SearchAction\",\"target\":{\"@type\":\"EntryPoint\",\"urlTemplate\":\"https:\\\/\\\/www.emplea-te.com\\\/noticias-oposiciones\\\/?s={search_term_string}\"},\"query-input\":{\"@type\":\"PropertyValueSpecification\",\"valueRequired\":true,\"valueName\":\"search_term_string\"}}],\"inLanguage\":\"es\"},{\"@type\":\"Organization\",\"@id\":\"https:\\\/\\\/www.emplea-te.com\\\/noticias-oposiciones\\\/#organization\",\"name\":\"Academia de oposiciones Empl\u00e9ate\",\"url\":\"https:\\\/\\\/www.emplea-te.com\\\/noticias-oposiciones\\\/\",\"logo\":{\"@type\":\"ImageObject\",\"inLanguage\":\"es\",\"@id\":\"https:\\\/\\\/www.emplea-te.com\\\/noticias-oposiciones\\\/#\\\/schema\\\/logo\\\/image\\\/\",\"url\":\"https:\\\/\\\/www.emplea-te.com\\\/noticias-oposiciones\\\/wp-content\\\/uploads\\\/2019\\\/04\\\/empleate.jpg\",\"contentUrl\":\"https:\\\/\\\/www.emplea-te.com\\\/noticias-oposiciones\\\/wp-content\\\/uploads\\\/2019\\\/04\\\/empleate.jpg\",\"width\":250,\"height\":150,\"caption\":\"Academia de oposiciones Empl\u00e9ate\"},\"image\":{\"@id\":\"https:\\\/\\\/www.emplea-te.com\\\/noticias-oposiciones\\\/#\\\/schema\\\/logo\\\/image\\\/\"},\"sameAs\":[\"https:\\\/\\\/www.facebook.com\\\/AcademiaEmpleate\\\/\",\"https:\\\/\\\/x.com\\\/Emplea_Te\",\"https:\\\/\\\/www.instagram.com\\\/academia_empleate\\\/\"]},{\"@type\":\"Person\",\"@id\":\"https:\\\/\\\/www.emplea-te.com\\\/noticias-oposiciones\\\/#\\\/schema\\\/person\\\/d1bc587e1af2b95e9c32aba1795509a6\",\"name\":\"Empleate\"}]}<\/script>\n<!-- \/ Yoast SEO plugin. -->","yoast_head_json":{"title":"Xunta de Galicia. Escala de Finanzas A2 turno libre y P.I","description":"Xunta de Galicia. Escala de Finanzas A2 turno libre y promoci\u00f3n interna. Convocatoria 2021. Regulaci\u00f3n per\u00edodo pr\u00e1cticas , elecci\u00f3n destino y modificaci\u00f3n baremaci\u00f3n definitiva fase de concurso.","robots":{"index":"index","follow":"follow","max-snippet":"max-snippet:-1","max-image-preview":"max-image-preview:large","max-video-preview":"max-video-preview:-1"},"canonical":"https:\/\/www.emplea-te.com\/noticias-oposiciones\/xunta-de-galicia-escala-de-finanzas-a2-turno-libre-y-promocion-interna-convocatoria-2021-regulacion-periodo-practicas-eleccion-destino-y-modificacion-baremacion-definitiva-fase-de-concurso\/","og_locale":"es_ES","og_type":"article","og_title":"Xunta de Galicia. Escala de Finanzas A2 turno libre y P.I","og_description":"Xunta de Galicia. Escala de Finanzas A2 turno libre y promoci\u00f3n interna. Convocatoria 2021. Regulaci\u00f3n per\u00edodo pr\u00e1cticas , elecci\u00f3n destino y modificaci\u00f3n baremaci\u00f3n definitiva fase de concurso.","og_url":"https:\/\/www.emplea-te.com\/noticias-oposiciones\/xunta-de-galicia-escala-de-finanzas-a2-turno-libre-y-promocion-interna-convocatoria-2021-regulacion-periodo-practicas-eleccion-destino-y-modificacion-baremacion-definitiva-fase-de-concurso\/","og_site_name":"Noticas de oposiciones por Academia Emplea-te","article_publisher":"https:\/\/www.facebook.com\/AcademiaEmpleate\/","article_published_time":"2023-10-03T08:30:41+00:00","article_modified_time":"2023-10-03T08:32:17+00:00","author":"Empleate","twitter_card":"summary_large_image","twitter_creator":"@Emplea_Te","twitter_site":"@Emplea_Te","twitter_misc":{"Escrito por":"Empleate","Tiempo de lectura":"2 minutos"},"schema":{"@context":"https:\/\/schema.org","@graph":[{"@type":"Article","@id":"https:\/\/www.emplea-te.com\/noticias-oposiciones\/xunta-de-galicia-escala-de-finanzas-a2-turno-libre-y-promocion-interna-convocatoria-2021-regulacion-periodo-practicas-eleccion-destino-y-modificacion-baremacion-definitiva-fase-de-concurso\/#article","isPartOf":{"@id":"https:\/\/www.emplea-te.com\/noticias-oposiciones\/xunta-de-galicia-escala-de-finanzas-a2-turno-libre-y-promocion-interna-convocatoria-2021-regulacion-periodo-practicas-eleccion-destino-y-modificacion-baremacion-definitiva-fase-de-concurso\/"},"author":{"name":"Empleate","@id":"https:\/\/www.emplea-te.com\/noticias-oposiciones\/#\/schema\/person\/d1bc587e1af2b95e9c32aba1795509a6"},"headline":"Xunta de Galicia. Escala de Finanzas A2 turno libre y promoci\u00f3n interna. Convocatoria 2021. Regulaci\u00f3n per\u00edodo pr\u00e1cticas , elecci\u00f3n destino y modificaci\u00f3n baremaci\u00f3n definitiva fase de concurso.","datePublished":"2023-10-03T08:30:41+00:00","dateModified":"2023-10-03T08:32:17+00:00","mainEntityOfPage":{"@id":"https:\/\/www.emplea-te.com\/noticias-oposiciones\/xunta-de-galicia-escala-de-finanzas-a2-turno-libre-y-promocion-interna-convocatoria-2021-regulacion-periodo-practicas-eleccion-destino-y-modificacion-baremacion-definitiva-fase-de-concurso\/"},"wordCount":460,"publisher":{"@id":"https:\/\/www.emplea-te.com\/noticias-oposiciones\/#organization"},"keywords":["Aprobados proceso selectivo","Informaci\u00f3n procesos selectivos"],"articleSection":["Oposiciones Auton\u00f3micas Galicia","Oposiciones Xunta"],"inLanguage":"es"},{"@type":"WebPage","@id":"https:\/\/www.emplea-te.com\/noticias-oposiciones\/xunta-de-galicia-escala-de-finanzas-a2-turno-libre-y-promocion-interna-convocatoria-2021-regulacion-periodo-practicas-eleccion-destino-y-modificacion-baremacion-definitiva-fase-de-concurso\/","url":"https:\/\/www.emplea-te.com\/noticias-oposiciones\/xunta-de-galicia-escala-de-finanzas-a2-turno-libre-y-promocion-interna-convocatoria-2021-regulacion-periodo-practicas-eleccion-destino-y-modificacion-baremacion-definitiva-fase-de-concurso\/","name":"Xunta de Galicia. Escala de Finanzas A2 turno libre y P.I","isPartOf":{"@id":"https:\/\/www.emplea-te.com\/noticias-oposiciones\/#website"},"datePublished":"2023-10-03T08:30:41+00:00","dateModified":"2023-10-03T08:32:17+00:00","description":"Xunta de Galicia. Escala de Finanzas A2 turno libre y promoci\u00f3n interna. Convocatoria 2021. Regulaci\u00f3n per\u00edodo pr\u00e1cticas , elecci\u00f3n destino y modificaci\u00f3n baremaci\u00f3n definitiva fase de concurso.","breadcrumb":{"@id":"https:\/\/www.emplea-te.com\/noticias-oposiciones\/xunta-de-galicia-escala-de-finanzas-a2-turno-libre-y-promocion-interna-convocatoria-2021-regulacion-periodo-practicas-eleccion-destino-y-modificacion-baremacion-definitiva-fase-de-concurso\/#breadcrumb"},"inLanguage":"es","potentialAction":[{"@type":"ReadAction","target":["https:\/\/www.emplea-te.com\/noticias-oposiciones\/xunta-de-galicia-escala-de-finanzas-a2-turno-libre-y-promocion-interna-convocatoria-2021-regulacion-periodo-practicas-eleccion-destino-y-modificacion-baremacion-definitiva-fase-de-concurso\/"]}]},{"@type":"BreadcrumbList","@id":"https:\/\/www.emplea-te.com\/noticias-oposiciones\/xunta-de-galicia-escala-de-finanzas-a2-turno-libre-y-promocion-interna-convocatoria-2021-regulacion-periodo-practicas-eleccion-destino-y-modificacion-baremacion-definitiva-fase-de-concurso\/#breadcrumb","itemListElement":[{"@type":"ListItem","position":1,"name":"Noticias Oposiciones","item":"https:\/\/www.emplea-te.com\/noticias-oposiciones\/"},{"@type":"ListItem","position":2,"name":"Oposiciones Xunta","item":"https:\/\/www.emplea-te.com\/noticias-oposiciones\/categoria\/oposiciones-xunta\/"},{"@type":"ListItem","position":3,"name":"Xunta de Galicia. Escala de Finanzas A2 turno libre y promoci\u00f3n interna. Convocatoria 2021. Regulaci\u00f3n per\u00edodo pr\u00e1cticas , elecci\u00f3n destino y modificaci\u00f3n baremaci\u00f3n definitiva fase de concurso."}]},{"@type":"WebSite","@id":"https:\/\/www.emplea-te.com\/noticias-oposiciones\/#website","url":"https:\/\/www.emplea-te.com\/noticias-oposiciones\/","name":"Noticas de oposiciones por Academia Emplea-te","description":"Toda la actualidad de las ofertas y convocatorias.","publisher":{"@id":"https:\/\/www.emplea-te.com\/noticias-oposiciones\/#organization"},"potentialAction":[{"@type":"SearchAction","target":{"@type":"EntryPoint","urlTemplate":"https:\/\/www.emplea-te.com\/noticias-oposiciones\/?s={search_term_string}"},"query-input":{"@type":"PropertyValueSpecification","valueRequired":true,"valueName":"search_term_string"}}],"inLanguage":"es"},{"@type":"Organization","@id":"https:\/\/www.emplea-te.com\/noticias-oposiciones\/#organization","name":"Academia de oposiciones Empl\u00e9ate","url":"https:\/\/www.emplea-te.com\/noticias-oposiciones\/","logo":{"@type":"ImageObject","inLanguage":"es","@id":"https:\/\/www.emplea-te.com\/noticias-oposiciones\/#\/schema\/logo\/image\/","url":"https:\/\/www.emplea-te.com\/noticias-oposiciones\/wp-content\/uploads\/2019\/04\/empleate.jpg","contentUrl":"https:\/\/www.emplea-te.com\/noticias-oposiciones\/wp-content\/uploads\/2019\/04\/empleate.jpg","width":250,"height":150,"caption":"Academia de oposiciones Empl\u00e9ate"},"image":{"@id":"https:\/\/www.emplea-te.com\/noticias-oposiciones\/#\/schema\/logo\/image\/"},"sameAs":["https:\/\/www.facebook.com\/AcademiaEmpleate\/","https:\/\/x.com\/Emplea_Te","https:\/\/www.instagram.com\/academia_empleate\/"]},{"@type":"Person","@id":"https:\/\/www.emplea-te.com\/noticias-oposiciones\/#\/schema\/person\/d1bc587e1af2b95e9c32aba1795509a6","name":"Empleate"}]}},"_links":{"self":[{"href":"https:\/\/www.emplea-te.com\/noticias-oposiciones\/wp-json\/wp\/v2\/posts\/10785","targetHints":{"allow":["GET"]}}],"collection":[{"href":"https:\/\/www.emplea-te.com\/noticias-oposiciones\/wp-json\/wp\/v2\/posts"}],"about":[{"href":"https:\/\/www.emplea-te.com\/noticias-oposiciones\/wp-json\/wp\/v2\/types\/post"}],"author":[{"embeddable":true,"href":"https:\/\/www.emplea-te.com\/noticias-oposiciones\/wp-json\/wp\/v2\/users\/1"}],"replies":[{"embeddable":true,"href":"https:\/\/www.emplea-te.com\/noticias-oposiciones\/wp-json\/wp\/v2\/comments?post=10785"}],"version-history":[{"count":1,"href":"https:\/\/www.emplea-te.com\/noticias-oposiciones\/wp-json\/wp\/v2\/posts\/10785\/revisions"}],"predecessor-version":[{"id":10786,"href":"https:\/\/www.emplea-te.com\/noticias-oposiciones\/wp-json\/wp\/v2\/posts\/10785\/revisions\/10786"}],"wp:attachment":[{"href":"https:\/\/www.emplea-te.com\/noticias-oposiciones\/wp-json\/wp\/v2\/media?parent=10785"}],"wp:term":[{"taxonomy":"category","embeddable":true,"href":"https:\/\/www.emplea-te.com\/noticias-oposiciones\/wp-json\/wp\/v2\/categories?post=10785"},{"taxonomy":"post_tag","embeddable":true,"href":"https:\/\/www.emplea-te.com\/noticias-oposiciones\/wp-json\/wp\/v2\/tags?post=10785"}],"curies":[{"name":"wp","href":"https:\/\/api.w.org\/{rel}","templated":true}]}}