{"id":11151,"date":"2023-11-27T10:51:03","date_gmt":"2023-11-27T09:51:03","guid":{"rendered":"https:\/\/www.emplea-te.com\/noticias-oposiciones\/?p=11151"},"modified":"2023-11-27T10:51:03","modified_gmt":"2023-11-27T09:51:03","slug":"ayuntamiento-de-madrid-fecha-ejercicio-convocado-para-cubrir-33-plazas-de-auxiliar-administrativo-por-concurso-oposicion","status":"publish","type":"post","link":"https:\/\/www.emplea-te.com\/noticias-oposiciones\/ayuntamiento-de-madrid-fecha-ejercicio-convocado-para-cubrir-33-plazas-de-auxiliar-administrativo-por-concurso-oposicion\/","title":{"rendered":"Ayuntamiento de Madrid. Fecha ejercicio convocado para cubrir 33 plazas de Auxiliar Administrativo por concurso-oposici\u00f3n."},"content":{"rendered":"<p>Se publica en el BOAM de hoy, d\u00eda 27 de noviembre de 2023, el\u00a0Anuncio de 23 de noviembre de 2023 de la CPS-\u00d3rgano de selecci\u00f3n del proceso selectivo para proveer 33 plazas de personal funcionario de la categor\u00eda de Auxiliar Administrativo\/a del Ayuntamiento de Madrid por el sistema de concurso-oposici\u00f3n, convocado para la estabilizaci\u00f3n de empleo temporal, por el que se publica fecha y lugar de celebraci\u00f3n del ejercicio \u00fanico del proceso selectivo.<\/p>\n<p>La prueba se celebrar\u00e1 el 28 de enero de 2024, la hora se publicar\u00e1 en un anuncio posterior, en la Facultad de Derecho de la Universidad Complutense de Madrid, plaza Men\u00e9ndez Pelayo, 4, 28040 Madrid.<\/p>\n<p>Con car\u00e1cter previo a la fecha de realizaci\u00f3n del ejercicio, se publicar\u00e1 en <a href=\"http:\/\/www.madrid.es\" target=\"_blank\" rel=\"noopener\"><strong>www.madrid.es<\/strong><\/a> tanto la hora a la que podr\u00e1 acceder a las instalaciones donde va a tener lugar la realizaci\u00f3n del ejercicio como el aula que le ha sido asignada, debiendo cada aspirante comprobar dicha informaci\u00f3n con antelaci\u00f3n.<\/p>\n<p><a href=\"https:\/\/sede.madrid.es\/FrameWork\/generacionPDF\/boam9518_3439.pdf?numeroPublicacion=9518&amp;idSeccion=fc1d54fa4cdfb810VgnVCM2000001f4a900aRCRD&amp;nombreFichero=boam9518_3439&amp;cacheKey=50&amp;guid=86227a918eceb810VgnVCM1000001d4a900aRCRD&amp;csv=true\" target=\"_blank\" rel=\"noopener\"><strong>Accede al Anuncio con su contenido \u00edntegro desde este enlace.\u00a0<\/strong><\/a><\/p>\n","protected":false},"excerpt":{"rendered":"<p>Se publica en el BOAM de hoy, d\u00eda 27 de noviembre de 2023, el\u00a0Anuncio de 23 de noviembre de 2023 de la CPS-\u00d3rgano de selecci\u00f3n del proceso selectivo para proveer 33 plazas de personal funcionario de la categor\u00eda de Auxiliar Administrativo\/a del Ayuntamiento de Madrid por el sistema de concurso-oposici\u00f3n, convocado para la estabilizaci\u00f3n de &hellip; <a href=\"https:\/\/www.emplea-te.com\/noticias-oposiciones\/ayuntamiento-de-madrid-fecha-ejercicio-convocado-para-cubrir-33-plazas-de-auxiliar-administrativo-por-concurso-oposicion\/\" class=\"more-link\">Continuar leyendo<span class=\"screen-reader-text\"> \u00abAyuntamiento de Madrid. Fecha ejercicio convocado para cubrir 33 plazas de Auxiliar Administrativo por concurso-oposici\u00f3n.\u00bb<\/span><\/a><\/p>\n","protected":false},"author":1,"featured_media":0,"comment_status":"closed","ping_status":"closed","sticky":false,"template":"","format":"standard","meta":{"footnotes":""},"categories":[115,109],"tags":[49,71,103],"class_list":["post-11151","post","type-post","status-publish","format-standard","hentry","category-convocatoria-ayuntamientos","category-oposiciones-madrid","tag-convocatorias-de-oposiciones","tag-fecha-examenes","tag-informacion-procesos-selectivos"],"yoast_head":"<!-- This site is optimized with the Yoast SEO plugin v27.5 - https:\/\/yoast.com\/product\/yoast-seo-wordpress\/ -->\n<title>Ayuntamiento de Madrid. Convocatoria proceso selectivo.<\/title>\n<meta name=\"description\" content=\"Ayuntamiento de Madrid. Fecha ejercicio convocado para cubrir 33 plazas de Auxiliar Administrativo por concurso-oposici\u00f3n.\" \/>\n<meta name=\"robots\" content=\"index, follow, max-snippet:-1, max-image-preview:large, max-video-preview:-1\" \/>\n<link rel=\"canonical\" href=\"https:\/\/www.emplea-te.com\/noticias-oposiciones\/ayuntamiento-de-madrid-fecha-ejercicio-convocado-para-cubrir-33-plazas-de-auxiliar-administrativo-por-concurso-oposicion\/\" \/>\n<meta property=\"og:locale\" content=\"es_ES\" \/>\n<meta property=\"og:type\" content=\"article\" \/>\n<meta property=\"og:title\" content=\"Ayuntamiento de Madrid. Convocatoria proceso selectivo.\" \/>\n<meta property=\"og:description\" content=\"Ayuntamiento de Madrid. Fecha ejercicio convocado para cubrir 33 plazas de Auxiliar Administrativo por concurso-oposici\u00f3n.\" \/>\n<meta property=\"og:url\" content=\"https:\/\/www.emplea-te.com\/noticias-oposiciones\/ayuntamiento-de-madrid-fecha-ejercicio-convocado-para-cubrir-33-plazas-de-auxiliar-administrativo-por-concurso-oposicion\/\" \/>\n<meta property=\"og:site_name\" content=\"Noticas de oposiciones por Academia Emplea-te\" \/>\n<meta property=\"article:publisher\" content=\"https:\/\/www.facebook.com\/AcademiaEmpleate\/\" \/>\n<meta property=\"article:published_time\" content=\"2023-11-27T09:51:03+00:00\" \/>\n<meta name=\"author\" content=\"Empleate\" \/>\n<meta name=\"twitter:card\" content=\"summary_large_image\" \/>\n<meta name=\"twitter:creator\" content=\"@Emplea_Te\" \/>\n<meta name=\"twitter:site\" content=\"@Emplea_Te\" \/>\n<meta name=\"twitter:label1\" content=\"Escrito por\" \/>\n\t<meta name=\"twitter:data1\" content=\"Empleate\" \/>\n\t<meta name=\"twitter:label2\" content=\"Tiempo de lectura\" \/>\n\t<meta name=\"twitter:data2\" content=\"1 minuto\" \/>\n<script type=\"application\/ld+json\" class=\"yoast-schema-graph\">{\"@context\":\"https:\\\/\\\/schema.org\",\"@graph\":[{\"@type\":\"Article\",\"@id\":\"https:\\\/\\\/www.emplea-te.com\\\/noticias-oposiciones\\\/ayuntamiento-de-madrid-fecha-ejercicio-convocado-para-cubrir-33-plazas-de-auxiliar-administrativo-por-concurso-oposicion\\\/#article\",\"isPartOf\":{\"@id\":\"https:\\\/\\\/www.emplea-te.com\\\/noticias-oposiciones\\\/ayuntamiento-de-madrid-fecha-ejercicio-convocado-para-cubrir-33-plazas-de-auxiliar-administrativo-por-concurso-oposicion\\\/\"},\"author\":{\"name\":\"Empleate\",\"@id\":\"https:\\\/\\\/www.emplea-te.com\\\/noticias-oposiciones\\\/#\\\/schema\\\/person\\\/d1bc587e1af2b95e9c32aba1795509a6\"},\"headline\":\"Ayuntamiento de Madrid. Fecha ejercicio convocado para cubrir 33 plazas de Auxiliar Administrativo por concurso-oposici\u00f3n.\",\"datePublished\":\"2023-11-27T09:51:03+00:00\",\"mainEntityOfPage\":{\"@id\":\"https:\\\/\\\/www.emplea-te.com\\\/noticias-oposiciones\\\/ayuntamiento-de-madrid-fecha-ejercicio-convocado-para-cubrir-33-plazas-de-auxiliar-administrativo-por-concurso-oposicion\\\/\"},\"wordCount\":191,\"publisher\":{\"@id\":\"https:\\\/\\\/www.emplea-te.com\\\/noticias-oposiciones\\\/#organization\"},\"keywords\":[\"Convocatoria\",\"Fecha ex\u00e1menes\",\"Informaci\u00f3n procesos selectivos\"],\"articleSection\":[\"CONVOCATORIA AYUNTAMIENTOS\",\"Oposiciones Madrid.\"],\"inLanguage\":\"es\"},{\"@type\":\"WebPage\",\"@id\":\"https:\\\/\\\/www.emplea-te.com\\\/noticias-oposiciones\\\/ayuntamiento-de-madrid-fecha-ejercicio-convocado-para-cubrir-33-plazas-de-auxiliar-administrativo-por-concurso-oposicion\\\/\",\"url\":\"https:\\\/\\\/www.emplea-te.com\\\/noticias-oposiciones\\\/ayuntamiento-de-madrid-fecha-ejercicio-convocado-para-cubrir-33-plazas-de-auxiliar-administrativo-por-concurso-oposicion\\\/\",\"name\":\"Ayuntamiento de Madrid. Convocatoria proceso selectivo.\",\"isPartOf\":{\"@id\":\"https:\\\/\\\/www.emplea-te.com\\\/noticias-oposiciones\\\/#website\"},\"datePublished\":\"2023-11-27T09:51:03+00:00\",\"description\":\"Ayuntamiento de Madrid. Fecha ejercicio convocado para cubrir 33 plazas de Auxiliar Administrativo por concurso-oposici\u00f3n.\",\"breadcrumb\":{\"@id\":\"https:\\\/\\\/www.emplea-te.com\\\/noticias-oposiciones\\\/ayuntamiento-de-madrid-fecha-ejercicio-convocado-para-cubrir-33-plazas-de-auxiliar-administrativo-por-concurso-oposicion\\\/#breadcrumb\"},\"inLanguage\":\"es\",\"potentialAction\":[{\"@type\":\"ReadAction\",\"target\":[\"https:\\\/\\\/www.emplea-te.com\\\/noticias-oposiciones\\\/ayuntamiento-de-madrid-fecha-ejercicio-convocado-para-cubrir-33-plazas-de-auxiliar-administrativo-por-concurso-oposicion\\\/\"]}]},{\"@type\":\"BreadcrumbList\",\"@id\":\"https:\\\/\\\/www.emplea-te.com\\\/noticias-oposiciones\\\/ayuntamiento-de-madrid-fecha-ejercicio-convocado-para-cubrir-33-plazas-de-auxiliar-administrativo-por-concurso-oposicion\\\/#breadcrumb\",\"itemListElement\":[{\"@type\":\"ListItem\",\"position\":1,\"name\":\"Noticias Oposiciones\",\"item\":\"https:\\\/\\\/www.emplea-te.com\\\/noticias-oposiciones\\\/\"},{\"@type\":\"ListItem\",\"position\":2,\"name\":\"Oposiciones Madrid.\",\"item\":\"https:\\\/\\\/www.emplea-te.com\\\/noticias-oposiciones\\\/categoria\\\/oposiciones-madrid\\\/\"},{\"@type\":\"ListItem\",\"position\":3,\"name\":\"Ayuntamiento de Madrid. Fecha ejercicio convocado para cubrir 33 plazas de Auxiliar Administrativo por concurso-oposici\u00f3n.\"}]},{\"@type\":\"WebSite\",\"@id\":\"https:\\\/\\\/www.emplea-te.com\\\/noticias-oposiciones\\\/#website\",\"url\":\"https:\\\/\\\/www.emplea-te.com\\\/noticias-oposiciones\\\/\",\"name\":\"Noticas de oposiciones por Academia Emplea-te\",\"description\":\"Toda la actualidad de las ofertas y convocatorias.\",\"publisher\":{\"@id\":\"https:\\\/\\\/www.emplea-te.com\\\/noticias-oposiciones\\\/#organization\"},\"potentialAction\":[{\"@type\":\"SearchAction\",\"target\":{\"@type\":\"EntryPoint\",\"urlTemplate\":\"https:\\\/\\\/www.emplea-te.com\\\/noticias-oposiciones\\\/?s={search_term_string}\"},\"query-input\":{\"@type\":\"PropertyValueSpecification\",\"valueRequired\":true,\"valueName\":\"search_term_string\"}}],\"inLanguage\":\"es\"},{\"@type\":\"Organization\",\"@id\":\"https:\\\/\\\/www.emplea-te.com\\\/noticias-oposiciones\\\/#organization\",\"name\":\"Academia de oposiciones Empl\u00e9ate\",\"url\":\"https:\\\/\\\/www.emplea-te.com\\\/noticias-oposiciones\\\/\",\"logo\":{\"@type\":\"ImageObject\",\"inLanguage\":\"es\",\"@id\":\"https:\\\/\\\/www.emplea-te.com\\\/noticias-oposiciones\\\/#\\\/schema\\\/logo\\\/image\\\/\",\"url\":\"https:\\\/\\\/www.emplea-te.com\\\/noticias-oposiciones\\\/wp-content\\\/uploads\\\/2019\\\/04\\\/empleate.jpg\",\"contentUrl\":\"https:\\\/\\\/www.emplea-te.com\\\/noticias-oposiciones\\\/wp-content\\\/uploads\\\/2019\\\/04\\\/empleate.jpg\",\"width\":250,\"height\":150,\"caption\":\"Academia de oposiciones Empl\u00e9ate\"},\"image\":{\"@id\":\"https:\\\/\\\/www.emplea-te.com\\\/noticias-oposiciones\\\/#\\\/schema\\\/logo\\\/image\\\/\"},\"sameAs\":[\"https:\\\/\\\/www.facebook.com\\\/AcademiaEmpleate\\\/\",\"https:\\\/\\\/x.com\\\/Emplea_Te\",\"https:\\\/\\\/www.instagram.com\\\/academia_empleate\\\/\"]},{\"@type\":\"Person\",\"@id\":\"https:\\\/\\\/www.emplea-te.com\\\/noticias-oposiciones\\\/#\\\/schema\\\/person\\\/d1bc587e1af2b95e9c32aba1795509a6\",\"name\":\"Empleate\"}]}<\/script>\n<!-- \/ Yoast SEO plugin. -->","yoast_head_json":{"title":"Ayuntamiento de Madrid. Convocatoria proceso selectivo.","description":"Ayuntamiento de Madrid. Fecha ejercicio convocado para cubrir 33 plazas de Auxiliar Administrativo por concurso-oposici\u00f3n.","robots":{"index":"index","follow":"follow","max-snippet":"max-snippet:-1","max-image-preview":"max-image-preview:large","max-video-preview":"max-video-preview:-1"},"canonical":"https:\/\/www.emplea-te.com\/noticias-oposiciones\/ayuntamiento-de-madrid-fecha-ejercicio-convocado-para-cubrir-33-plazas-de-auxiliar-administrativo-por-concurso-oposicion\/","og_locale":"es_ES","og_type":"article","og_title":"Ayuntamiento de Madrid. Convocatoria proceso selectivo.","og_description":"Ayuntamiento de Madrid. Fecha ejercicio convocado para cubrir 33 plazas de Auxiliar Administrativo por concurso-oposici\u00f3n.","og_url":"https:\/\/www.emplea-te.com\/noticias-oposiciones\/ayuntamiento-de-madrid-fecha-ejercicio-convocado-para-cubrir-33-plazas-de-auxiliar-administrativo-por-concurso-oposicion\/","og_site_name":"Noticas de oposiciones por Academia Emplea-te","article_publisher":"https:\/\/www.facebook.com\/AcademiaEmpleate\/","article_published_time":"2023-11-27T09:51:03+00:00","author":"Empleate","twitter_card":"summary_large_image","twitter_creator":"@Emplea_Te","twitter_site":"@Emplea_Te","twitter_misc":{"Escrito por":"Empleate","Tiempo de lectura":"1 minuto"},"schema":{"@context":"https:\/\/schema.org","@graph":[{"@type":"Article","@id":"https:\/\/www.emplea-te.com\/noticias-oposiciones\/ayuntamiento-de-madrid-fecha-ejercicio-convocado-para-cubrir-33-plazas-de-auxiliar-administrativo-por-concurso-oposicion\/#article","isPartOf":{"@id":"https:\/\/www.emplea-te.com\/noticias-oposiciones\/ayuntamiento-de-madrid-fecha-ejercicio-convocado-para-cubrir-33-plazas-de-auxiliar-administrativo-por-concurso-oposicion\/"},"author":{"name":"Empleate","@id":"https:\/\/www.emplea-te.com\/noticias-oposiciones\/#\/schema\/person\/d1bc587e1af2b95e9c32aba1795509a6"},"headline":"Ayuntamiento de Madrid. Fecha ejercicio convocado para cubrir 33 plazas de Auxiliar Administrativo por concurso-oposici\u00f3n.","datePublished":"2023-11-27T09:51:03+00:00","mainEntityOfPage":{"@id":"https:\/\/www.emplea-te.com\/noticias-oposiciones\/ayuntamiento-de-madrid-fecha-ejercicio-convocado-para-cubrir-33-plazas-de-auxiliar-administrativo-por-concurso-oposicion\/"},"wordCount":191,"publisher":{"@id":"https:\/\/www.emplea-te.com\/noticias-oposiciones\/#organization"},"keywords":["Convocatoria","Fecha ex\u00e1menes","Informaci\u00f3n procesos selectivos"],"articleSection":["CONVOCATORIA AYUNTAMIENTOS","Oposiciones Madrid."],"inLanguage":"es"},{"@type":"WebPage","@id":"https:\/\/www.emplea-te.com\/noticias-oposiciones\/ayuntamiento-de-madrid-fecha-ejercicio-convocado-para-cubrir-33-plazas-de-auxiliar-administrativo-por-concurso-oposicion\/","url":"https:\/\/www.emplea-te.com\/noticias-oposiciones\/ayuntamiento-de-madrid-fecha-ejercicio-convocado-para-cubrir-33-plazas-de-auxiliar-administrativo-por-concurso-oposicion\/","name":"Ayuntamiento de Madrid. Convocatoria proceso selectivo.","isPartOf":{"@id":"https:\/\/www.emplea-te.com\/noticias-oposiciones\/#website"},"datePublished":"2023-11-27T09:51:03+00:00","description":"Ayuntamiento de Madrid. Fecha ejercicio convocado para cubrir 33 plazas de Auxiliar Administrativo por concurso-oposici\u00f3n.","breadcrumb":{"@id":"https:\/\/www.emplea-te.com\/noticias-oposiciones\/ayuntamiento-de-madrid-fecha-ejercicio-convocado-para-cubrir-33-plazas-de-auxiliar-administrativo-por-concurso-oposicion\/#breadcrumb"},"inLanguage":"es","potentialAction":[{"@type":"ReadAction","target":["https:\/\/www.emplea-te.com\/noticias-oposiciones\/ayuntamiento-de-madrid-fecha-ejercicio-convocado-para-cubrir-33-plazas-de-auxiliar-administrativo-por-concurso-oposicion\/"]}]},{"@type":"BreadcrumbList","@id":"https:\/\/www.emplea-te.com\/noticias-oposiciones\/ayuntamiento-de-madrid-fecha-ejercicio-convocado-para-cubrir-33-plazas-de-auxiliar-administrativo-por-concurso-oposicion\/#breadcrumb","itemListElement":[{"@type":"ListItem","position":1,"name":"Noticias Oposiciones","item":"https:\/\/www.emplea-te.com\/noticias-oposiciones\/"},{"@type":"ListItem","position":2,"name":"Oposiciones Madrid.","item":"https:\/\/www.emplea-te.com\/noticias-oposiciones\/categoria\/oposiciones-madrid\/"},{"@type":"ListItem","position":3,"name":"Ayuntamiento de Madrid. Fecha ejercicio convocado para cubrir 33 plazas de Auxiliar Administrativo por concurso-oposici\u00f3n."}]},{"@type":"WebSite","@id":"https:\/\/www.emplea-te.com\/noticias-oposiciones\/#website","url":"https:\/\/www.emplea-te.com\/noticias-oposiciones\/","name":"Noticas de oposiciones por Academia Emplea-te","description":"Toda la actualidad de las ofertas y convocatorias.","publisher":{"@id":"https:\/\/www.emplea-te.com\/noticias-oposiciones\/#organization"},"potentialAction":[{"@type":"SearchAction","target":{"@type":"EntryPoint","urlTemplate":"https:\/\/www.emplea-te.com\/noticias-oposiciones\/?s={search_term_string}"},"query-input":{"@type":"PropertyValueSpecification","valueRequired":true,"valueName":"search_term_string"}}],"inLanguage":"es"},{"@type":"Organization","@id":"https:\/\/www.emplea-te.com\/noticias-oposiciones\/#organization","name":"Academia de oposiciones Empl\u00e9ate","url":"https:\/\/www.emplea-te.com\/noticias-oposiciones\/","logo":{"@type":"ImageObject","inLanguage":"es","@id":"https:\/\/www.emplea-te.com\/noticias-oposiciones\/#\/schema\/logo\/image\/","url":"https:\/\/www.emplea-te.com\/noticias-oposiciones\/wp-content\/uploads\/2019\/04\/empleate.jpg","contentUrl":"https:\/\/www.emplea-te.com\/noticias-oposiciones\/wp-content\/uploads\/2019\/04\/empleate.jpg","width":250,"height":150,"caption":"Academia de oposiciones Empl\u00e9ate"},"image":{"@id":"https:\/\/www.emplea-te.com\/noticias-oposiciones\/#\/schema\/logo\/image\/"},"sameAs":["https:\/\/www.facebook.com\/AcademiaEmpleate\/","https:\/\/x.com\/Emplea_Te","https:\/\/www.instagram.com\/academia_empleate\/"]},{"@type":"Person","@id":"https:\/\/www.emplea-te.com\/noticias-oposiciones\/#\/schema\/person\/d1bc587e1af2b95e9c32aba1795509a6","name":"Empleate"}]}},"_links":{"self":[{"href":"https:\/\/www.emplea-te.com\/noticias-oposiciones\/wp-json\/wp\/v2\/posts\/11151","targetHints":{"allow":["GET"]}}],"collection":[{"href":"https:\/\/www.emplea-te.com\/noticias-oposiciones\/wp-json\/wp\/v2\/posts"}],"about":[{"href":"https:\/\/www.emplea-te.com\/noticias-oposiciones\/wp-json\/wp\/v2\/types\/post"}],"author":[{"embeddable":true,"href":"https:\/\/www.emplea-te.com\/noticias-oposiciones\/wp-json\/wp\/v2\/users\/1"}],"replies":[{"embeddable":true,"href":"https:\/\/www.emplea-te.com\/noticias-oposiciones\/wp-json\/wp\/v2\/comments?post=11151"}],"version-history":[{"count":1,"href":"https:\/\/www.emplea-te.com\/noticias-oposiciones\/wp-json\/wp\/v2\/posts\/11151\/revisions"}],"predecessor-version":[{"id":11152,"href":"https:\/\/www.emplea-te.com\/noticias-oposiciones\/wp-json\/wp\/v2\/posts\/11151\/revisions\/11152"}],"wp:attachment":[{"href":"https:\/\/www.emplea-te.com\/noticias-oposiciones\/wp-json\/wp\/v2\/media?parent=11151"}],"wp:term":[{"taxonomy":"category","embeddable":true,"href":"https:\/\/www.emplea-te.com\/noticias-oposiciones\/wp-json\/wp\/v2\/categories?post=11151"},{"taxonomy":"post_tag","embeddable":true,"href":"https:\/\/www.emplea-te.com\/noticias-oposiciones\/wp-json\/wp\/v2\/tags?post=11151"}],"curies":[{"name":"wp","href":"https:\/\/api.w.org\/{rel}","templated":true}]}}