{"id":11161,"date":"2023-11-29T10:41:47","date_gmt":"2023-11-29T09:41:47","guid":{"rendered":"https:\/\/www.emplea-te.com\/noticias-oposiciones\/?p=11161"},"modified":"2023-11-29T10:41:47","modified_gmt":"2023-11-29T09:41:47","slug":"ayuntamiento-de-porto-do-son-relacion-provisional-de-aspirantes-admitidos-y-excluidos-en-proceso-selectivo-convocado-para-cubrir-una-plaza-de-conserje-escala-subalterna","status":"publish","type":"post","link":"https:\/\/www.emplea-te.com\/noticias-oposiciones\/ayuntamiento-de-porto-do-son-relacion-provisional-de-aspirantes-admitidos-y-excluidos-en-proceso-selectivo-convocado-para-cubrir-una-plaza-de-conserje-escala-subalterna\/","title":{"rendered":"Ayuntamiento de Porto do Son. Relaci\u00f3n provisional de aspirantes admitidos y excluidos en proceso selectivo convocado para cubrir una plaza de Conserje (escala subalterna)."},"content":{"rendered":"<p>Se publica en el BOP de la Provincia de A Coru\u00f1a de hoy, d\u00eda 29 de noviembre de 2023 , el Anuncio con la aprobaci\u00f3n del listado provisional de aspirantes admitidos y excluidos del proceso selectivo: Funcionario\/a de carrera,<br \/>\n1 plaza de Conserje, Escala de Administraci\u00f3n General, Subescala Subalterna, bajo la denominaci\u00f3n de \u201c Conserje\u201d, plaza incluida en la Oferta de Empleo P\u00fablico del Ayuntamiento de Porto do Son para el a\u00f1o 2020 (BOP n\u00ba 60 de 31 de marzo de 2021).<\/p>\n<p>Se\u00a0 abre un plazo de 10 d\u00edas h\u00e1biles a contar desde lo siguiente al de la publicaci\u00f3n del presente listado en el BOP de A Coru\u00f1a para presentar alegaciones. Por tanto el plazo permanecer\u00e1 abierto desde el d\u00eda 30\/11\/2023 hasta el d\u00eda 14\/12\/2023.<\/p>\n<p><a href=\"https:\/\/bop.dicoruna.es\/bopportal\/publicado\/2023\/11\/29\/2023_0000009325.pdf\" target=\"_blank\" rel=\"noopener\"><strong>Accede a la publicaci\u00f3n \u00edntegra de este Anuncio desde este enlace.\u00a0<\/strong><\/a><\/p>\n","protected":false},"excerpt":{"rendered":"<p>Se publica en el BOP de la Provincia de A Coru\u00f1a de hoy, d\u00eda 29 de noviembre de 2023 , el Anuncio con la aprobaci\u00f3n del listado provisional de aspirantes admitidos y excluidos del proceso selectivo: Funcionario\/a de carrera, 1 plaza de Conserje, Escala de Administraci\u00f3n General, Subescala Subalterna, bajo la denominaci\u00f3n de \u201c Conserje\u201d, &hellip; <a href=\"https:\/\/www.emplea-te.com\/noticias-oposiciones\/ayuntamiento-de-porto-do-son-relacion-provisional-de-aspirantes-admitidos-y-excluidos-en-proceso-selectivo-convocado-para-cubrir-una-plaza-de-conserje-escala-subalterna\/\" class=\"more-link\">Continuar leyendo<span class=\"screen-reader-text\"> \u00abAyuntamiento de Porto do Son. Relaci\u00f3n provisional de aspirantes admitidos y excluidos en proceso selectivo convocado para cubrir una plaza de Conserje (escala subalterna).\u00bb<\/span><\/a><\/p>\n","protected":false},"author":1,"featured_media":0,"comment_status":"closed","ping_status":"closed","sticky":false,"template":"","format":"standard","meta":{"footnotes":""},"categories":[37,56],"tags":[103,70],"class_list":["post-11161","post","type-post","status-publish","format-standard","hentry","category-convocatorias-ayuntamientos","category-oposiciones-autonomicas-galicia","tag-informacion-procesos-selectivos","tag-listas-provisionales-admitidos-y-excluidos"],"yoast_head":"<!-- This site is optimized with the Yoast SEO plugin v27.5 - https:\/\/yoast.com\/product\/yoast-seo-wordpress\/ -->\n<title>Ayuntamiento de Porto do Son. Convocatoria proceso selectivo.<\/title>\n<meta name=\"description\" content=\"Ayuntamiento de Porto do Son. Relaci\u00f3n provisional de aspirantes admitidos y excluidos en proceso selectivo convocado para cubrir una plaza de Conserje (escala subalterna).\" \/>\n<meta name=\"robots\" content=\"index, follow, max-snippet:-1, max-image-preview:large, max-video-preview:-1\" \/>\n<link rel=\"canonical\" href=\"https:\/\/www.emplea-te.com\/noticias-oposiciones\/ayuntamiento-de-porto-do-son-relacion-provisional-de-aspirantes-admitidos-y-excluidos-en-proceso-selectivo-convocado-para-cubrir-una-plaza-de-conserje-escala-subalterna\/\" \/>\n<meta property=\"og:locale\" content=\"es_ES\" \/>\n<meta property=\"og:type\" content=\"article\" \/>\n<meta property=\"og:title\" content=\"Ayuntamiento de Porto do Son. Convocatoria proceso selectivo.\" \/>\n<meta property=\"og:description\" content=\"Ayuntamiento de Porto do Son. Relaci\u00f3n provisional de aspirantes admitidos y excluidos en proceso selectivo convocado para cubrir una plaza de Conserje (escala subalterna).\" \/>\n<meta property=\"og:url\" content=\"https:\/\/www.emplea-te.com\/noticias-oposiciones\/ayuntamiento-de-porto-do-son-relacion-provisional-de-aspirantes-admitidos-y-excluidos-en-proceso-selectivo-convocado-para-cubrir-una-plaza-de-conserje-escala-subalterna\/\" \/>\n<meta property=\"og:site_name\" content=\"Noticas de oposiciones por Academia Emplea-te\" \/>\n<meta property=\"article:publisher\" content=\"https:\/\/www.facebook.com\/AcademiaEmpleate\/\" \/>\n<meta property=\"article:published_time\" content=\"2023-11-29T09:41:47+00:00\" \/>\n<meta name=\"author\" content=\"Empleate\" \/>\n<meta name=\"twitter:card\" content=\"summary_large_image\" \/>\n<meta name=\"twitter:creator\" content=\"@Emplea_Te\" \/>\n<meta name=\"twitter:site\" content=\"@Emplea_Te\" \/>\n<meta name=\"twitter:label1\" content=\"Escrito por\" \/>\n\t<meta name=\"twitter:data1\" content=\"Empleate\" \/>\n\t<meta name=\"twitter:label2\" content=\"Tiempo de lectura\" \/>\n\t<meta name=\"twitter:data2\" content=\"1 minuto\" \/>\n<script type=\"application\/ld+json\" class=\"yoast-schema-graph\">{\"@context\":\"https:\\\/\\\/schema.org\",\"@graph\":[{\"@type\":\"Article\",\"@id\":\"https:\\\/\\\/www.emplea-te.com\\\/noticias-oposiciones\\\/ayuntamiento-de-porto-do-son-relacion-provisional-de-aspirantes-admitidos-y-excluidos-en-proceso-selectivo-convocado-para-cubrir-una-plaza-de-conserje-escala-subalterna\\\/#article\",\"isPartOf\":{\"@id\":\"https:\\\/\\\/www.emplea-te.com\\\/noticias-oposiciones\\\/ayuntamiento-de-porto-do-son-relacion-provisional-de-aspirantes-admitidos-y-excluidos-en-proceso-selectivo-convocado-para-cubrir-una-plaza-de-conserje-escala-subalterna\\\/\"},\"author\":{\"name\":\"Empleate\",\"@id\":\"https:\\\/\\\/www.emplea-te.com\\\/noticias-oposiciones\\\/#\\\/schema\\\/person\\\/d1bc587e1af2b95e9c32aba1795509a6\"},\"headline\":\"Ayuntamiento de Porto do Son. Relaci\u00f3n provisional de aspirantes admitidos y excluidos en proceso selectivo convocado para cubrir una plaza de Conserje (escala subalterna).\",\"datePublished\":\"2023-11-29T09:41:47+00:00\",\"mainEntityOfPage\":{\"@id\":\"https:\\\/\\\/www.emplea-te.com\\\/noticias-oposiciones\\\/ayuntamiento-de-porto-do-son-relacion-provisional-de-aspirantes-admitidos-y-excluidos-en-proceso-selectivo-convocado-para-cubrir-una-plaza-de-conserje-escala-subalterna\\\/\"},\"wordCount\":164,\"publisher\":{\"@id\":\"https:\\\/\\\/www.emplea-te.com\\\/noticias-oposiciones\\\/#organization\"},\"keywords\":[\"Informaci\u00f3n procesos selectivos\",\"Listas provisionales admitidos y excluidos\"],\"articleSection\":[\"Convocatorias Ayuntamientos\",\"Oposiciones Auton\u00f3micas Galicia\"],\"inLanguage\":\"es\"},{\"@type\":\"WebPage\",\"@id\":\"https:\\\/\\\/www.emplea-te.com\\\/noticias-oposiciones\\\/ayuntamiento-de-porto-do-son-relacion-provisional-de-aspirantes-admitidos-y-excluidos-en-proceso-selectivo-convocado-para-cubrir-una-plaza-de-conserje-escala-subalterna\\\/\",\"url\":\"https:\\\/\\\/www.emplea-te.com\\\/noticias-oposiciones\\\/ayuntamiento-de-porto-do-son-relacion-provisional-de-aspirantes-admitidos-y-excluidos-en-proceso-selectivo-convocado-para-cubrir-una-plaza-de-conserje-escala-subalterna\\\/\",\"name\":\"Ayuntamiento de Porto do Son. Convocatoria proceso selectivo.\",\"isPartOf\":{\"@id\":\"https:\\\/\\\/www.emplea-te.com\\\/noticias-oposiciones\\\/#website\"},\"datePublished\":\"2023-11-29T09:41:47+00:00\",\"description\":\"Ayuntamiento de Porto do Son. Relaci\u00f3n provisional de aspirantes admitidos y excluidos en proceso selectivo convocado para cubrir una plaza de Conserje (escala subalterna).\",\"breadcrumb\":{\"@id\":\"https:\\\/\\\/www.emplea-te.com\\\/noticias-oposiciones\\\/ayuntamiento-de-porto-do-son-relacion-provisional-de-aspirantes-admitidos-y-excluidos-en-proceso-selectivo-convocado-para-cubrir-una-plaza-de-conserje-escala-subalterna\\\/#breadcrumb\"},\"inLanguage\":\"es\",\"potentialAction\":[{\"@type\":\"ReadAction\",\"target\":[\"https:\\\/\\\/www.emplea-te.com\\\/noticias-oposiciones\\\/ayuntamiento-de-porto-do-son-relacion-provisional-de-aspirantes-admitidos-y-excluidos-en-proceso-selectivo-convocado-para-cubrir-una-plaza-de-conserje-escala-subalterna\\\/\"]}]},{\"@type\":\"BreadcrumbList\",\"@id\":\"https:\\\/\\\/www.emplea-te.com\\\/noticias-oposiciones\\\/ayuntamiento-de-porto-do-son-relacion-provisional-de-aspirantes-admitidos-y-excluidos-en-proceso-selectivo-convocado-para-cubrir-una-plaza-de-conserje-escala-subalterna\\\/#breadcrumb\",\"itemListElement\":[{\"@type\":\"ListItem\",\"position\":1,\"name\":\"Noticias Oposiciones\",\"item\":\"https:\\\/\\\/www.emplea-te.com\\\/noticias-oposiciones\\\/\"},{\"@type\":\"ListItem\",\"position\":2,\"name\":\"Oposiciones Auton\u00f3micas Galicia\",\"item\":\"https:\\\/\\\/www.emplea-te.com\\\/noticias-oposiciones\\\/categoria\\\/oposiciones-autonomicas-galicia\\\/\"},{\"@type\":\"ListItem\",\"position\":3,\"name\":\"Ayuntamiento de Porto do Son. Relaci\u00f3n provisional de aspirantes admitidos y excluidos en proceso selectivo convocado para cubrir una plaza de Conserje (escala subalterna).\"}]},{\"@type\":\"WebSite\",\"@id\":\"https:\\\/\\\/www.emplea-te.com\\\/noticias-oposiciones\\\/#website\",\"url\":\"https:\\\/\\\/www.emplea-te.com\\\/noticias-oposiciones\\\/\",\"name\":\"Noticas de oposiciones por Academia Emplea-te\",\"description\":\"Toda la actualidad de las ofertas y convocatorias.\",\"publisher\":{\"@id\":\"https:\\\/\\\/www.emplea-te.com\\\/noticias-oposiciones\\\/#organization\"},\"potentialAction\":[{\"@type\":\"SearchAction\",\"target\":{\"@type\":\"EntryPoint\",\"urlTemplate\":\"https:\\\/\\\/www.emplea-te.com\\\/noticias-oposiciones\\\/?s={search_term_string}\"},\"query-input\":{\"@type\":\"PropertyValueSpecification\",\"valueRequired\":true,\"valueName\":\"search_term_string\"}}],\"inLanguage\":\"es\"},{\"@type\":\"Organization\",\"@id\":\"https:\\\/\\\/www.emplea-te.com\\\/noticias-oposiciones\\\/#organization\",\"name\":\"Academia de oposiciones Empl\u00e9ate\",\"url\":\"https:\\\/\\\/www.emplea-te.com\\\/noticias-oposiciones\\\/\",\"logo\":{\"@type\":\"ImageObject\",\"inLanguage\":\"es\",\"@id\":\"https:\\\/\\\/www.emplea-te.com\\\/noticias-oposiciones\\\/#\\\/schema\\\/logo\\\/image\\\/\",\"url\":\"https:\\\/\\\/www.emplea-te.com\\\/noticias-oposiciones\\\/wp-content\\\/uploads\\\/2019\\\/04\\\/empleate.jpg\",\"contentUrl\":\"https:\\\/\\\/www.emplea-te.com\\\/noticias-oposiciones\\\/wp-content\\\/uploads\\\/2019\\\/04\\\/empleate.jpg\",\"width\":250,\"height\":150,\"caption\":\"Academia de oposiciones Empl\u00e9ate\"},\"image\":{\"@id\":\"https:\\\/\\\/www.emplea-te.com\\\/noticias-oposiciones\\\/#\\\/schema\\\/logo\\\/image\\\/\"},\"sameAs\":[\"https:\\\/\\\/www.facebook.com\\\/AcademiaEmpleate\\\/\",\"https:\\\/\\\/x.com\\\/Emplea_Te\",\"https:\\\/\\\/www.instagram.com\\\/academia_empleate\\\/\"]},{\"@type\":\"Person\",\"@id\":\"https:\\\/\\\/www.emplea-te.com\\\/noticias-oposiciones\\\/#\\\/schema\\\/person\\\/d1bc587e1af2b95e9c32aba1795509a6\",\"name\":\"Empleate\"}]}<\/script>\n<!-- \/ Yoast SEO plugin. -->","yoast_head_json":{"title":"Ayuntamiento de Porto do Son. Convocatoria proceso selectivo.","description":"Ayuntamiento de Porto do Son. Relaci\u00f3n provisional de aspirantes admitidos y excluidos en proceso selectivo convocado para cubrir una plaza de Conserje (escala subalterna).","robots":{"index":"index","follow":"follow","max-snippet":"max-snippet:-1","max-image-preview":"max-image-preview:large","max-video-preview":"max-video-preview:-1"},"canonical":"https:\/\/www.emplea-te.com\/noticias-oposiciones\/ayuntamiento-de-porto-do-son-relacion-provisional-de-aspirantes-admitidos-y-excluidos-en-proceso-selectivo-convocado-para-cubrir-una-plaza-de-conserje-escala-subalterna\/","og_locale":"es_ES","og_type":"article","og_title":"Ayuntamiento de Porto do Son. Convocatoria proceso selectivo.","og_description":"Ayuntamiento de Porto do Son. Relaci\u00f3n provisional de aspirantes admitidos y excluidos en proceso selectivo convocado para cubrir una plaza de Conserje (escala subalterna).","og_url":"https:\/\/www.emplea-te.com\/noticias-oposiciones\/ayuntamiento-de-porto-do-son-relacion-provisional-de-aspirantes-admitidos-y-excluidos-en-proceso-selectivo-convocado-para-cubrir-una-plaza-de-conserje-escala-subalterna\/","og_site_name":"Noticas de oposiciones por Academia Emplea-te","article_publisher":"https:\/\/www.facebook.com\/AcademiaEmpleate\/","article_published_time":"2023-11-29T09:41:47+00:00","author":"Empleate","twitter_card":"summary_large_image","twitter_creator":"@Emplea_Te","twitter_site":"@Emplea_Te","twitter_misc":{"Escrito por":"Empleate","Tiempo de lectura":"1 minuto"},"schema":{"@context":"https:\/\/schema.org","@graph":[{"@type":"Article","@id":"https:\/\/www.emplea-te.com\/noticias-oposiciones\/ayuntamiento-de-porto-do-son-relacion-provisional-de-aspirantes-admitidos-y-excluidos-en-proceso-selectivo-convocado-para-cubrir-una-plaza-de-conserje-escala-subalterna\/#article","isPartOf":{"@id":"https:\/\/www.emplea-te.com\/noticias-oposiciones\/ayuntamiento-de-porto-do-son-relacion-provisional-de-aspirantes-admitidos-y-excluidos-en-proceso-selectivo-convocado-para-cubrir-una-plaza-de-conserje-escala-subalterna\/"},"author":{"name":"Empleate","@id":"https:\/\/www.emplea-te.com\/noticias-oposiciones\/#\/schema\/person\/d1bc587e1af2b95e9c32aba1795509a6"},"headline":"Ayuntamiento de Porto do Son. Relaci\u00f3n provisional de aspirantes admitidos y excluidos en proceso selectivo convocado para cubrir una plaza de Conserje (escala subalterna).","datePublished":"2023-11-29T09:41:47+00:00","mainEntityOfPage":{"@id":"https:\/\/www.emplea-te.com\/noticias-oposiciones\/ayuntamiento-de-porto-do-son-relacion-provisional-de-aspirantes-admitidos-y-excluidos-en-proceso-selectivo-convocado-para-cubrir-una-plaza-de-conserje-escala-subalterna\/"},"wordCount":164,"publisher":{"@id":"https:\/\/www.emplea-te.com\/noticias-oposiciones\/#organization"},"keywords":["Informaci\u00f3n procesos selectivos","Listas provisionales admitidos y excluidos"],"articleSection":["Convocatorias Ayuntamientos","Oposiciones Auton\u00f3micas Galicia"],"inLanguage":"es"},{"@type":"WebPage","@id":"https:\/\/www.emplea-te.com\/noticias-oposiciones\/ayuntamiento-de-porto-do-son-relacion-provisional-de-aspirantes-admitidos-y-excluidos-en-proceso-selectivo-convocado-para-cubrir-una-plaza-de-conserje-escala-subalterna\/","url":"https:\/\/www.emplea-te.com\/noticias-oposiciones\/ayuntamiento-de-porto-do-son-relacion-provisional-de-aspirantes-admitidos-y-excluidos-en-proceso-selectivo-convocado-para-cubrir-una-plaza-de-conserje-escala-subalterna\/","name":"Ayuntamiento de Porto do Son. Convocatoria proceso selectivo.","isPartOf":{"@id":"https:\/\/www.emplea-te.com\/noticias-oposiciones\/#website"},"datePublished":"2023-11-29T09:41:47+00:00","description":"Ayuntamiento de Porto do Son. Relaci\u00f3n provisional de aspirantes admitidos y excluidos en proceso selectivo convocado para cubrir una plaza de Conserje (escala subalterna).","breadcrumb":{"@id":"https:\/\/www.emplea-te.com\/noticias-oposiciones\/ayuntamiento-de-porto-do-son-relacion-provisional-de-aspirantes-admitidos-y-excluidos-en-proceso-selectivo-convocado-para-cubrir-una-plaza-de-conserje-escala-subalterna\/#breadcrumb"},"inLanguage":"es","potentialAction":[{"@type":"ReadAction","target":["https:\/\/www.emplea-te.com\/noticias-oposiciones\/ayuntamiento-de-porto-do-son-relacion-provisional-de-aspirantes-admitidos-y-excluidos-en-proceso-selectivo-convocado-para-cubrir-una-plaza-de-conserje-escala-subalterna\/"]}]},{"@type":"BreadcrumbList","@id":"https:\/\/www.emplea-te.com\/noticias-oposiciones\/ayuntamiento-de-porto-do-son-relacion-provisional-de-aspirantes-admitidos-y-excluidos-en-proceso-selectivo-convocado-para-cubrir-una-plaza-de-conserje-escala-subalterna\/#breadcrumb","itemListElement":[{"@type":"ListItem","position":1,"name":"Noticias Oposiciones","item":"https:\/\/www.emplea-te.com\/noticias-oposiciones\/"},{"@type":"ListItem","position":2,"name":"Oposiciones Auton\u00f3micas Galicia","item":"https:\/\/www.emplea-te.com\/noticias-oposiciones\/categoria\/oposiciones-autonomicas-galicia\/"},{"@type":"ListItem","position":3,"name":"Ayuntamiento de Porto do Son. Relaci\u00f3n provisional de aspirantes admitidos y excluidos en proceso selectivo convocado para cubrir una plaza de Conserje (escala subalterna)."}]},{"@type":"WebSite","@id":"https:\/\/www.emplea-te.com\/noticias-oposiciones\/#website","url":"https:\/\/www.emplea-te.com\/noticias-oposiciones\/","name":"Noticas de oposiciones por Academia Emplea-te","description":"Toda la actualidad de las ofertas y convocatorias.","publisher":{"@id":"https:\/\/www.emplea-te.com\/noticias-oposiciones\/#organization"},"potentialAction":[{"@type":"SearchAction","target":{"@type":"EntryPoint","urlTemplate":"https:\/\/www.emplea-te.com\/noticias-oposiciones\/?s={search_term_string}"},"query-input":{"@type":"PropertyValueSpecification","valueRequired":true,"valueName":"search_term_string"}}],"inLanguage":"es"},{"@type":"Organization","@id":"https:\/\/www.emplea-te.com\/noticias-oposiciones\/#organization","name":"Academia de oposiciones Empl\u00e9ate","url":"https:\/\/www.emplea-te.com\/noticias-oposiciones\/","logo":{"@type":"ImageObject","inLanguage":"es","@id":"https:\/\/www.emplea-te.com\/noticias-oposiciones\/#\/schema\/logo\/image\/","url":"https:\/\/www.emplea-te.com\/noticias-oposiciones\/wp-content\/uploads\/2019\/04\/empleate.jpg","contentUrl":"https:\/\/www.emplea-te.com\/noticias-oposiciones\/wp-content\/uploads\/2019\/04\/empleate.jpg","width":250,"height":150,"caption":"Academia de oposiciones Empl\u00e9ate"},"image":{"@id":"https:\/\/www.emplea-te.com\/noticias-oposiciones\/#\/schema\/logo\/image\/"},"sameAs":["https:\/\/www.facebook.com\/AcademiaEmpleate\/","https:\/\/x.com\/Emplea_Te","https:\/\/www.instagram.com\/academia_empleate\/"]},{"@type":"Person","@id":"https:\/\/www.emplea-te.com\/noticias-oposiciones\/#\/schema\/person\/d1bc587e1af2b95e9c32aba1795509a6","name":"Empleate"}]}},"_links":{"self":[{"href":"https:\/\/www.emplea-te.com\/noticias-oposiciones\/wp-json\/wp\/v2\/posts\/11161","targetHints":{"allow":["GET"]}}],"collection":[{"href":"https:\/\/www.emplea-te.com\/noticias-oposiciones\/wp-json\/wp\/v2\/posts"}],"about":[{"href":"https:\/\/www.emplea-te.com\/noticias-oposiciones\/wp-json\/wp\/v2\/types\/post"}],"author":[{"embeddable":true,"href":"https:\/\/www.emplea-te.com\/noticias-oposiciones\/wp-json\/wp\/v2\/users\/1"}],"replies":[{"embeddable":true,"href":"https:\/\/www.emplea-te.com\/noticias-oposiciones\/wp-json\/wp\/v2\/comments?post=11161"}],"version-history":[{"count":1,"href":"https:\/\/www.emplea-te.com\/noticias-oposiciones\/wp-json\/wp\/v2\/posts\/11161\/revisions"}],"predecessor-version":[{"id":11162,"href":"https:\/\/www.emplea-te.com\/noticias-oposiciones\/wp-json\/wp\/v2\/posts\/11161\/revisions\/11162"}],"wp:attachment":[{"href":"https:\/\/www.emplea-te.com\/noticias-oposiciones\/wp-json\/wp\/v2\/media?parent=11161"}],"wp:term":[{"taxonomy":"category","embeddable":true,"href":"https:\/\/www.emplea-te.com\/noticias-oposiciones\/wp-json\/wp\/v2\/categories?post=11161"},{"taxonomy":"post_tag","embeddable":true,"href":"https:\/\/www.emplea-te.com\/noticias-oposiciones\/wp-json\/wp\/v2\/tags?post=11161"}],"curies":[{"name":"wp","href":"https:\/\/api.w.org\/{rel}","templated":true}]}}