{"id":11235,"date":"2023-12-12T10:21:33","date_gmt":"2023-12-12T09:21:33","guid":{"rendered":"https:\/\/www.emplea-te.com\/noticias-oposiciones\/?p=11235"},"modified":"2023-12-12T10:21:33","modified_gmt":"2023-12-12T09:21:33","slug":"xunta-de-galicia-120-plazas-convocadas-de-auxiliar-administrativo-turno-libre-puntuaciones-segundo-ejercicio","status":"publish","type":"post","link":"https:\/\/www.emplea-te.com\/noticias-oposiciones\/xunta-de-galicia-120-plazas-convocadas-de-auxiliar-administrativo-turno-libre-puntuaciones-segundo-ejercicio\/","title":{"rendered":"Xunta de Galicia. 120 plazas convocadas de Auxiliar Administrativo turno libre. Puntuaciones segundo ejercicio."},"content":{"rendered":"<p>Se publica en el DOG de hoy, d\u00eda 12 de diciembre de 2023, el Acuerdo de 28 de noviembre de 2023, del tribunal que califica el proceso selectivo de acceso libre para el ingreso en el cuerpo auxiliar de la Administraci\u00f3n general de la Comunidad Aut\u00f3noma de Galicia, subgrupo C2, nombrado por la Resoluci\u00f3n de 28 de abril de 2023 (Diario Oficial de Galicia n\u00famero 88, de 9 de mayo), por la que se da publicidad a diversos acuerdos:<\/p>\n<p>El Tribunal, acuerda:<\/p>\n<p>Al amparo de lo previsto en la base II.1.2.7 de la convocatoria y en relaci\u00f3n con el segundo ejercicio del proceso selectivo realizado el d\u00eda 29 de septiembre de 2023, una vez revisadas las alegaciones presentadas, aprueba la anulaci\u00f3n de las preguntas n\u00famero 10, 15 y 40 del cuestionario. En consecuencia, pasan a ser sustituidas por las preguntas de reserva n\u00famero 41, 42 y 43.<\/p>\n<p>De conformidad con lo dispuesto en la base II.1.1.2 de la convocatoria, el ejercicio se calificar\u00e1 de 0 a 50 puntos y para superarlo ser\u00e1 preciso obtener un m\u00ednimo de veinticinco (25) puntos. A estos efectos, en los criterios de correcci\u00f3n, valoraci\u00f3n y superaci\u00f3n del segundo ejercicio aprobados por el tribunal en sesi\u00f3n del d\u00eda 20 de septiembre de 2023, en cumplimiento de la potestad de determinaci\u00f3n del criterio de superaci\u00f3n del ejercicio, y publicados en el portal web de la Xunta de Galicia <a href=\"http:\/\/www.xunta.gal\" target=\"_blank\" rel=\"noopener\"><strong>funcionpublica.xunta.gal<\/strong><\/a>, se estableci\u00f3 que superar\u00e1n este segundo ejercicio las personas aspirantes presentadas que consigan el m\u00ednimo del 45 % de las respuestas correctas, una vez hechos los descuentos correspondientes. Se advierte que las preguntas no contestadas no penalizar\u00e1n ni recibir\u00e1n ninguna puntuaci\u00f3n.<\/p>\n<p>A las personas aspirantes que obtengan una nota equivalente a la nota de corte fijada se les asignar\u00e1 la valoraci\u00f3n de veinticinco (25) puntos en el ejercicio. El resto de las personas declaradas aptas tendr\u00e1 una calificaci\u00f3n distribuida entre los veinticinco (25) y los cincuenta (50) puntos, proporcional al n\u00famero de respuestas correctas. Del mismo modo, se asignar\u00e1 la puntuaci\u00f3n proporcional que corresponda a las personas aspirantes declaradas no aptas.<\/p>\n<p>Realizada la correcci\u00f3n en la sesi\u00f3n que tuvo lugar el 28 de noviembre, consiguieron la puntuaci\u00f3n m\u00ednima de 25 puntos un total de 336 personas aspirantes en su conjunto, fij\u00e1ndose en 18 el n\u00famero de respuestas correctas necesarias para conseguir dicha puntuaci\u00f3n<\/p>\n<p>Se publican las puntuaciones obtenidas por las personas aspirantes presentadas a la prueba realizada el d\u00eda 29 de septiembre de 2023, correspondiente al segundo ejercicio del proceso selectivo de acceso libre para el ingreso en el cuerpo auxiliar de la Administraci\u00f3n general de la Comunidad Aut\u00f3noma de Galicia, subgrupo C2, convocado por Resoluci\u00f3n de 22 de junio de 2022 (DOG n\u00fam. 121, de 27 de junio), en el portal web de la Xunta de Galicia <a href=\"http:\/\/www.xunta.gal\" target=\"_blank\" rel=\"noopener\"><strong>funcionpublica.xunta.gal<\/strong><\/a><\/p>\n<p>De acuerdo con lo dispuesto en la base II.1.2.8 de la convocatoria, las personas aspirantes podr\u00e1n presentar las alegaciones que consideren oportunas con relaci\u00f3n a las puntuaciones en el plazo de diez (10) d\u00edas h\u00e1biles contados desde el d\u00eda siguiente a la publicaci\u00f3n de esta resoluci\u00f3n en el Diario Oficial de Galicia. Su presentaci\u00f3n se realizar\u00e1 a trav\u00e9s de la aplicaci\u00f3n Fides (<a href=\"https:\/\/fides.xunta.gal\" target=\"_blank\" rel=\"noopener\"><strong>https:\/\/fides.xunta.gal<\/strong><\/a>).<\/p>\n<p><a href=\"https:\/\/www.xunta.gal\/dog\/Publicados\/2023\/20231212\/AnuncioG0597-301123-0010_es.html\" target=\"_blank\" rel=\"noopener\"><strong>Accede al contenido \u00edntegro de este Acuerdo desde este enlace.\u00a0<\/strong><\/a><\/p>\n","protected":false},"excerpt":{"rendered":"<p>Se publica en el DOG de hoy, d\u00eda 12 de diciembre de 2023, el Acuerdo de 28 de noviembre de 2023, del tribunal que califica el proceso selectivo de acceso libre para el ingreso en el cuerpo auxiliar de la Administraci\u00f3n general de la Comunidad Aut\u00f3noma de Galicia, subgrupo C2, nombrado por la Resoluci\u00f3n de &hellip; <a href=\"https:\/\/www.emplea-te.com\/noticias-oposiciones\/xunta-de-galicia-120-plazas-convocadas-de-auxiliar-administrativo-turno-libre-puntuaciones-segundo-ejercicio\/\" class=\"more-link\">Continuar leyendo<span class=\"screen-reader-text\"> \u00abXunta de Galicia. 120 plazas convocadas de Auxiliar Administrativo turno libre. Puntuaciones segundo ejercicio.\u00bb<\/span><\/a><\/p>\n","protected":false},"author":1,"featured_media":0,"comment_status":"closed","ping_status":"closed","sticky":false,"template":"","format":"standard","meta":{"footnotes":""},"categories":[57,56,4],"tags":[88,103],"class_list":["post-11235","post","type-post","status-publish","format-standard","hentry","category-auxiliar-administrativo-c2-xunta","category-oposiciones-autonomicas-galicia","category-oposiciones-xunta","tag-aprobados-proceso-selectivo","tag-informacion-procesos-selectivos"],"yoast_head":"<!-- This site is optimized with the Yoast SEO plugin v27.5 - https:\/\/yoast.com\/product\/yoast-seo-wordpress\/ -->\n<title>Xunta de Galicia. Convocatoria. Proceso selectivo. Puntuaciones.<\/title>\n<meta name=\"description\" content=\"Xunta de Galicia. 120 plazas convocadas de Auxiliar Administrativo turno libre. Puntuaciones segundo ejercicio.\" \/>\n<meta name=\"robots\" content=\"index, follow, max-snippet:-1, max-image-preview:large, max-video-preview:-1\" \/>\n<link rel=\"canonical\" href=\"https:\/\/www.emplea-te.com\/noticias-oposiciones\/xunta-de-galicia-120-plazas-convocadas-de-auxiliar-administrativo-turno-libre-puntuaciones-segundo-ejercicio\/\" \/>\n<meta property=\"og:locale\" content=\"es_ES\" \/>\n<meta property=\"og:type\" content=\"article\" \/>\n<meta property=\"og:title\" content=\"Xunta de Galicia. Convocatoria. Proceso selectivo. Puntuaciones.\" \/>\n<meta property=\"og:description\" content=\"Xunta de Galicia. 120 plazas convocadas de Auxiliar Administrativo turno libre. Puntuaciones segundo ejercicio.\" \/>\n<meta property=\"og:url\" content=\"https:\/\/www.emplea-te.com\/noticias-oposiciones\/xunta-de-galicia-120-plazas-convocadas-de-auxiliar-administrativo-turno-libre-puntuaciones-segundo-ejercicio\/\" \/>\n<meta property=\"og:site_name\" content=\"Noticas de oposiciones por Academia Emplea-te\" \/>\n<meta property=\"article:publisher\" content=\"https:\/\/www.facebook.com\/AcademiaEmpleate\/\" \/>\n<meta property=\"article:published_time\" content=\"2023-12-12T09:21:33+00:00\" \/>\n<meta name=\"author\" content=\"Empleate\" \/>\n<meta name=\"twitter:card\" content=\"summary_large_image\" \/>\n<meta name=\"twitter:creator\" content=\"@Emplea_Te\" \/>\n<meta name=\"twitter:site\" content=\"@Emplea_Te\" \/>\n<meta name=\"twitter:label1\" content=\"Escrito por\" \/>\n\t<meta name=\"twitter:data1\" content=\"Empleate\" \/>\n\t<meta name=\"twitter:label2\" content=\"Tiempo de lectura\" \/>\n\t<meta name=\"twitter:data2\" content=\"3 minutos\" \/>\n<script type=\"application\/ld+json\" class=\"yoast-schema-graph\">{\"@context\":\"https:\\\/\\\/schema.org\",\"@graph\":[{\"@type\":\"Article\",\"@id\":\"https:\\\/\\\/www.emplea-te.com\\\/noticias-oposiciones\\\/xunta-de-galicia-120-plazas-convocadas-de-auxiliar-administrativo-turno-libre-puntuaciones-segundo-ejercicio\\\/#article\",\"isPartOf\":{\"@id\":\"https:\\\/\\\/www.emplea-te.com\\\/noticias-oposiciones\\\/xunta-de-galicia-120-plazas-convocadas-de-auxiliar-administrativo-turno-libre-puntuaciones-segundo-ejercicio\\\/\"},\"author\":{\"name\":\"Empleate\",\"@id\":\"https:\\\/\\\/www.emplea-te.com\\\/noticias-oposiciones\\\/#\\\/schema\\\/person\\\/d1bc587e1af2b95e9c32aba1795509a6\"},\"headline\":\"Xunta de Galicia. 120 plazas convocadas de Auxiliar Administrativo turno libre. Puntuaciones segundo ejercicio.\",\"datePublished\":\"2023-12-12T09:21:33+00:00\",\"mainEntityOfPage\":{\"@id\":\"https:\\\/\\\/www.emplea-te.com\\\/noticias-oposiciones\\\/xunta-de-galicia-120-plazas-convocadas-de-auxiliar-administrativo-turno-libre-puntuaciones-segundo-ejercicio\\\/\"},\"wordCount\":566,\"publisher\":{\"@id\":\"https:\\\/\\\/www.emplea-te.com\\\/noticias-oposiciones\\\/#organization\"},\"keywords\":[\"Aprobados proceso selectivo\",\"Informaci\u00f3n procesos selectivos\"],\"articleSection\":[\"Auxiliar Administrativo C2 Xunta\",\"Oposiciones Auton\u00f3micas Galicia\",\"Oposiciones Xunta\"],\"inLanguage\":\"es\"},{\"@type\":\"WebPage\",\"@id\":\"https:\\\/\\\/www.emplea-te.com\\\/noticias-oposiciones\\\/xunta-de-galicia-120-plazas-convocadas-de-auxiliar-administrativo-turno-libre-puntuaciones-segundo-ejercicio\\\/\",\"url\":\"https:\\\/\\\/www.emplea-te.com\\\/noticias-oposiciones\\\/xunta-de-galicia-120-plazas-convocadas-de-auxiliar-administrativo-turno-libre-puntuaciones-segundo-ejercicio\\\/\",\"name\":\"Xunta de Galicia. Convocatoria. Proceso selectivo. Puntuaciones.\",\"isPartOf\":{\"@id\":\"https:\\\/\\\/www.emplea-te.com\\\/noticias-oposiciones\\\/#website\"},\"datePublished\":\"2023-12-12T09:21:33+00:00\",\"description\":\"Xunta de Galicia. 120 plazas convocadas de Auxiliar Administrativo turno libre. Puntuaciones segundo ejercicio.\",\"breadcrumb\":{\"@id\":\"https:\\\/\\\/www.emplea-te.com\\\/noticias-oposiciones\\\/xunta-de-galicia-120-plazas-convocadas-de-auxiliar-administrativo-turno-libre-puntuaciones-segundo-ejercicio\\\/#breadcrumb\"},\"inLanguage\":\"es\",\"potentialAction\":[{\"@type\":\"ReadAction\",\"target\":[\"https:\\\/\\\/www.emplea-te.com\\\/noticias-oposiciones\\\/xunta-de-galicia-120-plazas-convocadas-de-auxiliar-administrativo-turno-libre-puntuaciones-segundo-ejercicio\\\/\"]}]},{\"@type\":\"BreadcrumbList\",\"@id\":\"https:\\\/\\\/www.emplea-te.com\\\/noticias-oposiciones\\\/xunta-de-galicia-120-plazas-convocadas-de-auxiliar-administrativo-turno-libre-puntuaciones-segundo-ejercicio\\\/#breadcrumb\",\"itemListElement\":[{\"@type\":\"ListItem\",\"position\":1,\"name\":\"Noticias Oposiciones\",\"item\":\"https:\\\/\\\/www.emplea-te.com\\\/noticias-oposiciones\\\/\"},{\"@type\":\"ListItem\",\"position\":2,\"name\":\"Oposiciones Xunta\",\"item\":\"https:\\\/\\\/www.emplea-te.com\\\/noticias-oposiciones\\\/categoria\\\/oposiciones-xunta\\\/\"},{\"@type\":\"ListItem\",\"position\":3,\"name\":\"Xunta de Galicia. 120 plazas convocadas de Auxiliar Administrativo turno libre. Puntuaciones segundo ejercicio.\"}]},{\"@type\":\"WebSite\",\"@id\":\"https:\\\/\\\/www.emplea-te.com\\\/noticias-oposiciones\\\/#website\",\"url\":\"https:\\\/\\\/www.emplea-te.com\\\/noticias-oposiciones\\\/\",\"name\":\"Noticas de oposiciones por Academia Emplea-te\",\"description\":\"Toda la actualidad de las ofertas y convocatorias.\",\"publisher\":{\"@id\":\"https:\\\/\\\/www.emplea-te.com\\\/noticias-oposiciones\\\/#organization\"},\"potentialAction\":[{\"@type\":\"SearchAction\",\"target\":{\"@type\":\"EntryPoint\",\"urlTemplate\":\"https:\\\/\\\/www.emplea-te.com\\\/noticias-oposiciones\\\/?s={search_term_string}\"},\"query-input\":{\"@type\":\"PropertyValueSpecification\",\"valueRequired\":true,\"valueName\":\"search_term_string\"}}],\"inLanguage\":\"es\"},{\"@type\":\"Organization\",\"@id\":\"https:\\\/\\\/www.emplea-te.com\\\/noticias-oposiciones\\\/#organization\",\"name\":\"Academia de oposiciones Empl\u00e9ate\",\"url\":\"https:\\\/\\\/www.emplea-te.com\\\/noticias-oposiciones\\\/\",\"logo\":{\"@type\":\"ImageObject\",\"inLanguage\":\"es\",\"@id\":\"https:\\\/\\\/www.emplea-te.com\\\/noticias-oposiciones\\\/#\\\/schema\\\/logo\\\/image\\\/\",\"url\":\"https:\\\/\\\/www.emplea-te.com\\\/noticias-oposiciones\\\/wp-content\\\/uploads\\\/2019\\\/04\\\/empleate.jpg\",\"contentUrl\":\"https:\\\/\\\/www.emplea-te.com\\\/noticias-oposiciones\\\/wp-content\\\/uploads\\\/2019\\\/04\\\/empleate.jpg\",\"width\":250,\"height\":150,\"caption\":\"Academia de oposiciones Empl\u00e9ate\"},\"image\":{\"@id\":\"https:\\\/\\\/www.emplea-te.com\\\/noticias-oposiciones\\\/#\\\/schema\\\/logo\\\/image\\\/\"},\"sameAs\":[\"https:\\\/\\\/www.facebook.com\\\/AcademiaEmpleate\\\/\",\"https:\\\/\\\/x.com\\\/Emplea_Te\",\"https:\\\/\\\/www.instagram.com\\\/academia_empleate\\\/\"]},{\"@type\":\"Person\",\"@id\":\"https:\\\/\\\/www.emplea-te.com\\\/noticias-oposiciones\\\/#\\\/schema\\\/person\\\/d1bc587e1af2b95e9c32aba1795509a6\",\"name\":\"Empleate\"}]}<\/script>\n<!-- \/ Yoast SEO plugin. -->","yoast_head_json":{"title":"Xunta de Galicia. Convocatoria. Proceso selectivo. Puntuaciones.","description":"Xunta de Galicia. 120 plazas convocadas de Auxiliar Administrativo turno libre. Puntuaciones segundo ejercicio.","robots":{"index":"index","follow":"follow","max-snippet":"max-snippet:-1","max-image-preview":"max-image-preview:large","max-video-preview":"max-video-preview:-1"},"canonical":"https:\/\/www.emplea-te.com\/noticias-oposiciones\/xunta-de-galicia-120-plazas-convocadas-de-auxiliar-administrativo-turno-libre-puntuaciones-segundo-ejercicio\/","og_locale":"es_ES","og_type":"article","og_title":"Xunta de Galicia. Convocatoria. Proceso selectivo. Puntuaciones.","og_description":"Xunta de Galicia. 120 plazas convocadas de Auxiliar Administrativo turno libre. Puntuaciones segundo ejercicio.","og_url":"https:\/\/www.emplea-te.com\/noticias-oposiciones\/xunta-de-galicia-120-plazas-convocadas-de-auxiliar-administrativo-turno-libre-puntuaciones-segundo-ejercicio\/","og_site_name":"Noticas de oposiciones por Academia Emplea-te","article_publisher":"https:\/\/www.facebook.com\/AcademiaEmpleate\/","article_published_time":"2023-12-12T09:21:33+00:00","author":"Empleate","twitter_card":"summary_large_image","twitter_creator":"@Emplea_Te","twitter_site":"@Emplea_Te","twitter_misc":{"Escrito por":"Empleate","Tiempo de lectura":"3 minutos"},"schema":{"@context":"https:\/\/schema.org","@graph":[{"@type":"Article","@id":"https:\/\/www.emplea-te.com\/noticias-oposiciones\/xunta-de-galicia-120-plazas-convocadas-de-auxiliar-administrativo-turno-libre-puntuaciones-segundo-ejercicio\/#article","isPartOf":{"@id":"https:\/\/www.emplea-te.com\/noticias-oposiciones\/xunta-de-galicia-120-plazas-convocadas-de-auxiliar-administrativo-turno-libre-puntuaciones-segundo-ejercicio\/"},"author":{"name":"Empleate","@id":"https:\/\/www.emplea-te.com\/noticias-oposiciones\/#\/schema\/person\/d1bc587e1af2b95e9c32aba1795509a6"},"headline":"Xunta de Galicia. 120 plazas convocadas de Auxiliar Administrativo turno libre. Puntuaciones segundo ejercicio.","datePublished":"2023-12-12T09:21:33+00:00","mainEntityOfPage":{"@id":"https:\/\/www.emplea-te.com\/noticias-oposiciones\/xunta-de-galicia-120-plazas-convocadas-de-auxiliar-administrativo-turno-libre-puntuaciones-segundo-ejercicio\/"},"wordCount":566,"publisher":{"@id":"https:\/\/www.emplea-te.com\/noticias-oposiciones\/#organization"},"keywords":["Aprobados proceso selectivo","Informaci\u00f3n procesos selectivos"],"articleSection":["Auxiliar Administrativo C2 Xunta","Oposiciones Auton\u00f3micas Galicia","Oposiciones Xunta"],"inLanguage":"es"},{"@type":"WebPage","@id":"https:\/\/www.emplea-te.com\/noticias-oposiciones\/xunta-de-galicia-120-plazas-convocadas-de-auxiliar-administrativo-turno-libre-puntuaciones-segundo-ejercicio\/","url":"https:\/\/www.emplea-te.com\/noticias-oposiciones\/xunta-de-galicia-120-plazas-convocadas-de-auxiliar-administrativo-turno-libre-puntuaciones-segundo-ejercicio\/","name":"Xunta de Galicia. Convocatoria. Proceso selectivo. Puntuaciones.","isPartOf":{"@id":"https:\/\/www.emplea-te.com\/noticias-oposiciones\/#website"},"datePublished":"2023-12-12T09:21:33+00:00","description":"Xunta de Galicia. 120 plazas convocadas de Auxiliar Administrativo turno libre. Puntuaciones segundo ejercicio.","breadcrumb":{"@id":"https:\/\/www.emplea-te.com\/noticias-oposiciones\/xunta-de-galicia-120-plazas-convocadas-de-auxiliar-administrativo-turno-libre-puntuaciones-segundo-ejercicio\/#breadcrumb"},"inLanguage":"es","potentialAction":[{"@type":"ReadAction","target":["https:\/\/www.emplea-te.com\/noticias-oposiciones\/xunta-de-galicia-120-plazas-convocadas-de-auxiliar-administrativo-turno-libre-puntuaciones-segundo-ejercicio\/"]}]},{"@type":"BreadcrumbList","@id":"https:\/\/www.emplea-te.com\/noticias-oposiciones\/xunta-de-galicia-120-plazas-convocadas-de-auxiliar-administrativo-turno-libre-puntuaciones-segundo-ejercicio\/#breadcrumb","itemListElement":[{"@type":"ListItem","position":1,"name":"Noticias Oposiciones","item":"https:\/\/www.emplea-te.com\/noticias-oposiciones\/"},{"@type":"ListItem","position":2,"name":"Oposiciones Xunta","item":"https:\/\/www.emplea-te.com\/noticias-oposiciones\/categoria\/oposiciones-xunta\/"},{"@type":"ListItem","position":3,"name":"Xunta de Galicia. 120 plazas convocadas de Auxiliar Administrativo turno libre. Puntuaciones segundo ejercicio."}]},{"@type":"WebSite","@id":"https:\/\/www.emplea-te.com\/noticias-oposiciones\/#website","url":"https:\/\/www.emplea-te.com\/noticias-oposiciones\/","name":"Noticas de oposiciones por Academia Emplea-te","description":"Toda la actualidad de las ofertas y convocatorias.","publisher":{"@id":"https:\/\/www.emplea-te.com\/noticias-oposiciones\/#organization"},"potentialAction":[{"@type":"SearchAction","target":{"@type":"EntryPoint","urlTemplate":"https:\/\/www.emplea-te.com\/noticias-oposiciones\/?s={search_term_string}"},"query-input":{"@type":"PropertyValueSpecification","valueRequired":true,"valueName":"search_term_string"}}],"inLanguage":"es"},{"@type":"Organization","@id":"https:\/\/www.emplea-te.com\/noticias-oposiciones\/#organization","name":"Academia de oposiciones Empl\u00e9ate","url":"https:\/\/www.emplea-te.com\/noticias-oposiciones\/","logo":{"@type":"ImageObject","inLanguage":"es","@id":"https:\/\/www.emplea-te.com\/noticias-oposiciones\/#\/schema\/logo\/image\/","url":"https:\/\/www.emplea-te.com\/noticias-oposiciones\/wp-content\/uploads\/2019\/04\/empleate.jpg","contentUrl":"https:\/\/www.emplea-te.com\/noticias-oposiciones\/wp-content\/uploads\/2019\/04\/empleate.jpg","width":250,"height":150,"caption":"Academia de oposiciones Empl\u00e9ate"},"image":{"@id":"https:\/\/www.emplea-te.com\/noticias-oposiciones\/#\/schema\/logo\/image\/"},"sameAs":["https:\/\/www.facebook.com\/AcademiaEmpleate\/","https:\/\/x.com\/Emplea_Te","https:\/\/www.instagram.com\/academia_empleate\/"]},{"@type":"Person","@id":"https:\/\/www.emplea-te.com\/noticias-oposiciones\/#\/schema\/person\/d1bc587e1af2b95e9c32aba1795509a6","name":"Empleate"}]}},"_links":{"self":[{"href":"https:\/\/www.emplea-te.com\/noticias-oposiciones\/wp-json\/wp\/v2\/posts\/11235","targetHints":{"allow":["GET"]}}],"collection":[{"href":"https:\/\/www.emplea-te.com\/noticias-oposiciones\/wp-json\/wp\/v2\/posts"}],"about":[{"href":"https:\/\/www.emplea-te.com\/noticias-oposiciones\/wp-json\/wp\/v2\/types\/post"}],"author":[{"embeddable":true,"href":"https:\/\/www.emplea-te.com\/noticias-oposiciones\/wp-json\/wp\/v2\/users\/1"}],"replies":[{"embeddable":true,"href":"https:\/\/www.emplea-te.com\/noticias-oposiciones\/wp-json\/wp\/v2\/comments?post=11235"}],"version-history":[{"count":1,"href":"https:\/\/www.emplea-te.com\/noticias-oposiciones\/wp-json\/wp\/v2\/posts\/11235\/revisions"}],"predecessor-version":[{"id":11236,"href":"https:\/\/www.emplea-te.com\/noticias-oposiciones\/wp-json\/wp\/v2\/posts\/11235\/revisions\/11236"}],"wp:attachment":[{"href":"https:\/\/www.emplea-te.com\/noticias-oposiciones\/wp-json\/wp\/v2\/media?parent=11235"}],"wp:term":[{"taxonomy":"category","embeddable":true,"href":"https:\/\/www.emplea-te.com\/noticias-oposiciones\/wp-json\/wp\/v2\/categories?post=11235"},{"taxonomy":"post_tag","embeddable":true,"href":"https:\/\/www.emplea-te.com\/noticias-oposiciones\/wp-json\/wp\/v2\/tags?post=11235"}],"curies":[{"name":"wp","href":"https:\/\/api.w.org\/{rel}","templated":true}]}}