{"id":11243,"date":"2023-12-12T18:35:22","date_gmt":"2023-12-12T17:35:22","guid":{"rendered":"https:\/\/www.emplea-te.com\/noticias-oposiciones\/?p=11243"},"modified":"2023-12-12T18:35:22","modified_gmt":"2023-12-12T17:35:22","slug":"cuerpo-de-ayudante-de-instituciones-penitenciarias-turno-libre-756-plazas-convocadas-fecha-realizacion-primer-ejercicio","status":"publish","type":"post","link":"https:\/\/www.emplea-te.com\/noticias-oposiciones\/cuerpo-de-ayudante-de-instituciones-penitenciarias-turno-libre-756-plazas-convocadas-fecha-realizacion-primer-ejercicio\/","title":{"rendered":"Cuerpo de Ayudante de Instituciones Penitenciarias turno libre 756 plazas convocadas. Fecha realizaci\u00f3n primer ejercicio."},"content":{"rendered":"<p>Se publica en la Web del Ministerio del Interior, la Nota Informativa del Tribunal Calificador del proceso selectivo en la que se informa de la fecha de realizaci\u00f3n del primer ejercicio de la fase de oposici\u00f3n que tendr\u00e1 lugar el pr\u00f3ximo d\u00eda 4 de febrero de 2024 en la Universidad Complutense de Madrid y en la Universidad de las Palmas de Gran Canaria (edificio de ingenier\u00edas).<\/p>\n<p>Accede a la consulta de la nota informativa desde el enlace de m\u00e1s abajo:<\/p>\n<p><a href=\"https:\/\/www.emplea-te.com\/noticias-oposiciones\/ver-pdf\/?pdf=https%3A%2F%2Fwww.emplea-te.com%2Fnoticias-oposiciones%2Fwp-content%2Fuploads%2F2023%2F12%2FFECHA-EXAMEN-AYUDANTES.pdf\">FECHA 1\u00ba EJERCICIO FASE OPOSICI\u00d3N.<\/a><\/p>\n","protected":false},"excerpt":{"rendered":"<p>Se publica en la Web del Ministerio del Interior, la Nota Informativa del Tribunal Calificador del proceso selectivo en la que se informa de la fecha de realizaci\u00f3n del primer ejercicio de la fase de oposici\u00f3n que tendr\u00e1 lugar el pr\u00f3ximo d\u00eda 4 de febrero de 2024 en la Universidad Complutense de Madrid y en &hellip; <a href=\"https:\/\/www.emplea-te.com\/noticias-oposiciones\/cuerpo-de-ayudante-de-instituciones-penitenciarias-turno-libre-756-plazas-convocadas-fecha-realizacion-primer-ejercicio\/\" class=\"more-link\">Continuar leyendo<span class=\"screen-reader-text\"> \u00abCuerpo de Ayudante de Instituciones Penitenciarias turno libre 756 plazas convocadas. Fecha realizaci\u00f3n primer ejercicio.\u00bb<\/span><\/a><\/p>\n","protected":false},"author":1,"featured_media":0,"comment_status":"closed","ping_status":"closed","sticky":false,"template":"","format":"standard","meta":{"footnotes":""},"categories":[47,7,13],"tags":[49,71,103],"class_list":["post-11243","post","type-post","status-publish","format-standard","hentry","category-administracion-general-del-estado","category-oposiciones-administracion-general-del-estado","category-ayudantes-de-instituciones-penitenciarias-c1-acceso-libre","tag-convocatorias-de-oposiciones","tag-fecha-examenes","tag-informacion-procesos-selectivos"],"yoast_head":"<!-- This site is optimized with the Yoast SEO plugin v27.5 - https:\/\/yoast.com\/product\/yoast-seo-wordpress\/ -->\n<title>Cuerpo de Ayudante de Instituciones Penitenciarias. Convocatoria<\/title>\n<meta name=\"description\" content=\"Cuerpo de Ayudante de Instituciones Penitenciarias turno libre 756 plazas convocadas. Fecha realizaci\u00f3n primer ejercicio.\" \/>\n<meta name=\"robots\" content=\"index, follow, max-snippet:-1, max-image-preview:large, max-video-preview:-1\" \/>\n<link rel=\"canonical\" href=\"https:\/\/www.emplea-te.com\/noticias-oposiciones\/cuerpo-de-ayudante-de-instituciones-penitenciarias-turno-libre-756-plazas-convocadas-fecha-realizacion-primer-ejercicio\/\" \/>\n<meta property=\"og:locale\" content=\"es_ES\" \/>\n<meta property=\"og:type\" content=\"article\" \/>\n<meta property=\"og:title\" content=\"Cuerpo de Ayudante de Instituciones Penitenciarias. Convocatoria\" \/>\n<meta property=\"og:description\" content=\"Cuerpo de Ayudante de Instituciones Penitenciarias turno libre 756 plazas convocadas. Fecha realizaci\u00f3n primer ejercicio.\" \/>\n<meta property=\"og:url\" content=\"https:\/\/www.emplea-te.com\/noticias-oposiciones\/cuerpo-de-ayudante-de-instituciones-penitenciarias-turno-libre-756-plazas-convocadas-fecha-realizacion-primer-ejercicio\/\" \/>\n<meta property=\"og:site_name\" content=\"Noticas de oposiciones por Academia Emplea-te\" \/>\n<meta property=\"article:publisher\" content=\"https:\/\/www.facebook.com\/AcademiaEmpleate\/\" \/>\n<meta property=\"article:published_time\" content=\"2023-12-12T17:35:22+00:00\" \/>\n<meta name=\"author\" content=\"Empleate\" \/>\n<meta name=\"twitter:card\" content=\"summary_large_image\" \/>\n<meta name=\"twitter:creator\" content=\"@Emplea_Te\" \/>\n<meta name=\"twitter:site\" content=\"@Emplea_Te\" \/>\n<meta name=\"twitter:label1\" content=\"Escrito por\" \/>\n\t<meta name=\"twitter:data1\" content=\"Empleate\" \/>\n\t<meta name=\"twitter:label2\" content=\"Tiempo de lectura\" \/>\n\t<meta name=\"twitter:data2\" content=\"1 minuto\" \/>\n<script type=\"application\/ld+json\" class=\"yoast-schema-graph\">{\"@context\":\"https:\\\/\\\/schema.org\",\"@graph\":[{\"@type\":\"Article\",\"@id\":\"https:\\\/\\\/www.emplea-te.com\\\/noticias-oposiciones\\\/cuerpo-de-ayudante-de-instituciones-penitenciarias-turno-libre-756-plazas-convocadas-fecha-realizacion-primer-ejercicio\\\/#article\",\"isPartOf\":{\"@id\":\"https:\\\/\\\/www.emplea-te.com\\\/noticias-oposiciones\\\/cuerpo-de-ayudante-de-instituciones-penitenciarias-turno-libre-756-plazas-convocadas-fecha-realizacion-primer-ejercicio\\\/\"},\"author\":{\"name\":\"Empleate\",\"@id\":\"https:\\\/\\\/www.emplea-te.com\\\/noticias-oposiciones\\\/#\\\/schema\\\/person\\\/d1bc587e1af2b95e9c32aba1795509a6\"},\"headline\":\"Cuerpo de Ayudante de Instituciones Penitenciarias turno libre 756 plazas convocadas. Fecha realizaci\u00f3n primer ejercicio.\",\"datePublished\":\"2023-12-12T17:35:22+00:00\",\"mainEntityOfPage\":{\"@id\":\"https:\\\/\\\/www.emplea-te.com\\\/noticias-oposiciones\\\/cuerpo-de-ayudante-de-instituciones-penitenciarias-turno-libre-756-plazas-convocadas-fecha-realizacion-primer-ejercicio\\\/\"},\"wordCount\":104,\"publisher\":{\"@id\":\"https:\\\/\\\/www.emplea-te.com\\\/noticias-oposiciones\\\/#organization\"},\"keywords\":[\"Convocatoria\",\"Fecha ex\u00e1menes\",\"Informaci\u00f3n procesos selectivos\"],\"articleSection\":[\"Administraci\u00f3n General del Estado.\",\"Oposiciones Administraci\u00f3n General del Estado\",\"Oposiciones Ayudantes de Instituciones Penitenciarias C1\"],\"inLanguage\":\"es\"},{\"@type\":\"WebPage\",\"@id\":\"https:\\\/\\\/www.emplea-te.com\\\/noticias-oposiciones\\\/cuerpo-de-ayudante-de-instituciones-penitenciarias-turno-libre-756-plazas-convocadas-fecha-realizacion-primer-ejercicio\\\/\",\"url\":\"https:\\\/\\\/www.emplea-te.com\\\/noticias-oposiciones\\\/cuerpo-de-ayudante-de-instituciones-penitenciarias-turno-libre-756-plazas-convocadas-fecha-realizacion-primer-ejercicio\\\/\",\"name\":\"Cuerpo de Ayudante de Instituciones Penitenciarias. Convocatoria\",\"isPartOf\":{\"@id\":\"https:\\\/\\\/www.emplea-te.com\\\/noticias-oposiciones\\\/#website\"},\"datePublished\":\"2023-12-12T17:35:22+00:00\",\"description\":\"Cuerpo de Ayudante de Instituciones Penitenciarias turno libre 756 plazas convocadas. Fecha realizaci\u00f3n primer ejercicio.\",\"breadcrumb\":{\"@id\":\"https:\\\/\\\/www.emplea-te.com\\\/noticias-oposiciones\\\/cuerpo-de-ayudante-de-instituciones-penitenciarias-turno-libre-756-plazas-convocadas-fecha-realizacion-primer-ejercicio\\\/#breadcrumb\"},\"inLanguage\":\"es\",\"potentialAction\":[{\"@type\":\"ReadAction\",\"target\":[\"https:\\\/\\\/www.emplea-te.com\\\/noticias-oposiciones\\\/cuerpo-de-ayudante-de-instituciones-penitenciarias-turno-libre-756-plazas-convocadas-fecha-realizacion-primer-ejercicio\\\/\"]}]},{\"@type\":\"BreadcrumbList\",\"@id\":\"https:\\\/\\\/www.emplea-te.com\\\/noticias-oposiciones\\\/cuerpo-de-ayudante-de-instituciones-penitenciarias-turno-libre-756-plazas-convocadas-fecha-realizacion-primer-ejercicio\\\/#breadcrumb\",\"itemListElement\":[{\"@type\":\"ListItem\",\"position\":1,\"name\":\"Noticias Oposiciones\",\"item\":\"https:\\\/\\\/www.emplea-te.com\\\/noticias-oposiciones\\\/\"},{\"@type\":\"ListItem\",\"position\":2,\"name\":\"Oposiciones Administraci\u00f3n General del Estado\",\"item\":\"https:\\\/\\\/www.emplea-te.com\\\/noticias-oposiciones\\\/categoria\\\/oposiciones-administracion-general-del-estado\\\/\"},{\"@type\":\"ListItem\",\"position\":3,\"name\":\"Cuerpo de Ayudante de Instituciones Penitenciarias turno libre 756 plazas convocadas. Fecha realizaci\u00f3n primer ejercicio.\"}]},{\"@type\":\"WebSite\",\"@id\":\"https:\\\/\\\/www.emplea-te.com\\\/noticias-oposiciones\\\/#website\",\"url\":\"https:\\\/\\\/www.emplea-te.com\\\/noticias-oposiciones\\\/\",\"name\":\"Noticas de oposiciones por Academia Emplea-te\",\"description\":\"Toda la actualidad de las ofertas y convocatorias.\",\"publisher\":{\"@id\":\"https:\\\/\\\/www.emplea-te.com\\\/noticias-oposiciones\\\/#organization\"},\"potentialAction\":[{\"@type\":\"SearchAction\",\"target\":{\"@type\":\"EntryPoint\",\"urlTemplate\":\"https:\\\/\\\/www.emplea-te.com\\\/noticias-oposiciones\\\/?s={search_term_string}\"},\"query-input\":{\"@type\":\"PropertyValueSpecification\",\"valueRequired\":true,\"valueName\":\"search_term_string\"}}],\"inLanguage\":\"es\"},{\"@type\":\"Organization\",\"@id\":\"https:\\\/\\\/www.emplea-te.com\\\/noticias-oposiciones\\\/#organization\",\"name\":\"Academia de oposiciones Empl\u00e9ate\",\"url\":\"https:\\\/\\\/www.emplea-te.com\\\/noticias-oposiciones\\\/\",\"logo\":{\"@type\":\"ImageObject\",\"inLanguage\":\"es\",\"@id\":\"https:\\\/\\\/www.emplea-te.com\\\/noticias-oposiciones\\\/#\\\/schema\\\/logo\\\/image\\\/\",\"url\":\"https:\\\/\\\/www.emplea-te.com\\\/noticias-oposiciones\\\/wp-content\\\/uploads\\\/2019\\\/04\\\/empleate.jpg\",\"contentUrl\":\"https:\\\/\\\/www.emplea-te.com\\\/noticias-oposiciones\\\/wp-content\\\/uploads\\\/2019\\\/04\\\/empleate.jpg\",\"width\":250,\"height\":150,\"caption\":\"Academia de oposiciones Empl\u00e9ate\"},\"image\":{\"@id\":\"https:\\\/\\\/www.emplea-te.com\\\/noticias-oposiciones\\\/#\\\/schema\\\/logo\\\/image\\\/\"},\"sameAs\":[\"https:\\\/\\\/www.facebook.com\\\/AcademiaEmpleate\\\/\",\"https:\\\/\\\/x.com\\\/Emplea_Te\",\"https:\\\/\\\/www.instagram.com\\\/academia_empleate\\\/\"]},{\"@type\":\"Person\",\"@id\":\"https:\\\/\\\/www.emplea-te.com\\\/noticias-oposiciones\\\/#\\\/schema\\\/person\\\/d1bc587e1af2b95e9c32aba1795509a6\",\"name\":\"Empleate\"}]}<\/script>\n<!-- \/ Yoast SEO plugin. -->","yoast_head_json":{"title":"Cuerpo de Ayudante de Instituciones Penitenciarias. Convocatoria","description":"Cuerpo de Ayudante de Instituciones Penitenciarias turno libre 756 plazas convocadas. Fecha realizaci\u00f3n primer ejercicio.","robots":{"index":"index","follow":"follow","max-snippet":"max-snippet:-1","max-image-preview":"max-image-preview:large","max-video-preview":"max-video-preview:-1"},"canonical":"https:\/\/www.emplea-te.com\/noticias-oposiciones\/cuerpo-de-ayudante-de-instituciones-penitenciarias-turno-libre-756-plazas-convocadas-fecha-realizacion-primer-ejercicio\/","og_locale":"es_ES","og_type":"article","og_title":"Cuerpo de Ayudante de Instituciones Penitenciarias. Convocatoria","og_description":"Cuerpo de Ayudante de Instituciones Penitenciarias turno libre 756 plazas convocadas. Fecha realizaci\u00f3n primer ejercicio.","og_url":"https:\/\/www.emplea-te.com\/noticias-oposiciones\/cuerpo-de-ayudante-de-instituciones-penitenciarias-turno-libre-756-plazas-convocadas-fecha-realizacion-primer-ejercicio\/","og_site_name":"Noticas de oposiciones por Academia Emplea-te","article_publisher":"https:\/\/www.facebook.com\/AcademiaEmpleate\/","article_published_time":"2023-12-12T17:35:22+00:00","author":"Empleate","twitter_card":"summary_large_image","twitter_creator":"@Emplea_Te","twitter_site":"@Emplea_Te","twitter_misc":{"Escrito por":"Empleate","Tiempo de lectura":"1 minuto"},"schema":{"@context":"https:\/\/schema.org","@graph":[{"@type":"Article","@id":"https:\/\/www.emplea-te.com\/noticias-oposiciones\/cuerpo-de-ayudante-de-instituciones-penitenciarias-turno-libre-756-plazas-convocadas-fecha-realizacion-primer-ejercicio\/#article","isPartOf":{"@id":"https:\/\/www.emplea-te.com\/noticias-oposiciones\/cuerpo-de-ayudante-de-instituciones-penitenciarias-turno-libre-756-plazas-convocadas-fecha-realizacion-primer-ejercicio\/"},"author":{"name":"Empleate","@id":"https:\/\/www.emplea-te.com\/noticias-oposiciones\/#\/schema\/person\/d1bc587e1af2b95e9c32aba1795509a6"},"headline":"Cuerpo de Ayudante de Instituciones Penitenciarias turno libre 756 plazas convocadas. Fecha realizaci\u00f3n primer ejercicio.","datePublished":"2023-12-12T17:35:22+00:00","mainEntityOfPage":{"@id":"https:\/\/www.emplea-te.com\/noticias-oposiciones\/cuerpo-de-ayudante-de-instituciones-penitenciarias-turno-libre-756-plazas-convocadas-fecha-realizacion-primer-ejercicio\/"},"wordCount":104,"publisher":{"@id":"https:\/\/www.emplea-te.com\/noticias-oposiciones\/#organization"},"keywords":["Convocatoria","Fecha ex\u00e1menes","Informaci\u00f3n procesos selectivos"],"articleSection":["Administraci\u00f3n General del Estado.","Oposiciones Administraci\u00f3n General del Estado","Oposiciones Ayudantes de Instituciones Penitenciarias C1"],"inLanguage":"es"},{"@type":"WebPage","@id":"https:\/\/www.emplea-te.com\/noticias-oposiciones\/cuerpo-de-ayudante-de-instituciones-penitenciarias-turno-libre-756-plazas-convocadas-fecha-realizacion-primer-ejercicio\/","url":"https:\/\/www.emplea-te.com\/noticias-oposiciones\/cuerpo-de-ayudante-de-instituciones-penitenciarias-turno-libre-756-plazas-convocadas-fecha-realizacion-primer-ejercicio\/","name":"Cuerpo de Ayudante de Instituciones Penitenciarias. Convocatoria","isPartOf":{"@id":"https:\/\/www.emplea-te.com\/noticias-oposiciones\/#website"},"datePublished":"2023-12-12T17:35:22+00:00","description":"Cuerpo de Ayudante de Instituciones Penitenciarias turno libre 756 plazas convocadas. Fecha realizaci\u00f3n primer ejercicio.","breadcrumb":{"@id":"https:\/\/www.emplea-te.com\/noticias-oposiciones\/cuerpo-de-ayudante-de-instituciones-penitenciarias-turno-libre-756-plazas-convocadas-fecha-realizacion-primer-ejercicio\/#breadcrumb"},"inLanguage":"es","potentialAction":[{"@type":"ReadAction","target":["https:\/\/www.emplea-te.com\/noticias-oposiciones\/cuerpo-de-ayudante-de-instituciones-penitenciarias-turno-libre-756-plazas-convocadas-fecha-realizacion-primer-ejercicio\/"]}]},{"@type":"BreadcrumbList","@id":"https:\/\/www.emplea-te.com\/noticias-oposiciones\/cuerpo-de-ayudante-de-instituciones-penitenciarias-turno-libre-756-plazas-convocadas-fecha-realizacion-primer-ejercicio\/#breadcrumb","itemListElement":[{"@type":"ListItem","position":1,"name":"Noticias Oposiciones","item":"https:\/\/www.emplea-te.com\/noticias-oposiciones\/"},{"@type":"ListItem","position":2,"name":"Oposiciones Administraci\u00f3n General del Estado","item":"https:\/\/www.emplea-te.com\/noticias-oposiciones\/categoria\/oposiciones-administracion-general-del-estado\/"},{"@type":"ListItem","position":3,"name":"Cuerpo de Ayudante de Instituciones Penitenciarias turno libre 756 plazas convocadas. Fecha realizaci\u00f3n primer ejercicio."}]},{"@type":"WebSite","@id":"https:\/\/www.emplea-te.com\/noticias-oposiciones\/#website","url":"https:\/\/www.emplea-te.com\/noticias-oposiciones\/","name":"Noticas de oposiciones por Academia Emplea-te","description":"Toda la actualidad de las ofertas y convocatorias.","publisher":{"@id":"https:\/\/www.emplea-te.com\/noticias-oposiciones\/#organization"},"potentialAction":[{"@type":"SearchAction","target":{"@type":"EntryPoint","urlTemplate":"https:\/\/www.emplea-te.com\/noticias-oposiciones\/?s={search_term_string}"},"query-input":{"@type":"PropertyValueSpecification","valueRequired":true,"valueName":"search_term_string"}}],"inLanguage":"es"},{"@type":"Organization","@id":"https:\/\/www.emplea-te.com\/noticias-oposiciones\/#organization","name":"Academia de oposiciones Empl\u00e9ate","url":"https:\/\/www.emplea-te.com\/noticias-oposiciones\/","logo":{"@type":"ImageObject","inLanguage":"es","@id":"https:\/\/www.emplea-te.com\/noticias-oposiciones\/#\/schema\/logo\/image\/","url":"https:\/\/www.emplea-te.com\/noticias-oposiciones\/wp-content\/uploads\/2019\/04\/empleate.jpg","contentUrl":"https:\/\/www.emplea-te.com\/noticias-oposiciones\/wp-content\/uploads\/2019\/04\/empleate.jpg","width":250,"height":150,"caption":"Academia de oposiciones Empl\u00e9ate"},"image":{"@id":"https:\/\/www.emplea-te.com\/noticias-oposiciones\/#\/schema\/logo\/image\/"},"sameAs":["https:\/\/www.facebook.com\/AcademiaEmpleate\/","https:\/\/x.com\/Emplea_Te","https:\/\/www.instagram.com\/academia_empleate\/"]},{"@type":"Person","@id":"https:\/\/www.emplea-te.com\/noticias-oposiciones\/#\/schema\/person\/d1bc587e1af2b95e9c32aba1795509a6","name":"Empleate"}]}},"_links":{"self":[{"href":"https:\/\/www.emplea-te.com\/noticias-oposiciones\/wp-json\/wp\/v2\/posts\/11243","targetHints":{"allow":["GET"]}}],"collection":[{"href":"https:\/\/www.emplea-te.com\/noticias-oposiciones\/wp-json\/wp\/v2\/posts"}],"about":[{"href":"https:\/\/www.emplea-te.com\/noticias-oposiciones\/wp-json\/wp\/v2\/types\/post"}],"author":[{"embeddable":true,"href":"https:\/\/www.emplea-te.com\/noticias-oposiciones\/wp-json\/wp\/v2\/users\/1"}],"replies":[{"embeddable":true,"href":"https:\/\/www.emplea-te.com\/noticias-oposiciones\/wp-json\/wp\/v2\/comments?post=11243"}],"version-history":[{"count":1,"href":"https:\/\/www.emplea-te.com\/noticias-oposiciones\/wp-json\/wp\/v2\/posts\/11243\/revisions"}],"predecessor-version":[{"id":11245,"href":"https:\/\/www.emplea-te.com\/noticias-oposiciones\/wp-json\/wp\/v2\/posts\/11243\/revisions\/11245"}],"wp:attachment":[{"href":"https:\/\/www.emplea-te.com\/noticias-oposiciones\/wp-json\/wp\/v2\/media?parent=11243"}],"wp:term":[{"taxonomy":"category","embeddable":true,"href":"https:\/\/www.emplea-te.com\/noticias-oposiciones\/wp-json\/wp\/v2\/categories?post=11243"},{"taxonomy":"post_tag","embeddable":true,"href":"https:\/\/www.emplea-te.com\/noticias-oposiciones\/wp-json\/wp\/v2\/tags?post=11243"}],"curies":[{"name":"wp","href":"https:\/\/api.w.org\/{rel}","templated":true}]}}