{"id":11260,"date":"2023-12-15T09:41:00","date_gmt":"2023-12-15T08:41:00","guid":{"rendered":"https:\/\/www.emplea-te.com\/noticias-oposiciones\/?p=11260"},"modified":"2023-12-15T09:41:00","modified_gmt":"2023-12-15T08:41:00","slug":"ayuntamiento-de-oia-anuncio-de-convocatoria-y-bases-de-proceso-selectivo-que-sera-convocado-para-cubrir-plaza-de-auxiliar-administrativo","status":"publish","type":"post","link":"https:\/\/www.emplea-te.com\/noticias-oposiciones\/ayuntamiento-de-oia-anuncio-de-convocatoria-y-bases-de-proceso-selectivo-que-sera-convocado-para-cubrir-plaza-de-auxiliar-administrativo\/","title":{"rendered":"Ayuntamiento de OIA. Anuncio de convocatoria y bases de proceso selectivo que ser\u00e1 convocado para cubrir plaza de Auxiliar Administrativo."},"content":{"rendered":"<p>Se publica en el DOG de hoy, d\u00eda 15 de diciembre de 2023, el\u00a0Anuncio de la convocatoria del proceso de estabilizaci\u00f3n de empleo temporal.<\/p>\n<p>De entre las plazas que ser\u00e1n convocadas destacamos:<\/p>\n<p>1 Plaza\u00a0 de Auxiliar Administrativo, perteneciente a la plantilla de personal funcionario, mediante el sistema de concurso-oposici\u00f3n, en turno libre.<\/p>\n<p><a href=\"https:\/\/boppo.depo.gal\/web\/boppo\/detalle\/-\/boppo\/2022\/12\/28\/2022075613\" target=\"_blank\" rel=\"noopener\"><strong>En el Bolet\u00edn Oficial de la provincia de Pontevedra n\u00famero 247, de 28 de diciembre de 2022, se publicaron \u00edntegramente las bases que han de regir la convocatoria .<\/strong><\/a><\/p>\n<p>El plazo de presentaci\u00f3n de solicitudes ser\u00e1 de 20 d\u00edas h\u00e1biles contados desde el siguiente al de la publicaci\u00f3n del anuncio de la convocatoria en el Bolet\u00edn Oficial del Estado.<\/p>\n<p><a href=\"https:\/\/www.xunta.gal\/dog\/Publicados\/2023\/20231215\/AnuncioL236-111223-0001_es.html\" target=\"_blank\" rel=\"noopener\"><strong>Accede a la publicaci\u00f3n \u00edntegra de este Anuncio desde este enlace.\u00a0<\/strong><\/a><\/p>\n","protected":false},"excerpt":{"rendered":"<p>Se publica en el DOG de hoy, d\u00eda 15 de diciembre de 2023, el\u00a0Anuncio de la convocatoria del proceso de estabilizaci\u00f3n de empleo temporal. De entre las plazas que ser\u00e1n convocadas destacamos: 1 Plaza\u00a0 de Auxiliar Administrativo, perteneciente a la plantilla de personal funcionario, mediante el sistema de concurso-oposici\u00f3n, en turno libre. En el Bolet\u00edn &hellip; <a href=\"https:\/\/www.emplea-te.com\/noticias-oposiciones\/ayuntamiento-de-oia-anuncio-de-convocatoria-y-bases-de-proceso-selectivo-que-sera-convocado-para-cubrir-plaza-de-auxiliar-administrativo\/\" class=\"more-link\">Continuar leyendo<span class=\"screen-reader-text\"> \u00abAyuntamiento de OIA. Anuncio de convocatoria y bases de proceso selectivo que ser\u00e1 convocado para cubrir plaza de Auxiliar Administrativo.\u00bb<\/span><\/a><\/p>\n","protected":false},"author":1,"featured_media":0,"comment_status":"closed","ping_status":"closed","sticky":false,"template":"","format":"standard","meta":{"footnotes":""},"categories":[37,56],"tags":[117,103],"class_list":["post-11260","post","type-post","status-publish","format-standard","hentry","category-convocatorias-ayuntamientos","category-oposiciones-autonomicas-galicia","tag-anuncio-de-convocatoria","tag-informacion-procesos-selectivos"],"yoast_head":"<!-- This site is optimized with the Yoast SEO plugin v27.5 - https:\/\/yoast.com\/product\/yoast-seo-wordpress\/ -->\n<title>Ayuntamiento de OIA. Anuncio de convocatoria Empleo P\u00fablico<\/title>\n<meta name=\"description\" content=\"Ayuntamiento de OIA. Anuncio de convocatoria y bases de proceso selectivo que ser\u00e1 convocado para cubrir plaza de Auxiliar Administrativo.\" \/>\n<meta name=\"robots\" content=\"index, follow, max-snippet:-1, max-image-preview:large, max-video-preview:-1\" \/>\n<link rel=\"canonical\" href=\"https:\/\/www.emplea-te.com\/noticias-oposiciones\/ayuntamiento-de-oia-anuncio-de-convocatoria-y-bases-de-proceso-selectivo-que-sera-convocado-para-cubrir-plaza-de-auxiliar-administrativo\/\" \/>\n<meta property=\"og:locale\" content=\"es_ES\" \/>\n<meta property=\"og:type\" content=\"article\" \/>\n<meta property=\"og:title\" content=\"Ayuntamiento de OIA. Anuncio de convocatoria Empleo P\u00fablico\" \/>\n<meta property=\"og:description\" content=\"Ayuntamiento de OIA. Anuncio de convocatoria y bases de proceso selectivo que ser\u00e1 convocado para cubrir plaza de Auxiliar Administrativo.\" \/>\n<meta property=\"og:url\" content=\"https:\/\/www.emplea-te.com\/noticias-oposiciones\/ayuntamiento-de-oia-anuncio-de-convocatoria-y-bases-de-proceso-selectivo-que-sera-convocado-para-cubrir-plaza-de-auxiliar-administrativo\/\" \/>\n<meta property=\"og:site_name\" content=\"Noticas de oposiciones por Academia Emplea-te\" \/>\n<meta property=\"article:publisher\" content=\"https:\/\/www.facebook.com\/AcademiaEmpleate\/\" \/>\n<meta property=\"article:published_time\" content=\"2023-12-15T08:41:00+00:00\" \/>\n<meta name=\"author\" content=\"Empleate\" \/>\n<meta name=\"twitter:card\" content=\"summary_large_image\" \/>\n<meta name=\"twitter:creator\" content=\"@Emplea_Te\" \/>\n<meta name=\"twitter:site\" content=\"@Emplea_Te\" \/>\n<meta name=\"twitter:label1\" content=\"Escrito por\" \/>\n\t<meta name=\"twitter:data1\" content=\"Empleate\" \/>\n\t<meta name=\"twitter:label2\" content=\"Tiempo de lectura\" \/>\n\t<meta name=\"twitter:data2\" content=\"1 minuto\" \/>\n<script type=\"application\/ld+json\" class=\"yoast-schema-graph\">{\"@context\":\"https:\\\/\\\/schema.org\",\"@graph\":[{\"@type\":\"Article\",\"@id\":\"https:\\\/\\\/www.emplea-te.com\\\/noticias-oposiciones\\\/ayuntamiento-de-oia-anuncio-de-convocatoria-y-bases-de-proceso-selectivo-que-sera-convocado-para-cubrir-plaza-de-auxiliar-administrativo\\\/#article\",\"isPartOf\":{\"@id\":\"https:\\\/\\\/www.emplea-te.com\\\/noticias-oposiciones\\\/ayuntamiento-de-oia-anuncio-de-convocatoria-y-bases-de-proceso-selectivo-que-sera-convocado-para-cubrir-plaza-de-auxiliar-administrativo\\\/\"},\"author\":{\"name\":\"Empleate\",\"@id\":\"https:\\\/\\\/www.emplea-te.com\\\/noticias-oposiciones\\\/#\\\/schema\\\/person\\\/d1bc587e1af2b95e9c32aba1795509a6\"},\"headline\":\"Ayuntamiento de OIA. Anuncio de convocatoria y bases de proceso selectivo que ser\u00e1 convocado para cubrir plaza de Auxiliar Administrativo.\",\"datePublished\":\"2023-12-15T08:41:00+00:00\",\"mainEntityOfPage\":{\"@id\":\"https:\\\/\\\/www.emplea-te.com\\\/noticias-oposiciones\\\/ayuntamiento-de-oia-anuncio-de-convocatoria-y-bases-de-proceso-selectivo-que-sera-convocado-para-cubrir-plaza-de-auxiliar-administrativo\\\/\"},\"wordCount\":147,\"publisher\":{\"@id\":\"https:\\\/\\\/www.emplea-te.com\\\/noticias-oposiciones\\\/#organization\"},\"keywords\":[\"Anuncio de convocatoria\",\"Informaci\u00f3n procesos selectivos\"],\"articleSection\":[\"Convocatorias Ayuntamientos\",\"Oposiciones Auton\u00f3micas Galicia\"],\"inLanguage\":\"es\"},{\"@type\":\"WebPage\",\"@id\":\"https:\\\/\\\/www.emplea-te.com\\\/noticias-oposiciones\\\/ayuntamiento-de-oia-anuncio-de-convocatoria-y-bases-de-proceso-selectivo-que-sera-convocado-para-cubrir-plaza-de-auxiliar-administrativo\\\/\",\"url\":\"https:\\\/\\\/www.emplea-te.com\\\/noticias-oposiciones\\\/ayuntamiento-de-oia-anuncio-de-convocatoria-y-bases-de-proceso-selectivo-que-sera-convocado-para-cubrir-plaza-de-auxiliar-administrativo\\\/\",\"name\":\"Ayuntamiento de OIA. Anuncio de convocatoria Empleo P\u00fablico\",\"isPartOf\":{\"@id\":\"https:\\\/\\\/www.emplea-te.com\\\/noticias-oposiciones\\\/#website\"},\"datePublished\":\"2023-12-15T08:41:00+00:00\",\"description\":\"Ayuntamiento de OIA. Anuncio de convocatoria y bases de proceso selectivo que ser\u00e1 convocado para cubrir plaza de Auxiliar Administrativo.\",\"breadcrumb\":{\"@id\":\"https:\\\/\\\/www.emplea-te.com\\\/noticias-oposiciones\\\/ayuntamiento-de-oia-anuncio-de-convocatoria-y-bases-de-proceso-selectivo-que-sera-convocado-para-cubrir-plaza-de-auxiliar-administrativo\\\/#breadcrumb\"},\"inLanguage\":\"es\",\"potentialAction\":[{\"@type\":\"ReadAction\",\"target\":[\"https:\\\/\\\/www.emplea-te.com\\\/noticias-oposiciones\\\/ayuntamiento-de-oia-anuncio-de-convocatoria-y-bases-de-proceso-selectivo-que-sera-convocado-para-cubrir-plaza-de-auxiliar-administrativo\\\/\"]}]},{\"@type\":\"BreadcrumbList\",\"@id\":\"https:\\\/\\\/www.emplea-te.com\\\/noticias-oposiciones\\\/ayuntamiento-de-oia-anuncio-de-convocatoria-y-bases-de-proceso-selectivo-que-sera-convocado-para-cubrir-plaza-de-auxiliar-administrativo\\\/#breadcrumb\",\"itemListElement\":[{\"@type\":\"ListItem\",\"position\":1,\"name\":\"Noticias Oposiciones\",\"item\":\"https:\\\/\\\/www.emplea-te.com\\\/noticias-oposiciones\\\/\"},{\"@type\":\"ListItem\",\"position\":2,\"name\":\"Oposiciones Auton\u00f3micas Galicia\",\"item\":\"https:\\\/\\\/www.emplea-te.com\\\/noticias-oposiciones\\\/categoria\\\/oposiciones-autonomicas-galicia\\\/\"},{\"@type\":\"ListItem\",\"position\":3,\"name\":\"Ayuntamiento de OIA. Anuncio de convocatoria y bases de proceso selectivo que ser\u00e1 convocado para cubrir plaza de Auxiliar Administrativo.\"}]},{\"@type\":\"WebSite\",\"@id\":\"https:\\\/\\\/www.emplea-te.com\\\/noticias-oposiciones\\\/#website\",\"url\":\"https:\\\/\\\/www.emplea-te.com\\\/noticias-oposiciones\\\/\",\"name\":\"Noticas de oposiciones por Academia Emplea-te\",\"description\":\"Toda la actualidad de las ofertas y convocatorias.\",\"publisher\":{\"@id\":\"https:\\\/\\\/www.emplea-te.com\\\/noticias-oposiciones\\\/#organization\"},\"potentialAction\":[{\"@type\":\"SearchAction\",\"target\":{\"@type\":\"EntryPoint\",\"urlTemplate\":\"https:\\\/\\\/www.emplea-te.com\\\/noticias-oposiciones\\\/?s={search_term_string}\"},\"query-input\":{\"@type\":\"PropertyValueSpecification\",\"valueRequired\":true,\"valueName\":\"search_term_string\"}}],\"inLanguage\":\"es\"},{\"@type\":\"Organization\",\"@id\":\"https:\\\/\\\/www.emplea-te.com\\\/noticias-oposiciones\\\/#organization\",\"name\":\"Academia de oposiciones Empl\u00e9ate\",\"url\":\"https:\\\/\\\/www.emplea-te.com\\\/noticias-oposiciones\\\/\",\"logo\":{\"@type\":\"ImageObject\",\"inLanguage\":\"es\",\"@id\":\"https:\\\/\\\/www.emplea-te.com\\\/noticias-oposiciones\\\/#\\\/schema\\\/logo\\\/image\\\/\",\"url\":\"https:\\\/\\\/www.emplea-te.com\\\/noticias-oposiciones\\\/wp-content\\\/uploads\\\/2019\\\/04\\\/empleate.jpg\",\"contentUrl\":\"https:\\\/\\\/www.emplea-te.com\\\/noticias-oposiciones\\\/wp-content\\\/uploads\\\/2019\\\/04\\\/empleate.jpg\",\"width\":250,\"height\":150,\"caption\":\"Academia de oposiciones Empl\u00e9ate\"},\"image\":{\"@id\":\"https:\\\/\\\/www.emplea-te.com\\\/noticias-oposiciones\\\/#\\\/schema\\\/logo\\\/image\\\/\"},\"sameAs\":[\"https:\\\/\\\/www.facebook.com\\\/AcademiaEmpleate\\\/\",\"https:\\\/\\\/x.com\\\/Emplea_Te\",\"https:\\\/\\\/www.instagram.com\\\/academia_empleate\\\/\"]},{\"@type\":\"Person\",\"@id\":\"https:\\\/\\\/www.emplea-te.com\\\/noticias-oposiciones\\\/#\\\/schema\\\/person\\\/d1bc587e1af2b95e9c32aba1795509a6\",\"name\":\"Empleate\"}]}<\/script>\n<!-- \/ Yoast SEO plugin. -->","yoast_head_json":{"title":"Ayuntamiento de OIA. Anuncio de convocatoria Empleo P\u00fablico","description":"Ayuntamiento de OIA. Anuncio de convocatoria y bases de proceso selectivo que ser\u00e1 convocado para cubrir plaza de Auxiliar Administrativo.","robots":{"index":"index","follow":"follow","max-snippet":"max-snippet:-1","max-image-preview":"max-image-preview:large","max-video-preview":"max-video-preview:-1"},"canonical":"https:\/\/www.emplea-te.com\/noticias-oposiciones\/ayuntamiento-de-oia-anuncio-de-convocatoria-y-bases-de-proceso-selectivo-que-sera-convocado-para-cubrir-plaza-de-auxiliar-administrativo\/","og_locale":"es_ES","og_type":"article","og_title":"Ayuntamiento de OIA. Anuncio de convocatoria Empleo P\u00fablico","og_description":"Ayuntamiento de OIA. Anuncio de convocatoria y bases de proceso selectivo que ser\u00e1 convocado para cubrir plaza de Auxiliar Administrativo.","og_url":"https:\/\/www.emplea-te.com\/noticias-oposiciones\/ayuntamiento-de-oia-anuncio-de-convocatoria-y-bases-de-proceso-selectivo-que-sera-convocado-para-cubrir-plaza-de-auxiliar-administrativo\/","og_site_name":"Noticas de oposiciones por Academia Emplea-te","article_publisher":"https:\/\/www.facebook.com\/AcademiaEmpleate\/","article_published_time":"2023-12-15T08:41:00+00:00","author":"Empleate","twitter_card":"summary_large_image","twitter_creator":"@Emplea_Te","twitter_site":"@Emplea_Te","twitter_misc":{"Escrito por":"Empleate","Tiempo de lectura":"1 minuto"},"schema":{"@context":"https:\/\/schema.org","@graph":[{"@type":"Article","@id":"https:\/\/www.emplea-te.com\/noticias-oposiciones\/ayuntamiento-de-oia-anuncio-de-convocatoria-y-bases-de-proceso-selectivo-que-sera-convocado-para-cubrir-plaza-de-auxiliar-administrativo\/#article","isPartOf":{"@id":"https:\/\/www.emplea-te.com\/noticias-oposiciones\/ayuntamiento-de-oia-anuncio-de-convocatoria-y-bases-de-proceso-selectivo-que-sera-convocado-para-cubrir-plaza-de-auxiliar-administrativo\/"},"author":{"name":"Empleate","@id":"https:\/\/www.emplea-te.com\/noticias-oposiciones\/#\/schema\/person\/d1bc587e1af2b95e9c32aba1795509a6"},"headline":"Ayuntamiento de OIA. Anuncio de convocatoria y bases de proceso selectivo que ser\u00e1 convocado para cubrir plaza de Auxiliar Administrativo.","datePublished":"2023-12-15T08:41:00+00:00","mainEntityOfPage":{"@id":"https:\/\/www.emplea-te.com\/noticias-oposiciones\/ayuntamiento-de-oia-anuncio-de-convocatoria-y-bases-de-proceso-selectivo-que-sera-convocado-para-cubrir-plaza-de-auxiliar-administrativo\/"},"wordCount":147,"publisher":{"@id":"https:\/\/www.emplea-te.com\/noticias-oposiciones\/#organization"},"keywords":["Anuncio de convocatoria","Informaci\u00f3n procesos selectivos"],"articleSection":["Convocatorias Ayuntamientos","Oposiciones Auton\u00f3micas Galicia"],"inLanguage":"es"},{"@type":"WebPage","@id":"https:\/\/www.emplea-te.com\/noticias-oposiciones\/ayuntamiento-de-oia-anuncio-de-convocatoria-y-bases-de-proceso-selectivo-que-sera-convocado-para-cubrir-plaza-de-auxiliar-administrativo\/","url":"https:\/\/www.emplea-te.com\/noticias-oposiciones\/ayuntamiento-de-oia-anuncio-de-convocatoria-y-bases-de-proceso-selectivo-que-sera-convocado-para-cubrir-plaza-de-auxiliar-administrativo\/","name":"Ayuntamiento de OIA. Anuncio de convocatoria Empleo P\u00fablico","isPartOf":{"@id":"https:\/\/www.emplea-te.com\/noticias-oposiciones\/#website"},"datePublished":"2023-12-15T08:41:00+00:00","description":"Ayuntamiento de OIA. Anuncio de convocatoria y bases de proceso selectivo que ser\u00e1 convocado para cubrir plaza de Auxiliar Administrativo.","breadcrumb":{"@id":"https:\/\/www.emplea-te.com\/noticias-oposiciones\/ayuntamiento-de-oia-anuncio-de-convocatoria-y-bases-de-proceso-selectivo-que-sera-convocado-para-cubrir-plaza-de-auxiliar-administrativo\/#breadcrumb"},"inLanguage":"es","potentialAction":[{"@type":"ReadAction","target":["https:\/\/www.emplea-te.com\/noticias-oposiciones\/ayuntamiento-de-oia-anuncio-de-convocatoria-y-bases-de-proceso-selectivo-que-sera-convocado-para-cubrir-plaza-de-auxiliar-administrativo\/"]}]},{"@type":"BreadcrumbList","@id":"https:\/\/www.emplea-te.com\/noticias-oposiciones\/ayuntamiento-de-oia-anuncio-de-convocatoria-y-bases-de-proceso-selectivo-que-sera-convocado-para-cubrir-plaza-de-auxiliar-administrativo\/#breadcrumb","itemListElement":[{"@type":"ListItem","position":1,"name":"Noticias Oposiciones","item":"https:\/\/www.emplea-te.com\/noticias-oposiciones\/"},{"@type":"ListItem","position":2,"name":"Oposiciones Auton\u00f3micas Galicia","item":"https:\/\/www.emplea-te.com\/noticias-oposiciones\/categoria\/oposiciones-autonomicas-galicia\/"},{"@type":"ListItem","position":3,"name":"Ayuntamiento de OIA. Anuncio de convocatoria y bases de proceso selectivo que ser\u00e1 convocado para cubrir plaza de Auxiliar Administrativo."}]},{"@type":"WebSite","@id":"https:\/\/www.emplea-te.com\/noticias-oposiciones\/#website","url":"https:\/\/www.emplea-te.com\/noticias-oposiciones\/","name":"Noticas de oposiciones por Academia Emplea-te","description":"Toda la actualidad de las ofertas y convocatorias.","publisher":{"@id":"https:\/\/www.emplea-te.com\/noticias-oposiciones\/#organization"},"potentialAction":[{"@type":"SearchAction","target":{"@type":"EntryPoint","urlTemplate":"https:\/\/www.emplea-te.com\/noticias-oposiciones\/?s={search_term_string}"},"query-input":{"@type":"PropertyValueSpecification","valueRequired":true,"valueName":"search_term_string"}}],"inLanguage":"es"},{"@type":"Organization","@id":"https:\/\/www.emplea-te.com\/noticias-oposiciones\/#organization","name":"Academia de oposiciones Empl\u00e9ate","url":"https:\/\/www.emplea-te.com\/noticias-oposiciones\/","logo":{"@type":"ImageObject","inLanguage":"es","@id":"https:\/\/www.emplea-te.com\/noticias-oposiciones\/#\/schema\/logo\/image\/","url":"https:\/\/www.emplea-te.com\/noticias-oposiciones\/wp-content\/uploads\/2019\/04\/empleate.jpg","contentUrl":"https:\/\/www.emplea-te.com\/noticias-oposiciones\/wp-content\/uploads\/2019\/04\/empleate.jpg","width":250,"height":150,"caption":"Academia de oposiciones Empl\u00e9ate"},"image":{"@id":"https:\/\/www.emplea-te.com\/noticias-oposiciones\/#\/schema\/logo\/image\/"},"sameAs":["https:\/\/www.facebook.com\/AcademiaEmpleate\/","https:\/\/x.com\/Emplea_Te","https:\/\/www.instagram.com\/academia_empleate\/"]},{"@type":"Person","@id":"https:\/\/www.emplea-te.com\/noticias-oposiciones\/#\/schema\/person\/d1bc587e1af2b95e9c32aba1795509a6","name":"Empleate"}]}},"_links":{"self":[{"href":"https:\/\/www.emplea-te.com\/noticias-oposiciones\/wp-json\/wp\/v2\/posts\/11260","targetHints":{"allow":["GET"]}}],"collection":[{"href":"https:\/\/www.emplea-te.com\/noticias-oposiciones\/wp-json\/wp\/v2\/posts"}],"about":[{"href":"https:\/\/www.emplea-te.com\/noticias-oposiciones\/wp-json\/wp\/v2\/types\/post"}],"author":[{"embeddable":true,"href":"https:\/\/www.emplea-te.com\/noticias-oposiciones\/wp-json\/wp\/v2\/users\/1"}],"replies":[{"embeddable":true,"href":"https:\/\/www.emplea-te.com\/noticias-oposiciones\/wp-json\/wp\/v2\/comments?post=11260"}],"version-history":[{"count":1,"href":"https:\/\/www.emplea-te.com\/noticias-oposiciones\/wp-json\/wp\/v2\/posts\/11260\/revisions"}],"predecessor-version":[{"id":11261,"href":"https:\/\/www.emplea-te.com\/noticias-oposiciones\/wp-json\/wp\/v2\/posts\/11260\/revisions\/11261"}],"wp:attachment":[{"href":"https:\/\/www.emplea-te.com\/noticias-oposiciones\/wp-json\/wp\/v2\/media?parent=11260"}],"wp:term":[{"taxonomy":"category","embeddable":true,"href":"https:\/\/www.emplea-te.com\/noticias-oposiciones\/wp-json\/wp\/v2\/categories?post=11260"},{"taxonomy":"post_tag","embeddable":true,"href":"https:\/\/www.emplea-te.com\/noticias-oposiciones\/wp-json\/wp\/v2\/tags?post=11260"}],"curies":[{"name":"wp","href":"https:\/\/api.w.org\/{rel}","templated":true}]}}