{"id":11266,"date":"2023-12-15T09:57:41","date_gmt":"2023-12-15T08:57:41","guid":{"rendered":"https:\/\/www.emplea-te.com\/noticias-oposiciones\/?p=11266"},"modified":"2023-12-15T10:01:54","modified_gmt":"2023-12-15T09:01:54","slug":"ayuntamiento-de-santiago-de-compostela-anuncio-de-aprobacion-de-la-oferta-de-empleo-publico-de-2023","status":"publish","type":"post","link":"https:\/\/www.emplea-te.com\/noticias-oposiciones\/ayuntamiento-de-santiago-de-compostela-anuncio-de-aprobacion-de-la-oferta-de-empleo-publico-de-2023\/","title":{"rendered":"Ayuntamiento de Santiago de Compostela. Anuncio de aprobaci\u00f3n de la Oferta de Empleo P\u00fablico de 2023."},"content":{"rendered":"<p>Se publica en el BOP de la Provincia de A Coru\u00f1a de hoy, d\u00eda 15 de diciembre de 2023, el Anuncio con la aprobaci\u00f3n de la OEP 2023 del Ayuntamiento de Santiago de Compostela.<\/p>\n<p>De entre las plazas ofertadas destacamos las siguientes:<\/p>\n<p>Plazas turno libre reservadas a personal funcionario:<br \/>\nPlaza de Administrativo C1<br \/>\nPlaza de Auxiliar Administrativo C2<\/p>\n<p><a href=\"https:\/\/bop.dicoruna.es\/bopportal\/publicado\/2023\/12\/15\/2023_0000009759.pdf\" target=\"_blank\" rel=\"noopener\"><strong>Accede a la publicaci\u00f3n \u00edntegra de esta OEP desde este enlace.\u00a0<\/strong><\/a><\/p>\n","protected":false},"excerpt":{"rendered":"<p>Se publica en el BOP de la Provincia de A Coru\u00f1a de hoy, d\u00eda 15 de diciembre de 2023, el Anuncio con la aprobaci\u00f3n de la OEP 2023 del Ayuntamiento de Santiago de Compostela. De entre las plazas ofertadas destacamos las siguientes: Plazas turno libre reservadas a personal funcionario: Plaza de Administrativo C1 Plaza de &hellip; <a href=\"https:\/\/www.emplea-te.com\/noticias-oposiciones\/ayuntamiento-de-santiago-de-compostela-anuncio-de-aprobacion-de-la-oferta-de-empleo-publico-de-2023\/\" class=\"more-link\">Continuar leyendo<span class=\"screen-reader-text\"> \u00abAyuntamiento de Santiago de Compostela. Anuncio de aprobaci\u00f3n de la Oferta de Empleo P\u00fablico de 2023.\u00bb<\/span><\/a><\/p>\n","protected":false},"author":1,"featured_media":0,"comment_status":"closed","ping_status":"closed","sticky":false,"template":"","format":"standard","meta":{"footnotes":""},"categories":[113,56],"tags":[84],"class_list":["post-11266","post","type-post","status-publish","format-standard","hentry","category-oeps-ayuntamientos-galicia","category-oposiciones-autonomicas-galicia","tag-oferta-de-empleo-publico"],"yoast_head":"<!-- This site is optimized with the Yoast SEO plugin v27.5 - https:\/\/yoast.com\/product\/yoast-seo-wordpress\/ -->\n<title>Ayuntamiento de Santiago de Compostela. Anuncio de aprobaci\u00f3n de la Oferta de Empleo P\u00fablico de 2023. - Noticas de oposiciones por Academia Emplea-te<\/title>\n<meta name=\"robots\" content=\"index, follow, max-snippet:-1, max-image-preview:large, max-video-preview:-1\" \/>\n<link rel=\"canonical\" href=\"https:\/\/www.emplea-te.com\/noticias-oposiciones\/ayuntamiento-de-santiago-de-compostela-anuncio-de-aprobacion-de-la-oferta-de-empleo-publico-de-2023\/\" \/>\n<meta property=\"og:locale\" content=\"es_ES\" \/>\n<meta property=\"og:type\" content=\"article\" \/>\n<meta property=\"og:title\" content=\"Ayuntamiento de Santiago de Compostela. Anuncio de aprobaci\u00f3n de la Oferta de Empleo P\u00fablico de 2023. - Noticas de oposiciones por Academia Emplea-te\" \/>\n<meta property=\"og:description\" content=\"Se publica en el BOP de la Provincia de A Coru\u00f1a de hoy, d\u00eda 15 de diciembre de 2023, el Anuncio con la aprobaci\u00f3n de la OEP 2023 del Ayuntamiento de Santiago de Compostela. De entre las plazas ofertadas destacamos las siguientes: Plazas turno libre reservadas a personal funcionario: Plaza de Administrativo C1 Plaza de &hellip; Continuar leyendo &quot;Ayuntamiento de Santiago de Compostela. Anuncio de aprobaci\u00f3n de la Oferta de Empleo P\u00fablico de 2023.&quot;\" \/>\n<meta property=\"og:url\" content=\"https:\/\/www.emplea-te.com\/noticias-oposiciones\/ayuntamiento-de-santiago-de-compostela-anuncio-de-aprobacion-de-la-oferta-de-empleo-publico-de-2023\/\" \/>\n<meta property=\"og:site_name\" content=\"Noticas de oposiciones por Academia Emplea-te\" \/>\n<meta property=\"article:publisher\" content=\"https:\/\/www.facebook.com\/AcademiaEmpleate\/\" \/>\n<meta property=\"article:published_time\" content=\"2023-12-15T08:57:41+00:00\" \/>\n<meta property=\"article:modified_time\" content=\"2023-12-15T09:01:54+00:00\" \/>\n<meta name=\"author\" content=\"Empleate\" \/>\n<meta name=\"twitter:card\" content=\"summary_large_image\" \/>\n<meta name=\"twitter:creator\" content=\"@Emplea_Te\" \/>\n<meta name=\"twitter:site\" content=\"@Emplea_Te\" \/>\n<meta name=\"twitter:label1\" content=\"Escrito por\" \/>\n\t<meta name=\"twitter:data1\" content=\"Empleate\" \/>\n\t<meta name=\"twitter:label2\" content=\"Tiempo de lectura\" \/>\n\t<meta name=\"twitter:data2\" content=\"1 minuto\" \/>\n<script type=\"application\/ld+json\" class=\"yoast-schema-graph\">{\"@context\":\"https:\\\/\\\/schema.org\",\"@graph\":[{\"@type\":\"Article\",\"@id\":\"https:\\\/\\\/www.emplea-te.com\\\/noticias-oposiciones\\\/ayuntamiento-de-santiago-de-compostela-anuncio-de-aprobacion-de-la-oferta-de-empleo-publico-de-2023\\\/#article\",\"isPartOf\":{\"@id\":\"https:\\\/\\\/www.emplea-te.com\\\/noticias-oposiciones\\\/ayuntamiento-de-santiago-de-compostela-anuncio-de-aprobacion-de-la-oferta-de-empleo-publico-de-2023\\\/\"},\"author\":{\"name\":\"Empleate\",\"@id\":\"https:\\\/\\\/www.emplea-te.com\\\/noticias-oposiciones\\\/#\\\/schema\\\/person\\\/d1bc587e1af2b95e9c32aba1795509a6\"},\"headline\":\"Ayuntamiento de Santiago de Compostela. Anuncio de aprobaci\u00f3n de la Oferta de Empleo P\u00fablico de 2023.\",\"datePublished\":\"2023-12-15T08:57:41+00:00\",\"dateModified\":\"2023-12-15T09:01:54+00:00\",\"mainEntityOfPage\":{\"@id\":\"https:\\\/\\\/www.emplea-te.com\\\/noticias-oposiciones\\\/ayuntamiento-de-santiago-de-compostela-anuncio-de-aprobacion-de-la-oferta-de-empleo-publico-de-2023\\\/\"},\"wordCount\":87,\"publisher\":{\"@id\":\"https:\\\/\\\/www.emplea-te.com\\\/noticias-oposiciones\\\/#organization\"},\"keywords\":[\"Oferta de Empleo P\u00fablico\"],\"articleSection\":[\"OEPS Ayuntamientos Galicia\",\"Oposiciones Auton\u00f3micas Galicia\"],\"inLanguage\":\"es\"},{\"@type\":\"WebPage\",\"@id\":\"https:\\\/\\\/www.emplea-te.com\\\/noticias-oposiciones\\\/ayuntamiento-de-santiago-de-compostela-anuncio-de-aprobacion-de-la-oferta-de-empleo-publico-de-2023\\\/\",\"url\":\"https:\\\/\\\/www.emplea-te.com\\\/noticias-oposiciones\\\/ayuntamiento-de-santiago-de-compostela-anuncio-de-aprobacion-de-la-oferta-de-empleo-publico-de-2023\\\/\",\"name\":\"Ayuntamiento de Santiago de Compostela. Anuncio de aprobaci\u00f3n de la Oferta de Empleo P\u00fablico de 2023. - Noticas de oposiciones por Academia Emplea-te\",\"isPartOf\":{\"@id\":\"https:\\\/\\\/www.emplea-te.com\\\/noticias-oposiciones\\\/#website\"},\"datePublished\":\"2023-12-15T08:57:41+00:00\",\"dateModified\":\"2023-12-15T09:01:54+00:00\",\"breadcrumb\":{\"@id\":\"https:\\\/\\\/www.emplea-te.com\\\/noticias-oposiciones\\\/ayuntamiento-de-santiago-de-compostela-anuncio-de-aprobacion-de-la-oferta-de-empleo-publico-de-2023\\\/#breadcrumb\"},\"inLanguage\":\"es\",\"potentialAction\":[{\"@type\":\"ReadAction\",\"target\":[\"https:\\\/\\\/www.emplea-te.com\\\/noticias-oposiciones\\\/ayuntamiento-de-santiago-de-compostela-anuncio-de-aprobacion-de-la-oferta-de-empleo-publico-de-2023\\\/\"]}]},{\"@type\":\"BreadcrumbList\",\"@id\":\"https:\\\/\\\/www.emplea-te.com\\\/noticias-oposiciones\\\/ayuntamiento-de-santiago-de-compostela-anuncio-de-aprobacion-de-la-oferta-de-empleo-publico-de-2023\\\/#breadcrumb\",\"itemListElement\":[{\"@type\":\"ListItem\",\"position\":1,\"name\":\"Noticias Oposiciones\",\"item\":\"https:\\\/\\\/www.emplea-te.com\\\/noticias-oposiciones\\\/\"},{\"@type\":\"ListItem\",\"position\":2,\"name\":\"Oposiciones Auton\u00f3micas Galicia\",\"item\":\"https:\\\/\\\/www.emplea-te.com\\\/noticias-oposiciones\\\/categoria\\\/oposiciones-autonomicas-galicia\\\/\"},{\"@type\":\"ListItem\",\"position\":3,\"name\":\"Ayuntamiento de Santiago de Compostela. Anuncio de aprobaci\u00f3n de la Oferta de Empleo P\u00fablico de 2023.\"}]},{\"@type\":\"WebSite\",\"@id\":\"https:\\\/\\\/www.emplea-te.com\\\/noticias-oposiciones\\\/#website\",\"url\":\"https:\\\/\\\/www.emplea-te.com\\\/noticias-oposiciones\\\/\",\"name\":\"Noticas de oposiciones por Academia Emplea-te\",\"description\":\"Toda la actualidad de las ofertas y convocatorias.\",\"publisher\":{\"@id\":\"https:\\\/\\\/www.emplea-te.com\\\/noticias-oposiciones\\\/#organization\"},\"potentialAction\":[{\"@type\":\"SearchAction\",\"target\":{\"@type\":\"EntryPoint\",\"urlTemplate\":\"https:\\\/\\\/www.emplea-te.com\\\/noticias-oposiciones\\\/?s={search_term_string}\"},\"query-input\":{\"@type\":\"PropertyValueSpecification\",\"valueRequired\":true,\"valueName\":\"search_term_string\"}}],\"inLanguage\":\"es\"},{\"@type\":\"Organization\",\"@id\":\"https:\\\/\\\/www.emplea-te.com\\\/noticias-oposiciones\\\/#organization\",\"name\":\"Academia de oposiciones Empl\u00e9ate\",\"url\":\"https:\\\/\\\/www.emplea-te.com\\\/noticias-oposiciones\\\/\",\"logo\":{\"@type\":\"ImageObject\",\"inLanguage\":\"es\",\"@id\":\"https:\\\/\\\/www.emplea-te.com\\\/noticias-oposiciones\\\/#\\\/schema\\\/logo\\\/image\\\/\",\"url\":\"https:\\\/\\\/www.emplea-te.com\\\/noticias-oposiciones\\\/wp-content\\\/uploads\\\/2019\\\/04\\\/empleate.jpg\",\"contentUrl\":\"https:\\\/\\\/www.emplea-te.com\\\/noticias-oposiciones\\\/wp-content\\\/uploads\\\/2019\\\/04\\\/empleate.jpg\",\"width\":250,\"height\":150,\"caption\":\"Academia de oposiciones Empl\u00e9ate\"},\"image\":{\"@id\":\"https:\\\/\\\/www.emplea-te.com\\\/noticias-oposiciones\\\/#\\\/schema\\\/logo\\\/image\\\/\"},\"sameAs\":[\"https:\\\/\\\/www.facebook.com\\\/AcademiaEmpleate\\\/\",\"https:\\\/\\\/x.com\\\/Emplea_Te\",\"https:\\\/\\\/www.instagram.com\\\/academia_empleate\\\/\"]},{\"@type\":\"Person\",\"@id\":\"https:\\\/\\\/www.emplea-te.com\\\/noticias-oposiciones\\\/#\\\/schema\\\/person\\\/d1bc587e1af2b95e9c32aba1795509a6\",\"name\":\"Empleate\"}]}<\/script>\n<!-- \/ Yoast SEO plugin. -->","yoast_head_json":{"title":"Ayuntamiento de Santiago de Compostela. Anuncio de aprobaci\u00f3n de la Oferta de Empleo P\u00fablico de 2023. - Noticas de oposiciones por Academia Emplea-te","robots":{"index":"index","follow":"follow","max-snippet":"max-snippet:-1","max-image-preview":"max-image-preview:large","max-video-preview":"max-video-preview:-1"},"canonical":"https:\/\/www.emplea-te.com\/noticias-oposiciones\/ayuntamiento-de-santiago-de-compostela-anuncio-de-aprobacion-de-la-oferta-de-empleo-publico-de-2023\/","og_locale":"es_ES","og_type":"article","og_title":"Ayuntamiento de Santiago de Compostela. Anuncio de aprobaci\u00f3n de la Oferta de Empleo P\u00fablico de 2023. - Noticas de oposiciones por Academia Emplea-te","og_description":"Se publica en el BOP de la Provincia de A Coru\u00f1a de hoy, d\u00eda 15 de diciembre de 2023, el Anuncio con la aprobaci\u00f3n de la OEP 2023 del Ayuntamiento de Santiago de Compostela. De entre las plazas ofertadas destacamos las siguientes: Plazas turno libre reservadas a personal funcionario: Plaza de Administrativo C1 Plaza de &hellip; Continuar leyendo \"Ayuntamiento de Santiago de Compostela. Anuncio de aprobaci\u00f3n de la Oferta de Empleo P\u00fablico de 2023.\"","og_url":"https:\/\/www.emplea-te.com\/noticias-oposiciones\/ayuntamiento-de-santiago-de-compostela-anuncio-de-aprobacion-de-la-oferta-de-empleo-publico-de-2023\/","og_site_name":"Noticas de oposiciones por Academia Emplea-te","article_publisher":"https:\/\/www.facebook.com\/AcademiaEmpleate\/","article_published_time":"2023-12-15T08:57:41+00:00","article_modified_time":"2023-12-15T09:01:54+00:00","author":"Empleate","twitter_card":"summary_large_image","twitter_creator":"@Emplea_Te","twitter_site":"@Emplea_Te","twitter_misc":{"Escrito por":"Empleate","Tiempo de lectura":"1 minuto"},"schema":{"@context":"https:\/\/schema.org","@graph":[{"@type":"Article","@id":"https:\/\/www.emplea-te.com\/noticias-oposiciones\/ayuntamiento-de-santiago-de-compostela-anuncio-de-aprobacion-de-la-oferta-de-empleo-publico-de-2023\/#article","isPartOf":{"@id":"https:\/\/www.emplea-te.com\/noticias-oposiciones\/ayuntamiento-de-santiago-de-compostela-anuncio-de-aprobacion-de-la-oferta-de-empleo-publico-de-2023\/"},"author":{"name":"Empleate","@id":"https:\/\/www.emplea-te.com\/noticias-oposiciones\/#\/schema\/person\/d1bc587e1af2b95e9c32aba1795509a6"},"headline":"Ayuntamiento de Santiago de Compostela. Anuncio de aprobaci\u00f3n de la Oferta de Empleo P\u00fablico de 2023.","datePublished":"2023-12-15T08:57:41+00:00","dateModified":"2023-12-15T09:01:54+00:00","mainEntityOfPage":{"@id":"https:\/\/www.emplea-te.com\/noticias-oposiciones\/ayuntamiento-de-santiago-de-compostela-anuncio-de-aprobacion-de-la-oferta-de-empleo-publico-de-2023\/"},"wordCount":87,"publisher":{"@id":"https:\/\/www.emplea-te.com\/noticias-oposiciones\/#organization"},"keywords":["Oferta de Empleo P\u00fablico"],"articleSection":["OEPS Ayuntamientos Galicia","Oposiciones Auton\u00f3micas Galicia"],"inLanguage":"es"},{"@type":"WebPage","@id":"https:\/\/www.emplea-te.com\/noticias-oposiciones\/ayuntamiento-de-santiago-de-compostela-anuncio-de-aprobacion-de-la-oferta-de-empleo-publico-de-2023\/","url":"https:\/\/www.emplea-te.com\/noticias-oposiciones\/ayuntamiento-de-santiago-de-compostela-anuncio-de-aprobacion-de-la-oferta-de-empleo-publico-de-2023\/","name":"Ayuntamiento de Santiago de Compostela. Anuncio de aprobaci\u00f3n de la Oferta de Empleo P\u00fablico de 2023. - Noticas de oposiciones por Academia Emplea-te","isPartOf":{"@id":"https:\/\/www.emplea-te.com\/noticias-oposiciones\/#website"},"datePublished":"2023-12-15T08:57:41+00:00","dateModified":"2023-12-15T09:01:54+00:00","breadcrumb":{"@id":"https:\/\/www.emplea-te.com\/noticias-oposiciones\/ayuntamiento-de-santiago-de-compostela-anuncio-de-aprobacion-de-la-oferta-de-empleo-publico-de-2023\/#breadcrumb"},"inLanguage":"es","potentialAction":[{"@type":"ReadAction","target":["https:\/\/www.emplea-te.com\/noticias-oposiciones\/ayuntamiento-de-santiago-de-compostela-anuncio-de-aprobacion-de-la-oferta-de-empleo-publico-de-2023\/"]}]},{"@type":"BreadcrumbList","@id":"https:\/\/www.emplea-te.com\/noticias-oposiciones\/ayuntamiento-de-santiago-de-compostela-anuncio-de-aprobacion-de-la-oferta-de-empleo-publico-de-2023\/#breadcrumb","itemListElement":[{"@type":"ListItem","position":1,"name":"Noticias Oposiciones","item":"https:\/\/www.emplea-te.com\/noticias-oposiciones\/"},{"@type":"ListItem","position":2,"name":"Oposiciones Auton\u00f3micas Galicia","item":"https:\/\/www.emplea-te.com\/noticias-oposiciones\/categoria\/oposiciones-autonomicas-galicia\/"},{"@type":"ListItem","position":3,"name":"Ayuntamiento de Santiago de Compostela. Anuncio de aprobaci\u00f3n de la Oferta de Empleo P\u00fablico de 2023."}]},{"@type":"WebSite","@id":"https:\/\/www.emplea-te.com\/noticias-oposiciones\/#website","url":"https:\/\/www.emplea-te.com\/noticias-oposiciones\/","name":"Noticas de oposiciones por Academia Emplea-te","description":"Toda la actualidad de las ofertas y convocatorias.","publisher":{"@id":"https:\/\/www.emplea-te.com\/noticias-oposiciones\/#organization"},"potentialAction":[{"@type":"SearchAction","target":{"@type":"EntryPoint","urlTemplate":"https:\/\/www.emplea-te.com\/noticias-oposiciones\/?s={search_term_string}"},"query-input":{"@type":"PropertyValueSpecification","valueRequired":true,"valueName":"search_term_string"}}],"inLanguage":"es"},{"@type":"Organization","@id":"https:\/\/www.emplea-te.com\/noticias-oposiciones\/#organization","name":"Academia de oposiciones Empl\u00e9ate","url":"https:\/\/www.emplea-te.com\/noticias-oposiciones\/","logo":{"@type":"ImageObject","inLanguage":"es","@id":"https:\/\/www.emplea-te.com\/noticias-oposiciones\/#\/schema\/logo\/image\/","url":"https:\/\/www.emplea-te.com\/noticias-oposiciones\/wp-content\/uploads\/2019\/04\/empleate.jpg","contentUrl":"https:\/\/www.emplea-te.com\/noticias-oposiciones\/wp-content\/uploads\/2019\/04\/empleate.jpg","width":250,"height":150,"caption":"Academia de oposiciones Empl\u00e9ate"},"image":{"@id":"https:\/\/www.emplea-te.com\/noticias-oposiciones\/#\/schema\/logo\/image\/"},"sameAs":["https:\/\/www.facebook.com\/AcademiaEmpleate\/","https:\/\/x.com\/Emplea_Te","https:\/\/www.instagram.com\/academia_empleate\/"]},{"@type":"Person","@id":"https:\/\/www.emplea-te.com\/noticias-oposiciones\/#\/schema\/person\/d1bc587e1af2b95e9c32aba1795509a6","name":"Empleate"}]}},"_links":{"self":[{"href":"https:\/\/www.emplea-te.com\/noticias-oposiciones\/wp-json\/wp\/v2\/posts\/11266","targetHints":{"allow":["GET"]}}],"collection":[{"href":"https:\/\/www.emplea-te.com\/noticias-oposiciones\/wp-json\/wp\/v2\/posts"}],"about":[{"href":"https:\/\/www.emplea-te.com\/noticias-oposiciones\/wp-json\/wp\/v2\/types\/post"}],"author":[{"embeddable":true,"href":"https:\/\/www.emplea-te.com\/noticias-oposiciones\/wp-json\/wp\/v2\/users\/1"}],"replies":[{"embeddable":true,"href":"https:\/\/www.emplea-te.com\/noticias-oposiciones\/wp-json\/wp\/v2\/comments?post=11266"}],"version-history":[{"count":1,"href":"https:\/\/www.emplea-te.com\/noticias-oposiciones\/wp-json\/wp\/v2\/posts\/11266\/revisions"}],"predecessor-version":[{"id":11267,"href":"https:\/\/www.emplea-te.com\/noticias-oposiciones\/wp-json\/wp\/v2\/posts\/11266\/revisions\/11267"}],"wp:attachment":[{"href":"https:\/\/www.emplea-te.com\/noticias-oposiciones\/wp-json\/wp\/v2\/media?parent=11266"}],"wp:term":[{"taxonomy":"category","embeddable":true,"href":"https:\/\/www.emplea-te.com\/noticias-oposiciones\/wp-json\/wp\/v2\/categories?post=11266"},{"taxonomy":"post_tag","embeddable":true,"href":"https:\/\/www.emplea-te.com\/noticias-oposiciones\/wp-json\/wp\/v2\/tags?post=11266"}],"curies":[{"name":"wp","href":"https:\/\/api.w.org\/{rel}","templated":true}]}}