{"id":11268,"date":"2023-12-15T10:08:04","date_gmt":"2023-12-15T09:08:04","guid":{"rendered":"https:\/\/www.emplea-te.com\/noticias-oposiciones\/?p=11268"},"modified":"2023-12-15T10:08:04","modified_gmt":"2023-12-15T09:08:04","slug":"diputacion-de-pontevedra-convocatoria-cl2023m-plaza-de-tecnico-medio-de-gestion-a2-reservada-a-turno-de-discapacidad-se-modifica-la-hora-de-realizacion-del-primer-ejercicio","status":"publish","type":"post","link":"https:\/\/www.emplea-te.com\/noticias-oposiciones\/diputacion-de-pontevedra-convocatoria-cl2023m-plaza-de-tecnico-medio-de-gestion-a2-reservada-a-turno-de-discapacidad-se-modifica-la-hora-de-realizacion-del-primer-ejercicio\/","title":{"rendered":"Diputaci\u00f3n de Pontevedra. Convocatoria CL2023M plaza de T\u00e9cnico Medio de Gesti\u00f3n A2 reservada a turno de discapacidad. Se modifica la hora de realizaci\u00f3n del primer ejercicio."},"content":{"rendered":"<p>Se publica en el BOP de la Provincia de Pontevedra de hoy, d\u00eda 15 de diciembre de 2023, la\u00a0Rectificaci\u00f3n de la Resoluci\u00f3n Presidencial por la que se aprueba la relaci\u00f3n definitiva de personas aspirantes admitidas y excluidas, designaci\u00f3n del tribunal calificador y fechas de su constituci\u00f3n y de realizaci\u00f3n del primer ejercicio del proceso selectivo convocado para cubrir una plaza de t\u00e9cnico medio de administraci\u00f3n general, reservada a personas con discapacidad (CL2023M).<\/p>\n<p>TR\u00c1MITE:<br \/>\nModificaci\u00f3n de la hora y lugar de realizaci\u00f3n del primero ejercicio.<\/p>\n<p>Donde dice: \u201c3\u00ba. Constituci\u00f3n: (&#8230;) El primer ejercicio tendr\u00e1 lugar el d\u00eda 20 de diciembre de 2023, a las 11:30 horas en el auditorio del Centro Pr\u00edncipe Felipe, Avda. Montecelo,12 \u2013 Pontevedra (&#8230;).\u201d<\/p>\n<p>Debe decir: \u201c3\u00ba. Constituci\u00f3n: (&#8230;) El primer ejercicio tendr\u00e1 lugar el d\u00eda 20 de diciembre de 2023, a las 9:00 horas en la sala de v\u00eddeo del Centro Pr\u00edncipe Felipe, Avda. Montecelo, 12 \u2013 Pontevedra.\u201d<\/p>\n<p><a href=\"https:\/\/boppo.depo.gal\/web\/boppo\/detalle\/-\/boppo\/2023\/12\/15\/2023075146\" target=\"_blank\" rel=\"noopener\"><strong>Accede a la publicaci\u00f3n \u00edntegra de esta modificaci\u00f3n de Resoluci\u00f3n publicada en el BOPPO de hoy desde este enlace.\u00a0<\/strong><\/a><\/p>\n","protected":false},"excerpt":{"rendered":"<p>Se publica en el BOP de la Provincia de Pontevedra de hoy, d\u00eda 15 de diciembre de 2023, la\u00a0Rectificaci\u00f3n de la Resoluci\u00f3n Presidencial por la que se aprueba la relaci\u00f3n definitiva de personas aspirantes admitidas y excluidas, designaci\u00f3n del tribunal calificador y fechas de su constituci\u00f3n y de realizaci\u00f3n del primer ejercicio del proceso selectivo &hellip; <a href=\"https:\/\/www.emplea-te.com\/noticias-oposiciones\/diputacion-de-pontevedra-convocatoria-cl2023m-plaza-de-tecnico-medio-de-gestion-a2-reservada-a-turno-de-discapacidad-se-modifica-la-hora-de-realizacion-del-primer-ejercicio\/\" class=\"more-link\">Continuar leyendo<span class=\"screen-reader-text\"> \u00abDiputaci\u00f3n de Pontevedra. Convocatoria CL2023M plaza de T\u00e9cnico Medio de Gesti\u00f3n A2 reservada a turno de discapacidad. Se modifica la hora de realizaci\u00f3n del primer ejercicio.\u00bb<\/span><\/a><\/p>\n","protected":false},"author":1,"featured_media":0,"comment_status":"closed","ping_status":"closed","sticky":false,"template":"","format":"standard","meta":{"footnotes":""},"categories":[44,56],"tags":[49,71,103],"class_list":["post-11268","post","type-post","status-publish","format-standard","hentry","category-diputacion-de-pontevedra","category-oposiciones-autonomicas-galicia","tag-convocatorias-de-oposiciones","tag-fecha-examenes","tag-informacion-procesos-selectivos"],"yoast_head":"<!-- This site is optimized with the Yoast SEO plugin v27.5 - https:\/\/yoast.com\/product\/yoast-seo-wordpress\/ -->\n<title>Diputaci\u00f3n de Pontevedra. Convocatoria empelo p\u00fablico.<\/title>\n<meta name=\"description\" content=\"Diputaci\u00f3n de Pontevedra. Convocatoria CL2023M plaza de T\u00e9cnico Medio de Gesti\u00f3n A2 reservada a turno de discapacidad. Se modifica la hora de realizaci\u00f3n del primer ejercicio.\" \/>\n<meta name=\"robots\" content=\"index, follow, max-snippet:-1, max-image-preview:large, max-video-preview:-1\" \/>\n<link rel=\"canonical\" href=\"https:\/\/www.emplea-te.com\/noticias-oposiciones\/diputacion-de-pontevedra-convocatoria-cl2023m-plaza-de-tecnico-medio-de-gestion-a2-reservada-a-turno-de-discapacidad-se-modifica-la-hora-de-realizacion-del-primer-ejercicio\/\" \/>\n<meta property=\"og:locale\" content=\"es_ES\" \/>\n<meta property=\"og:type\" content=\"article\" \/>\n<meta property=\"og:title\" content=\"Diputaci\u00f3n de Pontevedra. Convocatoria empelo p\u00fablico.\" \/>\n<meta property=\"og:description\" content=\"Diputaci\u00f3n de Pontevedra. Convocatoria CL2023M plaza de T\u00e9cnico Medio de Gesti\u00f3n A2 reservada a turno de discapacidad. Se modifica la hora de realizaci\u00f3n del primer ejercicio.\" \/>\n<meta property=\"og:url\" content=\"https:\/\/www.emplea-te.com\/noticias-oposiciones\/diputacion-de-pontevedra-convocatoria-cl2023m-plaza-de-tecnico-medio-de-gestion-a2-reservada-a-turno-de-discapacidad-se-modifica-la-hora-de-realizacion-del-primer-ejercicio\/\" \/>\n<meta property=\"og:site_name\" content=\"Noticas de oposiciones por Academia Emplea-te\" \/>\n<meta property=\"article:publisher\" content=\"https:\/\/www.facebook.com\/AcademiaEmpleate\/\" \/>\n<meta property=\"article:published_time\" content=\"2023-12-15T09:08:04+00:00\" \/>\n<meta name=\"author\" content=\"Empleate\" \/>\n<meta name=\"twitter:card\" content=\"summary_large_image\" \/>\n<meta name=\"twitter:creator\" content=\"@Emplea_Te\" \/>\n<meta name=\"twitter:site\" content=\"@Emplea_Te\" \/>\n<meta name=\"twitter:label1\" content=\"Escrito por\" \/>\n\t<meta name=\"twitter:data1\" content=\"Empleate\" \/>\n\t<meta name=\"twitter:label2\" content=\"Tiempo de lectura\" \/>\n\t<meta name=\"twitter:data2\" content=\"1 minuto\" \/>\n<script type=\"application\/ld+json\" class=\"yoast-schema-graph\">{\"@context\":\"https:\\\/\\\/schema.org\",\"@graph\":[{\"@type\":\"Article\",\"@id\":\"https:\\\/\\\/www.emplea-te.com\\\/noticias-oposiciones\\\/diputacion-de-pontevedra-convocatoria-cl2023m-plaza-de-tecnico-medio-de-gestion-a2-reservada-a-turno-de-discapacidad-se-modifica-la-hora-de-realizacion-del-primer-ejercicio\\\/#article\",\"isPartOf\":{\"@id\":\"https:\\\/\\\/www.emplea-te.com\\\/noticias-oposiciones\\\/diputacion-de-pontevedra-convocatoria-cl2023m-plaza-de-tecnico-medio-de-gestion-a2-reservada-a-turno-de-discapacidad-se-modifica-la-hora-de-realizacion-del-primer-ejercicio\\\/\"},\"author\":{\"name\":\"Empleate\",\"@id\":\"https:\\\/\\\/www.emplea-te.com\\\/noticias-oposiciones\\\/#\\\/schema\\\/person\\\/d1bc587e1af2b95e9c32aba1795509a6\"},\"headline\":\"Diputaci\u00f3n de Pontevedra. Convocatoria CL2023M plaza de T\u00e9cnico Medio de Gesti\u00f3n A2 reservada a turno de discapacidad. Se modifica la hora de realizaci\u00f3n del primer ejercicio.\",\"datePublished\":\"2023-12-15T09:08:04+00:00\",\"mainEntityOfPage\":{\"@id\":\"https:\\\/\\\/www.emplea-te.com\\\/noticias-oposiciones\\\/diputacion-de-pontevedra-convocatoria-cl2023m-plaza-de-tecnico-medio-de-gestion-a2-reservada-a-turno-de-discapacidad-se-modifica-la-hora-de-realizacion-del-primer-ejercicio\\\/\"},\"wordCount\":210,\"publisher\":{\"@id\":\"https:\\\/\\\/www.emplea-te.com\\\/noticias-oposiciones\\\/#organization\"},\"keywords\":[\"Convocatoria\",\"Fecha ex\u00e1menes\",\"Informaci\u00f3n procesos selectivos\"],\"articleSection\":[\"Diputaci\u00f3n de Pontevedra.\",\"Oposiciones Auton\u00f3micas Galicia\"],\"inLanguage\":\"es\"},{\"@type\":\"WebPage\",\"@id\":\"https:\\\/\\\/www.emplea-te.com\\\/noticias-oposiciones\\\/diputacion-de-pontevedra-convocatoria-cl2023m-plaza-de-tecnico-medio-de-gestion-a2-reservada-a-turno-de-discapacidad-se-modifica-la-hora-de-realizacion-del-primer-ejercicio\\\/\",\"url\":\"https:\\\/\\\/www.emplea-te.com\\\/noticias-oposiciones\\\/diputacion-de-pontevedra-convocatoria-cl2023m-plaza-de-tecnico-medio-de-gestion-a2-reservada-a-turno-de-discapacidad-se-modifica-la-hora-de-realizacion-del-primer-ejercicio\\\/\",\"name\":\"Diputaci\u00f3n de Pontevedra. Convocatoria empelo p\u00fablico.\",\"isPartOf\":{\"@id\":\"https:\\\/\\\/www.emplea-te.com\\\/noticias-oposiciones\\\/#website\"},\"datePublished\":\"2023-12-15T09:08:04+00:00\",\"description\":\"Diputaci\u00f3n de Pontevedra. Convocatoria CL2023M plaza de T\u00e9cnico Medio de Gesti\u00f3n A2 reservada a turno de discapacidad. Se modifica la hora de realizaci\u00f3n del primer ejercicio.\",\"breadcrumb\":{\"@id\":\"https:\\\/\\\/www.emplea-te.com\\\/noticias-oposiciones\\\/diputacion-de-pontevedra-convocatoria-cl2023m-plaza-de-tecnico-medio-de-gestion-a2-reservada-a-turno-de-discapacidad-se-modifica-la-hora-de-realizacion-del-primer-ejercicio\\\/#breadcrumb\"},\"inLanguage\":\"es\",\"potentialAction\":[{\"@type\":\"ReadAction\",\"target\":[\"https:\\\/\\\/www.emplea-te.com\\\/noticias-oposiciones\\\/diputacion-de-pontevedra-convocatoria-cl2023m-plaza-de-tecnico-medio-de-gestion-a2-reservada-a-turno-de-discapacidad-se-modifica-la-hora-de-realizacion-del-primer-ejercicio\\\/\"]}]},{\"@type\":\"BreadcrumbList\",\"@id\":\"https:\\\/\\\/www.emplea-te.com\\\/noticias-oposiciones\\\/diputacion-de-pontevedra-convocatoria-cl2023m-plaza-de-tecnico-medio-de-gestion-a2-reservada-a-turno-de-discapacidad-se-modifica-la-hora-de-realizacion-del-primer-ejercicio\\\/#breadcrumb\",\"itemListElement\":[{\"@type\":\"ListItem\",\"position\":1,\"name\":\"Noticias Oposiciones\",\"item\":\"https:\\\/\\\/www.emplea-te.com\\\/noticias-oposiciones\\\/\"},{\"@type\":\"ListItem\",\"position\":2,\"name\":\"Oposiciones Auton\u00f3micas Galicia\",\"item\":\"https:\\\/\\\/www.emplea-te.com\\\/noticias-oposiciones\\\/categoria\\\/oposiciones-autonomicas-galicia\\\/\"},{\"@type\":\"ListItem\",\"position\":3,\"name\":\"Diputaci\u00f3n de Pontevedra.\",\"item\":\"https:\\\/\\\/www.emplea-te.com\\\/noticias-oposiciones\\\/categoria\\\/oposiciones-autonomicas-galicia\\\/diputacion-de-pontevedra\\\/\"},{\"@type\":\"ListItem\",\"position\":4,\"name\":\"Diputaci\u00f3n de Pontevedra. Convocatoria CL2023M plaza de T\u00e9cnico Medio de Gesti\u00f3n A2 reservada a turno de discapacidad. Se modifica la hora de realizaci\u00f3n del primer ejercicio.\"}]},{\"@type\":\"WebSite\",\"@id\":\"https:\\\/\\\/www.emplea-te.com\\\/noticias-oposiciones\\\/#website\",\"url\":\"https:\\\/\\\/www.emplea-te.com\\\/noticias-oposiciones\\\/\",\"name\":\"Noticas de oposiciones por Academia Emplea-te\",\"description\":\"Toda la actualidad de las ofertas y convocatorias.\",\"publisher\":{\"@id\":\"https:\\\/\\\/www.emplea-te.com\\\/noticias-oposiciones\\\/#organization\"},\"potentialAction\":[{\"@type\":\"SearchAction\",\"target\":{\"@type\":\"EntryPoint\",\"urlTemplate\":\"https:\\\/\\\/www.emplea-te.com\\\/noticias-oposiciones\\\/?s={search_term_string}\"},\"query-input\":{\"@type\":\"PropertyValueSpecification\",\"valueRequired\":true,\"valueName\":\"search_term_string\"}}],\"inLanguage\":\"es\"},{\"@type\":\"Organization\",\"@id\":\"https:\\\/\\\/www.emplea-te.com\\\/noticias-oposiciones\\\/#organization\",\"name\":\"Academia de oposiciones Empl\u00e9ate\",\"url\":\"https:\\\/\\\/www.emplea-te.com\\\/noticias-oposiciones\\\/\",\"logo\":{\"@type\":\"ImageObject\",\"inLanguage\":\"es\",\"@id\":\"https:\\\/\\\/www.emplea-te.com\\\/noticias-oposiciones\\\/#\\\/schema\\\/logo\\\/image\\\/\",\"url\":\"https:\\\/\\\/www.emplea-te.com\\\/noticias-oposiciones\\\/wp-content\\\/uploads\\\/2019\\\/04\\\/empleate.jpg\",\"contentUrl\":\"https:\\\/\\\/www.emplea-te.com\\\/noticias-oposiciones\\\/wp-content\\\/uploads\\\/2019\\\/04\\\/empleate.jpg\",\"width\":250,\"height\":150,\"caption\":\"Academia de oposiciones Empl\u00e9ate\"},\"image\":{\"@id\":\"https:\\\/\\\/www.emplea-te.com\\\/noticias-oposiciones\\\/#\\\/schema\\\/logo\\\/image\\\/\"},\"sameAs\":[\"https:\\\/\\\/www.facebook.com\\\/AcademiaEmpleate\\\/\",\"https:\\\/\\\/x.com\\\/Emplea_Te\",\"https:\\\/\\\/www.instagram.com\\\/academia_empleate\\\/\"]},{\"@type\":\"Person\",\"@id\":\"https:\\\/\\\/www.emplea-te.com\\\/noticias-oposiciones\\\/#\\\/schema\\\/person\\\/d1bc587e1af2b95e9c32aba1795509a6\",\"name\":\"Empleate\"}]}<\/script>\n<!-- \/ Yoast SEO plugin. -->","yoast_head_json":{"title":"Diputaci\u00f3n de Pontevedra. Convocatoria empelo p\u00fablico.","description":"Diputaci\u00f3n de Pontevedra. Convocatoria CL2023M plaza de T\u00e9cnico Medio de Gesti\u00f3n A2 reservada a turno de discapacidad. Se modifica la hora de realizaci\u00f3n del primer ejercicio.","robots":{"index":"index","follow":"follow","max-snippet":"max-snippet:-1","max-image-preview":"max-image-preview:large","max-video-preview":"max-video-preview:-1"},"canonical":"https:\/\/www.emplea-te.com\/noticias-oposiciones\/diputacion-de-pontevedra-convocatoria-cl2023m-plaza-de-tecnico-medio-de-gestion-a2-reservada-a-turno-de-discapacidad-se-modifica-la-hora-de-realizacion-del-primer-ejercicio\/","og_locale":"es_ES","og_type":"article","og_title":"Diputaci\u00f3n de Pontevedra. Convocatoria empelo p\u00fablico.","og_description":"Diputaci\u00f3n de Pontevedra. Convocatoria CL2023M plaza de T\u00e9cnico Medio de Gesti\u00f3n A2 reservada a turno de discapacidad. Se modifica la hora de realizaci\u00f3n del primer ejercicio.","og_url":"https:\/\/www.emplea-te.com\/noticias-oposiciones\/diputacion-de-pontevedra-convocatoria-cl2023m-plaza-de-tecnico-medio-de-gestion-a2-reservada-a-turno-de-discapacidad-se-modifica-la-hora-de-realizacion-del-primer-ejercicio\/","og_site_name":"Noticas de oposiciones por Academia Emplea-te","article_publisher":"https:\/\/www.facebook.com\/AcademiaEmpleate\/","article_published_time":"2023-12-15T09:08:04+00:00","author":"Empleate","twitter_card":"summary_large_image","twitter_creator":"@Emplea_Te","twitter_site":"@Emplea_Te","twitter_misc":{"Escrito por":"Empleate","Tiempo de lectura":"1 minuto"},"schema":{"@context":"https:\/\/schema.org","@graph":[{"@type":"Article","@id":"https:\/\/www.emplea-te.com\/noticias-oposiciones\/diputacion-de-pontevedra-convocatoria-cl2023m-plaza-de-tecnico-medio-de-gestion-a2-reservada-a-turno-de-discapacidad-se-modifica-la-hora-de-realizacion-del-primer-ejercicio\/#article","isPartOf":{"@id":"https:\/\/www.emplea-te.com\/noticias-oposiciones\/diputacion-de-pontevedra-convocatoria-cl2023m-plaza-de-tecnico-medio-de-gestion-a2-reservada-a-turno-de-discapacidad-se-modifica-la-hora-de-realizacion-del-primer-ejercicio\/"},"author":{"name":"Empleate","@id":"https:\/\/www.emplea-te.com\/noticias-oposiciones\/#\/schema\/person\/d1bc587e1af2b95e9c32aba1795509a6"},"headline":"Diputaci\u00f3n de Pontevedra. Convocatoria CL2023M plaza de T\u00e9cnico Medio de Gesti\u00f3n A2 reservada a turno de discapacidad. Se modifica la hora de realizaci\u00f3n del primer ejercicio.","datePublished":"2023-12-15T09:08:04+00:00","mainEntityOfPage":{"@id":"https:\/\/www.emplea-te.com\/noticias-oposiciones\/diputacion-de-pontevedra-convocatoria-cl2023m-plaza-de-tecnico-medio-de-gestion-a2-reservada-a-turno-de-discapacidad-se-modifica-la-hora-de-realizacion-del-primer-ejercicio\/"},"wordCount":210,"publisher":{"@id":"https:\/\/www.emplea-te.com\/noticias-oposiciones\/#organization"},"keywords":["Convocatoria","Fecha ex\u00e1menes","Informaci\u00f3n procesos selectivos"],"articleSection":["Diputaci\u00f3n de Pontevedra.","Oposiciones Auton\u00f3micas Galicia"],"inLanguage":"es"},{"@type":"WebPage","@id":"https:\/\/www.emplea-te.com\/noticias-oposiciones\/diputacion-de-pontevedra-convocatoria-cl2023m-plaza-de-tecnico-medio-de-gestion-a2-reservada-a-turno-de-discapacidad-se-modifica-la-hora-de-realizacion-del-primer-ejercicio\/","url":"https:\/\/www.emplea-te.com\/noticias-oposiciones\/diputacion-de-pontevedra-convocatoria-cl2023m-plaza-de-tecnico-medio-de-gestion-a2-reservada-a-turno-de-discapacidad-se-modifica-la-hora-de-realizacion-del-primer-ejercicio\/","name":"Diputaci\u00f3n de Pontevedra. Convocatoria empelo p\u00fablico.","isPartOf":{"@id":"https:\/\/www.emplea-te.com\/noticias-oposiciones\/#website"},"datePublished":"2023-12-15T09:08:04+00:00","description":"Diputaci\u00f3n de Pontevedra. Convocatoria CL2023M plaza de T\u00e9cnico Medio de Gesti\u00f3n A2 reservada a turno de discapacidad. Se modifica la hora de realizaci\u00f3n del primer ejercicio.","breadcrumb":{"@id":"https:\/\/www.emplea-te.com\/noticias-oposiciones\/diputacion-de-pontevedra-convocatoria-cl2023m-plaza-de-tecnico-medio-de-gestion-a2-reservada-a-turno-de-discapacidad-se-modifica-la-hora-de-realizacion-del-primer-ejercicio\/#breadcrumb"},"inLanguage":"es","potentialAction":[{"@type":"ReadAction","target":["https:\/\/www.emplea-te.com\/noticias-oposiciones\/diputacion-de-pontevedra-convocatoria-cl2023m-plaza-de-tecnico-medio-de-gestion-a2-reservada-a-turno-de-discapacidad-se-modifica-la-hora-de-realizacion-del-primer-ejercicio\/"]}]},{"@type":"BreadcrumbList","@id":"https:\/\/www.emplea-te.com\/noticias-oposiciones\/diputacion-de-pontevedra-convocatoria-cl2023m-plaza-de-tecnico-medio-de-gestion-a2-reservada-a-turno-de-discapacidad-se-modifica-la-hora-de-realizacion-del-primer-ejercicio\/#breadcrumb","itemListElement":[{"@type":"ListItem","position":1,"name":"Noticias Oposiciones","item":"https:\/\/www.emplea-te.com\/noticias-oposiciones\/"},{"@type":"ListItem","position":2,"name":"Oposiciones Auton\u00f3micas Galicia","item":"https:\/\/www.emplea-te.com\/noticias-oposiciones\/categoria\/oposiciones-autonomicas-galicia\/"},{"@type":"ListItem","position":3,"name":"Diputaci\u00f3n de Pontevedra.","item":"https:\/\/www.emplea-te.com\/noticias-oposiciones\/categoria\/oposiciones-autonomicas-galicia\/diputacion-de-pontevedra\/"},{"@type":"ListItem","position":4,"name":"Diputaci\u00f3n de Pontevedra. Convocatoria CL2023M plaza de T\u00e9cnico Medio de Gesti\u00f3n A2 reservada a turno de discapacidad. Se modifica la hora de realizaci\u00f3n del primer ejercicio."}]},{"@type":"WebSite","@id":"https:\/\/www.emplea-te.com\/noticias-oposiciones\/#website","url":"https:\/\/www.emplea-te.com\/noticias-oposiciones\/","name":"Noticas de oposiciones por Academia Emplea-te","description":"Toda la actualidad de las ofertas y convocatorias.","publisher":{"@id":"https:\/\/www.emplea-te.com\/noticias-oposiciones\/#organization"},"potentialAction":[{"@type":"SearchAction","target":{"@type":"EntryPoint","urlTemplate":"https:\/\/www.emplea-te.com\/noticias-oposiciones\/?s={search_term_string}"},"query-input":{"@type":"PropertyValueSpecification","valueRequired":true,"valueName":"search_term_string"}}],"inLanguage":"es"},{"@type":"Organization","@id":"https:\/\/www.emplea-te.com\/noticias-oposiciones\/#organization","name":"Academia de oposiciones Empl\u00e9ate","url":"https:\/\/www.emplea-te.com\/noticias-oposiciones\/","logo":{"@type":"ImageObject","inLanguage":"es","@id":"https:\/\/www.emplea-te.com\/noticias-oposiciones\/#\/schema\/logo\/image\/","url":"https:\/\/www.emplea-te.com\/noticias-oposiciones\/wp-content\/uploads\/2019\/04\/empleate.jpg","contentUrl":"https:\/\/www.emplea-te.com\/noticias-oposiciones\/wp-content\/uploads\/2019\/04\/empleate.jpg","width":250,"height":150,"caption":"Academia de oposiciones Empl\u00e9ate"},"image":{"@id":"https:\/\/www.emplea-te.com\/noticias-oposiciones\/#\/schema\/logo\/image\/"},"sameAs":["https:\/\/www.facebook.com\/AcademiaEmpleate\/","https:\/\/x.com\/Emplea_Te","https:\/\/www.instagram.com\/academia_empleate\/"]},{"@type":"Person","@id":"https:\/\/www.emplea-te.com\/noticias-oposiciones\/#\/schema\/person\/d1bc587e1af2b95e9c32aba1795509a6","name":"Empleate"}]}},"_links":{"self":[{"href":"https:\/\/www.emplea-te.com\/noticias-oposiciones\/wp-json\/wp\/v2\/posts\/11268","targetHints":{"allow":["GET"]}}],"collection":[{"href":"https:\/\/www.emplea-te.com\/noticias-oposiciones\/wp-json\/wp\/v2\/posts"}],"about":[{"href":"https:\/\/www.emplea-te.com\/noticias-oposiciones\/wp-json\/wp\/v2\/types\/post"}],"author":[{"embeddable":true,"href":"https:\/\/www.emplea-te.com\/noticias-oposiciones\/wp-json\/wp\/v2\/users\/1"}],"replies":[{"embeddable":true,"href":"https:\/\/www.emplea-te.com\/noticias-oposiciones\/wp-json\/wp\/v2\/comments?post=11268"}],"version-history":[{"count":1,"href":"https:\/\/www.emplea-te.com\/noticias-oposiciones\/wp-json\/wp\/v2\/posts\/11268\/revisions"}],"predecessor-version":[{"id":11269,"href":"https:\/\/www.emplea-te.com\/noticias-oposiciones\/wp-json\/wp\/v2\/posts\/11268\/revisions\/11269"}],"wp:attachment":[{"href":"https:\/\/www.emplea-te.com\/noticias-oposiciones\/wp-json\/wp\/v2\/media?parent=11268"}],"wp:term":[{"taxonomy":"category","embeddable":true,"href":"https:\/\/www.emplea-te.com\/noticias-oposiciones\/wp-json\/wp\/v2\/categories?post=11268"},{"taxonomy":"post_tag","embeddable":true,"href":"https:\/\/www.emplea-te.com\/noticias-oposiciones\/wp-json\/wp\/v2\/tags?post=11268"}],"curies":[{"name":"wp","href":"https:\/\/api.w.org\/{rel}","templated":true}]}}