{"id":11608,"date":"2024-01-17T10:51:18","date_gmt":"2024-01-17T09:51:18","guid":{"rendered":"https:\/\/www.emplea-te.com\/noticias-oposiciones\/?p=11608"},"modified":"2024-01-17T10:51:18","modified_gmt":"2024-01-17T09:51:18","slug":"comunidad-de-madrid-auxiliar-administrativo-c2-1114-plazas-convocadas-de-estabilizacion-se-publica-la-plantilla-provisional-de-respuestas-del-primer-ejercicio","status":"publish","type":"post","link":"https:\/\/www.emplea-te.com\/noticias-oposiciones\/comunidad-de-madrid-auxiliar-administrativo-c2-1114-plazas-convocadas-de-estabilizacion-se-publica-la-plantilla-provisional-de-respuestas-del-primer-ejercicio\/","title":{"rendered":"Comunidad de Madrid. Auxiliar Administrativo C2 (1114 plazas convocadas de estabilizaci\u00f3n). Se publica la plantilla provisional de respuestas del primer ejercicio."},"content":{"rendered":"<p>Se publica en la Web de la Comunidad de Madrid la Comunicaci\u00f3n del Tribunal Calificador del proceso selectivo convocado para cubrir 1.114 plazas de Auxiliar Administrativo C2 (estabilizaci\u00f3n de empleo) por la que se hace p\u00fablica la plantilla de respuestas provisional del primer ejercicio.<\/p>\n<p><a href=\"https:\/\/www.comunidad.madrid\/sites\/default\/files\/aud\/empleo\/394-2021_comunicacion_cuestionario_y_plantilla_correctora_sin_firma.pdf?fbclid=IwAR1qXxLSFSUdupla6bsoIM2fDRpIDY4aqNGzzdD7OYLZT7IBYnGV1BFhM5w\" target=\"_blank\" rel=\"noopener\"><strong>Puedes acceder a la misma desde este enlace.\u00a0<\/strong><\/a><\/p>\n<p>Se abre un plazo de 5 d\u00edas h\u00e1biles para presentar alegaciones a dicha relaci\u00f3n provisional de respuestas por lo que el plazo permanecer\u00e1 abierto desde el d\u00eda 17\/01\/2024 hasta el d\u00eda 23\/01\/2004.<\/p>\n<p><a href=\"https:\/\/www.comunidad.madrid\/servicios\/empleo\/auxiliares-administracion-general-c2-estabilizacion?fbclid=IwAR0MQjLShFS0nnOOq9ylJwWwoySVE3hMFb0wpcIKclwGf4HVK2cQ4rNOq4c#panel-379830\" target=\"_blank\" rel=\"noopener\"><strong>Seguimiento de la convocatoria<\/strong><\/a><\/p>\n<p>&nbsp;<\/p>\n<p>&nbsp;<\/p>\n<p>&nbsp;<\/p>\n","protected":false},"excerpt":{"rendered":"<p>Se publica en la Web de la Comunidad de Madrid la Comunicaci\u00f3n del Tribunal Calificador del proceso selectivo convocado para cubrir 1.114 plazas de Auxiliar Administrativo C2 (estabilizaci\u00f3n de empleo) por la que se hace p\u00fablica la plantilla de respuestas provisional del primer ejercicio. Puedes acceder a la misma desde este enlace.\u00a0 Se abre un &hellip; <a href=\"https:\/\/www.emplea-te.com\/noticias-oposiciones\/comunidad-de-madrid-auxiliar-administrativo-c2-1114-plazas-convocadas-de-estabilizacion-se-publica-la-plantilla-provisional-de-respuestas-del-primer-ejercicio\/\" class=\"more-link\">Continuar leyendo<span class=\"screen-reader-text\"> \u00abComunidad de Madrid. Auxiliar Administrativo C2 (1114 plazas convocadas de estabilizaci\u00f3n). Se publica la plantilla provisional de respuestas del primer ejercicio.\u00bb<\/span><\/a><\/p>\n","protected":false},"author":1,"featured_media":0,"comment_status":"closed","ping_status":"closed","sticky":false,"template":"","format":"standard","meta":{"footnotes":""},"categories":[109],"tags":[103],"class_list":["post-11608","post","type-post","status-publish","format-standard","hentry","category-oposiciones-madrid","tag-informacion-procesos-selectivos"],"yoast_head":"<!-- This site is optimized with the Yoast SEO plugin v27.5 - https:\/\/yoast.com\/product\/yoast-seo-wordpress\/ -->\n<title>Comunidad de Madrid. Convocatoria proceso selectivo.<\/title>\n<meta name=\"description\" content=\"Comunidad de Madrid. Auxiliar Administrativo C2 (1114 plazas convocadas de estabilizaci\u00f3n). Se publica la plantilla provisional de respuestas del primer ejercicio.\" \/>\n<meta name=\"robots\" content=\"index, follow, max-snippet:-1, max-image-preview:large, max-video-preview:-1\" \/>\n<link rel=\"canonical\" href=\"https:\/\/www.emplea-te.com\/noticias-oposiciones\/comunidad-de-madrid-auxiliar-administrativo-c2-1114-plazas-convocadas-de-estabilizacion-se-publica-la-plantilla-provisional-de-respuestas-del-primer-ejercicio\/\" \/>\n<meta property=\"og:locale\" content=\"es_ES\" \/>\n<meta property=\"og:type\" content=\"article\" \/>\n<meta property=\"og:title\" content=\"Comunidad de Madrid. Convocatoria proceso selectivo.\" \/>\n<meta property=\"og:description\" content=\"Comunidad de Madrid. Auxiliar Administrativo C2 (1114 plazas convocadas de estabilizaci\u00f3n). Se publica la plantilla provisional de respuestas del primer ejercicio.\" \/>\n<meta property=\"og:url\" content=\"https:\/\/www.emplea-te.com\/noticias-oposiciones\/comunidad-de-madrid-auxiliar-administrativo-c2-1114-plazas-convocadas-de-estabilizacion-se-publica-la-plantilla-provisional-de-respuestas-del-primer-ejercicio\/\" \/>\n<meta property=\"og:site_name\" content=\"Noticas de oposiciones por Academia Emplea-te\" \/>\n<meta property=\"article:publisher\" content=\"https:\/\/www.facebook.com\/AcademiaEmpleate\/\" \/>\n<meta property=\"article:published_time\" content=\"2024-01-17T09:51:18+00:00\" \/>\n<meta name=\"author\" content=\"Empleate\" \/>\n<meta name=\"twitter:card\" content=\"summary_large_image\" \/>\n<meta name=\"twitter:creator\" content=\"@Emplea_Te\" \/>\n<meta name=\"twitter:site\" content=\"@Emplea_Te\" \/>\n<meta name=\"twitter:label1\" content=\"Escrito por\" \/>\n\t<meta name=\"twitter:data1\" content=\"Empleate\" \/>\n\t<meta name=\"twitter:label2\" content=\"Tiempo de lectura\" \/>\n\t<meta name=\"twitter:data2\" content=\"1 minuto\" \/>\n<script type=\"application\/ld+json\" class=\"yoast-schema-graph\">{\"@context\":\"https:\\\/\\\/schema.org\",\"@graph\":[{\"@type\":\"Article\",\"@id\":\"https:\\\/\\\/www.emplea-te.com\\\/noticias-oposiciones\\\/comunidad-de-madrid-auxiliar-administrativo-c2-1114-plazas-convocadas-de-estabilizacion-se-publica-la-plantilla-provisional-de-respuestas-del-primer-ejercicio\\\/#article\",\"isPartOf\":{\"@id\":\"https:\\\/\\\/www.emplea-te.com\\\/noticias-oposiciones\\\/comunidad-de-madrid-auxiliar-administrativo-c2-1114-plazas-convocadas-de-estabilizacion-se-publica-la-plantilla-provisional-de-respuestas-del-primer-ejercicio\\\/\"},\"author\":{\"name\":\"Empleate\",\"@id\":\"https:\\\/\\\/www.emplea-te.com\\\/noticias-oposiciones\\\/#\\\/schema\\\/person\\\/d1bc587e1af2b95e9c32aba1795509a6\"},\"headline\":\"Comunidad de Madrid. Auxiliar Administrativo C2 (1114 plazas convocadas de estabilizaci\u00f3n). Se publica la plantilla provisional de respuestas del primer ejercicio.\",\"datePublished\":\"2024-01-17T09:51:18+00:00\",\"mainEntityOfPage\":{\"@id\":\"https:\\\/\\\/www.emplea-te.com\\\/noticias-oposiciones\\\/comunidad-de-madrid-auxiliar-administrativo-c2-1114-plazas-convocadas-de-estabilizacion-se-publica-la-plantilla-provisional-de-respuestas-del-primer-ejercicio\\\/\"},\"wordCount\":116,\"publisher\":{\"@id\":\"https:\\\/\\\/www.emplea-te.com\\\/noticias-oposiciones\\\/#organization\"},\"keywords\":[\"Informaci\u00f3n procesos selectivos\"],\"articleSection\":[\"Oposiciones Madrid.\"],\"inLanguage\":\"es\"},{\"@type\":\"WebPage\",\"@id\":\"https:\\\/\\\/www.emplea-te.com\\\/noticias-oposiciones\\\/comunidad-de-madrid-auxiliar-administrativo-c2-1114-plazas-convocadas-de-estabilizacion-se-publica-la-plantilla-provisional-de-respuestas-del-primer-ejercicio\\\/\",\"url\":\"https:\\\/\\\/www.emplea-te.com\\\/noticias-oposiciones\\\/comunidad-de-madrid-auxiliar-administrativo-c2-1114-plazas-convocadas-de-estabilizacion-se-publica-la-plantilla-provisional-de-respuestas-del-primer-ejercicio\\\/\",\"name\":\"Comunidad de Madrid. Convocatoria proceso selectivo.\",\"isPartOf\":{\"@id\":\"https:\\\/\\\/www.emplea-te.com\\\/noticias-oposiciones\\\/#website\"},\"datePublished\":\"2024-01-17T09:51:18+00:00\",\"description\":\"Comunidad de Madrid. Auxiliar Administrativo C2 (1114 plazas convocadas de estabilizaci\u00f3n). Se publica la plantilla provisional de respuestas del primer ejercicio.\",\"breadcrumb\":{\"@id\":\"https:\\\/\\\/www.emplea-te.com\\\/noticias-oposiciones\\\/comunidad-de-madrid-auxiliar-administrativo-c2-1114-plazas-convocadas-de-estabilizacion-se-publica-la-plantilla-provisional-de-respuestas-del-primer-ejercicio\\\/#breadcrumb\"},\"inLanguage\":\"es\",\"potentialAction\":[{\"@type\":\"ReadAction\",\"target\":[\"https:\\\/\\\/www.emplea-te.com\\\/noticias-oposiciones\\\/comunidad-de-madrid-auxiliar-administrativo-c2-1114-plazas-convocadas-de-estabilizacion-se-publica-la-plantilla-provisional-de-respuestas-del-primer-ejercicio\\\/\"]}]},{\"@type\":\"BreadcrumbList\",\"@id\":\"https:\\\/\\\/www.emplea-te.com\\\/noticias-oposiciones\\\/comunidad-de-madrid-auxiliar-administrativo-c2-1114-plazas-convocadas-de-estabilizacion-se-publica-la-plantilla-provisional-de-respuestas-del-primer-ejercicio\\\/#breadcrumb\",\"itemListElement\":[{\"@type\":\"ListItem\",\"position\":1,\"name\":\"Noticias Oposiciones\",\"item\":\"https:\\\/\\\/www.emplea-te.com\\\/noticias-oposiciones\\\/\"},{\"@type\":\"ListItem\",\"position\":2,\"name\":\"Oposiciones Madrid.\",\"item\":\"https:\\\/\\\/www.emplea-te.com\\\/noticias-oposiciones\\\/categoria\\\/oposiciones-madrid\\\/\"},{\"@type\":\"ListItem\",\"position\":3,\"name\":\"Comunidad de Madrid. Auxiliar Administrativo C2 (1114 plazas convocadas de estabilizaci\u00f3n). Se publica la plantilla provisional de respuestas del primer ejercicio.\"}]},{\"@type\":\"WebSite\",\"@id\":\"https:\\\/\\\/www.emplea-te.com\\\/noticias-oposiciones\\\/#website\",\"url\":\"https:\\\/\\\/www.emplea-te.com\\\/noticias-oposiciones\\\/\",\"name\":\"Noticas de oposiciones por Academia Emplea-te\",\"description\":\"Toda la actualidad de las ofertas y convocatorias.\",\"publisher\":{\"@id\":\"https:\\\/\\\/www.emplea-te.com\\\/noticias-oposiciones\\\/#organization\"},\"potentialAction\":[{\"@type\":\"SearchAction\",\"target\":{\"@type\":\"EntryPoint\",\"urlTemplate\":\"https:\\\/\\\/www.emplea-te.com\\\/noticias-oposiciones\\\/?s={search_term_string}\"},\"query-input\":{\"@type\":\"PropertyValueSpecification\",\"valueRequired\":true,\"valueName\":\"search_term_string\"}}],\"inLanguage\":\"es\"},{\"@type\":\"Organization\",\"@id\":\"https:\\\/\\\/www.emplea-te.com\\\/noticias-oposiciones\\\/#organization\",\"name\":\"Academia de oposiciones Empl\u00e9ate\",\"url\":\"https:\\\/\\\/www.emplea-te.com\\\/noticias-oposiciones\\\/\",\"logo\":{\"@type\":\"ImageObject\",\"inLanguage\":\"es\",\"@id\":\"https:\\\/\\\/www.emplea-te.com\\\/noticias-oposiciones\\\/#\\\/schema\\\/logo\\\/image\\\/\",\"url\":\"https:\\\/\\\/www.emplea-te.com\\\/noticias-oposiciones\\\/wp-content\\\/uploads\\\/2019\\\/04\\\/empleate.jpg\",\"contentUrl\":\"https:\\\/\\\/www.emplea-te.com\\\/noticias-oposiciones\\\/wp-content\\\/uploads\\\/2019\\\/04\\\/empleate.jpg\",\"width\":250,\"height\":150,\"caption\":\"Academia de oposiciones Empl\u00e9ate\"},\"image\":{\"@id\":\"https:\\\/\\\/www.emplea-te.com\\\/noticias-oposiciones\\\/#\\\/schema\\\/logo\\\/image\\\/\"},\"sameAs\":[\"https:\\\/\\\/www.facebook.com\\\/AcademiaEmpleate\\\/\",\"https:\\\/\\\/x.com\\\/Emplea_Te\",\"https:\\\/\\\/www.instagram.com\\\/academia_empleate\\\/\"]},{\"@type\":\"Person\",\"@id\":\"https:\\\/\\\/www.emplea-te.com\\\/noticias-oposiciones\\\/#\\\/schema\\\/person\\\/d1bc587e1af2b95e9c32aba1795509a6\",\"name\":\"Empleate\"}]}<\/script>\n<!-- \/ Yoast SEO plugin. -->","yoast_head_json":{"title":"Comunidad de Madrid. Convocatoria proceso selectivo.","description":"Comunidad de Madrid. Auxiliar Administrativo C2 (1114 plazas convocadas de estabilizaci\u00f3n). Se publica la plantilla provisional de respuestas del primer ejercicio.","robots":{"index":"index","follow":"follow","max-snippet":"max-snippet:-1","max-image-preview":"max-image-preview:large","max-video-preview":"max-video-preview:-1"},"canonical":"https:\/\/www.emplea-te.com\/noticias-oposiciones\/comunidad-de-madrid-auxiliar-administrativo-c2-1114-plazas-convocadas-de-estabilizacion-se-publica-la-plantilla-provisional-de-respuestas-del-primer-ejercicio\/","og_locale":"es_ES","og_type":"article","og_title":"Comunidad de Madrid. Convocatoria proceso selectivo.","og_description":"Comunidad de Madrid. Auxiliar Administrativo C2 (1114 plazas convocadas de estabilizaci\u00f3n). Se publica la plantilla provisional de respuestas del primer ejercicio.","og_url":"https:\/\/www.emplea-te.com\/noticias-oposiciones\/comunidad-de-madrid-auxiliar-administrativo-c2-1114-plazas-convocadas-de-estabilizacion-se-publica-la-plantilla-provisional-de-respuestas-del-primer-ejercicio\/","og_site_name":"Noticas de oposiciones por Academia Emplea-te","article_publisher":"https:\/\/www.facebook.com\/AcademiaEmpleate\/","article_published_time":"2024-01-17T09:51:18+00:00","author":"Empleate","twitter_card":"summary_large_image","twitter_creator":"@Emplea_Te","twitter_site":"@Emplea_Te","twitter_misc":{"Escrito por":"Empleate","Tiempo de lectura":"1 minuto"},"schema":{"@context":"https:\/\/schema.org","@graph":[{"@type":"Article","@id":"https:\/\/www.emplea-te.com\/noticias-oposiciones\/comunidad-de-madrid-auxiliar-administrativo-c2-1114-plazas-convocadas-de-estabilizacion-se-publica-la-plantilla-provisional-de-respuestas-del-primer-ejercicio\/#article","isPartOf":{"@id":"https:\/\/www.emplea-te.com\/noticias-oposiciones\/comunidad-de-madrid-auxiliar-administrativo-c2-1114-plazas-convocadas-de-estabilizacion-se-publica-la-plantilla-provisional-de-respuestas-del-primer-ejercicio\/"},"author":{"name":"Empleate","@id":"https:\/\/www.emplea-te.com\/noticias-oposiciones\/#\/schema\/person\/d1bc587e1af2b95e9c32aba1795509a6"},"headline":"Comunidad de Madrid. Auxiliar Administrativo C2 (1114 plazas convocadas de estabilizaci\u00f3n). Se publica la plantilla provisional de respuestas del primer ejercicio.","datePublished":"2024-01-17T09:51:18+00:00","mainEntityOfPage":{"@id":"https:\/\/www.emplea-te.com\/noticias-oposiciones\/comunidad-de-madrid-auxiliar-administrativo-c2-1114-plazas-convocadas-de-estabilizacion-se-publica-la-plantilla-provisional-de-respuestas-del-primer-ejercicio\/"},"wordCount":116,"publisher":{"@id":"https:\/\/www.emplea-te.com\/noticias-oposiciones\/#organization"},"keywords":["Informaci\u00f3n procesos selectivos"],"articleSection":["Oposiciones Madrid."],"inLanguage":"es"},{"@type":"WebPage","@id":"https:\/\/www.emplea-te.com\/noticias-oposiciones\/comunidad-de-madrid-auxiliar-administrativo-c2-1114-plazas-convocadas-de-estabilizacion-se-publica-la-plantilla-provisional-de-respuestas-del-primer-ejercicio\/","url":"https:\/\/www.emplea-te.com\/noticias-oposiciones\/comunidad-de-madrid-auxiliar-administrativo-c2-1114-plazas-convocadas-de-estabilizacion-se-publica-la-plantilla-provisional-de-respuestas-del-primer-ejercicio\/","name":"Comunidad de Madrid. Convocatoria proceso selectivo.","isPartOf":{"@id":"https:\/\/www.emplea-te.com\/noticias-oposiciones\/#website"},"datePublished":"2024-01-17T09:51:18+00:00","description":"Comunidad de Madrid. Auxiliar Administrativo C2 (1114 plazas convocadas de estabilizaci\u00f3n). Se publica la plantilla provisional de respuestas del primer ejercicio.","breadcrumb":{"@id":"https:\/\/www.emplea-te.com\/noticias-oposiciones\/comunidad-de-madrid-auxiliar-administrativo-c2-1114-plazas-convocadas-de-estabilizacion-se-publica-la-plantilla-provisional-de-respuestas-del-primer-ejercicio\/#breadcrumb"},"inLanguage":"es","potentialAction":[{"@type":"ReadAction","target":["https:\/\/www.emplea-te.com\/noticias-oposiciones\/comunidad-de-madrid-auxiliar-administrativo-c2-1114-plazas-convocadas-de-estabilizacion-se-publica-la-plantilla-provisional-de-respuestas-del-primer-ejercicio\/"]}]},{"@type":"BreadcrumbList","@id":"https:\/\/www.emplea-te.com\/noticias-oposiciones\/comunidad-de-madrid-auxiliar-administrativo-c2-1114-plazas-convocadas-de-estabilizacion-se-publica-la-plantilla-provisional-de-respuestas-del-primer-ejercicio\/#breadcrumb","itemListElement":[{"@type":"ListItem","position":1,"name":"Noticias Oposiciones","item":"https:\/\/www.emplea-te.com\/noticias-oposiciones\/"},{"@type":"ListItem","position":2,"name":"Oposiciones Madrid.","item":"https:\/\/www.emplea-te.com\/noticias-oposiciones\/categoria\/oposiciones-madrid\/"},{"@type":"ListItem","position":3,"name":"Comunidad de Madrid. Auxiliar Administrativo C2 (1114 plazas convocadas de estabilizaci\u00f3n). Se publica la plantilla provisional de respuestas del primer ejercicio."}]},{"@type":"WebSite","@id":"https:\/\/www.emplea-te.com\/noticias-oposiciones\/#website","url":"https:\/\/www.emplea-te.com\/noticias-oposiciones\/","name":"Noticas de oposiciones por Academia Emplea-te","description":"Toda la actualidad de las ofertas y convocatorias.","publisher":{"@id":"https:\/\/www.emplea-te.com\/noticias-oposiciones\/#organization"},"potentialAction":[{"@type":"SearchAction","target":{"@type":"EntryPoint","urlTemplate":"https:\/\/www.emplea-te.com\/noticias-oposiciones\/?s={search_term_string}"},"query-input":{"@type":"PropertyValueSpecification","valueRequired":true,"valueName":"search_term_string"}}],"inLanguage":"es"},{"@type":"Organization","@id":"https:\/\/www.emplea-te.com\/noticias-oposiciones\/#organization","name":"Academia de oposiciones Empl\u00e9ate","url":"https:\/\/www.emplea-te.com\/noticias-oposiciones\/","logo":{"@type":"ImageObject","inLanguage":"es","@id":"https:\/\/www.emplea-te.com\/noticias-oposiciones\/#\/schema\/logo\/image\/","url":"https:\/\/www.emplea-te.com\/noticias-oposiciones\/wp-content\/uploads\/2019\/04\/empleate.jpg","contentUrl":"https:\/\/www.emplea-te.com\/noticias-oposiciones\/wp-content\/uploads\/2019\/04\/empleate.jpg","width":250,"height":150,"caption":"Academia de oposiciones Empl\u00e9ate"},"image":{"@id":"https:\/\/www.emplea-te.com\/noticias-oposiciones\/#\/schema\/logo\/image\/"},"sameAs":["https:\/\/www.facebook.com\/AcademiaEmpleate\/","https:\/\/x.com\/Emplea_Te","https:\/\/www.instagram.com\/academia_empleate\/"]},{"@type":"Person","@id":"https:\/\/www.emplea-te.com\/noticias-oposiciones\/#\/schema\/person\/d1bc587e1af2b95e9c32aba1795509a6","name":"Empleate"}]}},"_links":{"self":[{"href":"https:\/\/www.emplea-te.com\/noticias-oposiciones\/wp-json\/wp\/v2\/posts\/11608","targetHints":{"allow":["GET"]}}],"collection":[{"href":"https:\/\/www.emplea-te.com\/noticias-oposiciones\/wp-json\/wp\/v2\/posts"}],"about":[{"href":"https:\/\/www.emplea-te.com\/noticias-oposiciones\/wp-json\/wp\/v2\/types\/post"}],"author":[{"embeddable":true,"href":"https:\/\/www.emplea-te.com\/noticias-oposiciones\/wp-json\/wp\/v2\/users\/1"}],"replies":[{"embeddable":true,"href":"https:\/\/www.emplea-te.com\/noticias-oposiciones\/wp-json\/wp\/v2\/comments?post=11608"}],"version-history":[{"count":1,"href":"https:\/\/www.emplea-te.com\/noticias-oposiciones\/wp-json\/wp\/v2\/posts\/11608\/revisions"}],"predecessor-version":[{"id":11609,"href":"https:\/\/www.emplea-te.com\/noticias-oposiciones\/wp-json\/wp\/v2\/posts\/11608\/revisions\/11609"}],"wp:attachment":[{"href":"https:\/\/www.emplea-te.com\/noticias-oposiciones\/wp-json\/wp\/v2\/media?parent=11608"}],"wp:term":[{"taxonomy":"category","embeddable":true,"href":"https:\/\/www.emplea-te.com\/noticias-oposiciones\/wp-json\/wp\/v2\/categories?post=11608"},{"taxonomy":"post_tag","embeddable":true,"href":"https:\/\/www.emplea-te.com\/noticias-oposiciones\/wp-json\/wp\/v2\/tags?post=11608"}],"curies":[{"name":"wp","href":"https:\/\/api.w.org\/{rel}","templated":true}]}}