{"id":11612,"date":"2024-01-18T09:59:13","date_gmt":"2024-01-18T08:59:13","guid":{"rendered":"https:\/\/www.emplea-te.com\/noticias-oposiciones\/?p=11612"},"modified":"2024-01-22T10:01:48","modified_gmt":"2024-01-22T09:01:48","slug":"xunta-de-galicia-subalternos-a-p-119-plazas-convocadas-se-publica-en-el-dog-la-resolucion-por-la-que-se-anuncia-la-fecha-de-convocatoria-del-segundo-ejercicio","status":"publish","type":"post","link":"https:\/\/www.emplea-te.com\/noticias-oposiciones\/xunta-de-galicia-subalternos-a-p-119-plazas-convocadas-se-publica-en-el-dog-la-resolucion-por-la-que-se-anuncia-la-fecha-de-convocatoria-del-segundo-ejercicio\/","title":{"rendered":"Xunta de Galicia. Subalternos A.P (119 plazas convocadas). Se publica en el DOG la Resoluci\u00f3n por la que  se anuncia la fecha de convocatoria del segundo ejercicio."},"content":{"rendered":"<p>Se publica en el DOG de hoy, d\u00eda 18 de enero de 2024, la Resoluci\u00f3n\u00a0de 10 de enero de 2024 del tribunal encargado de calificar el proceso selectivo para el ingreso en la agrupaci\u00f3n profesional de personal funcionario subalterno de la Administraci\u00f3n general de la Comunidad Aut\u00f3noma de Galicia, convocado mediante la Resoluci\u00f3n de 30 de marzo de 2022 (Diario Oficial de Galicia n\u00famero 65, de 4 de abril), por la que se hacen p\u00fablicos la fecha, la hora y el lugar de realizaci\u00f3n del segundo ejercicio del proceso selectivo:<\/p>\n<p>Fecha convocatoria segundo ejercicio:<\/p>\n<p>El segundo ejercicio de la oposici\u00f3n (prueba de gallego), tendr\u00e1 lugar el 23 de enero de 2024 a las 15:30 h, en llamamiento \u00fanico, en el aula 7 de la Escuela Gallega de Administraci\u00f3n P\u00fablica (EGAP), en el pol\u00edgono de As Fonti\u00f1as, calle de Madrid, 2-4, Santiago de Compostela.<\/p>\n<p>La lista de personas aspirantes convocadas para la realizaci\u00f3n de este ejercicio puede consultarse en el portal web de la Xunta de Galicia (<a href=\"http:\/\/www.xunta.es\" target=\"_blank\" rel=\"noopener\"><strong>funcionpublica.xunta.gal<\/strong><\/a>).<\/p>\n<p>Los\/las aspirantes deber\u00e1n ir provistos\/as de DNI o de un documento fidedigno acreditativo de su identidad, a juicio del tribunal, y bol\u00edgrafo de tinta azul.<\/p>\n<p>No se permitir\u00e1 el acceso a las aulas en que se realice el ejercicio con tel\u00e9fonos m\u00f3viles, agendas electr\u00f3nicas, relojes inteligentes o cualquier otro material o instrumento de que se pueda valer el\/la aspirante para auxiliarse en la realizaci\u00f3n del ejercicio. No se habilitar\u00e1 ning\u00fan servicio de recogida de m\u00f3viles.<\/p>\n<p><a href=\"https:\/\/www.xunta.gal\/dog\/Publicados\/2024\/20240118\/AnuncioG0597-110124-0002_es.html\" target=\"_blank\" rel=\"noopener\"><strong>Accede a la Resoluci\u00f3n con su contenido \u00edntegro desde este enlace.\u00a0<\/strong><\/a><\/p>\n<p><a href=\"https:\/\/www.xunta.gal\/dog\/Publicados\/2024\/20240122\/AnuncioG0597-180124-0001_es.html\" target=\"_blank\" rel=\"noopener\"><strong>Correcci\u00f3n de la Resoluci\u00f3n por la que se Anuncia fecha y hora de realizaci\u00f3n de este ejercicio.<\/strong><\/a><\/p>\n","protected":false},"excerpt":{"rendered":"<p>Se publica en el DOG de hoy, d\u00eda 18 de enero de 2024, la Resoluci\u00f3n\u00a0de 10 de enero de 2024 del tribunal encargado de calificar el proceso selectivo para el ingreso en la agrupaci\u00f3n profesional de personal funcionario subalterno de la Administraci\u00f3n general de la Comunidad Aut\u00f3noma de Galicia, convocado mediante la Resoluci\u00f3n de 30 &hellip; <a href=\"https:\/\/www.emplea-te.com\/noticias-oposiciones\/xunta-de-galicia-subalternos-a-p-119-plazas-convocadas-se-publica-en-el-dog-la-resolucion-por-la-que-se-anuncia-la-fecha-de-convocatoria-del-segundo-ejercicio\/\" class=\"more-link\">Continuar leyendo<span class=\"screen-reader-text\"> \u00abXunta de Galicia. Subalternos A.P (119 plazas convocadas). Se publica en el DOG la Resoluci\u00f3n por la que  se anuncia la fecha de convocatoria del segundo ejercicio.\u00bb<\/span><\/a><\/p>\n","protected":false},"author":1,"featured_media":0,"comment_status":"closed","ping_status":"closed","sticky":false,"template":"","format":"standard","meta":{"footnotes":""},"categories":[56,4,43],"tags":[49,71,103],"class_list":["post-11612","post","type-post","status-publish","format-standard","hentry","category-oposiciones-autonomicas-galicia","category-oposiciones-xunta","category-subalterno-a-p","tag-convocatorias-de-oposiciones","tag-fecha-examenes","tag-informacion-procesos-selectivos"],"yoast_head":"<!-- This site is optimized with the Yoast SEO plugin v27.5 - https:\/\/yoast.com\/product\/yoast-seo-wordpress\/ -->\n<title>Xunta de Galicia. Subalternos A.P (119 plazas convocadas).<\/title>\n<meta name=\"description\" content=\"Xunta de Galicia. Subalternos A.P (119 plazas convocadas). Se publica en el DOG la Resoluci\u00f3n por la que se anuncia la fecha de convocatoria del segundo ejercicio.\" \/>\n<meta name=\"robots\" content=\"index, follow, max-snippet:-1, max-image-preview:large, max-video-preview:-1\" \/>\n<link rel=\"canonical\" href=\"https:\/\/www.emplea-te.com\/noticias-oposiciones\/xunta-de-galicia-subalternos-a-p-119-plazas-convocadas-se-publica-en-el-dog-la-resolucion-por-la-que-se-anuncia-la-fecha-de-convocatoria-del-segundo-ejercicio\/\" \/>\n<meta property=\"og:locale\" content=\"es_ES\" \/>\n<meta property=\"og:type\" content=\"article\" \/>\n<meta property=\"og:title\" content=\"Xunta de Galicia. Subalternos A.P (119 plazas convocadas).\" \/>\n<meta property=\"og:description\" content=\"Xunta de Galicia. Subalternos A.P (119 plazas convocadas). Se publica en el DOG la Resoluci\u00f3n por la que se anuncia la fecha de convocatoria del segundo ejercicio.\" \/>\n<meta property=\"og:url\" content=\"https:\/\/www.emplea-te.com\/noticias-oposiciones\/xunta-de-galicia-subalternos-a-p-119-plazas-convocadas-se-publica-en-el-dog-la-resolucion-por-la-que-se-anuncia-la-fecha-de-convocatoria-del-segundo-ejercicio\/\" \/>\n<meta property=\"og:site_name\" content=\"Noticas de oposiciones por Academia Emplea-te\" \/>\n<meta property=\"article:publisher\" content=\"https:\/\/www.facebook.com\/AcademiaEmpleate\/\" \/>\n<meta property=\"article:published_time\" content=\"2024-01-18T08:59:13+00:00\" \/>\n<meta property=\"article:modified_time\" content=\"2024-01-22T09:01:48+00:00\" \/>\n<meta name=\"author\" content=\"Empleate\" \/>\n<meta name=\"twitter:card\" content=\"summary_large_image\" \/>\n<meta name=\"twitter:creator\" content=\"@Emplea_Te\" \/>\n<meta name=\"twitter:site\" content=\"@Emplea_Te\" \/>\n<meta name=\"twitter:label1\" content=\"Escrito por\" \/>\n\t<meta name=\"twitter:data1\" content=\"Empleate\" \/>\n\t<meta name=\"twitter:label2\" content=\"Tiempo de lectura\" \/>\n\t<meta name=\"twitter:data2\" content=\"2 minutos\" \/>\n<script type=\"application\/ld+json\" class=\"yoast-schema-graph\">{\"@context\":\"https:\\\/\\\/schema.org\",\"@graph\":[{\"@type\":\"Article\",\"@id\":\"https:\\\/\\\/www.emplea-te.com\\\/noticias-oposiciones\\\/xunta-de-galicia-subalternos-a-p-119-plazas-convocadas-se-publica-en-el-dog-la-resolucion-por-la-que-se-anuncia-la-fecha-de-convocatoria-del-segundo-ejercicio\\\/#article\",\"isPartOf\":{\"@id\":\"https:\\\/\\\/www.emplea-te.com\\\/noticias-oposiciones\\\/xunta-de-galicia-subalternos-a-p-119-plazas-convocadas-se-publica-en-el-dog-la-resolucion-por-la-que-se-anuncia-la-fecha-de-convocatoria-del-segundo-ejercicio\\\/\"},\"author\":{\"name\":\"Empleate\",\"@id\":\"https:\\\/\\\/www.emplea-te.com\\\/noticias-oposiciones\\\/#\\\/schema\\\/person\\\/d1bc587e1af2b95e9c32aba1795509a6\"},\"headline\":\"Xunta de Galicia. Subalternos A.P (119 plazas convocadas). Se publica en el DOG la Resoluci\u00f3n por la que se anuncia la fecha de convocatoria del segundo ejercicio.\",\"datePublished\":\"2024-01-18T08:59:13+00:00\",\"dateModified\":\"2024-01-22T09:01:48+00:00\",\"mainEntityOfPage\":{\"@id\":\"https:\\\/\\\/www.emplea-te.com\\\/noticias-oposiciones\\\/xunta-de-galicia-subalternos-a-p-119-plazas-convocadas-se-publica-en-el-dog-la-resolucion-por-la-que-se-anuncia-la-fecha-de-convocatoria-del-segundo-ejercicio\\\/\"},\"wordCount\":319,\"publisher\":{\"@id\":\"https:\\\/\\\/www.emplea-te.com\\\/noticias-oposiciones\\\/#organization\"},\"keywords\":[\"Convocatoria\",\"Fecha ex\u00e1menes\",\"Informaci\u00f3n procesos selectivos\"],\"articleSection\":[\"Oposiciones Auton\u00f3micas Galicia\",\"Oposiciones Xunta\",\"Subalterno A.P Xunta de Galicia\"],\"inLanguage\":\"es\"},{\"@type\":\"WebPage\",\"@id\":\"https:\\\/\\\/www.emplea-te.com\\\/noticias-oposiciones\\\/xunta-de-galicia-subalternos-a-p-119-plazas-convocadas-se-publica-en-el-dog-la-resolucion-por-la-que-se-anuncia-la-fecha-de-convocatoria-del-segundo-ejercicio\\\/\",\"url\":\"https:\\\/\\\/www.emplea-te.com\\\/noticias-oposiciones\\\/xunta-de-galicia-subalternos-a-p-119-plazas-convocadas-se-publica-en-el-dog-la-resolucion-por-la-que-se-anuncia-la-fecha-de-convocatoria-del-segundo-ejercicio\\\/\",\"name\":\"Xunta de Galicia. Subalternos A.P (119 plazas convocadas).\",\"isPartOf\":{\"@id\":\"https:\\\/\\\/www.emplea-te.com\\\/noticias-oposiciones\\\/#website\"},\"datePublished\":\"2024-01-18T08:59:13+00:00\",\"dateModified\":\"2024-01-22T09:01:48+00:00\",\"description\":\"Xunta de Galicia. Subalternos A.P (119 plazas convocadas). Se publica en el DOG la Resoluci\u00f3n por la que se anuncia la fecha de convocatoria del segundo ejercicio.\",\"breadcrumb\":{\"@id\":\"https:\\\/\\\/www.emplea-te.com\\\/noticias-oposiciones\\\/xunta-de-galicia-subalternos-a-p-119-plazas-convocadas-se-publica-en-el-dog-la-resolucion-por-la-que-se-anuncia-la-fecha-de-convocatoria-del-segundo-ejercicio\\\/#breadcrumb\"},\"inLanguage\":\"es\",\"potentialAction\":[{\"@type\":\"ReadAction\",\"target\":[\"https:\\\/\\\/www.emplea-te.com\\\/noticias-oposiciones\\\/xunta-de-galicia-subalternos-a-p-119-plazas-convocadas-se-publica-en-el-dog-la-resolucion-por-la-que-se-anuncia-la-fecha-de-convocatoria-del-segundo-ejercicio\\\/\"]}]},{\"@type\":\"BreadcrumbList\",\"@id\":\"https:\\\/\\\/www.emplea-te.com\\\/noticias-oposiciones\\\/xunta-de-galicia-subalternos-a-p-119-plazas-convocadas-se-publica-en-el-dog-la-resolucion-por-la-que-se-anuncia-la-fecha-de-convocatoria-del-segundo-ejercicio\\\/#breadcrumb\",\"itemListElement\":[{\"@type\":\"ListItem\",\"position\":1,\"name\":\"Noticias Oposiciones\",\"item\":\"https:\\\/\\\/www.emplea-te.com\\\/noticias-oposiciones\\\/\"},{\"@type\":\"ListItem\",\"position\":2,\"name\":\"Oposiciones Xunta\",\"item\":\"https:\\\/\\\/www.emplea-te.com\\\/noticias-oposiciones\\\/categoria\\\/oposiciones-xunta\\\/\"},{\"@type\":\"ListItem\",\"position\":3,\"name\":\"Xunta de Galicia. Subalternos A.P (119 plazas convocadas). Se publica en el DOG la Resoluci\u00f3n por la que se anuncia la fecha de convocatoria del segundo ejercicio.\"}]},{\"@type\":\"WebSite\",\"@id\":\"https:\\\/\\\/www.emplea-te.com\\\/noticias-oposiciones\\\/#website\",\"url\":\"https:\\\/\\\/www.emplea-te.com\\\/noticias-oposiciones\\\/\",\"name\":\"Noticas de oposiciones por Academia Emplea-te\",\"description\":\"Toda la actualidad de las ofertas y convocatorias.\",\"publisher\":{\"@id\":\"https:\\\/\\\/www.emplea-te.com\\\/noticias-oposiciones\\\/#organization\"},\"potentialAction\":[{\"@type\":\"SearchAction\",\"target\":{\"@type\":\"EntryPoint\",\"urlTemplate\":\"https:\\\/\\\/www.emplea-te.com\\\/noticias-oposiciones\\\/?s={search_term_string}\"},\"query-input\":{\"@type\":\"PropertyValueSpecification\",\"valueRequired\":true,\"valueName\":\"search_term_string\"}}],\"inLanguage\":\"es\"},{\"@type\":\"Organization\",\"@id\":\"https:\\\/\\\/www.emplea-te.com\\\/noticias-oposiciones\\\/#organization\",\"name\":\"Academia de oposiciones Empl\u00e9ate\",\"url\":\"https:\\\/\\\/www.emplea-te.com\\\/noticias-oposiciones\\\/\",\"logo\":{\"@type\":\"ImageObject\",\"inLanguage\":\"es\",\"@id\":\"https:\\\/\\\/www.emplea-te.com\\\/noticias-oposiciones\\\/#\\\/schema\\\/logo\\\/image\\\/\",\"url\":\"https:\\\/\\\/www.emplea-te.com\\\/noticias-oposiciones\\\/wp-content\\\/uploads\\\/2019\\\/04\\\/empleate.jpg\",\"contentUrl\":\"https:\\\/\\\/www.emplea-te.com\\\/noticias-oposiciones\\\/wp-content\\\/uploads\\\/2019\\\/04\\\/empleate.jpg\",\"width\":250,\"height\":150,\"caption\":\"Academia de oposiciones Empl\u00e9ate\"},\"image\":{\"@id\":\"https:\\\/\\\/www.emplea-te.com\\\/noticias-oposiciones\\\/#\\\/schema\\\/logo\\\/image\\\/\"},\"sameAs\":[\"https:\\\/\\\/www.facebook.com\\\/AcademiaEmpleate\\\/\",\"https:\\\/\\\/x.com\\\/Emplea_Te\",\"https:\\\/\\\/www.instagram.com\\\/academia_empleate\\\/\"]},{\"@type\":\"Person\",\"@id\":\"https:\\\/\\\/www.emplea-te.com\\\/noticias-oposiciones\\\/#\\\/schema\\\/person\\\/d1bc587e1af2b95e9c32aba1795509a6\",\"name\":\"Empleate\"}]}<\/script>\n<!-- \/ Yoast SEO plugin. -->","yoast_head_json":{"title":"Xunta de Galicia. Subalternos A.P (119 plazas convocadas).","description":"Xunta de Galicia. Subalternos A.P (119 plazas convocadas). Se publica en el DOG la Resoluci\u00f3n por la que se anuncia la fecha de convocatoria del segundo ejercicio.","robots":{"index":"index","follow":"follow","max-snippet":"max-snippet:-1","max-image-preview":"max-image-preview:large","max-video-preview":"max-video-preview:-1"},"canonical":"https:\/\/www.emplea-te.com\/noticias-oposiciones\/xunta-de-galicia-subalternos-a-p-119-plazas-convocadas-se-publica-en-el-dog-la-resolucion-por-la-que-se-anuncia-la-fecha-de-convocatoria-del-segundo-ejercicio\/","og_locale":"es_ES","og_type":"article","og_title":"Xunta de Galicia. Subalternos A.P (119 plazas convocadas).","og_description":"Xunta de Galicia. Subalternos A.P (119 plazas convocadas). Se publica en el DOG la Resoluci\u00f3n por la que se anuncia la fecha de convocatoria del segundo ejercicio.","og_url":"https:\/\/www.emplea-te.com\/noticias-oposiciones\/xunta-de-galicia-subalternos-a-p-119-plazas-convocadas-se-publica-en-el-dog-la-resolucion-por-la-que-se-anuncia-la-fecha-de-convocatoria-del-segundo-ejercicio\/","og_site_name":"Noticas de oposiciones por Academia Emplea-te","article_publisher":"https:\/\/www.facebook.com\/AcademiaEmpleate\/","article_published_time":"2024-01-18T08:59:13+00:00","article_modified_time":"2024-01-22T09:01:48+00:00","author":"Empleate","twitter_card":"summary_large_image","twitter_creator":"@Emplea_Te","twitter_site":"@Emplea_Te","twitter_misc":{"Escrito por":"Empleate","Tiempo de lectura":"2 minutos"},"schema":{"@context":"https:\/\/schema.org","@graph":[{"@type":"Article","@id":"https:\/\/www.emplea-te.com\/noticias-oposiciones\/xunta-de-galicia-subalternos-a-p-119-plazas-convocadas-se-publica-en-el-dog-la-resolucion-por-la-que-se-anuncia-la-fecha-de-convocatoria-del-segundo-ejercicio\/#article","isPartOf":{"@id":"https:\/\/www.emplea-te.com\/noticias-oposiciones\/xunta-de-galicia-subalternos-a-p-119-plazas-convocadas-se-publica-en-el-dog-la-resolucion-por-la-que-se-anuncia-la-fecha-de-convocatoria-del-segundo-ejercicio\/"},"author":{"name":"Empleate","@id":"https:\/\/www.emplea-te.com\/noticias-oposiciones\/#\/schema\/person\/d1bc587e1af2b95e9c32aba1795509a6"},"headline":"Xunta de Galicia. Subalternos A.P (119 plazas convocadas). Se publica en el DOG la Resoluci\u00f3n por la que se anuncia la fecha de convocatoria del segundo ejercicio.","datePublished":"2024-01-18T08:59:13+00:00","dateModified":"2024-01-22T09:01:48+00:00","mainEntityOfPage":{"@id":"https:\/\/www.emplea-te.com\/noticias-oposiciones\/xunta-de-galicia-subalternos-a-p-119-plazas-convocadas-se-publica-en-el-dog-la-resolucion-por-la-que-se-anuncia-la-fecha-de-convocatoria-del-segundo-ejercicio\/"},"wordCount":319,"publisher":{"@id":"https:\/\/www.emplea-te.com\/noticias-oposiciones\/#organization"},"keywords":["Convocatoria","Fecha ex\u00e1menes","Informaci\u00f3n procesos selectivos"],"articleSection":["Oposiciones Auton\u00f3micas Galicia","Oposiciones Xunta","Subalterno A.P Xunta de Galicia"],"inLanguage":"es"},{"@type":"WebPage","@id":"https:\/\/www.emplea-te.com\/noticias-oposiciones\/xunta-de-galicia-subalternos-a-p-119-plazas-convocadas-se-publica-en-el-dog-la-resolucion-por-la-que-se-anuncia-la-fecha-de-convocatoria-del-segundo-ejercicio\/","url":"https:\/\/www.emplea-te.com\/noticias-oposiciones\/xunta-de-galicia-subalternos-a-p-119-plazas-convocadas-se-publica-en-el-dog-la-resolucion-por-la-que-se-anuncia-la-fecha-de-convocatoria-del-segundo-ejercicio\/","name":"Xunta de Galicia. Subalternos A.P (119 plazas convocadas).","isPartOf":{"@id":"https:\/\/www.emplea-te.com\/noticias-oposiciones\/#website"},"datePublished":"2024-01-18T08:59:13+00:00","dateModified":"2024-01-22T09:01:48+00:00","description":"Xunta de Galicia. Subalternos A.P (119 plazas convocadas). Se publica en el DOG la Resoluci\u00f3n por la que se anuncia la fecha de convocatoria del segundo ejercicio.","breadcrumb":{"@id":"https:\/\/www.emplea-te.com\/noticias-oposiciones\/xunta-de-galicia-subalternos-a-p-119-plazas-convocadas-se-publica-en-el-dog-la-resolucion-por-la-que-se-anuncia-la-fecha-de-convocatoria-del-segundo-ejercicio\/#breadcrumb"},"inLanguage":"es","potentialAction":[{"@type":"ReadAction","target":["https:\/\/www.emplea-te.com\/noticias-oposiciones\/xunta-de-galicia-subalternos-a-p-119-plazas-convocadas-se-publica-en-el-dog-la-resolucion-por-la-que-se-anuncia-la-fecha-de-convocatoria-del-segundo-ejercicio\/"]}]},{"@type":"BreadcrumbList","@id":"https:\/\/www.emplea-te.com\/noticias-oposiciones\/xunta-de-galicia-subalternos-a-p-119-plazas-convocadas-se-publica-en-el-dog-la-resolucion-por-la-que-se-anuncia-la-fecha-de-convocatoria-del-segundo-ejercicio\/#breadcrumb","itemListElement":[{"@type":"ListItem","position":1,"name":"Noticias Oposiciones","item":"https:\/\/www.emplea-te.com\/noticias-oposiciones\/"},{"@type":"ListItem","position":2,"name":"Oposiciones Xunta","item":"https:\/\/www.emplea-te.com\/noticias-oposiciones\/categoria\/oposiciones-xunta\/"},{"@type":"ListItem","position":3,"name":"Xunta de Galicia. Subalternos A.P (119 plazas convocadas). Se publica en el DOG la Resoluci\u00f3n por la que se anuncia la fecha de convocatoria del segundo ejercicio."}]},{"@type":"WebSite","@id":"https:\/\/www.emplea-te.com\/noticias-oposiciones\/#website","url":"https:\/\/www.emplea-te.com\/noticias-oposiciones\/","name":"Noticas de oposiciones por Academia Emplea-te","description":"Toda la actualidad de las ofertas y convocatorias.","publisher":{"@id":"https:\/\/www.emplea-te.com\/noticias-oposiciones\/#organization"},"potentialAction":[{"@type":"SearchAction","target":{"@type":"EntryPoint","urlTemplate":"https:\/\/www.emplea-te.com\/noticias-oposiciones\/?s={search_term_string}"},"query-input":{"@type":"PropertyValueSpecification","valueRequired":true,"valueName":"search_term_string"}}],"inLanguage":"es"},{"@type":"Organization","@id":"https:\/\/www.emplea-te.com\/noticias-oposiciones\/#organization","name":"Academia de oposiciones Empl\u00e9ate","url":"https:\/\/www.emplea-te.com\/noticias-oposiciones\/","logo":{"@type":"ImageObject","inLanguage":"es","@id":"https:\/\/www.emplea-te.com\/noticias-oposiciones\/#\/schema\/logo\/image\/","url":"https:\/\/www.emplea-te.com\/noticias-oposiciones\/wp-content\/uploads\/2019\/04\/empleate.jpg","contentUrl":"https:\/\/www.emplea-te.com\/noticias-oposiciones\/wp-content\/uploads\/2019\/04\/empleate.jpg","width":250,"height":150,"caption":"Academia de oposiciones Empl\u00e9ate"},"image":{"@id":"https:\/\/www.emplea-te.com\/noticias-oposiciones\/#\/schema\/logo\/image\/"},"sameAs":["https:\/\/www.facebook.com\/AcademiaEmpleate\/","https:\/\/x.com\/Emplea_Te","https:\/\/www.instagram.com\/academia_empleate\/"]},{"@type":"Person","@id":"https:\/\/www.emplea-te.com\/noticias-oposiciones\/#\/schema\/person\/d1bc587e1af2b95e9c32aba1795509a6","name":"Empleate"}]}},"_links":{"self":[{"href":"https:\/\/www.emplea-te.com\/noticias-oposiciones\/wp-json\/wp\/v2\/posts\/11612","targetHints":{"allow":["GET"]}}],"collection":[{"href":"https:\/\/www.emplea-te.com\/noticias-oposiciones\/wp-json\/wp\/v2\/posts"}],"about":[{"href":"https:\/\/www.emplea-te.com\/noticias-oposiciones\/wp-json\/wp\/v2\/types\/post"}],"author":[{"embeddable":true,"href":"https:\/\/www.emplea-te.com\/noticias-oposiciones\/wp-json\/wp\/v2\/users\/1"}],"replies":[{"embeddable":true,"href":"https:\/\/www.emplea-te.com\/noticias-oposiciones\/wp-json\/wp\/v2\/comments?post=11612"}],"version-history":[{"count":2,"href":"https:\/\/www.emplea-te.com\/noticias-oposiciones\/wp-json\/wp\/v2\/posts\/11612\/revisions"}],"predecessor-version":[{"id":11651,"href":"https:\/\/www.emplea-te.com\/noticias-oposiciones\/wp-json\/wp\/v2\/posts\/11612\/revisions\/11651"}],"wp:attachment":[{"href":"https:\/\/www.emplea-te.com\/noticias-oposiciones\/wp-json\/wp\/v2\/media?parent=11612"}],"wp:term":[{"taxonomy":"category","embeddable":true,"href":"https:\/\/www.emplea-te.com\/noticias-oposiciones\/wp-json\/wp\/v2\/categories?post=11612"},{"taxonomy":"post_tag","embeddable":true,"href":"https:\/\/www.emplea-te.com\/noticias-oposiciones\/wp-json\/wp\/v2\/tags?post=11612"}],"curies":[{"name":"wp","href":"https:\/\/api.w.org\/{rel}","templated":true}]}}