{"id":11744,"date":"2024-02-01T10:33:39","date_gmt":"2024-02-01T09:33:39","guid":{"rendered":"https:\/\/www.emplea-te.com\/noticias-oposiciones\/?p=11744"},"modified":"2024-02-01T10:33:39","modified_gmt":"2024-02-01T09:33:39","slug":"xunta-de-galicia-cuerpo-general-administrativo-c1-estabilizacion-criterios-generales-correccion-y-valoracion-del-primer-ejercicio-y-fecha-de-realizacion-del-mismo","status":"publish","type":"post","link":"https:\/\/www.emplea-te.com\/noticias-oposiciones\/xunta-de-galicia-cuerpo-general-administrativo-c1-estabilizacion-criterios-generales-correccion-y-valoracion-del-primer-ejercicio-y-fecha-de-realizacion-del-mismo\/","title":{"rendered":"Xunta de Galicia. Cuerpo General Administrativo C1 estabilizaci\u00f3n. Criterios generales correcci\u00f3n y valoraci\u00f3n del primer ejercicio y fecha de realizaci\u00f3n del mismo."},"content":{"rendered":"<p>Se publica en la Web de Funci\u00f3n P\u00fablica de la Xunta de Galicia, la Resoluci\u00f3n por la que se hace p\u00fablica la fecha, hora y sedes de realizaci\u00f3n del primer ejercicio y los criterios de valoraci\u00f3n y correcci\u00f3n del mismo.<\/p>\n<p><a href=\"http:\/\/www.xunta.es\/rcp\/listas\/rcp_opo\/opo_novas.jsp?lang=es\" target=\"_blank\" rel=\"noopener\"><strong>Accede a la web de Funci\u00f3n P\u00fablica de la Xunta de Galicia<\/strong><\/a><\/p>\n<ul class=\"taxapub\">\n<li class=\"dentrosin\"><span class=\"areatextopequeno\"><b>CORPO ADMINISTRATIVO DA ADMINISTRACI\u00d3N XERAL: Criterios de correcci\u00f3n, valoraci\u00f3n e superaci\u00f3n do primeiro exercicio<\/b><\/span><\/li>\n<li class=\"dentrosin\"><span class=\"areatextopequeno\"><a href=\"http:\/\/www.xunta.es\/rcp\/listas\/rcp_opo\/opo_visor_novas.jsp?urlAcceso=110Z107X118C118U120T87O121S62Z119P105J109V121A121E117H120R63A52N52J124N124C124R51M125C122R115X121W102F51D108F102O113E52S105I125O107J117B52P75H122Q115X104O110I116H115P102Q119M110X116K120K52P55R53X55O55D106C52Q104G116T115W50W116G117F116R52Z104E54A52Y55U53Z58R56U52F104X119X110V121I106Z119H110A116P120M100G106V125Z54B100O55C53O58D56V51R117U105M107D105N83X126Z111K104A126I53I123Y103H106H&amp;controlAcceso=121I84Q114I125C103H119A103C59D112J118Z53X54O53Q55F55A53I55O57M124P112G120J110G92T118S58O106V118K122J\" target=\"_blank\" rel=\"noopener\">Criterios<\/a><\/span><\/li>\n<li class=\"dentrosin\"><span class=\"areatextopequeno\"><b>CORPO ADMINISTRATIVO DA ADMINISTRACI\u00d3N XERAL: RESOLUCI\u00d3N do 16 de xaneiro de 2024 pola que se fai p\u00fablica a data, a hora e o lugar do primeiro exercic<\/b><\/span><\/li>\n<li class=\"dentrosin\"><span class=\"areatextopequeno\"><a href=\"http:\/\/www.xunta.es\/rcp\/listas\/rcp_opo\/opo_visor_novas.jsp?urlAcceso=114T112B102F59I83E115F114U107R107R104F109M121U121S117A120N63H52Z52O124E124G124O51Q125M122A115K121Y102R51Y108D102U113G52S105K125U107B117F52E75Q122Q115N104A110G116E115J102J119O110J116H120E52R55H53D55T55V106I52Q104K116E115V50R116M117I116S52R104C54M52Z55U53E58Z56R52O87D106N120K100C106D125G54P100J55Z53W58D56C51R117S105G107K107F95H57M127A106I103H120R124K106H115E&amp;controlAcceso=105N57D104E106Y83Y125O116S122T118S104I53Z54S53B55F55M53N55N57V111Y114A111T120H111W74V60B104Q118C119C\" target=\"_blank\" rel=\"noopener\">Resoluci\u00f3n<\/a><\/span><\/li>\n<li><\/li>\n<\/ul>\n","protected":false},"excerpt":{"rendered":"<p>Se publica en la Web de Funci\u00f3n P\u00fablica de la Xunta de Galicia, la Resoluci\u00f3n por la que se hace p\u00fablica la fecha, hora y sedes de realizaci\u00f3n del primer ejercicio y los criterios de valoraci\u00f3n y correcci\u00f3n del mismo. Accede a la web de Funci\u00f3n P\u00fablica de la Xunta de Galicia CORPO ADMINISTRATIVO DA &hellip; <a href=\"https:\/\/www.emplea-te.com\/noticias-oposiciones\/xunta-de-galicia-cuerpo-general-administrativo-c1-estabilizacion-criterios-generales-correccion-y-valoracion-del-primer-ejercicio-y-fecha-de-realizacion-del-mismo\/\" class=\"more-link\">Continuar leyendo<span class=\"screen-reader-text\"> \u00abXunta de Galicia. Cuerpo General Administrativo C1 estabilizaci\u00f3n. Criterios generales correcci\u00f3n y valoraci\u00f3n del primer ejercicio y fecha de realizaci\u00f3n del mismo.\u00bb<\/span><\/a><\/p>\n","protected":false},"author":1,"featured_media":0,"comment_status":"closed","ping_status":"closed","sticky":false,"template":"","format":"standard","meta":{"footnotes":""},"categories":[56,4],"tags":[103],"class_list":["post-11744","post","type-post","status-publish","format-standard","hentry","category-oposiciones-autonomicas-galicia","category-oposiciones-xunta","tag-informacion-procesos-selectivos"],"yoast_head":"<!-- This site is optimized with the Yoast SEO plugin v27.5 - https:\/\/yoast.com\/product\/yoast-seo-wordpress\/ -->\n<title>Xunta de Galicia. Cuerpo General Administrativo C1 estabilizaci\u00f3n.<\/title>\n<meta name=\"description\" content=\"Xunta de Galicia. Cuerpo General Administrativo C1 estabilizaci\u00f3n. Criterios generales correcci\u00f3n y valoraci\u00f3n del primer ejercicio y fecha de realizaci\u00f3n del mismo.\" \/>\n<meta name=\"robots\" content=\"index, follow, max-snippet:-1, max-image-preview:large, max-video-preview:-1\" \/>\n<link rel=\"canonical\" href=\"https:\/\/www.emplea-te.com\/noticias-oposiciones\/xunta-de-galicia-cuerpo-general-administrativo-c1-estabilizacion-criterios-generales-correccion-y-valoracion-del-primer-ejercicio-y-fecha-de-realizacion-del-mismo\/\" \/>\n<meta property=\"og:locale\" content=\"es_ES\" \/>\n<meta property=\"og:type\" content=\"article\" \/>\n<meta property=\"og:title\" content=\"Xunta de Galicia. Cuerpo General Administrativo C1 estabilizaci\u00f3n.\" \/>\n<meta property=\"og:description\" content=\"Xunta de Galicia. Cuerpo General Administrativo C1 estabilizaci\u00f3n. Criterios generales correcci\u00f3n y valoraci\u00f3n del primer ejercicio y fecha de realizaci\u00f3n del mismo.\" \/>\n<meta property=\"og:url\" content=\"https:\/\/www.emplea-te.com\/noticias-oposiciones\/xunta-de-galicia-cuerpo-general-administrativo-c1-estabilizacion-criterios-generales-correccion-y-valoracion-del-primer-ejercicio-y-fecha-de-realizacion-del-mismo\/\" \/>\n<meta property=\"og:site_name\" content=\"Noticas de oposiciones por Academia Emplea-te\" \/>\n<meta property=\"article:publisher\" content=\"https:\/\/www.facebook.com\/AcademiaEmpleate\/\" \/>\n<meta property=\"article:published_time\" content=\"2024-02-01T09:33:39+00:00\" \/>\n<meta name=\"author\" content=\"Empleate\" \/>\n<meta name=\"twitter:card\" content=\"summary_large_image\" \/>\n<meta name=\"twitter:creator\" content=\"@Emplea_Te\" \/>\n<meta name=\"twitter:site\" content=\"@Emplea_Te\" \/>\n<meta name=\"twitter:label1\" content=\"Escrito por\" \/>\n\t<meta name=\"twitter:data1\" content=\"Empleate\" \/>\n\t<meta name=\"twitter:label2\" content=\"Tiempo de lectura\" \/>\n\t<meta name=\"twitter:data2\" content=\"1 minuto\" \/>\n<script type=\"application\/ld+json\" class=\"yoast-schema-graph\">{\"@context\":\"https:\\\/\\\/schema.org\",\"@graph\":[{\"@type\":\"Article\",\"@id\":\"https:\\\/\\\/www.emplea-te.com\\\/noticias-oposiciones\\\/xunta-de-galicia-cuerpo-general-administrativo-c1-estabilizacion-criterios-generales-correccion-y-valoracion-del-primer-ejercicio-y-fecha-de-realizacion-del-mismo\\\/#article\",\"isPartOf\":{\"@id\":\"https:\\\/\\\/www.emplea-te.com\\\/noticias-oposiciones\\\/xunta-de-galicia-cuerpo-general-administrativo-c1-estabilizacion-criterios-generales-correccion-y-valoracion-del-primer-ejercicio-y-fecha-de-realizacion-del-mismo\\\/\"},\"author\":{\"name\":\"Empleate\",\"@id\":\"https:\\\/\\\/www.emplea-te.com\\\/noticias-oposiciones\\\/#\\\/schema\\\/person\\\/d1bc587e1af2b95e9c32aba1795509a6\"},\"headline\":\"Xunta de Galicia. Cuerpo General Administrativo C1 estabilizaci\u00f3n. Criterios generales correcci\u00f3n y valoraci\u00f3n del primer ejercicio y fecha de realizaci\u00f3n del mismo.\",\"datePublished\":\"2024-02-01T09:33:39+00:00\",\"mainEntityOfPage\":{\"@id\":\"https:\\\/\\\/www.emplea-te.com\\\/noticias-oposiciones\\\/xunta-de-galicia-cuerpo-general-administrativo-c1-estabilizacion-criterios-generales-correccion-y-valoracion-del-primer-ejercicio-y-fecha-de-realizacion-del-mismo\\\/\"},\"wordCount\":136,\"publisher\":{\"@id\":\"https:\\\/\\\/www.emplea-te.com\\\/noticias-oposiciones\\\/#organization\"},\"keywords\":[\"Informaci\u00f3n procesos selectivos\"],\"articleSection\":[\"Oposiciones Auton\u00f3micas Galicia\",\"Oposiciones Xunta\"],\"inLanguage\":\"es\"},{\"@type\":\"WebPage\",\"@id\":\"https:\\\/\\\/www.emplea-te.com\\\/noticias-oposiciones\\\/xunta-de-galicia-cuerpo-general-administrativo-c1-estabilizacion-criterios-generales-correccion-y-valoracion-del-primer-ejercicio-y-fecha-de-realizacion-del-mismo\\\/\",\"url\":\"https:\\\/\\\/www.emplea-te.com\\\/noticias-oposiciones\\\/xunta-de-galicia-cuerpo-general-administrativo-c1-estabilizacion-criterios-generales-correccion-y-valoracion-del-primer-ejercicio-y-fecha-de-realizacion-del-mismo\\\/\",\"name\":\"Xunta de Galicia. Cuerpo General Administrativo C1 estabilizaci\u00f3n.\",\"isPartOf\":{\"@id\":\"https:\\\/\\\/www.emplea-te.com\\\/noticias-oposiciones\\\/#website\"},\"datePublished\":\"2024-02-01T09:33:39+00:00\",\"description\":\"Xunta de Galicia. Cuerpo General Administrativo C1 estabilizaci\u00f3n. Criterios generales correcci\u00f3n y valoraci\u00f3n del primer ejercicio y fecha de realizaci\u00f3n del mismo.\",\"breadcrumb\":{\"@id\":\"https:\\\/\\\/www.emplea-te.com\\\/noticias-oposiciones\\\/xunta-de-galicia-cuerpo-general-administrativo-c1-estabilizacion-criterios-generales-correccion-y-valoracion-del-primer-ejercicio-y-fecha-de-realizacion-del-mismo\\\/#breadcrumb\"},\"inLanguage\":\"es\",\"potentialAction\":[{\"@type\":\"ReadAction\",\"target\":[\"https:\\\/\\\/www.emplea-te.com\\\/noticias-oposiciones\\\/xunta-de-galicia-cuerpo-general-administrativo-c1-estabilizacion-criterios-generales-correccion-y-valoracion-del-primer-ejercicio-y-fecha-de-realizacion-del-mismo\\\/\"]}]},{\"@type\":\"BreadcrumbList\",\"@id\":\"https:\\\/\\\/www.emplea-te.com\\\/noticias-oposiciones\\\/xunta-de-galicia-cuerpo-general-administrativo-c1-estabilizacion-criterios-generales-correccion-y-valoracion-del-primer-ejercicio-y-fecha-de-realizacion-del-mismo\\\/#breadcrumb\",\"itemListElement\":[{\"@type\":\"ListItem\",\"position\":1,\"name\":\"Noticias Oposiciones\",\"item\":\"https:\\\/\\\/www.emplea-te.com\\\/noticias-oposiciones\\\/\"},{\"@type\":\"ListItem\",\"position\":2,\"name\":\"Oposiciones Xunta\",\"item\":\"https:\\\/\\\/www.emplea-te.com\\\/noticias-oposiciones\\\/categoria\\\/oposiciones-xunta\\\/\"},{\"@type\":\"ListItem\",\"position\":3,\"name\":\"Xunta de Galicia. Cuerpo General Administrativo C1 estabilizaci\u00f3n. Criterios generales correcci\u00f3n y valoraci\u00f3n del primer ejercicio y fecha de realizaci\u00f3n del mismo.\"}]},{\"@type\":\"WebSite\",\"@id\":\"https:\\\/\\\/www.emplea-te.com\\\/noticias-oposiciones\\\/#website\",\"url\":\"https:\\\/\\\/www.emplea-te.com\\\/noticias-oposiciones\\\/\",\"name\":\"Noticas de oposiciones por Academia Emplea-te\",\"description\":\"Toda la actualidad de las ofertas y convocatorias.\",\"publisher\":{\"@id\":\"https:\\\/\\\/www.emplea-te.com\\\/noticias-oposiciones\\\/#organization\"},\"potentialAction\":[{\"@type\":\"SearchAction\",\"target\":{\"@type\":\"EntryPoint\",\"urlTemplate\":\"https:\\\/\\\/www.emplea-te.com\\\/noticias-oposiciones\\\/?s={search_term_string}\"},\"query-input\":{\"@type\":\"PropertyValueSpecification\",\"valueRequired\":true,\"valueName\":\"search_term_string\"}}],\"inLanguage\":\"es\"},{\"@type\":\"Organization\",\"@id\":\"https:\\\/\\\/www.emplea-te.com\\\/noticias-oposiciones\\\/#organization\",\"name\":\"Academia de oposiciones Empl\u00e9ate\",\"url\":\"https:\\\/\\\/www.emplea-te.com\\\/noticias-oposiciones\\\/\",\"logo\":{\"@type\":\"ImageObject\",\"inLanguage\":\"es\",\"@id\":\"https:\\\/\\\/www.emplea-te.com\\\/noticias-oposiciones\\\/#\\\/schema\\\/logo\\\/image\\\/\",\"url\":\"https:\\\/\\\/www.emplea-te.com\\\/noticias-oposiciones\\\/wp-content\\\/uploads\\\/2019\\\/04\\\/empleate.jpg\",\"contentUrl\":\"https:\\\/\\\/www.emplea-te.com\\\/noticias-oposiciones\\\/wp-content\\\/uploads\\\/2019\\\/04\\\/empleate.jpg\",\"width\":250,\"height\":150,\"caption\":\"Academia de oposiciones Empl\u00e9ate\"},\"image\":{\"@id\":\"https:\\\/\\\/www.emplea-te.com\\\/noticias-oposiciones\\\/#\\\/schema\\\/logo\\\/image\\\/\"},\"sameAs\":[\"https:\\\/\\\/www.facebook.com\\\/AcademiaEmpleate\\\/\",\"https:\\\/\\\/x.com\\\/Emplea_Te\",\"https:\\\/\\\/www.instagram.com\\\/academia_empleate\\\/\"]},{\"@type\":\"Person\",\"@id\":\"https:\\\/\\\/www.emplea-te.com\\\/noticias-oposiciones\\\/#\\\/schema\\\/person\\\/d1bc587e1af2b95e9c32aba1795509a6\",\"name\":\"Empleate\"}]}<\/script>\n<!-- \/ Yoast SEO plugin. -->","yoast_head_json":{"title":"Xunta de Galicia. Cuerpo General Administrativo C1 estabilizaci\u00f3n.","description":"Xunta de Galicia. Cuerpo General Administrativo C1 estabilizaci\u00f3n. Criterios generales correcci\u00f3n y valoraci\u00f3n del primer ejercicio y fecha de realizaci\u00f3n del mismo.","robots":{"index":"index","follow":"follow","max-snippet":"max-snippet:-1","max-image-preview":"max-image-preview:large","max-video-preview":"max-video-preview:-1"},"canonical":"https:\/\/www.emplea-te.com\/noticias-oposiciones\/xunta-de-galicia-cuerpo-general-administrativo-c1-estabilizacion-criterios-generales-correccion-y-valoracion-del-primer-ejercicio-y-fecha-de-realizacion-del-mismo\/","og_locale":"es_ES","og_type":"article","og_title":"Xunta de Galicia. Cuerpo General Administrativo C1 estabilizaci\u00f3n.","og_description":"Xunta de Galicia. Cuerpo General Administrativo C1 estabilizaci\u00f3n. Criterios generales correcci\u00f3n y valoraci\u00f3n del primer ejercicio y fecha de realizaci\u00f3n del mismo.","og_url":"https:\/\/www.emplea-te.com\/noticias-oposiciones\/xunta-de-galicia-cuerpo-general-administrativo-c1-estabilizacion-criterios-generales-correccion-y-valoracion-del-primer-ejercicio-y-fecha-de-realizacion-del-mismo\/","og_site_name":"Noticas de oposiciones por Academia Emplea-te","article_publisher":"https:\/\/www.facebook.com\/AcademiaEmpleate\/","article_published_time":"2024-02-01T09:33:39+00:00","author":"Empleate","twitter_card":"summary_large_image","twitter_creator":"@Emplea_Te","twitter_site":"@Emplea_Te","twitter_misc":{"Escrito por":"Empleate","Tiempo de lectura":"1 minuto"},"schema":{"@context":"https:\/\/schema.org","@graph":[{"@type":"Article","@id":"https:\/\/www.emplea-te.com\/noticias-oposiciones\/xunta-de-galicia-cuerpo-general-administrativo-c1-estabilizacion-criterios-generales-correccion-y-valoracion-del-primer-ejercicio-y-fecha-de-realizacion-del-mismo\/#article","isPartOf":{"@id":"https:\/\/www.emplea-te.com\/noticias-oposiciones\/xunta-de-galicia-cuerpo-general-administrativo-c1-estabilizacion-criterios-generales-correccion-y-valoracion-del-primer-ejercicio-y-fecha-de-realizacion-del-mismo\/"},"author":{"name":"Empleate","@id":"https:\/\/www.emplea-te.com\/noticias-oposiciones\/#\/schema\/person\/d1bc587e1af2b95e9c32aba1795509a6"},"headline":"Xunta de Galicia. Cuerpo General Administrativo C1 estabilizaci\u00f3n. Criterios generales correcci\u00f3n y valoraci\u00f3n del primer ejercicio y fecha de realizaci\u00f3n del mismo.","datePublished":"2024-02-01T09:33:39+00:00","mainEntityOfPage":{"@id":"https:\/\/www.emplea-te.com\/noticias-oposiciones\/xunta-de-galicia-cuerpo-general-administrativo-c1-estabilizacion-criterios-generales-correccion-y-valoracion-del-primer-ejercicio-y-fecha-de-realizacion-del-mismo\/"},"wordCount":136,"publisher":{"@id":"https:\/\/www.emplea-te.com\/noticias-oposiciones\/#organization"},"keywords":["Informaci\u00f3n procesos selectivos"],"articleSection":["Oposiciones Auton\u00f3micas Galicia","Oposiciones Xunta"],"inLanguage":"es"},{"@type":"WebPage","@id":"https:\/\/www.emplea-te.com\/noticias-oposiciones\/xunta-de-galicia-cuerpo-general-administrativo-c1-estabilizacion-criterios-generales-correccion-y-valoracion-del-primer-ejercicio-y-fecha-de-realizacion-del-mismo\/","url":"https:\/\/www.emplea-te.com\/noticias-oposiciones\/xunta-de-galicia-cuerpo-general-administrativo-c1-estabilizacion-criterios-generales-correccion-y-valoracion-del-primer-ejercicio-y-fecha-de-realizacion-del-mismo\/","name":"Xunta de Galicia. Cuerpo General Administrativo C1 estabilizaci\u00f3n.","isPartOf":{"@id":"https:\/\/www.emplea-te.com\/noticias-oposiciones\/#website"},"datePublished":"2024-02-01T09:33:39+00:00","description":"Xunta de Galicia. Cuerpo General Administrativo C1 estabilizaci\u00f3n. Criterios generales correcci\u00f3n y valoraci\u00f3n del primer ejercicio y fecha de realizaci\u00f3n del mismo.","breadcrumb":{"@id":"https:\/\/www.emplea-te.com\/noticias-oposiciones\/xunta-de-galicia-cuerpo-general-administrativo-c1-estabilizacion-criterios-generales-correccion-y-valoracion-del-primer-ejercicio-y-fecha-de-realizacion-del-mismo\/#breadcrumb"},"inLanguage":"es","potentialAction":[{"@type":"ReadAction","target":["https:\/\/www.emplea-te.com\/noticias-oposiciones\/xunta-de-galicia-cuerpo-general-administrativo-c1-estabilizacion-criterios-generales-correccion-y-valoracion-del-primer-ejercicio-y-fecha-de-realizacion-del-mismo\/"]}]},{"@type":"BreadcrumbList","@id":"https:\/\/www.emplea-te.com\/noticias-oposiciones\/xunta-de-galicia-cuerpo-general-administrativo-c1-estabilizacion-criterios-generales-correccion-y-valoracion-del-primer-ejercicio-y-fecha-de-realizacion-del-mismo\/#breadcrumb","itemListElement":[{"@type":"ListItem","position":1,"name":"Noticias Oposiciones","item":"https:\/\/www.emplea-te.com\/noticias-oposiciones\/"},{"@type":"ListItem","position":2,"name":"Oposiciones Xunta","item":"https:\/\/www.emplea-te.com\/noticias-oposiciones\/categoria\/oposiciones-xunta\/"},{"@type":"ListItem","position":3,"name":"Xunta de Galicia. Cuerpo General Administrativo C1 estabilizaci\u00f3n. Criterios generales correcci\u00f3n y valoraci\u00f3n del primer ejercicio y fecha de realizaci\u00f3n del mismo."}]},{"@type":"WebSite","@id":"https:\/\/www.emplea-te.com\/noticias-oposiciones\/#website","url":"https:\/\/www.emplea-te.com\/noticias-oposiciones\/","name":"Noticas de oposiciones por Academia Emplea-te","description":"Toda la actualidad de las ofertas y convocatorias.","publisher":{"@id":"https:\/\/www.emplea-te.com\/noticias-oposiciones\/#organization"},"potentialAction":[{"@type":"SearchAction","target":{"@type":"EntryPoint","urlTemplate":"https:\/\/www.emplea-te.com\/noticias-oposiciones\/?s={search_term_string}"},"query-input":{"@type":"PropertyValueSpecification","valueRequired":true,"valueName":"search_term_string"}}],"inLanguage":"es"},{"@type":"Organization","@id":"https:\/\/www.emplea-te.com\/noticias-oposiciones\/#organization","name":"Academia de oposiciones Empl\u00e9ate","url":"https:\/\/www.emplea-te.com\/noticias-oposiciones\/","logo":{"@type":"ImageObject","inLanguage":"es","@id":"https:\/\/www.emplea-te.com\/noticias-oposiciones\/#\/schema\/logo\/image\/","url":"https:\/\/www.emplea-te.com\/noticias-oposiciones\/wp-content\/uploads\/2019\/04\/empleate.jpg","contentUrl":"https:\/\/www.emplea-te.com\/noticias-oposiciones\/wp-content\/uploads\/2019\/04\/empleate.jpg","width":250,"height":150,"caption":"Academia de oposiciones Empl\u00e9ate"},"image":{"@id":"https:\/\/www.emplea-te.com\/noticias-oposiciones\/#\/schema\/logo\/image\/"},"sameAs":["https:\/\/www.facebook.com\/AcademiaEmpleate\/","https:\/\/x.com\/Emplea_Te","https:\/\/www.instagram.com\/academia_empleate\/"]},{"@type":"Person","@id":"https:\/\/www.emplea-te.com\/noticias-oposiciones\/#\/schema\/person\/d1bc587e1af2b95e9c32aba1795509a6","name":"Empleate"}]}},"_links":{"self":[{"href":"https:\/\/www.emplea-te.com\/noticias-oposiciones\/wp-json\/wp\/v2\/posts\/11744","targetHints":{"allow":["GET"]}}],"collection":[{"href":"https:\/\/www.emplea-te.com\/noticias-oposiciones\/wp-json\/wp\/v2\/posts"}],"about":[{"href":"https:\/\/www.emplea-te.com\/noticias-oposiciones\/wp-json\/wp\/v2\/types\/post"}],"author":[{"embeddable":true,"href":"https:\/\/www.emplea-te.com\/noticias-oposiciones\/wp-json\/wp\/v2\/users\/1"}],"replies":[{"embeddable":true,"href":"https:\/\/www.emplea-te.com\/noticias-oposiciones\/wp-json\/wp\/v2\/comments?post=11744"}],"version-history":[{"count":1,"href":"https:\/\/www.emplea-te.com\/noticias-oposiciones\/wp-json\/wp\/v2\/posts\/11744\/revisions"}],"predecessor-version":[{"id":11745,"href":"https:\/\/www.emplea-te.com\/noticias-oposiciones\/wp-json\/wp\/v2\/posts\/11744\/revisions\/11745"}],"wp:attachment":[{"href":"https:\/\/www.emplea-te.com\/noticias-oposiciones\/wp-json\/wp\/v2\/media?parent=11744"}],"wp:term":[{"taxonomy":"category","embeddable":true,"href":"https:\/\/www.emplea-te.com\/noticias-oposiciones\/wp-json\/wp\/v2\/categories?post=11744"},{"taxonomy":"post_tag","embeddable":true,"href":"https:\/\/www.emplea-te.com\/noticias-oposiciones\/wp-json\/wp\/v2\/tags?post=11744"}],"curies":[{"name":"wp","href":"https:\/\/api.w.org\/{rel}","templated":true}]}}