{"id":11769,"date":"2024-02-05T09:43:35","date_gmt":"2024-02-05T08:43:35","guid":{"rendered":"https:\/\/www.emplea-te.com\/noticias-oposiciones\/?p=11769"},"modified":"2024-02-05T09:43:35","modified_gmt":"2024-02-05T08:43:35","slug":"universidad-politecnica-convocatoria-de-71-plazas-de-auxiliar-administrativo-c2-publicada-la-relacion-provisional-de-aspirantes-admitidos-y-excluidos-en-este-proceso-selectivo","status":"publish","type":"post","link":"https:\/\/www.emplea-te.com\/noticias-oposiciones\/universidad-politecnica-convocatoria-de-71-plazas-de-auxiliar-administrativo-c2-publicada-la-relacion-provisional-de-aspirantes-admitidos-y-excluidos-en-este-proceso-selectivo\/","title":{"rendered":"Universidad Polit\u00e9cnica. Convocatoria de 71 plazas de Auxiliar Administrativo C2. Publicada la relaci\u00f3n provisional de aspirantes admitidos y excluidos en este proceso selectivo."},"content":{"rendered":"<p>Se publica en la Web de la Universidad Polit\u00e9cnica de Madrid, la Resoluci\u00f3n de 18 de enero de 2024 de la Universidad Polit\u00e9cnica de Madrid, por la que se aprueba la relaci\u00f3n provisional de aspirantes admitidos y excluidos a las pruebas selectivas para el ingreso en la Escala Auxiliar Administrativa, Grupo C, Subgrupo C2, de la Universidad Polit\u00e9cnica de Madrid, por el sistema de acceso libre, convocadas por Resoluci\u00f3n de 23 de octubre de 2023.<\/p>\n<p>Las citadas listas se encuentran publicadas en la p\u00e1gina web de la Universidad (<a href=\"https:\/\/www.upm.es\" target=\"_blank\" rel=\"noopener\"><strong>https:\/\/www.upm.es<\/strong><\/a>\/ ).<\/p>\n<p>Una vez transcurrido el citado plazo y de conformidad con lo se\u00f1alado en la base d\u00e9cima de las bases generales se har\u00e1 p\u00fablica en la p\u00e1gina web de la Universidad la Resoluci\u00f3n por la que se eleven a definitivas las listas provisionales.<br \/>\nEn la citada Resoluci\u00f3n, a propuesta del Tribunal calificador, se har\u00e1 constar la fecha, lugar y hora de realizaci\u00f3n del ejercicio de la fase de oposici\u00f3n.<\/p>\n<p><a href=\"https:\/\/www.upm.es\/gsfs\/SFS07523\" target=\"_blank\" rel=\"noopener\"><strong> Accede a la Resoluci\u00f3n con su contenido \u00edntegro desde este enlace.\u00a0<\/strong><\/a><\/p>\n","protected":false},"excerpt":{"rendered":"<p>Se publica en la Web de la Universidad Polit\u00e9cnica de Madrid, la Resoluci\u00f3n de 18 de enero de 2024 de la Universidad Polit\u00e9cnica de Madrid, por la que se aprueba la relaci\u00f3n provisional de aspirantes admitidos y excluidos a las pruebas selectivas para el ingreso en la Escala Auxiliar Administrativa, Grupo C, Subgrupo C2, de &hellip; <a href=\"https:\/\/www.emplea-te.com\/noticias-oposiciones\/universidad-politecnica-convocatoria-de-71-plazas-de-auxiliar-administrativo-c2-publicada-la-relacion-provisional-de-aspirantes-admitidos-y-excluidos-en-este-proceso-selectivo\/\" class=\"more-link\">Continuar leyendo<span class=\"screen-reader-text\"> \u00abUniversidad Polit\u00e9cnica. Convocatoria de 71 plazas de Auxiliar Administrativo C2. Publicada la relaci\u00f3n provisional de aspirantes admitidos y excluidos en este proceso selectivo.\u00bb<\/span><\/a><\/p>\n","protected":false},"author":1,"featured_media":0,"comment_status":"closed","ping_status":"closed","sticky":false,"template":"","format":"standard","meta":{"footnotes":""},"categories":[109,110],"tags":[103,70],"class_list":["post-11769","post","type-post","status-publish","format-standard","hentry","category-oposiciones-madrid","category-p-a-s-universidades-madrid","tag-informacion-procesos-selectivos","tag-listas-provisionales-admitidos-y-excluidos"],"yoast_head":"<!-- This site is optimized with the Yoast SEO plugin v27.5 - https:\/\/yoast.com\/product\/yoast-seo-wordpress\/ -->\n<title>Universidad Polit\u00e9cnica. Convocatoria proceso selectivo.<\/title>\n<meta name=\"description\" content=\"Universidad Polit\u00e9cnica. Convocatoria de 71 plazas de Auxiliar Administrativo C2. Publicada la relaci\u00f3n provisional de aspirantes admitidos y excluidos en este proceso selectivo.\" \/>\n<meta name=\"robots\" content=\"index, follow, max-snippet:-1, max-image-preview:large, max-video-preview:-1\" \/>\n<link rel=\"canonical\" href=\"https:\/\/www.emplea-te.com\/noticias-oposiciones\/universidad-politecnica-convocatoria-de-71-plazas-de-auxiliar-administrativo-c2-publicada-la-relacion-provisional-de-aspirantes-admitidos-y-excluidos-en-este-proceso-selectivo\/\" \/>\n<meta property=\"og:locale\" content=\"es_ES\" \/>\n<meta property=\"og:type\" content=\"article\" \/>\n<meta property=\"og:title\" content=\"Universidad Polit\u00e9cnica. Convocatoria proceso selectivo.\" \/>\n<meta property=\"og:description\" content=\"Universidad Polit\u00e9cnica. Convocatoria de 71 plazas de Auxiliar Administrativo C2. Publicada la relaci\u00f3n provisional de aspirantes admitidos y excluidos en este proceso selectivo.\" \/>\n<meta property=\"og:url\" content=\"https:\/\/www.emplea-te.com\/noticias-oposiciones\/universidad-politecnica-convocatoria-de-71-plazas-de-auxiliar-administrativo-c2-publicada-la-relacion-provisional-de-aspirantes-admitidos-y-excluidos-en-este-proceso-selectivo\/\" \/>\n<meta property=\"og:site_name\" content=\"Noticas de oposiciones por Academia Emplea-te\" \/>\n<meta property=\"article:publisher\" content=\"https:\/\/www.facebook.com\/AcademiaEmpleate\/\" \/>\n<meta property=\"article:published_time\" content=\"2024-02-05T08:43:35+00:00\" \/>\n<meta name=\"author\" content=\"Empleate\" \/>\n<meta name=\"twitter:card\" content=\"summary_large_image\" \/>\n<meta name=\"twitter:creator\" content=\"@Emplea_Te\" \/>\n<meta name=\"twitter:site\" content=\"@Emplea_Te\" \/>\n<meta name=\"twitter:label1\" content=\"Escrito por\" \/>\n\t<meta name=\"twitter:data1\" content=\"Empleate\" \/>\n\t<meta name=\"twitter:label2\" content=\"Tiempo de lectura\" \/>\n\t<meta name=\"twitter:data2\" content=\"1 minuto\" \/>\n<script type=\"application\/ld+json\" class=\"yoast-schema-graph\">{\"@context\":\"https:\\\/\\\/schema.org\",\"@graph\":[{\"@type\":\"Article\",\"@id\":\"https:\\\/\\\/www.emplea-te.com\\\/noticias-oposiciones\\\/universidad-politecnica-convocatoria-de-71-plazas-de-auxiliar-administrativo-c2-publicada-la-relacion-provisional-de-aspirantes-admitidos-y-excluidos-en-este-proceso-selectivo\\\/#article\",\"isPartOf\":{\"@id\":\"https:\\\/\\\/www.emplea-te.com\\\/noticias-oposiciones\\\/universidad-politecnica-convocatoria-de-71-plazas-de-auxiliar-administrativo-c2-publicada-la-relacion-provisional-de-aspirantes-admitidos-y-excluidos-en-este-proceso-selectivo\\\/\"},\"author\":{\"name\":\"Empleate\",\"@id\":\"https:\\\/\\\/www.emplea-te.com\\\/noticias-oposiciones\\\/#\\\/schema\\\/person\\\/d1bc587e1af2b95e9c32aba1795509a6\"},\"headline\":\"Universidad Polit\u00e9cnica. Convocatoria de 71 plazas de Auxiliar Administrativo C2. Publicada la relaci\u00f3n provisional de aspirantes admitidos y excluidos en este proceso selectivo.\",\"datePublished\":\"2024-02-05T08:43:35+00:00\",\"mainEntityOfPage\":{\"@id\":\"https:\\\/\\\/www.emplea-te.com\\\/noticias-oposiciones\\\/universidad-politecnica-convocatoria-de-71-plazas-de-auxiliar-administrativo-c2-publicada-la-relacion-provisional-de-aspirantes-admitidos-y-excluidos-en-este-proceso-selectivo\\\/\"},\"wordCount\":207,\"publisher\":{\"@id\":\"https:\\\/\\\/www.emplea-te.com\\\/noticias-oposiciones\\\/#organization\"},\"keywords\":[\"Informaci\u00f3n procesos selectivos\",\"Listas provisionales admitidos y excluidos\"],\"articleSection\":[\"Oposiciones Madrid.\",\"P.A.S Universidades Madrid\"],\"inLanguage\":\"es\"},{\"@type\":\"WebPage\",\"@id\":\"https:\\\/\\\/www.emplea-te.com\\\/noticias-oposiciones\\\/universidad-politecnica-convocatoria-de-71-plazas-de-auxiliar-administrativo-c2-publicada-la-relacion-provisional-de-aspirantes-admitidos-y-excluidos-en-este-proceso-selectivo\\\/\",\"url\":\"https:\\\/\\\/www.emplea-te.com\\\/noticias-oposiciones\\\/universidad-politecnica-convocatoria-de-71-plazas-de-auxiliar-administrativo-c2-publicada-la-relacion-provisional-de-aspirantes-admitidos-y-excluidos-en-este-proceso-selectivo\\\/\",\"name\":\"Universidad Polit\u00e9cnica. Convocatoria proceso selectivo.\",\"isPartOf\":{\"@id\":\"https:\\\/\\\/www.emplea-te.com\\\/noticias-oposiciones\\\/#website\"},\"datePublished\":\"2024-02-05T08:43:35+00:00\",\"description\":\"Universidad Polit\u00e9cnica. Convocatoria de 71 plazas de Auxiliar Administrativo C2. Publicada la relaci\u00f3n provisional de aspirantes admitidos y excluidos en este proceso selectivo.\",\"breadcrumb\":{\"@id\":\"https:\\\/\\\/www.emplea-te.com\\\/noticias-oposiciones\\\/universidad-politecnica-convocatoria-de-71-plazas-de-auxiliar-administrativo-c2-publicada-la-relacion-provisional-de-aspirantes-admitidos-y-excluidos-en-este-proceso-selectivo\\\/#breadcrumb\"},\"inLanguage\":\"es\",\"potentialAction\":[{\"@type\":\"ReadAction\",\"target\":[\"https:\\\/\\\/www.emplea-te.com\\\/noticias-oposiciones\\\/universidad-politecnica-convocatoria-de-71-plazas-de-auxiliar-administrativo-c2-publicada-la-relacion-provisional-de-aspirantes-admitidos-y-excluidos-en-este-proceso-selectivo\\\/\"]}]},{\"@type\":\"BreadcrumbList\",\"@id\":\"https:\\\/\\\/www.emplea-te.com\\\/noticias-oposiciones\\\/universidad-politecnica-convocatoria-de-71-plazas-de-auxiliar-administrativo-c2-publicada-la-relacion-provisional-de-aspirantes-admitidos-y-excluidos-en-este-proceso-selectivo\\\/#breadcrumb\",\"itemListElement\":[{\"@type\":\"ListItem\",\"position\":1,\"name\":\"Noticias Oposiciones\",\"item\":\"https:\\\/\\\/www.emplea-te.com\\\/noticias-oposiciones\\\/\"},{\"@type\":\"ListItem\",\"position\":2,\"name\":\"Oposiciones Madrid.\",\"item\":\"https:\\\/\\\/www.emplea-te.com\\\/noticias-oposiciones\\\/categoria\\\/oposiciones-madrid\\\/\"},{\"@type\":\"ListItem\",\"position\":3,\"name\":\"P.A.S Universidades Madrid\",\"item\":\"https:\\\/\\\/www.emplea-te.com\\\/noticias-oposiciones\\\/categoria\\\/oposiciones-madrid\\\/p-a-s-universidades-madrid\\\/\"},{\"@type\":\"ListItem\",\"position\":4,\"name\":\"Universidad Polit\u00e9cnica. Convocatoria de 71 plazas de Auxiliar Administrativo C2. Publicada la relaci\u00f3n provisional de aspirantes admitidos y excluidos en este proceso selectivo.\"}]},{\"@type\":\"WebSite\",\"@id\":\"https:\\\/\\\/www.emplea-te.com\\\/noticias-oposiciones\\\/#website\",\"url\":\"https:\\\/\\\/www.emplea-te.com\\\/noticias-oposiciones\\\/\",\"name\":\"Noticas de oposiciones por Academia Emplea-te\",\"description\":\"Toda la actualidad de las ofertas y convocatorias.\",\"publisher\":{\"@id\":\"https:\\\/\\\/www.emplea-te.com\\\/noticias-oposiciones\\\/#organization\"},\"potentialAction\":[{\"@type\":\"SearchAction\",\"target\":{\"@type\":\"EntryPoint\",\"urlTemplate\":\"https:\\\/\\\/www.emplea-te.com\\\/noticias-oposiciones\\\/?s={search_term_string}\"},\"query-input\":{\"@type\":\"PropertyValueSpecification\",\"valueRequired\":true,\"valueName\":\"search_term_string\"}}],\"inLanguage\":\"es\"},{\"@type\":\"Organization\",\"@id\":\"https:\\\/\\\/www.emplea-te.com\\\/noticias-oposiciones\\\/#organization\",\"name\":\"Academia de oposiciones Empl\u00e9ate\",\"url\":\"https:\\\/\\\/www.emplea-te.com\\\/noticias-oposiciones\\\/\",\"logo\":{\"@type\":\"ImageObject\",\"inLanguage\":\"es\",\"@id\":\"https:\\\/\\\/www.emplea-te.com\\\/noticias-oposiciones\\\/#\\\/schema\\\/logo\\\/image\\\/\",\"url\":\"https:\\\/\\\/www.emplea-te.com\\\/noticias-oposiciones\\\/wp-content\\\/uploads\\\/2019\\\/04\\\/empleate.jpg\",\"contentUrl\":\"https:\\\/\\\/www.emplea-te.com\\\/noticias-oposiciones\\\/wp-content\\\/uploads\\\/2019\\\/04\\\/empleate.jpg\",\"width\":250,\"height\":150,\"caption\":\"Academia de oposiciones Empl\u00e9ate\"},\"image\":{\"@id\":\"https:\\\/\\\/www.emplea-te.com\\\/noticias-oposiciones\\\/#\\\/schema\\\/logo\\\/image\\\/\"},\"sameAs\":[\"https:\\\/\\\/www.facebook.com\\\/AcademiaEmpleate\\\/\",\"https:\\\/\\\/x.com\\\/Emplea_Te\",\"https:\\\/\\\/www.instagram.com\\\/academia_empleate\\\/\"]},{\"@type\":\"Person\",\"@id\":\"https:\\\/\\\/www.emplea-te.com\\\/noticias-oposiciones\\\/#\\\/schema\\\/person\\\/d1bc587e1af2b95e9c32aba1795509a6\",\"name\":\"Empleate\"}]}<\/script>\n<!-- \/ Yoast SEO plugin. -->","yoast_head_json":{"title":"Universidad Polit\u00e9cnica. Convocatoria proceso selectivo.","description":"Universidad Polit\u00e9cnica. Convocatoria de 71 plazas de Auxiliar Administrativo C2. Publicada la relaci\u00f3n provisional de aspirantes admitidos y excluidos en este proceso selectivo.","robots":{"index":"index","follow":"follow","max-snippet":"max-snippet:-1","max-image-preview":"max-image-preview:large","max-video-preview":"max-video-preview:-1"},"canonical":"https:\/\/www.emplea-te.com\/noticias-oposiciones\/universidad-politecnica-convocatoria-de-71-plazas-de-auxiliar-administrativo-c2-publicada-la-relacion-provisional-de-aspirantes-admitidos-y-excluidos-en-este-proceso-selectivo\/","og_locale":"es_ES","og_type":"article","og_title":"Universidad Polit\u00e9cnica. Convocatoria proceso selectivo.","og_description":"Universidad Polit\u00e9cnica. Convocatoria de 71 plazas de Auxiliar Administrativo C2. Publicada la relaci\u00f3n provisional de aspirantes admitidos y excluidos en este proceso selectivo.","og_url":"https:\/\/www.emplea-te.com\/noticias-oposiciones\/universidad-politecnica-convocatoria-de-71-plazas-de-auxiliar-administrativo-c2-publicada-la-relacion-provisional-de-aspirantes-admitidos-y-excluidos-en-este-proceso-selectivo\/","og_site_name":"Noticas de oposiciones por Academia Emplea-te","article_publisher":"https:\/\/www.facebook.com\/AcademiaEmpleate\/","article_published_time":"2024-02-05T08:43:35+00:00","author":"Empleate","twitter_card":"summary_large_image","twitter_creator":"@Emplea_Te","twitter_site":"@Emplea_Te","twitter_misc":{"Escrito por":"Empleate","Tiempo de lectura":"1 minuto"},"schema":{"@context":"https:\/\/schema.org","@graph":[{"@type":"Article","@id":"https:\/\/www.emplea-te.com\/noticias-oposiciones\/universidad-politecnica-convocatoria-de-71-plazas-de-auxiliar-administrativo-c2-publicada-la-relacion-provisional-de-aspirantes-admitidos-y-excluidos-en-este-proceso-selectivo\/#article","isPartOf":{"@id":"https:\/\/www.emplea-te.com\/noticias-oposiciones\/universidad-politecnica-convocatoria-de-71-plazas-de-auxiliar-administrativo-c2-publicada-la-relacion-provisional-de-aspirantes-admitidos-y-excluidos-en-este-proceso-selectivo\/"},"author":{"name":"Empleate","@id":"https:\/\/www.emplea-te.com\/noticias-oposiciones\/#\/schema\/person\/d1bc587e1af2b95e9c32aba1795509a6"},"headline":"Universidad Polit\u00e9cnica. Convocatoria de 71 plazas de Auxiliar Administrativo C2. Publicada la relaci\u00f3n provisional de aspirantes admitidos y excluidos en este proceso selectivo.","datePublished":"2024-02-05T08:43:35+00:00","mainEntityOfPage":{"@id":"https:\/\/www.emplea-te.com\/noticias-oposiciones\/universidad-politecnica-convocatoria-de-71-plazas-de-auxiliar-administrativo-c2-publicada-la-relacion-provisional-de-aspirantes-admitidos-y-excluidos-en-este-proceso-selectivo\/"},"wordCount":207,"publisher":{"@id":"https:\/\/www.emplea-te.com\/noticias-oposiciones\/#organization"},"keywords":["Informaci\u00f3n procesos selectivos","Listas provisionales admitidos y excluidos"],"articleSection":["Oposiciones Madrid.","P.A.S Universidades Madrid"],"inLanguage":"es"},{"@type":"WebPage","@id":"https:\/\/www.emplea-te.com\/noticias-oposiciones\/universidad-politecnica-convocatoria-de-71-plazas-de-auxiliar-administrativo-c2-publicada-la-relacion-provisional-de-aspirantes-admitidos-y-excluidos-en-este-proceso-selectivo\/","url":"https:\/\/www.emplea-te.com\/noticias-oposiciones\/universidad-politecnica-convocatoria-de-71-plazas-de-auxiliar-administrativo-c2-publicada-la-relacion-provisional-de-aspirantes-admitidos-y-excluidos-en-este-proceso-selectivo\/","name":"Universidad Polit\u00e9cnica. Convocatoria proceso selectivo.","isPartOf":{"@id":"https:\/\/www.emplea-te.com\/noticias-oposiciones\/#website"},"datePublished":"2024-02-05T08:43:35+00:00","description":"Universidad Polit\u00e9cnica. Convocatoria de 71 plazas de Auxiliar Administrativo C2. Publicada la relaci\u00f3n provisional de aspirantes admitidos y excluidos en este proceso selectivo.","breadcrumb":{"@id":"https:\/\/www.emplea-te.com\/noticias-oposiciones\/universidad-politecnica-convocatoria-de-71-plazas-de-auxiliar-administrativo-c2-publicada-la-relacion-provisional-de-aspirantes-admitidos-y-excluidos-en-este-proceso-selectivo\/#breadcrumb"},"inLanguage":"es","potentialAction":[{"@type":"ReadAction","target":["https:\/\/www.emplea-te.com\/noticias-oposiciones\/universidad-politecnica-convocatoria-de-71-plazas-de-auxiliar-administrativo-c2-publicada-la-relacion-provisional-de-aspirantes-admitidos-y-excluidos-en-este-proceso-selectivo\/"]}]},{"@type":"BreadcrumbList","@id":"https:\/\/www.emplea-te.com\/noticias-oposiciones\/universidad-politecnica-convocatoria-de-71-plazas-de-auxiliar-administrativo-c2-publicada-la-relacion-provisional-de-aspirantes-admitidos-y-excluidos-en-este-proceso-selectivo\/#breadcrumb","itemListElement":[{"@type":"ListItem","position":1,"name":"Noticias Oposiciones","item":"https:\/\/www.emplea-te.com\/noticias-oposiciones\/"},{"@type":"ListItem","position":2,"name":"Oposiciones Madrid.","item":"https:\/\/www.emplea-te.com\/noticias-oposiciones\/categoria\/oposiciones-madrid\/"},{"@type":"ListItem","position":3,"name":"P.A.S Universidades Madrid","item":"https:\/\/www.emplea-te.com\/noticias-oposiciones\/categoria\/oposiciones-madrid\/p-a-s-universidades-madrid\/"},{"@type":"ListItem","position":4,"name":"Universidad Polit\u00e9cnica. Convocatoria de 71 plazas de Auxiliar Administrativo C2. Publicada la relaci\u00f3n provisional de aspirantes admitidos y excluidos en este proceso selectivo."}]},{"@type":"WebSite","@id":"https:\/\/www.emplea-te.com\/noticias-oposiciones\/#website","url":"https:\/\/www.emplea-te.com\/noticias-oposiciones\/","name":"Noticas de oposiciones por Academia Emplea-te","description":"Toda la actualidad de las ofertas y convocatorias.","publisher":{"@id":"https:\/\/www.emplea-te.com\/noticias-oposiciones\/#organization"},"potentialAction":[{"@type":"SearchAction","target":{"@type":"EntryPoint","urlTemplate":"https:\/\/www.emplea-te.com\/noticias-oposiciones\/?s={search_term_string}"},"query-input":{"@type":"PropertyValueSpecification","valueRequired":true,"valueName":"search_term_string"}}],"inLanguage":"es"},{"@type":"Organization","@id":"https:\/\/www.emplea-te.com\/noticias-oposiciones\/#organization","name":"Academia de oposiciones Empl\u00e9ate","url":"https:\/\/www.emplea-te.com\/noticias-oposiciones\/","logo":{"@type":"ImageObject","inLanguage":"es","@id":"https:\/\/www.emplea-te.com\/noticias-oposiciones\/#\/schema\/logo\/image\/","url":"https:\/\/www.emplea-te.com\/noticias-oposiciones\/wp-content\/uploads\/2019\/04\/empleate.jpg","contentUrl":"https:\/\/www.emplea-te.com\/noticias-oposiciones\/wp-content\/uploads\/2019\/04\/empleate.jpg","width":250,"height":150,"caption":"Academia de oposiciones Empl\u00e9ate"},"image":{"@id":"https:\/\/www.emplea-te.com\/noticias-oposiciones\/#\/schema\/logo\/image\/"},"sameAs":["https:\/\/www.facebook.com\/AcademiaEmpleate\/","https:\/\/x.com\/Emplea_Te","https:\/\/www.instagram.com\/academia_empleate\/"]},{"@type":"Person","@id":"https:\/\/www.emplea-te.com\/noticias-oposiciones\/#\/schema\/person\/d1bc587e1af2b95e9c32aba1795509a6","name":"Empleate"}]}},"_links":{"self":[{"href":"https:\/\/www.emplea-te.com\/noticias-oposiciones\/wp-json\/wp\/v2\/posts\/11769","targetHints":{"allow":["GET"]}}],"collection":[{"href":"https:\/\/www.emplea-te.com\/noticias-oposiciones\/wp-json\/wp\/v2\/posts"}],"about":[{"href":"https:\/\/www.emplea-te.com\/noticias-oposiciones\/wp-json\/wp\/v2\/types\/post"}],"author":[{"embeddable":true,"href":"https:\/\/www.emplea-te.com\/noticias-oposiciones\/wp-json\/wp\/v2\/users\/1"}],"replies":[{"embeddable":true,"href":"https:\/\/www.emplea-te.com\/noticias-oposiciones\/wp-json\/wp\/v2\/comments?post=11769"}],"version-history":[{"count":1,"href":"https:\/\/www.emplea-te.com\/noticias-oposiciones\/wp-json\/wp\/v2\/posts\/11769\/revisions"}],"predecessor-version":[{"id":11770,"href":"https:\/\/www.emplea-te.com\/noticias-oposiciones\/wp-json\/wp\/v2\/posts\/11769\/revisions\/11770"}],"wp:attachment":[{"href":"https:\/\/www.emplea-te.com\/noticias-oposiciones\/wp-json\/wp\/v2\/media?parent=11769"}],"wp:term":[{"taxonomy":"category","embeddable":true,"href":"https:\/\/www.emplea-te.com\/noticias-oposiciones\/wp-json\/wp\/v2\/categories?post=11769"},{"taxonomy":"post_tag","embeddable":true,"href":"https:\/\/www.emplea-te.com\/noticias-oposiciones\/wp-json\/wp\/v2\/tags?post=11769"}],"curies":[{"name":"wp","href":"https:\/\/api.w.org\/{rel}","templated":true}]}}