{"id":11795,"date":"2024-02-07T09:47:51","date_gmt":"2024-02-07T08:47:51","guid":{"rendered":"https:\/\/www.emplea-te.com\/noticias-oposiciones\/?p=11795"},"modified":"2024-02-07T09:47:51","modified_gmt":"2024-02-07T08:47:51","slug":"xunta-de-galicia-cuerpo-de-gestion-a2-concurso-turno-libre-ampliacion-plazo-acreditacion-de-meritos","status":"publish","type":"post","link":"https:\/\/www.emplea-te.com\/noticias-oposiciones\/xunta-de-galicia-cuerpo-de-gestion-a2-concurso-turno-libre-ampliacion-plazo-acreditacion-de-meritos\/","title":{"rendered":"Xunta de Galicia. Cuerpo de Gesti\u00f3n A2 (concurso turno libre ). Ampliaci\u00f3n plazo acreditaci\u00f3n de m\u00e9ritos."},"content":{"rendered":"<p>Se publica en el DOG de hoy, d\u00eda 7 de febrero de 2024, la\u00a0Resoluci\u00f3n de 5 de febrero de 2024 por la que se ampl\u00eda el plazo m\u00e1ximo establecido en la Resoluci\u00f3n de 17 de enero de 2024 para la acreditaci\u00f3n de los m\u00e9ritos del proceso selectivo extraordinario de estabilizaci\u00f3n derivado de la Ley 20\/2021, de 28 de diciembre , para el ingreso, por el turno de acceso libre y mediante el sistema de concurso, en el cuerpo de gesti\u00f3n de la Administraci\u00f3n general de la Comunidad Aut\u00f3noma de Galicia, en el cuerpo facultativo de grado medio de Administraci\u00f3n especial de la Administraci\u00f3n General de la Comunidad Aut\u00f3noma de Galicia, subgrupo A2, y para el ingreso en las categor\u00edas 3, 4, 5, 6, 9, 35 y 39 del grupo II de personal laboral de la Xunta de Galicia, y personal laboral propio del Cixtec (grupo II), convocado por la Resoluci\u00f3n de 22 de diciembre de 2022, modificada por las resoluciones de 20 de enero y 6 de febrero de 2023.<\/p>\n<p>En el apartado cuarto de dicha resoluci\u00f3n se dispone que el plazo para presentar la solicitud de actualizaci\u00f3n de m\u00e9ritos y la documentaci\u00f3n acreditativa de ellos, para formular alegaciones o para subsanar el estado de \u00abacreditaci\u00f3n documental incompleta\u00bb, finalizar\u00e1 a los diez d\u00edas h\u00e1biles a partir del d\u00eda siguiente al de la publicaci\u00f3n de esta resoluci\u00f3n en el Diario Oficial de Galicia. Dicho plazo finaliza el 7 de febrero de 2024.<\/p>\n<p>Debido al elevado n\u00famero de solicitudes de actualizaci\u00f3n de m\u00e9ritos y alegaciones recibidas y con la finalidad de que las personas aspirantes puedan acreditar sus m\u00e9ritos debidamente, se hace aconsejable ampliar el plazo establecido en el apartado cuarto de dicha resoluci\u00f3n cinco d\u00edas, al amparo de lo dispuesto en el art\u00edculo 32 de la Ley 39\/2015, de 1 de octubre, del procedimiento administrativo com\u00fan de las administraciones p\u00fablicas.<\/p>\n<p><a href=\"https:\/\/www.xunta.gal\/dog\/Publicados\/2024\/20240207\/AnuncioG0597-050224-0003_es.html\" target=\"_blank\" rel=\"noopener\"><strong>Accede desde este enlace a la Resoluci\u00f3n con su contenido \u00edntegro.\u00a0<\/strong><\/a><\/p>\n<p>&nbsp;<\/p>\n","protected":false},"excerpt":{"rendered":"<p>Se publica en el DOG de hoy, d\u00eda 7 de febrero de 2024, la\u00a0Resoluci\u00f3n de 5 de febrero de 2024 por la que se ampl\u00eda el plazo m\u00e1ximo establecido en la Resoluci\u00f3n de 17 de enero de 2024 para la acreditaci\u00f3n de los m\u00e9ritos del proceso selectivo extraordinario de estabilizaci\u00f3n derivado de la Ley 20\/2021, &hellip; <a href=\"https:\/\/www.emplea-te.com\/noticias-oposiciones\/xunta-de-galicia-cuerpo-de-gestion-a2-concurso-turno-libre-ampliacion-plazo-acreditacion-de-meritos\/\" class=\"more-link\">Continuar leyendo<span class=\"screen-reader-text\"> \u00abXunta de Galicia. Cuerpo de Gesti\u00f3n A2 (concurso turno libre ). Ampliaci\u00f3n plazo acreditaci\u00f3n de m\u00e9ritos.\u00bb<\/span><\/a><\/p>\n","protected":false},"author":1,"featured_media":0,"comment_status":"closed","ping_status":"closed","sticky":false,"template":"","format":"standard","meta":{"footnotes":""},"categories":[56,4],"tags":[103],"class_list":["post-11795","post","type-post","status-publish","format-standard","hentry","category-oposiciones-autonomicas-galicia","category-oposiciones-xunta","tag-informacion-procesos-selectivos"],"yoast_head":"<!-- This site is optimized with the Yoast SEO plugin v27.5 - https:\/\/yoast.com\/product\/yoast-seo-wordpress\/ -->\n<title>Xunta de Galicia. Convocatoria. Proceso selectivo.<\/title>\n<meta name=\"description\" content=\"Xunta de Galicia. Cuerpo de Gesti\u00f3n A2 (concurso turno libre ). Ampliaci\u00f3n plazo acreditaci\u00f3n de m\u00e9ritos.\" \/>\n<meta name=\"robots\" content=\"index, follow, max-snippet:-1, max-image-preview:large, max-video-preview:-1\" \/>\n<link rel=\"canonical\" href=\"https:\/\/www.emplea-te.com\/noticias-oposiciones\/xunta-de-galicia-cuerpo-de-gestion-a2-concurso-turno-libre-ampliacion-plazo-acreditacion-de-meritos\/\" \/>\n<meta property=\"og:locale\" content=\"es_ES\" \/>\n<meta property=\"og:type\" content=\"article\" \/>\n<meta property=\"og:title\" content=\"Xunta de Galicia. Convocatoria. Proceso selectivo.\" \/>\n<meta property=\"og:description\" content=\"Xunta de Galicia. Cuerpo de Gesti\u00f3n A2 (concurso turno libre ). Ampliaci\u00f3n plazo acreditaci\u00f3n de m\u00e9ritos.\" \/>\n<meta property=\"og:url\" content=\"https:\/\/www.emplea-te.com\/noticias-oposiciones\/xunta-de-galicia-cuerpo-de-gestion-a2-concurso-turno-libre-ampliacion-plazo-acreditacion-de-meritos\/\" \/>\n<meta property=\"og:site_name\" content=\"Noticas de oposiciones por Academia Emplea-te\" \/>\n<meta property=\"article:publisher\" content=\"https:\/\/www.facebook.com\/AcademiaEmpleate\/\" \/>\n<meta property=\"article:published_time\" content=\"2024-02-07T08:47:51+00:00\" \/>\n<meta name=\"author\" content=\"Empleate\" \/>\n<meta name=\"twitter:card\" content=\"summary_large_image\" \/>\n<meta name=\"twitter:creator\" content=\"@Emplea_Te\" \/>\n<meta name=\"twitter:site\" content=\"@Emplea_Te\" \/>\n<meta name=\"twitter:label1\" content=\"Escrito por\" \/>\n\t<meta name=\"twitter:data1\" content=\"Empleate\" \/>\n\t<meta name=\"twitter:label2\" content=\"Tiempo de lectura\" \/>\n\t<meta name=\"twitter:data2\" content=\"2 minutos\" \/>\n<script type=\"application\/ld+json\" class=\"yoast-schema-graph\">{\"@context\":\"https:\\\/\\\/schema.org\",\"@graph\":[{\"@type\":\"Article\",\"@id\":\"https:\\\/\\\/www.emplea-te.com\\\/noticias-oposiciones\\\/xunta-de-galicia-cuerpo-de-gestion-a2-concurso-turno-libre-ampliacion-plazo-acreditacion-de-meritos\\\/#article\",\"isPartOf\":{\"@id\":\"https:\\\/\\\/www.emplea-te.com\\\/noticias-oposiciones\\\/xunta-de-galicia-cuerpo-de-gestion-a2-concurso-turno-libre-ampliacion-plazo-acreditacion-de-meritos\\\/\"},\"author\":{\"name\":\"Empleate\",\"@id\":\"https:\\\/\\\/www.emplea-te.com\\\/noticias-oposiciones\\\/#\\\/schema\\\/person\\\/d1bc587e1af2b95e9c32aba1795509a6\"},\"headline\":\"Xunta de Galicia. Cuerpo de Gesti\u00f3n A2 (concurso turno libre ). Ampliaci\u00f3n plazo acreditaci\u00f3n de m\u00e9ritos.\",\"datePublished\":\"2024-02-07T08:47:51+00:00\",\"mainEntityOfPage\":{\"@id\":\"https:\\\/\\\/www.emplea-te.com\\\/noticias-oposiciones\\\/xunta-de-galicia-cuerpo-de-gestion-a2-concurso-turno-libre-ampliacion-plazo-acreditacion-de-meritos\\\/\"},\"wordCount\":351,\"publisher\":{\"@id\":\"https:\\\/\\\/www.emplea-te.com\\\/noticias-oposiciones\\\/#organization\"},\"keywords\":[\"Informaci\u00f3n procesos selectivos\"],\"articleSection\":[\"Oposiciones Auton\u00f3micas Galicia\",\"Oposiciones Xunta\"],\"inLanguage\":\"es\"},{\"@type\":\"WebPage\",\"@id\":\"https:\\\/\\\/www.emplea-te.com\\\/noticias-oposiciones\\\/xunta-de-galicia-cuerpo-de-gestion-a2-concurso-turno-libre-ampliacion-plazo-acreditacion-de-meritos\\\/\",\"url\":\"https:\\\/\\\/www.emplea-te.com\\\/noticias-oposiciones\\\/xunta-de-galicia-cuerpo-de-gestion-a2-concurso-turno-libre-ampliacion-plazo-acreditacion-de-meritos\\\/\",\"name\":\"Xunta de Galicia. Convocatoria. Proceso selectivo.\",\"isPartOf\":{\"@id\":\"https:\\\/\\\/www.emplea-te.com\\\/noticias-oposiciones\\\/#website\"},\"datePublished\":\"2024-02-07T08:47:51+00:00\",\"description\":\"Xunta de Galicia. Cuerpo de Gesti\u00f3n A2 (concurso turno libre ). Ampliaci\u00f3n plazo acreditaci\u00f3n de m\u00e9ritos.\",\"breadcrumb\":{\"@id\":\"https:\\\/\\\/www.emplea-te.com\\\/noticias-oposiciones\\\/xunta-de-galicia-cuerpo-de-gestion-a2-concurso-turno-libre-ampliacion-plazo-acreditacion-de-meritos\\\/#breadcrumb\"},\"inLanguage\":\"es\",\"potentialAction\":[{\"@type\":\"ReadAction\",\"target\":[\"https:\\\/\\\/www.emplea-te.com\\\/noticias-oposiciones\\\/xunta-de-galicia-cuerpo-de-gestion-a2-concurso-turno-libre-ampliacion-plazo-acreditacion-de-meritos\\\/\"]}]},{\"@type\":\"BreadcrumbList\",\"@id\":\"https:\\\/\\\/www.emplea-te.com\\\/noticias-oposiciones\\\/xunta-de-galicia-cuerpo-de-gestion-a2-concurso-turno-libre-ampliacion-plazo-acreditacion-de-meritos\\\/#breadcrumb\",\"itemListElement\":[{\"@type\":\"ListItem\",\"position\":1,\"name\":\"Noticias Oposiciones\",\"item\":\"https:\\\/\\\/www.emplea-te.com\\\/noticias-oposiciones\\\/\"},{\"@type\":\"ListItem\",\"position\":2,\"name\":\"Oposiciones Xunta\",\"item\":\"https:\\\/\\\/www.emplea-te.com\\\/noticias-oposiciones\\\/categoria\\\/oposiciones-xunta\\\/\"},{\"@type\":\"ListItem\",\"position\":3,\"name\":\"Xunta de Galicia. Cuerpo de Gesti\u00f3n A2 (concurso turno libre ). Ampliaci\u00f3n plazo acreditaci\u00f3n de m\u00e9ritos.\"}]},{\"@type\":\"WebSite\",\"@id\":\"https:\\\/\\\/www.emplea-te.com\\\/noticias-oposiciones\\\/#website\",\"url\":\"https:\\\/\\\/www.emplea-te.com\\\/noticias-oposiciones\\\/\",\"name\":\"Noticas de oposiciones por Academia Emplea-te\",\"description\":\"Toda la actualidad de las ofertas y convocatorias.\",\"publisher\":{\"@id\":\"https:\\\/\\\/www.emplea-te.com\\\/noticias-oposiciones\\\/#organization\"},\"potentialAction\":[{\"@type\":\"SearchAction\",\"target\":{\"@type\":\"EntryPoint\",\"urlTemplate\":\"https:\\\/\\\/www.emplea-te.com\\\/noticias-oposiciones\\\/?s={search_term_string}\"},\"query-input\":{\"@type\":\"PropertyValueSpecification\",\"valueRequired\":true,\"valueName\":\"search_term_string\"}}],\"inLanguage\":\"es\"},{\"@type\":\"Organization\",\"@id\":\"https:\\\/\\\/www.emplea-te.com\\\/noticias-oposiciones\\\/#organization\",\"name\":\"Academia de oposiciones Empl\u00e9ate\",\"url\":\"https:\\\/\\\/www.emplea-te.com\\\/noticias-oposiciones\\\/\",\"logo\":{\"@type\":\"ImageObject\",\"inLanguage\":\"es\",\"@id\":\"https:\\\/\\\/www.emplea-te.com\\\/noticias-oposiciones\\\/#\\\/schema\\\/logo\\\/image\\\/\",\"url\":\"https:\\\/\\\/www.emplea-te.com\\\/noticias-oposiciones\\\/wp-content\\\/uploads\\\/2019\\\/04\\\/empleate.jpg\",\"contentUrl\":\"https:\\\/\\\/www.emplea-te.com\\\/noticias-oposiciones\\\/wp-content\\\/uploads\\\/2019\\\/04\\\/empleate.jpg\",\"width\":250,\"height\":150,\"caption\":\"Academia de oposiciones Empl\u00e9ate\"},\"image\":{\"@id\":\"https:\\\/\\\/www.emplea-te.com\\\/noticias-oposiciones\\\/#\\\/schema\\\/logo\\\/image\\\/\"},\"sameAs\":[\"https:\\\/\\\/www.facebook.com\\\/AcademiaEmpleate\\\/\",\"https:\\\/\\\/x.com\\\/Emplea_Te\",\"https:\\\/\\\/www.instagram.com\\\/academia_empleate\\\/\"]},{\"@type\":\"Person\",\"@id\":\"https:\\\/\\\/www.emplea-te.com\\\/noticias-oposiciones\\\/#\\\/schema\\\/person\\\/d1bc587e1af2b95e9c32aba1795509a6\",\"name\":\"Empleate\"}]}<\/script>\n<!-- \/ Yoast SEO plugin. -->","yoast_head_json":{"title":"Xunta de Galicia. Convocatoria. Proceso selectivo.","description":"Xunta de Galicia. Cuerpo de Gesti\u00f3n A2 (concurso turno libre ). Ampliaci\u00f3n plazo acreditaci\u00f3n de m\u00e9ritos.","robots":{"index":"index","follow":"follow","max-snippet":"max-snippet:-1","max-image-preview":"max-image-preview:large","max-video-preview":"max-video-preview:-1"},"canonical":"https:\/\/www.emplea-te.com\/noticias-oposiciones\/xunta-de-galicia-cuerpo-de-gestion-a2-concurso-turno-libre-ampliacion-plazo-acreditacion-de-meritos\/","og_locale":"es_ES","og_type":"article","og_title":"Xunta de Galicia. Convocatoria. Proceso selectivo.","og_description":"Xunta de Galicia. Cuerpo de Gesti\u00f3n A2 (concurso turno libre ). Ampliaci\u00f3n plazo acreditaci\u00f3n de m\u00e9ritos.","og_url":"https:\/\/www.emplea-te.com\/noticias-oposiciones\/xunta-de-galicia-cuerpo-de-gestion-a2-concurso-turno-libre-ampliacion-plazo-acreditacion-de-meritos\/","og_site_name":"Noticas de oposiciones por Academia Emplea-te","article_publisher":"https:\/\/www.facebook.com\/AcademiaEmpleate\/","article_published_time":"2024-02-07T08:47:51+00:00","author":"Empleate","twitter_card":"summary_large_image","twitter_creator":"@Emplea_Te","twitter_site":"@Emplea_Te","twitter_misc":{"Escrito por":"Empleate","Tiempo de lectura":"2 minutos"},"schema":{"@context":"https:\/\/schema.org","@graph":[{"@type":"Article","@id":"https:\/\/www.emplea-te.com\/noticias-oposiciones\/xunta-de-galicia-cuerpo-de-gestion-a2-concurso-turno-libre-ampliacion-plazo-acreditacion-de-meritos\/#article","isPartOf":{"@id":"https:\/\/www.emplea-te.com\/noticias-oposiciones\/xunta-de-galicia-cuerpo-de-gestion-a2-concurso-turno-libre-ampliacion-plazo-acreditacion-de-meritos\/"},"author":{"name":"Empleate","@id":"https:\/\/www.emplea-te.com\/noticias-oposiciones\/#\/schema\/person\/d1bc587e1af2b95e9c32aba1795509a6"},"headline":"Xunta de Galicia. Cuerpo de Gesti\u00f3n A2 (concurso turno libre ). Ampliaci\u00f3n plazo acreditaci\u00f3n de m\u00e9ritos.","datePublished":"2024-02-07T08:47:51+00:00","mainEntityOfPage":{"@id":"https:\/\/www.emplea-te.com\/noticias-oposiciones\/xunta-de-galicia-cuerpo-de-gestion-a2-concurso-turno-libre-ampliacion-plazo-acreditacion-de-meritos\/"},"wordCount":351,"publisher":{"@id":"https:\/\/www.emplea-te.com\/noticias-oposiciones\/#organization"},"keywords":["Informaci\u00f3n procesos selectivos"],"articleSection":["Oposiciones Auton\u00f3micas Galicia","Oposiciones Xunta"],"inLanguage":"es"},{"@type":"WebPage","@id":"https:\/\/www.emplea-te.com\/noticias-oposiciones\/xunta-de-galicia-cuerpo-de-gestion-a2-concurso-turno-libre-ampliacion-plazo-acreditacion-de-meritos\/","url":"https:\/\/www.emplea-te.com\/noticias-oposiciones\/xunta-de-galicia-cuerpo-de-gestion-a2-concurso-turno-libre-ampliacion-plazo-acreditacion-de-meritos\/","name":"Xunta de Galicia. Convocatoria. Proceso selectivo.","isPartOf":{"@id":"https:\/\/www.emplea-te.com\/noticias-oposiciones\/#website"},"datePublished":"2024-02-07T08:47:51+00:00","description":"Xunta de Galicia. Cuerpo de Gesti\u00f3n A2 (concurso turno libre ). Ampliaci\u00f3n plazo acreditaci\u00f3n de m\u00e9ritos.","breadcrumb":{"@id":"https:\/\/www.emplea-te.com\/noticias-oposiciones\/xunta-de-galicia-cuerpo-de-gestion-a2-concurso-turno-libre-ampliacion-plazo-acreditacion-de-meritos\/#breadcrumb"},"inLanguage":"es","potentialAction":[{"@type":"ReadAction","target":["https:\/\/www.emplea-te.com\/noticias-oposiciones\/xunta-de-galicia-cuerpo-de-gestion-a2-concurso-turno-libre-ampliacion-plazo-acreditacion-de-meritos\/"]}]},{"@type":"BreadcrumbList","@id":"https:\/\/www.emplea-te.com\/noticias-oposiciones\/xunta-de-galicia-cuerpo-de-gestion-a2-concurso-turno-libre-ampliacion-plazo-acreditacion-de-meritos\/#breadcrumb","itemListElement":[{"@type":"ListItem","position":1,"name":"Noticias Oposiciones","item":"https:\/\/www.emplea-te.com\/noticias-oposiciones\/"},{"@type":"ListItem","position":2,"name":"Oposiciones Xunta","item":"https:\/\/www.emplea-te.com\/noticias-oposiciones\/categoria\/oposiciones-xunta\/"},{"@type":"ListItem","position":3,"name":"Xunta de Galicia. Cuerpo de Gesti\u00f3n A2 (concurso turno libre ). Ampliaci\u00f3n plazo acreditaci\u00f3n de m\u00e9ritos."}]},{"@type":"WebSite","@id":"https:\/\/www.emplea-te.com\/noticias-oposiciones\/#website","url":"https:\/\/www.emplea-te.com\/noticias-oposiciones\/","name":"Noticas de oposiciones por Academia Emplea-te","description":"Toda la actualidad de las ofertas y convocatorias.","publisher":{"@id":"https:\/\/www.emplea-te.com\/noticias-oposiciones\/#organization"},"potentialAction":[{"@type":"SearchAction","target":{"@type":"EntryPoint","urlTemplate":"https:\/\/www.emplea-te.com\/noticias-oposiciones\/?s={search_term_string}"},"query-input":{"@type":"PropertyValueSpecification","valueRequired":true,"valueName":"search_term_string"}}],"inLanguage":"es"},{"@type":"Organization","@id":"https:\/\/www.emplea-te.com\/noticias-oposiciones\/#organization","name":"Academia de oposiciones Empl\u00e9ate","url":"https:\/\/www.emplea-te.com\/noticias-oposiciones\/","logo":{"@type":"ImageObject","inLanguage":"es","@id":"https:\/\/www.emplea-te.com\/noticias-oposiciones\/#\/schema\/logo\/image\/","url":"https:\/\/www.emplea-te.com\/noticias-oposiciones\/wp-content\/uploads\/2019\/04\/empleate.jpg","contentUrl":"https:\/\/www.emplea-te.com\/noticias-oposiciones\/wp-content\/uploads\/2019\/04\/empleate.jpg","width":250,"height":150,"caption":"Academia de oposiciones Empl\u00e9ate"},"image":{"@id":"https:\/\/www.emplea-te.com\/noticias-oposiciones\/#\/schema\/logo\/image\/"},"sameAs":["https:\/\/www.facebook.com\/AcademiaEmpleate\/","https:\/\/x.com\/Emplea_Te","https:\/\/www.instagram.com\/academia_empleate\/"]},{"@type":"Person","@id":"https:\/\/www.emplea-te.com\/noticias-oposiciones\/#\/schema\/person\/d1bc587e1af2b95e9c32aba1795509a6","name":"Empleate"}]}},"_links":{"self":[{"href":"https:\/\/www.emplea-te.com\/noticias-oposiciones\/wp-json\/wp\/v2\/posts\/11795","targetHints":{"allow":["GET"]}}],"collection":[{"href":"https:\/\/www.emplea-te.com\/noticias-oposiciones\/wp-json\/wp\/v2\/posts"}],"about":[{"href":"https:\/\/www.emplea-te.com\/noticias-oposiciones\/wp-json\/wp\/v2\/types\/post"}],"author":[{"embeddable":true,"href":"https:\/\/www.emplea-te.com\/noticias-oposiciones\/wp-json\/wp\/v2\/users\/1"}],"replies":[{"embeddable":true,"href":"https:\/\/www.emplea-te.com\/noticias-oposiciones\/wp-json\/wp\/v2\/comments?post=11795"}],"version-history":[{"count":1,"href":"https:\/\/www.emplea-te.com\/noticias-oposiciones\/wp-json\/wp\/v2\/posts\/11795\/revisions"}],"predecessor-version":[{"id":11796,"href":"https:\/\/www.emplea-te.com\/noticias-oposiciones\/wp-json\/wp\/v2\/posts\/11795\/revisions\/11796"}],"wp:attachment":[{"href":"https:\/\/www.emplea-te.com\/noticias-oposiciones\/wp-json\/wp\/v2\/media?parent=11795"}],"wp:term":[{"taxonomy":"category","embeddable":true,"href":"https:\/\/www.emplea-te.com\/noticias-oposiciones\/wp-json\/wp\/v2\/categories?post=11795"},{"taxonomy":"post_tag","embeddable":true,"href":"https:\/\/www.emplea-te.com\/noticias-oposiciones\/wp-json\/wp\/v2\/tags?post=11795"}],"curies":[{"name":"wp","href":"https:\/\/api.w.org\/{rel}","templated":true}]}}