{"id":11797,"date":"2024-02-07T09:53:59","date_gmt":"2024-02-07T08:53:59","guid":{"rendered":"https:\/\/www.emplea-te.com\/noticias-oposiciones\/?p=11797"},"modified":"2024-02-07T09:53:59","modified_gmt":"2024-02-07T08:53:59","slug":"ayuntamiento-de-vigo-convocada-plaza-de-auxiliar-administrativo-c2-por-concurso-oposicion","status":"publish","type":"post","link":"https:\/\/www.emplea-te.com\/noticias-oposiciones\/ayuntamiento-de-vigo-convocada-plaza-de-auxiliar-administrativo-c2-por-concurso-oposicion\/","title":{"rendered":"Ayuntamiento de Vigo. Convocada plaza de Auxiliar Administrativo C2 por concurso-oposici\u00f3n."},"content":{"rendered":"<p>Se publica en el BOE de hoy, d\u00eda 7 de febrero de 2024, la Resoluci\u00f3n\u00a0de 30 de enero de 2024, del Ayuntamiento de Vigo (Pontevedra), referente a la convocatoria para proveer varias plazas.<\/p>\n<p>De entre las plazas convocadas, destacamos:<br \/>\nPlaza de Auxiliar Administrativo, subgrupo C2.<br \/>\nSistema selectivo: concurso-oposici\u00f3n.<\/p>\n<p><a href=\"https:\/\/boppo.depo.gal\/web\/boppo\/detalle\/-\/boppo\/2023\/07\/14\/2023047711\" target=\"_blank\" rel=\"noopener\"><strong>En el \u00abBolet\u00edn Oficial de la Provincia de Pontevedra\u00bb n\u00famero 136, de 14 de julio de 2023, se han publicado \u00edntegramente las bases espec\u00edficas que han de regir la convocatoria para proveer las siguientes plazas de personal funcionario, mediante el sistema de concurso-oposici\u00f3n, correspondientes a la oferta de empleo p\u00fablico de estabilizaci\u00f3n del Ayuntamiento de Vigo.<\/strong><\/a><\/p>\n<p>El plazo de presentaci\u00f3n de solicitudes ser\u00e1 de veinte d\u00edas naturales a contar desde el siguiente al de la publicaci\u00f3n de esta resoluci\u00f3n en el BOE y por tanto el plazo permanecer\u00e1 abierto desde el d\u00eda 08\/02\/2024 hasta el d\u00eda 27\/02\/2024.<\/p>\n<p><a href=\"https:\/\/www.boe.es\/boe\/dias\/2024\/02\/07\/pdfs\/BOE-A-2024-2288.pdf\" target=\"_blank\" rel=\"noopener\"><strong>Accede a la Resoluci\u00f3n con su contenido \u00edntegro desde este enlace.\u00a0<\/strong><\/a><\/p>\n<p>&nbsp;<\/p>\n","protected":false},"excerpt":{"rendered":"<p>Se publica en el BOE de hoy, d\u00eda 7 de febrero de 2024, la Resoluci\u00f3n\u00a0de 30 de enero de 2024, del Ayuntamiento de Vigo (Pontevedra), referente a la convocatoria para proveer varias plazas. De entre las plazas convocadas, destacamos: Plaza de Auxiliar Administrativo, subgrupo C2. Sistema selectivo: concurso-oposici\u00f3n. En el \u00abBolet\u00edn Oficial de la Provincia &hellip; <a href=\"https:\/\/www.emplea-te.com\/noticias-oposiciones\/ayuntamiento-de-vigo-convocada-plaza-de-auxiliar-administrativo-c2-por-concurso-oposicion\/\" class=\"more-link\">Continuar leyendo<span class=\"screen-reader-text\"> \u00abAyuntamiento de Vigo. Convocada plaza de Auxiliar Administrativo C2 por concurso-oposici\u00f3n.\u00bb<\/span><\/a><\/p>\n","protected":false},"author":1,"featured_media":0,"comment_status":"closed","ping_status":"closed","sticky":false,"template":"","format":"standard","meta":{"footnotes":""},"categories":[37,56],"tags":[49,103],"class_list":["post-11797","post","type-post","status-publish","format-standard","hentry","category-convocatorias-ayuntamientos","category-oposiciones-autonomicas-galicia","tag-convocatorias-de-oposiciones","tag-informacion-procesos-selectivos"],"yoast_head":"<!-- This site is optimized with the Yoast SEO plugin v27.5 - https:\/\/yoast.com\/product\/yoast-seo-wordpress\/ -->\n<title>Ayuntamiento de Vigo. Convocatoria proceso selectivo.<\/title>\n<meta name=\"description\" content=\"Ayuntamiento de Vigo. Convocada plaza de Auxiliar Administrativo C2 por concurso-oposici\u00f3n.\" \/>\n<meta name=\"robots\" content=\"index, follow, max-snippet:-1, max-image-preview:large, max-video-preview:-1\" \/>\n<link rel=\"canonical\" href=\"https:\/\/www.emplea-te.com\/noticias-oposiciones\/ayuntamiento-de-vigo-convocada-plaza-de-auxiliar-administrativo-c2-por-concurso-oposicion\/\" \/>\n<meta property=\"og:locale\" content=\"es_ES\" \/>\n<meta property=\"og:type\" content=\"article\" \/>\n<meta property=\"og:title\" content=\"Ayuntamiento de Vigo. Convocatoria proceso selectivo.\" \/>\n<meta property=\"og:description\" content=\"Ayuntamiento de Vigo. Convocada plaza de Auxiliar Administrativo C2 por concurso-oposici\u00f3n.\" \/>\n<meta property=\"og:url\" content=\"https:\/\/www.emplea-te.com\/noticias-oposiciones\/ayuntamiento-de-vigo-convocada-plaza-de-auxiliar-administrativo-c2-por-concurso-oposicion\/\" \/>\n<meta property=\"og:site_name\" content=\"Noticas de oposiciones por Academia Emplea-te\" \/>\n<meta property=\"article:publisher\" content=\"https:\/\/www.facebook.com\/AcademiaEmpleate\/\" \/>\n<meta property=\"article:published_time\" content=\"2024-02-07T08:53:59+00:00\" \/>\n<meta name=\"author\" content=\"Empleate\" \/>\n<meta name=\"twitter:card\" content=\"summary_large_image\" \/>\n<meta name=\"twitter:creator\" content=\"@Emplea_Te\" \/>\n<meta name=\"twitter:site\" content=\"@Emplea_Te\" \/>\n<meta name=\"twitter:label1\" content=\"Escrito por\" \/>\n\t<meta name=\"twitter:data1\" content=\"Empleate\" \/>\n\t<meta name=\"twitter:label2\" content=\"Tiempo de lectura\" \/>\n\t<meta name=\"twitter:data2\" content=\"1 minuto\" \/>\n<script type=\"application\/ld+json\" class=\"yoast-schema-graph\">{\"@context\":\"https:\\\/\\\/schema.org\",\"@graph\":[{\"@type\":\"Article\",\"@id\":\"https:\\\/\\\/www.emplea-te.com\\\/noticias-oposiciones\\\/ayuntamiento-de-vigo-convocada-plaza-de-auxiliar-administrativo-c2-por-concurso-oposicion\\\/#article\",\"isPartOf\":{\"@id\":\"https:\\\/\\\/www.emplea-te.com\\\/noticias-oposiciones\\\/ayuntamiento-de-vigo-convocada-plaza-de-auxiliar-administrativo-c2-por-concurso-oposicion\\\/\"},\"author\":{\"name\":\"Empleate\",\"@id\":\"https:\\\/\\\/www.emplea-te.com\\\/noticias-oposiciones\\\/#\\\/schema\\\/person\\\/d1bc587e1af2b95e9c32aba1795509a6\"},\"headline\":\"Ayuntamiento de Vigo. Convocada plaza de Auxiliar Administrativo C2 por concurso-oposici\u00f3n.\",\"datePublished\":\"2024-02-07T08:53:59+00:00\",\"mainEntityOfPage\":{\"@id\":\"https:\\\/\\\/www.emplea-te.com\\\/noticias-oposiciones\\\/ayuntamiento-de-vigo-convocada-plaza-de-auxiliar-administrativo-c2-por-concurso-oposicion\\\/\"},\"wordCount\":177,\"publisher\":{\"@id\":\"https:\\\/\\\/www.emplea-te.com\\\/noticias-oposiciones\\\/#organization\"},\"keywords\":[\"Convocatoria\",\"Informaci\u00f3n procesos selectivos\"],\"articleSection\":[\"Convocatorias Ayuntamientos\",\"Oposiciones Auton\u00f3micas Galicia\"],\"inLanguage\":\"es\"},{\"@type\":\"WebPage\",\"@id\":\"https:\\\/\\\/www.emplea-te.com\\\/noticias-oposiciones\\\/ayuntamiento-de-vigo-convocada-plaza-de-auxiliar-administrativo-c2-por-concurso-oposicion\\\/\",\"url\":\"https:\\\/\\\/www.emplea-te.com\\\/noticias-oposiciones\\\/ayuntamiento-de-vigo-convocada-plaza-de-auxiliar-administrativo-c2-por-concurso-oposicion\\\/\",\"name\":\"Ayuntamiento de Vigo. Convocatoria proceso selectivo.\",\"isPartOf\":{\"@id\":\"https:\\\/\\\/www.emplea-te.com\\\/noticias-oposiciones\\\/#website\"},\"datePublished\":\"2024-02-07T08:53:59+00:00\",\"description\":\"Ayuntamiento de Vigo. Convocada plaza de Auxiliar Administrativo C2 por concurso-oposici\u00f3n.\",\"breadcrumb\":{\"@id\":\"https:\\\/\\\/www.emplea-te.com\\\/noticias-oposiciones\\\/ayuntamiento-de-vigo-convocada-plaza-de-auxiliar-administrativo-c2-por-concurso-oposicion\\\/#breadcrumb\"},\"inLanguage\":\"es\",\"potentialAction\":[{\"@type\":\"ReadAction\",\"target\":[\"https:\\\/\\\/www.emplea-te.com\\\/noticias-oposiciones\\\/ayuntamiento-de-vigo-convocada-plaza-de-auxiliar-administrativo-c2-por-concurso-oposicion\\\/\"]}]},{\"@type\":\"BreadcrumbList\",\"@id\":\"https:\\\/\\\/www.emplea-te.com\\\/noticias-oposiciones\\\/ayuntamiento-de-vigo-convocada-plaza-de-auxiliar-administrativo-c2-por-concurso-oposicion\\\/#breadcrumb\",\"itemListElement\":[{\"@type\":\"ListItem\",\"position\":1,\"name\":\"Noticias Oposiciones\",\"item\":\"https:\\\/\\\/www.emplea-te.com\\\/noticias-oposiciones\\\/\"},{\"@type\":\"ListItem\",\"position\":2,\"name\":\"Oposiciones Auton\u00f3micas Galicia\",\"item\":\"https:\\\/\\\/www.emplea-te.com\\\/noticias-oposiciones\\\/categoria\\\/oposiciones-autonomicas-galicia\\\/\"},{\"@type\":\"ListItem\",\"position\":3,\"name\":\"Ayuntamiento de Vigo. Convocada plaza de Auxiliar Administrativo C2 por concurso-oposici\u00f3n.\"}]},{\"@type\":\"WebSite\",\"@id\":\"https:\\\/\\\/www.emplea-te.com\\\/noticias-oposiciones\\\/#website\",\"url\":\"https:\\\/\\\/www.emplea-te.com\\\/noticias-oposiciones\\\/\",\"name\":\"Noticas de oposiciones por Academia Emplea-te\",\"description\":\"Toda la actualidad de las ofertas y convocatorias.\",\"publisher\":{\"@id\":\"https:\\\/\\\/www.emplea-te.com\\\/noticias-oposiciones\\\/#organization\"},\"potentialAction\":[{\"@type\":\"SearchAction\",\"target\":{\"@type\":\"EntryPoint\",\"urlTemplate\":\"https:\\\/\\\/www.emplea-te.com\\\/noticias-oposiciones\\\/?s={search_term_string}\"},\"query-input\":{\"@type\":\"PropertyValueSpecification\",\"valueRequired\":true,\"valueName\":\"search_term_string\"}}],\"inLanguage\":\"es\"},{\"@type\":\"Organization\",\"@id\":\"https:\\\/\\\/www.emplea-te.com\\\/noticias-oposiciones\\\/#organization\",\"name\":\"Academia de oposiciones Empl\u00e9ate\",\"url\":\"https:\\\/\\\/www.emplea-te.com\\\/noticias-oposiciones\\\/\",\"logo\":{\"@type\":\"ImageObject\",\"inLanguage\":\"es\",\"@id\":\"https:\\\/\\\/www.emplea-te.com\\\/noticias-oposiciones\\\/#\\\/schema\\\/logo\\\/image\\\/\",\"url\":\"https:\\\/\\\/www.emplea-te.com\\\/noticias-oposiciones\\\/wp-content\\\/uploads\\\/2019\\\/04\\\/empleate.jpg\",\"contentUrl\":\"https:\\\/\\\/www.emplea-te.com\\\/noticias-oposiciones\\\/wp-content\\\/uploads\\\/2019\\\/04\\\/empleate.jpg\",\"width\":250,\"height\":150,\"caption\":\"Academia de oposiciones Empl\u00e9ate\"},\"image\":{\"@id\":\"https:\\\/\\\/www.emplea-te.com\\\/noticias-oposiciones\\\/#\\\/schema\\\/logo\\\/image\\\/\"},\"sameAs\":[\"https:\\\/\\\/www.facebook.com\\\/AcademiaEmpleate\\\/\",\"https:\\\/\\\/x.com\\\/Emplea_Te\",\"https:\\\/\\\/www.instagram.com\\\/academia_empleate\\\/\"]},{\"@type\":\"Person\",\"@id\":\"https:\\\/\\\/www.emplea-te.com\\\/noticias-oposiciones\\\/#\\\/schema\\\/person\\\/d1bc587e1af2b95e9c32aba1795509a6\",\"name\":\"Empleate\"}]}<\/script>\n<!-- \/ Yoast SEO plugin. -->","yoast_head_json":{"title":"Ayuntamiento de Vigo. Convocatoria proceso selectivo.","description":"Ayuntamiento de Vigo. Convocada plaza de Auxiliar Administrativo C2 por concurso-oposici\u00f3n.","robots":{"index":"index","follow":"follow","max-snippet":"max-snippet:-1","max-image-preview":"max-image-preview:large","max-video-preview":"max-video-preview:-1"},"canonical":"https:\/\/www.emplea-te.com\/noticias-oposiciones\/ayuntamiento-de-vigo-convocada-plaza-de-auxiliar-administrativo-c2-por-concurso-oposicion\/","og_locale":"es_ES","og_type":"article","og_title":"Ayuntamiento de Vigo. Convocatoria proceso selectivo.","og_description":"Ayuntamiento de Vigo. Convocada plaza de Auxiliar Administrativo C2 por concurso-oposici\u00f3n.","og_url":"https:\/\/www.emplea-te.com\/noticias-oposiciones\/ayuntamiento-de-vigo-convocada-plaza-de-auxiliar-administrativo-c2-por-concurso-oposicion\/","og_site_name":"Noticas de oposiciones por Academia Emplea-te","article_publisher":"https:\/\/www.facebook.com\/AcademiaEmpleate\/","article_published_time":"2024-02-07T08:53:59+00:00","author":"Empleate","twitter_card":"summary_large_image","twitter_creator":"@Emplea_Te","twitter_site":"@Emplea_Te","twitter_misc":{"Escrito por":"Empleate","Tiempo de lectura":"1 minuto"},"schema":{"@context":"https:\/\/schema.org","@graph":[{"@type":"Article","@id":"https:\/\/www.emplea-te.com\/noticias-oposiciones\/ayuntamiento-de-vigo-convocada-plaza-de-auxiliar-administrativo-c2-por-concurso-oposicion\/#article","isPartOf":{"@id":"https:\/\/www.emplea-te.com\/noticias-oposiciones\/ayuntamiento-de-vigo-convocada-plaza-de-auxiliar-administrativo-c2-por-concurso-oposicion\/"},"author":{"name":"Empleate","@id":"https:\/\/www.emplea-te.com\/noticias-oposiciones\/#\/schema\/person\/d1bc587e1af2b95e9c32aba1795509a6"},"headline":"Ayuntamiento de Vigo. Convocada plaza de Auxiliar Administrativo C2 por concurso-oposici\u00f3n.","datePublished":"2024-02-07T08:53:59+00:00","mainEntityOfPage":{"@id":"https:\/\/www.emplea-te.com\/noticias-oposiciones\/ayuntamiento-de-vigo-convocada-plaza-de-auxiliar-administrativo-c2-por-concurso-oposicion\/"},"wordCount":177,"publisher":{"@id":"https:\/\/www.emplea-te.com\/noticias-oposiciones\/#organization"},"keywords":["Convocatoria","Informaci\u00f3n procesos selectivos"],"articleSection":["Convocatorias Ayuntamientos","Oposiciones Auton\u00f3micas Galicia"],"inLanguage":"es"},{"@type":"WebPage","@id":"https:\/\/www.emplea-te.com\/noticias-oposiciones\/ayuntamiento-de-vigo-convocada-plaza-de-auxiliar-administrativo-c2-por-concurso-oposicion\/","url":"https:\/\/www.emplea-te.com\/noticias-oposiciones\/ayuntamiento-de-vigo-convocada-plaza-de-auxiliar-administrativo-c2-por-concurso-oposicion\/","name":"Ayuntamiento de Vigo. Convocatoria proceso selectivo.","isPartOf":{"@id":"https:\/\/www.emplea-te.com\/noticias-oposiciones\/#website"},"datePublished":"2024-02-07T08:53:59+00:00","description":"Ayuntamiento de Vigo. Convocada plaza de Auxiliar Administrativo C2 por concurso-oposici\u00f3n.","breadcrumb":{"@id":"https:\/\/www.emplea-te.com\/noticias-oposiciones\/ayuntamiento-de-vigo-convocada-plaza-de-auxiliar-administrativo-c2-por-concurso-oposicion\/#breadcrumb"},"inLanguage":"es","potentialAction":[{"@type":"ReadAction","target":["https:\/\/www.emplea-te.com\/noticias-oposiciones\/ayuntamiento-de-vigo-convocada-plaza-de-auxiliar-administrativo-c2-por-concurso-oposicion\/"]}]},{"@type":"BreadcrumbList","@id":"https:\/\/www.emplea-te.com\/noticias-oposiciones\/ayuntamiento-de-vigo-convocada-plaza-de-auxiliar-administrativo-c2-por-concurso-oposicion\/#breadcrumb","itemListElement":[{"@type":"ListItem","position":1,"name":"Noticias Oposiciones","item":"https:\/\/www.emplea-te.com\/noticias-oposiciones\/"},{"@type":"ListItem","position":2,"name":"Oposiciones Auton\u00f3micas Galicia","item":"https:\/\/www.emplea-te.com\/noticias-oposiciones\/categoria\/oposiciones-autonomicas-galicia\/"},{"@type":"ListItem","position":3,"name":"Ayuntamiento de Vigo. Convocada plaza de Auxiliar Administrativo C2 por concurso-oposici\u00f3n."}]},{"@type":"WebSite","@id":"https:\/\/www.emplea-te.com\/noticias-oposiciones\/#website","url":"https:\/\/www.emplea-te.com\/noticias-oposiciones\/","name":"Noticas de oposiciones por Academia Emplea-te","description":"Toda la actualidad de las ofertas y convocatorias.","publisher":{"@id":"https:\/\/www.emplea-te.com\/noticias-oposiciones\/#organization"},"potentialAction":[{"@type":"SearchAction","target":{"@type":"EntryPoint","urlTemplate":"https:\/\/www.emplea-te.com\/noticias-oposiciones\/?s={search_term_string}"},"query-input":{"@type":"PropertyValueSpecification","valueRequired":true,"valueName":"search_term_string"}}],"inLanguage":"es"},{"@type":"Organization","@id":"https:\/\/www.emplea-te.com\/noticias-oposiciones\/#organization","name":"Academia de oposiciones Empl\u00e9ate","url":"https:\/\/www.emplea-te.com\/noticias-oposiciones\/","logo":{"@type":"ImageObject","inLanguage":"es","@id":"https:\/\/www.emplea-te.com\/noticias-oposiciones\/#\/schema\/logo\/image\/","url":"https:\/\/www.emplea-te.com\/noticias-oposiciones\/wp-content\/uploads\/2019\/04\/empleate.jpg","contentUrl":"https:\/\/www.emplea-te.com\/noticias-oposiciones\/wp-content\/uploads\/2019\/04\/empleate.jpg","width":250,"height":150,"caption":"Academia de oposiciones Empl\u00e9ate"},"image":{"@id":"https:\/\/www.emplea-te.com\/noticias-oposiciones\/#\/schema\/logo\/image\/"},"sameAs":["https:\/\/www.facebook.com\/AcademiaEmpleate\/","https:\/\/x.com\/Emplea_Te","https:\/\/www.instagram.com\/academia_empleate\/"]},{"@type":"Person","@id":"https:\/\/www.emplea-te.com\/noticias-oposiciones\/#\/schema\/person\/d1bc587e1af2b95e9c32aba1795509a6","name":"Empleate"}]}},"_links":{"self":[{"href":"https:\/\/www.emplea-te.com\/noticias-oposiciones\/wp-json\/wp\/v2\/posts\/11797","targetHints":{"allow":["GET"]}}],"collection":[{"href":"https:\/\/www.emplea-te.com\/noticias-oposiciones\/wp-json\/wp\/v2\/posts"}],"about":[{"href":"https:\/\/www.emplea-te.com\/noticias-oposiciones\/wp-json\/wp\/v2\/types\/post"}],"author":[{"embeddable":true,"href":"https:\/\/www.emplea-te.com\/noticias-oposiciones\/wp-json\/wp\/v2\/users\/1"}],"replies":[{"embeddable":true,"href":"https:\/\/www.emplea-te.com\/noticias-oposiciones\/wp-json\/wp\/v2\/comments?post=11797"}],"version-history":[{"count":1,"href":"https:\/\/www.emplea-te.com\/noticias-oposiciones\/wp-json\/wp\/v2\/posts\/11797\/revisions"}],"predecessor-version":[{"id":11798,"href":"https:\/\/www.emplea-te.com\/noticias-oposiciones\/wp-json\/wp\/v2\/posts\/11797\/revisions\/11798"}],"wp:attachment":[{"href":"https:\/\/www.emplea-te.com\/noticias-oposiciones\/wp-json\/wp\/v2\/media?parent=11797"}],"wp:term":[{"taxonomy":"category","embeddable":true,"href":"https:\/\/www.emplea-te.com\/noticias-oposiciones\/wp-json\/wp\/v2\/categories?post=11797"},{"taxonomy":"post_tag","embeddable":true,"href":"https:\/\/www.emplea-te.com\/noticias-oposiciones\/wp-json\/wp\/v2\/tags?post=11797"}],"curies":[{"name":"wp","href":"https:\/\/api.w.org\/{rel}","templated":true}]}}