{"id":11805,"date":"2024-02-08T10:05:49","date_gmt":"2024-02-08T09:05:49","guid":{"rendered":"https:\/\/www.emplea-te.com\/noticias-oposiciones\/?p=11805"},"modified":"2024-02-08T10:05:49","modified_gmt":"2024-02-08T09:05:49","slug":"xunta-de-galicia-cuerpo-de-gestion-a2-estabilizacion-se-publica-la-resolucion-por-la-que-se-hace-publica-la-fecha-hora-y-sede-de-realizacion-del-primer-ejercicio","status":"publish","type":"post","link":"https:\/\/www.emplea-te.com\/noticias-oposiciones\/xunta-de-galicia-cuerpo-de-gestion-a2-estabilizacion-se-publica-la-resolucion-por-la-que-se-hace-publica-la-fecha-hora-y-sede-de-realizacion-del-primer-ejercicio\/","title":{"rendered":"Xunta de Galicia. Cuerpo de Gesti\u00f3n A2 estabilizaci\u00f3n. Se publica la Resoluci\u00f3n por la que se hace p\u00fablica la fecha, hora y sede de realizaci\u00f3n del primer ejercicio."},"content":{"rendered":"<p>Se publica en la Web de Funci\u00f3n P\u00fablica de la Xunta de Galicia la Resoluci\u00f3n\u00a0 del tribunal designado para calificar el proceso selectivo extraordinario de estabilizaci\u00f3n derivado de la Ley 20\/2021, de 28 de diciembre , por el turno de acceso libre y mediante el sistema de concurso &#8211; oposici\u00f3n para el ingreso en el cuerpo de gesti\u00f3n de la Administraci\u00f3n general de la Comunidad Aut\u00f3noma de Galicia, subgrupo A2, convocado por la Resoluci\u00f3n de 22 de diciembre de 2022 (DOG n\u00fam. 245, de 27 de diciembre ) por la que se hace p\u00fablica la fecha, hora y sede de realizaci\u00f3n del primer ejercicio de oposici\u00f3n.<\/p>\n<p>&nbsp;<\/p>\n<p>El\u00a0 primer ejercicio de la oposici\u00f3n, por el turno de acceso libre, tendr\u00e1 lugar el d\u00eda 24 de febrero de 2024, a las 9:00 horas en el pabell\u00f3n 1 de la Feria Internacional Abanca en Silleda.<\/p>\n<p>Las personas aspirantes deber\u00e1n ir prove\u00eddos de DNI o de documento fidedigno acreditativo de su identidad, a juicio del tribunal, l\u00e1piz del n\u00ba 2 y goma de borrar.<\/p>\n<p>No se permitir\u00e1 el acceso a las aulas en que se realice el ejercicio con tel\u00e9fonos m\u00f3viles, relojes inteligentes, agendas electr\u00f3nicas o cualquier otro material o instrumento de que se puedan valer las personas aspirantes para auxiliarse en la realizaci\u00f3n del ejercicio. No se habilitar\u00e1 ning\u00fan servicio de recogida de tel\u00e9fonos m\u00f3viles.<\/p>\n<p>Accede a la Resoluci\u00f3n con su contenido \u00edntegro desde este enlace:<br \/>\n<a href=\"https:\/\/www.emplea-te.com\/noticias-oposiciones\/ver-pdf\/?pdf=https%3A%2F%2Fwww.emplea-te.com%2Fnoticias-oposiciones%2Fwp-content%2Fuploads%2F2024%2F02%2FA2-estabilizacion-fecha-1-ejercicio-opo_visor_novas.jsp-1.pdf\">A2 estabilizaci\u00f3n fecha 1 ejercicio opo_visor_novas.jsp (1)<\/a><\/p>\n","protected":false},"excerpt":{"rendered":"<p>Se publica en la Web de Funci\u00f3n P\u00fablica de la Xunta de Galicia la Resoluci\u00f3n\u00a0 del tribunal designado para calificar el proceso selectivo extraordinario de estabilizaci\u00f3n derivado de la Ley 20\/2021, de 28 de diciembre , por el turno de acceso libre y mediante el sistema de concurso &#8211; oposici\u00f3n para el ingreso en el &hellip; <a href=\"https:\/\/www.emplea-te.com\/noticias-oposiciones\/xunta-de-galicia-cuerpo-de-gestion-a2-estabilizacion-se-publica-la-resolucion-por-la-que-se-hace-publica-la-fecha-hora-y-sede-de-realizacion-del-primer-ejercicio\/\" class=\"more-link\">Continuar leyendo<span class=\"screen-reader-text\"> \u00abXunta de Galicia. Cuerpo de Gesti\u00f3n A2 estabilizaci\u00f3n. Se publica la Resoluci\u00f3n por la que se hace p\u00fablica la fecha, hora y sede de realizaci\u00f3n del primer ejercicio.\u00bb<\/span><\/a><\/p>\n","protected":false},"author":1,"featured_media":0,"comment_status":"closed","ping_status":"closed","sticky":false,"template":"","format":"standard","meta":{"footnotes":""},"categories":[56,4],"tags":[71,103],"class_list":["post-11805","post","type-post","status-publish","format-standard","hentry","category-oposiciones-autonomicas-galicia","category-oposiciones-xunta","tag-fecha-examenes","tag-informacion-procesos-selectivos"],"yoast_head":"<!-- This site is optimized with the Yoast SEO plugin v27.5 - https:\/\/yoast.com\/product\/yoast-seo-wordpress\/ -->\n<title>Xunta de Galicia. Cuerpo de Gesti\u00f3n A2 estabilizaci\u00f3n.<\/title>\n<meta name=\"description\" content=\"Xunta de Galicia. Cuerpo de Gesti\u00f3n A2 estabilizaci\u00f3n. Se publica la Resoluci\u00f3n por la que se hace p\u00fablica la fecha, hora y sede de realizaci\u00f3n del primer ejercicio.\" \/>\n<meta name=\"robots\" content=\"index, follow, max-snippet:-1, max-image-preview:large, max-video-preview:-1\" \/>\n<link rel=\"canonical\" href=\"https:\/\/www.emplea-te.com\/noticias-oposiciones\/xunta-de-galicia-cuerpo-de-gestion-a2-estabilizacion-se-publica-la-resolucion-por-la-que-se-hace-publica-la-fecha-hora-y-sede-de-realizacion-del-primer-ejercicio\/\" \/>\n<meta property=\"og:locale\" content=\"es_ES\" \/>\n<meta property=\"og:type\" content=\"article\" \/>\n<meta property=\"og:title\" content=\"Xunta de Galicia. Cuerpo de Gesti\u00f3n A2 estabilizaci\u00f3n.\" \/>\n<meta property=\"og:description\" content=\"Xunta de Galicia. Cuerpo de Gesti\u00f3n A2 estabilizaci\u00f3n. Se publica la Resoluci\u00f3n por la que se hace p\u00fablica la fecha, hora y sede de realizaci\u00f3n del primer ejercicio.\" \/>\n<meta property=\"og:url\" content=\"https:\/\/www.emplea-te.com\/noticias-oposiciones\/xunta-de-galicia-cuerpo-de-gestion-a2-estabilizacion-se-publica-la-resolucion-por-la-que-se-hace-publica-la-fecha-hora-y-sede-de-realizacion-del-primer-ejercicio\/\" \/>\n<meta property=\"og:site_name\" content=\"Noticas de oposiciones por Academia Emplea-te\" \/>\n<meta property=\"article:publisher\" content=\"https:\/\/www.facebook.com\/AcademiaEmpleate\/\" \/>\n<meta property=\"article:published_time\" content=\"2024-02-08T09:05:49+00:00\" \/>\n<meta name=\"author\" content=\"Empleate\" \/>\n<meta name=\"twitter:card\" content=\"summary_large_image\" \/>\n<meta name=\"twitter:creator\" content=\"@Emplea_Te\" \/>\n<meta name=\"twitter:site\" content=\"@Emplea_Te\" \/>\n<meta name=\"twitter:label1\" content=\"Escrito por\" \/>\n\t<meta name=\"twitter:data1\" content=\"Empleate\" \/>\n\t<meta name=\"twitter:label2\" content=\"Tiempo de lectura\" \/>\n\t<meta name=\"twitter:data2\" content=\"2 minutos\" \/>\n<script type=\"application\/ld+json\" class=\"yoast-schema-graph\">{\"@context\":\"https:\\\/\\\/schema.org\",\"@graph\":[{\"@type\":\"Article\",\"@id\":\"https:\\\/\\\/www.emplea-te.com\\\/noticias-oposiciones\\\/xunta-de-galicia-cuerpo-de-gestion-a2-estabilizacion-se-publica-la-resolucion-por-la-que-se-hace-publica-la-fecha-hora-y-sede-de-realizacion-del-primer-ejercicio\\\/#article\",\"isPartOf\":{\"@id\":\"https:\\\/\\\/www.emplea-te.com\\\/noticias-oposiciones\\\/xunta-de-galicia-cuerpo-de-gestion-a2-estabilizacion-se-publica-la-resolucion-por-la-que-se-hace-publica-la-fecha-hora-y-sede-de-realizacion-del-primer-ejercicio\\\/\"},\"author\":{\"name\":\"Empleate\",\"@id\":\"https:\\\/\\\/www.emplea-te.com\\\/noticias-oposiciones\\\/#\\\/schema\\\/person\\\/d1bc587e1af2b95e9c32aba1795509a6\"},\"headline\":\"Xunta de Galicia. Cuerpo de Gesti\u00f3n A2 estabilizaci\u00f3n. Se publica la Resoluci\u00f3n por la que se hace p\u00fablica la fecha, hora y sede de realizaci\u00f3n del primer ejercicio.\",\"datePublished\":\"2024-02-08T09:05:49+00:00\",\"mainEntityOfPage\":{\"@id\":\"https:\\\/\\\/www.emplea-te.com\\\/noticias-oposiciones\\\/xunta-de-galicia-cuerpo-de-gestion-a2-estabilizacion-se-publica-la-resolucion-por-la-que-se-hace-publica-la-fecha-hora-y-sede-de-realizacion-del-primer-ejercicio\\\/\"},\"wordCount\":290,\"publisher\":{\"@id\":\"https:\\\/\\\/www.emplea-te.com\\\/noticias-oposiciones\\\/#organization\"},\"keywords\":[\"Fecha ex\u00e1menes\",\"Informaci\u00f3n procesos selectivos\"],\"articleSection\":[\"Oposiciones Auton\u00f3micas Galicia\",\"Oposiciones Xunta\"],\"inLanguage\":\"es\"},{\"@type\":\"WebPage\",\"@id\":\"https:\\\/\\\/www.emplea-te.com\\\/noticias-oposiciones\\\/xunta-de-galicia-cuerpo-de-gestion-a2-estabilizacion-se-publica-la-resolucion-por-la-que-se-hace-publica-la-fecha-hora-y-sede-de-realizacion-del-primer-ejercicio\\\/\",\"url\":\"https:\\\/\\\/www.emplea-te.com\\\/noticias-oposiciones\\\/xunta-de-galicia-cuerpo-de-gestion-a2-estabilizacion-se-publica-la-resolucion-por-la-que-se-hace-publica-la-fecha-hora-y-sede-de-realizacion-del-primer-ejercicio\\\/\",\"name\":\"Xunta de Galicia. Cuerpo de Gesti\u00f3n A2 estabilizaci\u00f3n.\",\"isPartOf\":{\"@id\":\"https:\\\/\\\/www.emplea-te.com\\\/noticias-oposiciones\\\/#website\"},\"datePublished\":\"2024-02-08T09:05:49+00:00\",\"description\":\"Xunta de Galicia. Cuerpo de Gesti\u00f3n A2 estabilizaci\u00f3n. Se publica la Resoluci\u00f3n por la que se hace p\u00fablica la fecha, hora y sede de realizaci\u00f3n del primer ejercicio.\",\"breadcrumb\":{\"@id\":\"https:\\\/\\\/www.emplea-te.com\\\/noticias-oposiciones\\\/xunta-de-galicia-cuerpo-de-gestion-a2-estabilizacion-se-publica-la-resolucion-por-la-que-se-hace-publica-la-fecha-hora-y-sede-de-realizacion-del-primer-ejercicio\\\/#breadcrumb\"},\"inLanguage\":\"es\",\"potentialAction\":[{\"@type\":\"ReadAction\",\"target\":[\"https:\\\/\\\/www.emplea-te.com\\\/noticias-oposiciones\\\/xunta-de-galicia-cuerpo-de-gestion-a2-estabilizacion-se-publica-la-resolucion-por-la-que-se-hace-publica-la-fecha-hora-y-sede-de-realizacion-del-primer-ejercicio\\\/\"]}]},{\"@type\":\"BreadcrumbList\",\"@id\":\"https:\\\/\\\/www.emplea-te.com\\\/noticias-oposiciones\\\/xunta-de-galicia-cuerpo-de-gestion-a2-estabilizacion-se-publica-la-resolucion-por-la-que-se-hace-publica-la-fecha-hora-y-sede-de-realizacion-del-primer-ejercicio\\\/#breadcrumb\",\"itemListElement\":[{\"@type\":\"ListItem\",\"position\":1,\"name\":\"Noticias Oposiciones\",\"item\":\"https:\\\/\\\/www.emplea-te.com\\\/noticias-oposiciones\\\/\"},{\"@type\":\"ListItem\",\"position\":2,\"name\":\"Oposiciones Xunta\",\"item\":\"https:\\\/\\\/www.emplea-te.com\\\/noticias-oposiciones\\\/categoria\\\/oposiciones-xunta\\\/\"},{\"@type\":\"ListItem\",\"position\":3,\"name\":\"Xunta de Galicia. Cuerpo de Gesti\u00f3n A2 estabilizaci\u00f3n. Se publica la Resoluci\u00f3n por la que se hace p\u00fablica la fecha, hora y sede de realizaci\u00f3n del primer ejercicio.\"}]},{\"@type\":\"WebSite\",\"@id\":\"https:\\\/\\\/www.emplea-te.com\\\/noticias-oposiciones\\\/#website\",\"url\":\"https:\\\/\\\/www.emplea-te.com\\\/noticias-oposiciones\\\/\",\"name\":\"Noticas de oposiciones por Academia Emplea-te\",\"description\":\"Toda la actualidad de las ofertas y convocatorias.\",\"publisher\":{\"@id\":\"https:\\\/\\\/www.emplea-te.com\\\/noticias-oposiciones\\\/#organization\"},\"potentialAction\":[{\"@type\":\"SearchAction\",\"target\":{\"@type\":\"EntryPoint\",\"urlTemplate\":\"https:\\\/\\\/www.emplea-te.com\\\/noticias-oposiciones\\\/?s={search_term_string}\"},\"query-input\":{\"@type\":\"PropertyValueSpecification\",\"valueRequired\":true,\"valueName\":\"search_term_string\"}}],\"inLanguage\":\"es\"},{\"@type\":\"Organization\",\"@id\":\"https:\\\/\\\/www.emplea-te.com\\\/noticias-oposiciones\\\/#organization\",\"name\":\"Academia de oposiciones Empl\u00e9ate\",\"url\":\"https:\\\/\\\/www.emplea-te.com\\\/noticias-oposiciones\\\/\",\"logo\":{\"@type\":\"ImageObject\",\"inLanguage\":\"es\",\"@id\":\"https:\\\/\\\/www.emplea-te.com\\\/noticias-oposiciones\\\/#\\\/schema\\\/logo\\\/image\\\/\",\"url\":\"https:\\\/\\\/www.emplea-te.com\\\/noticias-oposiciones\\\/wp-content\\\/uploads\\\/2019\\\/04\\\/empleate.jpg\",\"contentUrl\":\"https:\\\/\\\/www.emplea-te.com\\\/noticias-oposiciones\\\/wp-content\\\/uploads\\\/2019\\\/04\\\/empleate.jpg\",\"width\":250,\"height\":150,\"caption\":\"Academia de oposiciones Empl\u00e9ate\"},\"image\":{\"@id\":\"https:\\\/\\\/www.emplea-te.com\\\/noticias-oposiciones\\\/#\\\/schema\\\/logo\\\/image\\\/\"},\"sameAs\":[\"https:\\\/\\\/www.facebook.com\\\/AcademiaEmpleate\\\/\",\"https:\\\/\\\/x.com\\\/Emplea_Te\",\"https:\\\/\\\/www.instagram.com\\\/academia_empleate\\\/\"]},{\"@type\":\"Person\",\"@id\":\"https:\\\/\\\/www.emplea-te.com\\\/noticias-oposiciones\\\/#\\\/schema\\\/person\\\/d1bc587e1af2b95e9c32aba1795509a6\",\"name\":\"Empleate\"}]}<\/script>\n<!-- \/ Yoast SEO plugin. -->","yoast_head_json":{"title":"Xunta de Galicia. Cuerpo de Gesti\u00f3n A2 estabilizaci\u00f3n.","description":"Xunta de Galicia. Cuerpo de Gesti\u00f3n A2 estabilizaci\u00f3n. Se publica la Resoluci\u00f3n por la que se hace p\u00fablica la fecha, hora y sede de realizaci\u00f3n del primer ejercicio.","robots":{"index":"index","follow":"follow","max-snippet":"max-snippet:-1","max-image-preview":"max-image-preview:large","max-video-preview":"max-video-preview:-1"},"canonical":"https:\/\/www.emplea-te.com\/noticias-oposiciones\/xunta-de-galicia-cuerpo-de-gestion-a2-estabilizacion-se-publica-la-resolucion-por-la-que-se-hace-publica-la-fecha-hora-y-sede-de-realizacion-del-primer-ejercicio\/","og_locale":"es_ES","og_type":"article","og_title":"Xunta de Galicia. Cuerpo de Gesti\u00f3n A2 estabilizaci\u00f3n.","og_description":"Xunta de Galicia. Cuerpo de Gesti\u00f3n A2 estabilizaci\u00f3n. Se publica la Resoluci\u00f3n por la que se hace p\u00fablica la fecha, hora y sede de realizaci\u00f3n del primer ejercicio.","og_url":"https:\/\/www.emplea-te.com\/noticias-oposiciones\/xunta-de-galicia-cuerpo-de-gestion-a2-estabilizacion-se-publica-la-resolucion-por-la-que-se-hace-publica-la-fecha-hora-y-sede-de-realizacion-del-primer-ejercicio\/","og_site_name":"Noticas de oposiciones por Academia Emplea-te","article_publisher":"https:\/\/www.facebook.com\/AcademiaEmpleate\/","article_published_time":"2024-02-08T09:05:49+00:00","author":"Empleate","twitter_card":"summary_large_image","twitter_creator":"@Emplea_Te","twitter_site":"@Emplea_Te","twitter_misc":{"Escrito por":"Empleate","Tiempo de lectura":"2 minutos"},"schema":{"@context":"https:\/\/schema.org","@graph":[{"@type":"Article","@id":"https:\/\/www.emplea-te.com\/noticias-oposiciones\/xunta-de-galicia-cuerpo-de-gestion-a2-estabilizacion-se-publica-la-resolucion-por-la-que-se-hace-publica-la-fecha-hora-y-sede-de-realizacion-del-primer-ejercicio\/#article","isPartOf":{"@id":"https:\/\/www.emplea-te.com\/noticias-oposiciones\/xunta-de-galicia-cuerpo-de-gestion-a2-estabilizacion-se-publica-la-resolucion-por-la-que-se-hace-publica-la-fecha-hora-y-sede-de-realizacion-del-primer-ejercicio\/"},"author":{"name":"Empleate","@id":"https:\/\/www.emplea-te.com\/noticias-oposiciones\/#\/schema\/person\/d1bc587e1af2b95e9c32aba1795509a6"},"headline":"Xunta de Galicia. Cuerpo de Gesti\u00f3n A2 estabilizaci\u00f3n. Se publica la Resoluci\u00f3n por la que se hace p\u00fablica la fecha, hora y sede de realizaci\u00f3n del primer ejercicio.","datePublished":"2024-02-08T09:05:49+00:00","mainEntityOfPage":{"@id":"https:\/\/www.emplea-te.com\/noticias-oposiciones\/xunta-de-galicia-cuerpo-de-gestion-a2-estabilizacion-se-publica-la-resolucion-por-la-que-se-hace-publica-la-fecha-hora-y-sede-de-realizacion-del-primer-ejercicio\/"},"wordCount":290,"publisher":{"@id":"https:\/\/www.emplea-te.com\/noticias-oposiciones\/#organization"},"keywords":["Fecha ex\u00e1menes","Informaci\u00f3n procesos selectivos"],"articleSection":["Oposiciones Auton\u00f3micas Galicia","Oposiciones Xunta"],"inLanguage":"es"},{"@type":"WebPage","@id":"https:\/\/www.emplea-te.com\/noticias-oposiciones\/xunta-de-galicia-cuerpo-de-gestion-a2-estabilizacion-se-publica-la-resolucion-por-la-que-se-hace-publica-la-fecha-hora-y-sede-de-realizacion-del-primer-ejercicio\/","url":"https:\/\/www.emplea-te.com\/noticias-oposiciones\/xunta-de-galicia-cuerpo-de-gestion-a2-estabilizacion-se-publica-la-resolucion-por-la-que-se-hace-publica-la-fecha-hora-y-sede-de-realizacion-del-primer-ejercicio\/","name":"Xunta de Galicia. Cuerpo de Gesti\u00f3n A2 estabilizaci\u00f3n.","isPartOf":{"@id":"https:\/\/www.emplea-te.com\/noticias-oposiciones\/#website"},"datePublished":"2024-02-08T09:05:49+00:00","description":"Xunta de Galicia. Cuerpo de Gesti\u00f3n A2 estabilizaci\u00f3n. Se publica la Resoluci\u00f3n por la que se hace p\u00fablica la fecha, hora y sede de realizaci\u00f3n del primer ejercicio.","breadcrumb":{"@id":"https:\/\/www.emplea-te.com\/noticias-oposiciones\/xunta-de-galicia-cuerpo-de-gestion-a2-estabilizacion-se-publica-la-resolucion-por-la-que-se-hace-publica-la-fecha-hora-y-sede-de-realizacion-del-primer-ejercicio\/#breadcrumb"},"inLanguage":"es","potentialAction":[{"@type":"ReadAction","target":["https:\/\/www.emplea-te.com\/noticias-oposiciones\/xunta-de-galicia-cuerpo-de-gestion-a2-estabilizacion-se-publica-la-resolucion-por-la-que-se-hace-publica-la-fecha-hora-y-sede-de-realizacion-del-primer-ejercicio\/"]}]},{"@type":"BreadcrumbList","@id":"https:\/\/www.emplea-te.com\/noticias-oposiciones\/xunta-de-galicia-cuerpo-de-gestion-a2-estabilizacion-se-publica-la-resolucion-por-la-que-se-hace-publica-la-fecha-hora-y-sede-de-realizacion-del-primer-ejercicio\/#breadcrumb","itemListElement":[{"@type":"ListItem","position":1,"name":"Noticias Oposiciones","item":"https:\/\/www.emplea-te.com\/noticias-oposiciones\/"},{"@type":"ListItem","position":2,"name":"Oposiciones Xunta","item":"https:\/\/www.emplea-te.com\/noticias-oposiciones\/categoria\/oposiciones-xunta\/"},{"@type":"ListItem","position":3,"name":"Xunta de Galicia. Cuerpo de Gesti\u00f3n A2 estabilizaci\u00f3n. Se publica la Resoluci\u00f3n por la que se hace p\u00fablica la fecha, hora y sede de realizaci\u00f3n del primer ejercicio."}]},{"@type":"WebSite","@id":"https:\/\/www.emplea-te.com\/noticias-oposiciones\/#website","url":"https:\/\/www.emplea-te.com\/noticias-oposiciones\/","name":"Noticas de oposiciones por Academia Emplea-te","description":"Toda la actualidad de las ofertas y convocatorias.","publisher":{"@id":"https:\/\/www.emplea-te.com\/noticias-oposiciones\/#organization"},"potentialAction":[{"@type":"SearchAction","target":{"@type":"EntryPoint","urlTemplate":"https:\/\/www.emplea-te.com\/noticias-oposiciones\/?s={search_term_string}"},"query-input":{"@type":"PropertyValueSpecification","valueRequired":true,"valueName":"search_term_string"}}],"inLanguage":"es"},{"@type":"Organization","@id":"https:\/\/www.emplea-te.com\/noticias-oposiciones\/#organization","name":"Academia de oposiciones Empl\u00e9ate","url":"https:\/\/www.emplea-te.com\/noticias-oposiciones\/","logo":{"@type":"ImageObject","inLanguage":"es","@id":"https:\/\/www.emplea-te.com\/noticias-oposiciones\/#\/schema\/logo\/image\/","url":"https:\/\/www.emplea-te.com\/noticias-oposiciones\/wp-content\/uploads\/2019\/04\/empleate.jpg","contentUrl":"https:\/\/www.emplea-te.com\/noticias-oposiciones\/wp-content\/uploads\/2019\/04\/empleate.jpg","width":250,"height":150,"caption":"Academia de oposiciones Empl\u00e9ate"},"image":{"@id":"https:\/\/www.emplea-te.com\/noticias-oposiciones\/#\/schema\/logo\/image\/"},"sameAs":["https:\/\/www.facebook.com\/AcademiaEmpleate\/","https:\/\/x.com\/Emplea_Te","https:\/\/www.instagram.com\/academia_empleate\/"]},{"@type":"Person","@id":"https:\/\/www.emplea-te.com\/noticias-oposiciones\/#\/schema\/person\/d1bc587e1af2b95e9c32aba1795509a6","name":"Empleate"}]}},"_links":{"self":[{"href":"https:\/\/www.emplea-te.com\/noticias-oposiciones\/wp-json\/wp\/v2\/posts\/11805","targetHints":{"allow":["GET"]}}],"collection":[{"href":"https:\/\/www.emplea-te.com\/noticias-oposiciones\/wp-json\/wp\/v2\/posts"}],"about":[{"href":"https:\/\/www.emplea-te.com\/noticias-oposiciones\/wp-json\/wp\/v2\/types\/post"}],"author":[{"embeddable":true,"href":"https:\/\/www.emplea-te.com\/noticias-oposiciones\/wp-json\/wp\/v2\/users\/1"}],"replies":[{"embeddable":true,"href":"https:\/\/www.emplea-te.com\/noticias-oposiciones\/wp-json\/wp\/v2\/comments?post=11805"}],"version-history":[{"count":1,"href":"https:\/\/www.emplea-te.com\/noticias-oposiciones\/wp-json\/wp\/v2\/posts\/11805\/revisions"}],"predecessor-version":[{"id":11807,"href":"https:\/\/www.emplea-te.com\/noticias-oposiciones\/wp-json\/wp\/v2\/posts\/11805\/revisions\/11807"}],"wp:attachment":[{"href":"https:\/\/www.emplea-te.com\/noticias-oposiciones\/wp-json\/wp\/v2\/media?parent=11805"}],"wp:term":[{"taxonomy":"category","embeddable":true,"href":"https:\/\/www.emplea-te.com\/noticias-oposiciones\/wp-json\/wp\/v2\/categories?post=11805"},{"taxonomy":"post_tag","embeddable":true,"href":"https:\/\/www.emplea-te.com\/noticias-oposiciones\/wp-json\/wp\/v2\/tags?post=11805"}],"curies":[{"name":"wp","href":"https:\/\/api.w.org\/{rel}","templated":true}]}}