{"id":11891,"date":"2024-02-21T19:02:31","date_gmt":"2024-02-21T18:02:31","guid":{"rendered":"https:\/\/www.emplea-te.com\/noticias-oposiciones\/?p=11891"},"modified":"2024-02-21T19:02:31","modified_gmt":"2024-02-21T18:02:31","slug":"tramitacion-procesal-y-administrativa-turno-libre-concurso-oposicion-370-plazas-convocadas-distribucion-de-opositores-en-aulas-para-la-realizacion-de-los-ejercicios","status":"publish","type":"post","link":"https:\/\/www.emplea-te.com\/noticias-oposiciones\/tramitacion-procesal-y-administrativa-turno-libre-concurso-oposicion-370-plazas-convocadas-distribucion-de-opositores-en-aulas-para-la-realizacion-de-los-ejercicios\/","title":{"rendered":"Tramitaci\u00f3n Procesal y Administrativa turno libre concurso-oposici\u00f3n 370 plazas convocadas. Distribuci\u00f3n de opositores en aulas para la realizaci\u00f3n de los ejercicios."},"content":{"rendered":"<p class=\"convocatoria__title\">Se publica en la Web del Ministerio de Justicia la siguiente informaci\u00f3n referente a los ex\u00e1menes de Tramitaci\u00f3n Procesal y Administrativa, turno libre:<\/p>\n<div class=\"ExternalClass7D8A351B200C4CD0ABC9C23907ACD8C4\">\n<p>\u200bDistribuci\u00f3n de los opositores en aulas en los lugares de celebraci\u00f3n de los tres ejercicios para el Cuerpo de Tramitaci\u00f3n Procesal y Administrativa, turno libre, Orden JUS\/1327\/2022, de 28 de diciembre.<\/p>\n<p>Fecha del examen: 2-3-2022<\/p>\n<p>Hora de llamamiento: 9,00 horas (8.00 horas en Canarias)<\/p>\n<\/div>\n<div class=\"tituloListaExtras\"><\/div>\n<ul class=\"list-download\">\n<li class=\"list-download__item\"><a class=\"list-download__link\" href=\"https:\/\/www.mjusticia.gob.es\/es\/Ciudadano\/EmpleoPublico\/Documents\/AULAS%20MINISTERIO%20J.%20TR%20LIBRE%20TURNO%20RESERVA%20PERSONAS%20CON%20DISCAPACIDAD.pdf\" data-insuit-uuid=\"a6d0edd5-7356-4110-bb5d-24df79d07257\">MINISTERIO J. AULAS TR LIBRE\u00a0 CRD<\/a><\/li>\n<li class=\"list-download__item\"><a class=\"list-download__link\" href=\"https:\/\/www.mjusticia.gob.es\/es\/Ciudadano\/EmpleoPublico\/Documents\/AULAS%20MINISTERIO%20J.%20TR%20LIBRE%20GENERAL.pdf\" data-insuit-uuid=\"ac9a12a6-d630-4c4b-8cfa-c378a69a5efd\">MINISTERIO J. AULAS TR LIBRE GENERAL<\/a><\/li>\n<li class=\"list-download__item\"><a class=\"list-download__link\" href=\"https:\/\/www.mjusticia.gob.es\/es\/Ciudadano\/EmpleoPublico\/Documents\/MINISTERIO%20J.%20PLANO%20UCM.pdf\" data-insuit-uuid=\"87b74caa-a691-44cd-8306-081db0074a70\">MINISTERIO J. PLANO UCM.pdf<\/a><\/li>\n<li class=\"list-download__item\"><a class=\"list-download__link\" href=\"https:\/\/www.mjusticia.gob.es\/es\/Ciudadano\/EmpleoPublico\/Documents\/MINISTERIO%20J.%20AULAS%20FACULTAD%20DERECHO%20UCM.pdf\" data-insuit-uuid=\"0d75e606-c8d1-4fa0-885f-9d61d0b7b2b4\">MINISTERIO J. AULAS FACULTAD DERECHO UCM.pdf<\/a><\/li>\n<li class=\"list-download__item\"><a class=\"list-download__link\" href=\"https:\/\/www.mjusticia.gob.es\/es\/Ciudadano\/EmpleoPublico\/Documents\/ALBACETE%20Plano%20Derecho%20y%20CC.EE.-Albacete.png\" data-insuit-uuid=\"f72411b8-78a0-4f39-a147-e18dc138c659\">ALBACETE PLANO TR LIBRE<\/a><\/li>\n<li class=\"list-download__item\"><a class=\"list-download__link\" href=\"https:\/\/www.mjusticia.gob.es\/es\/Ciudadano\/EmpleoPublico\/Documents\/ALBACETE%20AULAS%20TR%20LIBRE.pdf\" data-insuit-uuid=\"c3c4c568-5269-48a0-9468-089061f1d736\">ALBACETE AULAS TR LIBRE<\/a><\/li>\n<li class=\"list-download__item\"><a class=\"list-download__link\" href=\"https:\/\/www.mjusticia.gob.es\/es\/Ciudadano\/EmpleoPublico\/Documents\/ALBACETE%20MelchorMacanaz.png\" data-insuit-uuid=\"bf6e08cb-ecdb-4da5-a385-5e11b9fe7cba\">ALBACETE MELCHOR MACANAZ<\/a><\/li>\n<li class=\"list-download__item\"><a class=\"list-download__link\" href=\"https:\/\/www.mjusticia.gob.es\/es\/Ciudadano\/EmpleoPublico\/Documents\/ANDALUCIA%20AULAS%20TR%20PI.pdf\" data-insuit-uuid=\"361dd845-442c-461c-b7f2-9a567b876211\">ANDALUCIA AULAS TR LIBRE<\/a><\/li>\n<li class=\"list-download__item\"><a class=\"list-download__link\" href=\"https:\/\/www.mjusticia.gob.es\/es\/Ciudadano\/EmpleoPublico\/Documents\/ANDALUCIA%20PLANO%20Y%20NOTA%20INFORMATIVA.pdf\" data-insuit-uuid=\"7aae6f67-fb2f-4b27-8d14-be2acc19c0e3\">ANDALUCIA PLANO Y NOTA INFORMATIVA<\/a><\/li>\n<li class=\"list-download__item\"><a class=\"list-download__link\" href=\"https:\/\/www.mjusticia.gob.es\/es\/Ciudadano\/EmpleoPublico\/Documents\/ASTURIAS%20AULAS%20TR%20LIBRE.pdf\" data-insuit-uuid=\"fee99b9c-fb71-42f6-af26-b4dd206e5279\">ASTURIAS AULAS TR LIBRE<\/a><\/li>\n<li class=\"list-download__item\"><a class=\"list-download__link\" href=\"https:\/\/www.mjusticia.gob.es\/es\/Ciudadano\/EmpleoPublico\/Documents\/ASTURIAS%20PLANO%20TR%20LIBRE.pdf\" data-insuit-uuid=\"a0bf7ca5-6266-4569-83b9-358415a09023\">ASTURIAS PLANO TR LIBRE<\/a><\/li>\n<li class=\"list-download__item\"><a class=\"list-download__link\" href=\"https:\/\/www.mjusticia.gob.es\/es\/Ciudadano\/EmpleoPublico\/Documents\/BALEARES%20AULAS%20TR%20LIBRE.pdf\" data-insuit-uuid=\"7a9e14b9-abfc-420b-a3c4-457256a43282\">BALEARES AULAS TR LIBRE<\/a><\/li>\n<li class=\"list-download__item\"><a class=\"list-download__link\" href=\"https:\/\/www.mjusticia.gob.es\/es\/Ciudadano\/EmpleoPublico\/Documents\/CACERES%20PLANO%20E.U.%20POLIT%C3%89CNICA%20(ACCESO%20AULAS).pdf\" data-insuit-uuid=\"610c5ec1-338e-42ef-b00f-86b328b638d0\">CACERES PLANO E U POLITECNICA<\/a><\/li>\n<li class=\"list-download__item\"><a class=\"list-download__link\" href=\"https:\/\/www.mjusticia.gob.es\/es\/Ciudadano\/EmpleoPublico\/Documents\/CACERES%20AULAS%20TR%20LIBRE.pdf\" data-insuit-uuid=\"f53fd30a-e35e-4132-beb7-31e919d03969\">CACERES AULAS TR LIBRE<\/a><\/li>\n<li class=\"list-download__item\"><a class=\"list-download__link\" href=\"https:\/\/www.mjusticia.gob.es\/es\/Ciudadano\/EmpleoPublico\/Documents\/LISTADO%20AULAS%20TRAMITACI%C3%93N%20GALICIA.pdf\" data-insuit-uuid=\"073a42eb-0547-4ffd-84e7-06e22e64dd02\">GALICIA AULAS TR LIBRE<\/a><\/li>\n<li class=\"list-download__item\"><a class=\"list-download__link\" href=\"https:\/\/www.mjusticia.gob.es\/es\/Ciudadano\/EmpleoPublico\/Documents\/LA%20RIOJA%20DISTRIBUCION%20OPOSITORES.pdf\" data-insuit-uuid=\"338661f4-94b6-4066-9799-8e8602ad1e2d\">LA RIOJA AULAS TR LIBRE<\/a><\/li>\n<li class=\"list-download__item\"><a class=\"list-download__link\" href=\"https:\/\/www.mjusticia.gob.es\/es\/Ciudadano\/EmpleoPublico\/Documents\/LA%20RIOJA%C2%A0%20Campus.pdf\" data-insuit-uuid=\"f2436fe9-4e2b-4c07-96fb-9a5aaa6eaf45\">LA RIOJA CAMPUS<\/a><\/li>\n<li class=\"list-download__item\"><a class=\"list-download__link\" href=\"https:\/\/www.mjusticia.gob.es\/es\/Ciudadano\/EmpleoPublico\/Documents\/LA%20RIOJA%20CCT%20edificio.jpg\" data-insuit-uuid=\"519c0a4b-a476-4e70-b4ea-9d1d5abd9b94\">LA RIOJA CCT EDIFICIO<\/a><\/li>\n<li class=\"list-download__item\"><a class=\"list-download__link\" href=\"https:\/\/www.mjusticia.gob.es\/es\/Ciudadano\/EmpleoPublico\/Documents\/LA%20RIOJA%20CCT%20aula%20tipo%201.jpg\" data-insuit-uuid=\"d5343283-a9ce-4629-81b7-d59fabdbc9d4\">LA RIOJA CCT AULA TIPO 1<\/a><\/li>\n<li class=\"list-download__item\"><a class=\"list-download__link\" href=\"https:\/\/www.mjusticia.gob.es\/es\/Ciudadano\/EmpleoPublico\/Documents\/LA%20RIOJA%C2%A0%20CCT%202%20Aulario%20-%20Planta%201%20-%20Espacios.pdf\" data-insuit-uuid=\"0de93b6e-2fab-4a6b-b08c-0d1c0c26cc89\">LA RIOJA CCT AULARIO PL 1<\/a><\/li>\n<li class=\"list-download__item\"><a class=\"list-download__link\" href=\"https:\/\/www.mjusticia.gob.es\/es\/Ciudadano\/EmpleoPublico\/Documents\/MELILLA%20AULAS%20TRAMITACION%20GENERAL.pdf\" data-insuit-uuid=\"49c92676-5456-46f2-be6d-7bce1634c00f\">MELILLA AULAS TR LIBRE GENERAL<\/a><\/li>\n<li class=\"list-download__item\"><a class=\"list-download__link\" href=\"https:\/\/www.mjusticia.gob.es\/es\/Ciudadano\/EmpleoPublico\/Documents\/MELILLA%20AULAS%20TRAMITACION%20CRD.pdf\" data-insuit-uuid=\"7d918375-5bfb-4e16-9b8b-2445dab2e347\">MELILLA AULAS TR LIBRE CRD<\/a><\/li>\n<li class=\"list-download__item\"><a class=\"list-download__link\" href=\"https:\/\/www.mjusticia.gob.es\/es\/Ciudadano\/EmpleoPublico\/Documents\/MURCIA%20AULAS%20TR%20LIBRE.pdf\" data-insuit-uuid=\"5af07c37-3e09-4133-94fa-e069b67caf72\">MURCIA AULAS TR LIBRE<\/a><\/li>\n<li class=\"list-download__item\"><a class=\"list-download__link\" href=\"https:\/\/www.mjusticia.gob.es\/es\/Ciudadano\/EmpleoPublico\/Documents\/MURCIA%20PLANO%20AULARIO%20GENERAL.pdf\" data-insuit-uuid=\"3c10b50e-79bb-4629-bd46-502cb5be483c\">MURCIA AULARIO GENERAL TR LIBRE<\/a><\/li>\n<li class=\"list-download__item\"><a class=\"list-download__link\" href=\"https:\/\/www.mjusticia.gob.es\/es\/Ciudadano\/EmpleoPublico\/Documents\/NAVARRA%20AULAS%20TR%20LIBRE.pdf\" data-insuit-uuid=\"8a6248e2-32c4-4532-b07f-44c953e50e77\">NAVARRA AULAS TR LIBRE<\/a><\/li>\n<li class=\"list-download__item\"><a class=\"list-download__link\" href=\"https:\/\/www.mjusticia.gob.es\/es\/Ciudadano\/EmpleoPublico\/Documents\/PAIS%20VASCO%20AULAS%20TR%20LIBRE.pdf\" data-insuit-uuid=\"f15dc64d-3e1c-40ab-bcbf-01b7117b0d81\">PAIS VASCO AULAS TR LIBRE<\/a><\/li>\n<li class=\"list-download__item\"><a class=\"list-download__link\" href=\"https:\/\/www.mjusticia.gob.es\/es\/Ciudadano\/EmpleoPublico\/Documents\/TENERIFE%20AULAS%20TR%20LIBRE.pdf\" data-insuit-uuid=\"c52b20c2-5bc0-4ad2-a9e3-0da5f305d434\">TENERIFE AULAS TR LIBRE<\/a><\/li>\n<li class=\"list-download__item\"><a class=\"list-download__link\" href=\"https:\/\/www.mjusticia.gob.es\/es\/Ciudadano\/EmpleoPublico\/Documents\/TENERIFE%20Planos%20Aulario,%20Anexo%20Aulario%20y%20Facultad%20de%20Derecho.pdf\" data-insuit-uuid=\"218a809d-d3df-4806-a1e6-2c313e688681\">TENERIFE AULARIO TR LIBRE<\/a><\/li>\n<li class=\"list-download__item\"><a class=\"list-download__link\" href=\"https:\/\/www.mjusticia.gob.es\/es\/Ciudadano\/EmpleoPublico\/Documents\/VALLADOLID%20AULAS%20TR%20LIBRE.pdf\" data-insuit-uuid=\"c352bb16-73a7-4869-971a-8ad60e54f690\">VALLADOLID AULAS TR LIBRE<\/a><\/li>\n<li class=\"list-download__item\"><a class=\"list-download__link\" href=\"https:\/\/www.mjusticia.gob.es\/es\/Ciudadano\/EmpleoPublico\/Documents\/VALLADOLID%20PLANOS%20TR%20LIBRE%20CAMPUS%20ESGUEVA.pdf\" data-insuit-uuid=\"2b3d5fee-4fce-4b88-990b-c43c12c22242\">VALLADOLID CAMPUS TR LIBRE<\/a><\/li>\n<li class=\"list-download__item\"><a class=\"list-download__link\" href=\"https:\/\/www.mjusticia.gob.es\/es\/Ciudadano\/EmpleoPublico\/Documents\/ZARAGOZA%20AULAS%20TR%20LIBRE.pdf\" data-insuit-uuid=\"d994c65b-66f1-4305-92ae-053dc8ce2f55\">ZARAGOZA AULAS TR LIBRE<\/a><\/li>\n<li class=\"list-download__item\"><a class=\"list-download__link\" href=\"https:\/\/www.mjusticia.gob.es\/es\/Ciudadano\/EmpleoPublico\/Documents\/ZARAGOZA%20PLANO%20ADA%20BYRON.pdf\" data-insuit-uuid=\"1effb031-fe3d-4249-a87e-c3c7d4ba3195\">ZARAGOZA PLANO ADA BYRON<\/a><\/li>\n<\/ul>\n","protected":false},"excerpt":{"rendered":"<p>Se publica en la Web del Ministerio de Justicia la siguiente informaci\u00f3n referente a los ex\u00e1menes de Tramitaci\u00f3n Procesal y Administrativa, turno libre: \u200bDistribuci\u00f3n de los opositores en aulas en los lugares de celebraci\u00f3n de los tres ejercicios para el Cuerpo de Tramitaci\u00f3n Procesal y Administrativa, turno libre, Orden JUS\/1327\/2022, de 28 de diciembre. Fecha &hellip; <a href=\"https:\/\/www.emplea-te.com\/noticias-oposiciones\/tramitacion-procesal-y-administrativa-turno-libre-concurso-oposicion-370-plazas-convocadas-distribucion-de-opositores-en-aulas-para-la-realizacion-de-los-ejercicios\/\" class=\"more-link\">Continuar leyendo<span class=\"screen-reader-text\"> \u00abTramitaci\u00f3n Procesal y Administrativa turno libre concurso-oposici\u00f3n 370 plazas convocadas. Distribuci\u00f3n de opositores en aulas para la realizaci\u00f3n de los ejercicios.\u00bb<\/span><\/a><\/p>\n","protected":false},"author":1,"featured_media":0,"comment_status":"closed","ping_status":"closed","sticky":false,"template":"","format":"standard","meta":{"footnotes":""},"categories":[14,16],"tags":[71,103],"class_list":["post-11891","post","type-post","status-publish","format-standard","hentry","category-oposiciones-justicia","category-oposiciones-tramitacion-procesal","tag-fecha-examenes","tag-informacion-procesos-selectivos"],"yoast_head":"<!-- This site is optimized with the Yoast SEO plugin v27.5 - https:\/\/yoast.com\/product\/yoast-seo-wordpress\/ -->\n<title>Tramitaci\u00f3n Procesal y Administrativa. Convocatoria.<\/title>\n<meta name=\"description\" content=\"Tramitaci\u00f3n Procesal y Administrativa turno libre concurso-oposici\u00f3n 370 plazas convocadas. Distribuci\u00f3n de opositores en aulas para la realizaci\u00f3n de los ejercicios.\" \/>\n<meta name=\"robots\" content=\"index, follow, max-snippet:-1, max-image-preview:large, max-video-preview:-1\" \/>\n<link rel=\"canonical\" href=\"https:\/\/www.emplea-te.com\/noticias-oposiciones\/tramitacion-procesal-y-administrativa-turno-libre-concurso-oposicion-370-plazas-convocadas-distribucion-de-opositores-en-aulas-para-la-realizacion-de-los-ejercicios\/\" \/>\n<meta property=\"og:locale\" content=\"es_ES\" \/>\n<meta property=\"og:type\" content=\"article\" \/>\n<meta property=\"og:title\" content=\"Tramitaci\u00f3n Procesal y Administrativa. Convocatoria.\" \/>\n<meta property=\"og:description\" content=\"Tramitaci\u00f3n Procesal y Administrativa turno libre concurso-oposici\u00f3n 370 plazas convocadas. Distribuci\u00f3n de opositores en aulas para la realizaci\u00f3n de los ejercicios.\" \/>\n<meta property=\"og:url\" content=\"https:\/\/www.emplea-te.com\/noticias-oposiciones\/tramitacion-procesal-y-administrativa-turno-libre-concurso-oposicion-370-plazas-convocadas-distribucion-de-opositores-en-aulas-para-la-realizacion-de-los-ejercicios\/\" \/>\n<meta property=\"og:site_name\" content=\"Noticas de oposiciones por Academia Emplea-te\" \/>\n<meta property=\"article:publisher\" content=\"https:\/\/www.facebook.com\/AcademiaEmpleate\/\" \/>\n<meta property=\"article:published_time\" content=\"2024-02-21T18:02:31+00:00\" \/>\n<meta name=\"author\" content=\"Empleate\" \/>\n<meta name=\"twitter:card\" content=\"summary_large_image\" \/>\n<meta name=\"twitter:creator\" content=\"@Emplea_Te\" \/>\n<meta name=\"twitter:site\" content=\"@Emplea_Te\" \/>\n<meta name=\"twitter:label1\" content=\"Escrito por\" \/>\n\t<meta name=\"twitter:data1\" content=\"Empleate\" \/>\n\t<meta name=\"twitter:label2\" content=\"Tiempo de lectura\" \/>\n\t<meta name=\"twitter:data2\" content=\"1 minuto\" \/>\n<script type=\"application\/ld+json\" class=\"yoast-schema-graph\">{\"@context\":\"https:\\\/\\\/schema.org\",\"@graph\":[{\"@type\":\"Article\",\"@id\":\"https:\\\/\\\/www.emplea-te.com\\\/noticias-oposiciones\\\/tramitacion-procesal-y-administrativa-turno-libre-concurso-oposicion-370-plazas-convocadas-distribucion-de-opositores-en-aulas-para-la-realizacion-de-los-ejercicios\\\/#article\",\"isPartOf\":{\"@id\":\"https:\\\/\\\/www.emplea-te.com\\\/noticias-oposiciones\\\/tramitacion-procesal-y-administrativa-turno-libre-concurso-oposicion-370-plazas-convocadas-distribucion-de-opositores-en-aulas-para-la-realizacion-de-los-ejercicios\\\/\"},\"author\":{\"name\":\"Empleate\",\"@id\":\"https:\\\/\\\/www.emplea-te.com\\\/noticias-oposiciones\\\/#\\\/schema\\\/person\\\/d1bc587e1af2b95e9c32aba1795509a6\"},\"headline\":\"Tramitaci\u00f3n Procesal y Administrativa turno libre concurso-oposici\u00f3n 370 plazas convocadas. Distribuci\u00f3n de opositores en aulas para la realizaci\u00f3n de los ejercicios.\",\"datePublished\":\"2024-02-21T18:02:31+00:00\",\"mainEntityOfPage\":{\"@id\":\"https:\\\/\\\/www.emplea-te.com\\\/noticias-oposiciones\\\/tramitacion-procesal-y-administrativa-turno-libre-concurso-oposicion-370-plazas-convocadas-distribucion-de-opositores-en-aulas-para-la-realizacion-de-los-ejercicios\\\/\"},\"wordCount\":238,\"publisher\":{\"@id\":\"https:\\\/\\\/www.emplea-te.com\\\/noticias-oposiciones\\\/#organization\"},\"keywords\":[\"Fecha ex\u00e1menes\",\"Informaci\u00f3n procesos selectivos\"],\"articleSection\":[\"Oposiciones Justicia\",\"Oposiciones Tramitaci\u00f3n Procesal\"],\"inLanguage\":\"es\"},{\"@type\":\"WebPage\",\"@id\":\"https:\\\/\\\/www.emplea-te.com\\\/noticias-oposiciones\\\/tramitacion-procesal-y-administrativa-turno-libre-concurso-oposicion-370-plazas-convocadas-distribucion-de-opositores-en-aulas-para-la-realizacion-de-los-ejercicios\\\/\",\"url\":\"https:\\\/\\\/www.emplea-te.com\\\/noticias-oposiciones\\\/tramitacion-procesal-y-administrativa-turno-libre-concurso-oposicion-370-plazas-convocadas-distribucion-de-opositores-en-aulas-para-la-realizacion-de-los-ejercicios\\\/\",\"name\":\"Tramitaci\u00f3n Procesal y Administrativa. Convocatoria.\",\"isPartOf\":{\"@id\":\"https:\\\/\\\/www.emplea-te.com\\\/noticias-oposiciones\\\/#website\"},\"datePublished\":\"2024-02-21T18:02:31+00:00\",\"description\":\"Tramitaci\u00f3n Procesal y Administrativa turno libre concurso-oposici\u00f3n 370 plazas convocadas. Distribuci\u00f3n de opositores en aulas para la realizaci\u00f3n de los ejercicios.\",\"breadcrumb\":{\"@id\":\"https:\\\/\\\/www.emplea-te.com\\\/noticias-oposiciones\\\/tramitacion-procesal-y-administrativa-turno-libre-concurso-oposicion-370-plazas-convocadas-distribucion-de-opositores-en-aulas-para-la-realizacion-de-los-ejercicios\\\/#breadcrumb\"},\"inLanguage\":\"es\",\"potentialAction\":[{\"@type\":\"ReadAction\",\"target\":[\"https:\\\/\\\/www.emplea-te.com\\\/noticias-oposiciones\\\/tramitacion-procesal-y-administrativa-turno-libre-concurso-oposicion-370-plazas-convocadas-distribucion-de-opositores-en-aulas-para-la-realizacion-de-los-ejercicios\\\/\"]}]},{\"@type\":\"BreadcrumbList\",\"@id\":\"https:\\\/\\\/www.emplea-te.com\\\/noticias-oposiciones\\\/tramitacion-procesal-y-administrativa-turno-libre-concurso-oposicion-370-plazas-convocadas-distribucion-de-opositores-en-aulas-para-la-realizacion-de-los-ejercicios\\\/#breadcrumb\",\"itemListElement\":[{\"@type\":\"ListItem\",\"position\":1,\"name\":\"Noticias Oposiciones\",\"item\":\"https:\\\/\\\/www.emplea-te.com\\\/noticias-oposiciones\\\/\"},{\"@type\":\"ListItem\",\"position\":2,\"name\":\"Oposiciones Justicia\",\"item\":\"https:\\\/\\\/www.emplea-te.com\\\/noticias-oposiciones\\\/categoria\\\/oposiciones-justicia\\\/\"},{\"@type\":\"ListItem\",\"position\":3,\"name\":\"Oposiciones Tramitaci\u00f3n Procesal\",\"item\":\"https:\\\/\\\/www.emplea-te.com\\\/noticias-oposiciones\\\/categoria\\\/oposiciones-justicia\\\/oposiciones-tramitacion-procesal\\\/\"},{\"@type\":\"ListItem\",\"position\":4,\"name\":\"Tramitaci\u00f3n Procesal y Administrativa turno libre concurso-oposici\u00f3n 370 plazas convocadas. Distribuci\u00f3n de opositores en aulas para la realizaci\u00f3n de los ejercicios.\"}]},{\"@type\":\"WebSite\",\"@id\":\"https:\\\/\\\/www.emplea-te.com\\\/noticias-oposiciones\\\/#website\",\"url\":\"https:\\\/\\\/www.emplea-te.com\\\/noticias-oposiciones\\\/\",\"name\":\"Noticas de oposiciones por Academia Emplea-te\",\"description\":\"Toda la actualidad de las ofertas y convocatorias.\",\"publisher\":{\"@id\":\"https:\\\/\\\/www.emplea-te.com\\\/noticias-oposiciones\\\/#organization\"},\"potentialAction\":[{\"@type\":\"SearchAction\",\"target\":{\"@type\":\"EntryPoint\",\"urlTemplate\":\"https:\\\/\\\/www.emplea-te.com\\\/noticias-oposiciones\\\/?s={search_term_string}\"},\"query-input\":{\"@type\":\"PropertyValueSpecification\",\"valueRequired\":true,\"valueName\":\"search_term_string\"}}],\"inLanguage\":\"es\"},{\"@type\":\"Organization\",\"@id\":\"https:\\\/\\\/www.emplea-te.com\\\/noticias-oposiciones\\\/#organization\",\"name\":\"Academia de oposiciones Empl\u00e9ate\",\"url\":\"https:\\\/\\\/www.emplea-te.com\\\/noticias-oposiciones\\\/\",\"logo\":{\"@type\":\"ImageObject\",\"inLanguage\":\"es\",\"@id\":\"https:\\\/\\\/www.emplea-te.com\\\/noticias-oposiciones\\\/#\\\/schema\\\/logo\\\/image\\\/\",\"url\":\"https:\\\/\\\/www.emplea-te.com\\\/noticias-oposiciones\\\/wp-content\\\/uploads\\\/2019\\\/04\\\/empleate.jpg\",\"contentUrl\":\"https:\\\/\\\/www.emplea-te.com\\\/noticias-oposiciones\\\/wp-content\\\/uploads\\\/2019\\\/04\\\/empleate.jpg\",\"width\":250,\"height\":150,\"caption\":\"Academia de oposiciones Empl\u00e9ate\"},\"image\":{\"@id\":\"https:\\\/\\\/www.emplea-te.com\\\/noticias-oposiciones\\\/#\\\/schema\\\/logo\\\/image\\\/\"},\"sameAs\":[\"https:\\\/\\\/www.facebook.com\\\/AcademiaEmpleate\\\/\",\"https:\\\/\\\/x.com\\\/Emplea_Te\",\"https:\\\/\\\/www.instagram.com\\\/academia_empleate\\\/\"]},{\"@type\":\"Person\",\"@id\":\"https:\\\/\\\/www.emplea-te.com\\\/noticias-oposiciones\\\/#\\\/schema\\\/person\\\/d1bc587e1af2b95e9c32aba1795509a6\",\"name\":\"Empleate\"}]}<\/script>\n<!-- \/ Yoast SEO plugin. -->","yoast_head_json":{"title":"Tramitaci\u00f3n Procesal y Administrativa. Convocatoria.","description":"Tramitaci\u00f3n Procesal y Administrativa turno libre concurso-oposici\u00f3n 370 plazas convocadas. Distribuci\u00f3n de opositores en aulas para la realizaci\u00f3n de los ejercicios.","robots":{"index":"index","follow":"follow","max-snippet":"max-snippet:-1","max-image-preview":"max-image-preview:large","max-video-preview":"max-video-preview:-1"},"canonical":"https:\/\/www.emplea-te.com\/noticias-oposiciones\/tramitacion-procesal-y-administrativa-turno-libre-concurso-oposicion-370-plazas-convocadas-distribucion-de-opositores-en-aulas-para-la-realizacion-de-los-ejercicios\/","og_locale":"es_ES","og_type":"article","og_title":"Tramitaci\u00f3n Procesal y Administrativa. Convocatoria.","og_description":"Tramitaci\u00f3n Procesal y Administrativa turno libre concurso-oposici\u00f3n 370 plazas convocadas. Distribuci\u00f3n de opositores en aulas para la realizaci\u00f3n de los ejercicios.","og_url":"https:\/\/www.emplea-te.com\/noticias-oposiciones\/tramitacion-procesal-y-administrativa-turno-libre-concurso-oposicion-370-plazas-convocadas-distribucion-de-opositores-en-aulas-para-la-realizacion-de-los-ejercicios\/","og_site_name":"Noticas de oposiciones por Academia Emplea-te","article_publisher":"https:\/\/www.facebook.com\/AcademiaEmpleate\/","article_published_time":"2024-02-21T18:02:31+00:00","author":"Empleate","twitter_card":"summary_large_image","twitter_creator":"@Emplea_Te","twitter_site":"@Emplea_Te","twitter_misc":{"Escrito por":"Empleate","Tiempo de lectura":"1 minuto"},"schema":{"@context":"https:\/\/schema.org","@graph":[{"@type":"Article","@id":"https:\/\/www.emplea-te.com\/noticias-oposiciones\/tramitacion-procesal-y-administrativa-turno-libre-concurso-oposicion-370-plazas-convocadas-distribucion-de-opositores-en-aulas-para-la-realizacion-de-los-ejercicios\/#article","isPartOf":{"@id":"https:\/\/www.emplea-te.com\/noticias-oposiciones\/tramitacion-procesal-y-administrativa-turno-libre-concurso-oposicion-370-plazas-convocadas-distribucion-de-opositores-en-aulas-para-la-realizacion-de-los-ejercicios\/"},"author":{"name":"Empleate","@id":"https:\/\/www.emplea-te.com\/noticias-oposiciones\/#\/schema\/person\/d1bc587e1af2b95e9c32aba1795509a6"},"headline":"Tramitaci\u00f3n Procesal y Administrativa turno libre concurso-oposici\u00f3n 370 plazas convocadas. Distribuci\u00f3n de opositores en aulas para la realizaci\u00f3n de los ejercicios.","datePublished":"2024-02-21T18:02:31+00:00","mainEntityOfPage":{"@id":"https:\/\/www.emplea-te.com\/noticias-oposiciones\/tramitacion-procesal-y-administrativa-turno-libre-concurso-oposicion-370-plazas-convocadas-distribucion-de-opositores-en-aulas-para-la-realizacion-de-los-ejercicios\/"},"wordCount":238,"publisher":{"@id":"https:\/\/www.emplea-te.com\/noticias-oposiciones\/#organization"},"keywords":["Fecha ex\u00e1menes","Informaci\u00f3n procesos selectivos"],"articleSection":["Oposiciones Justicia","Oposiciones Tramitaci\u00f3n Procesal"],"inLanguage":"es"},{"@type":"WebPage","@id":"https:\/\/www.emplea-te.com\/noticias-oposiciones\/tramitacion-procesal-y-administrativa-turno-libre-concurso-oposicion-370-plazas-convocadas-distribucion-de-opositores-en-aulas-para-la-realizacion-de-los-ejercicios\/","url":"https:\/\/www.emplea-te.com\/noticias-oposiciones\/tramitacion-procesal-y-administrativa-turno-libre-concurso-oposicion-370-plazas-convocadas-distribucion-de-opositores-en-aulas-para-la-realizacion-de-los-ejercicios\/","name":"Tramitaci\u00f3n Procesal y Administrativa. Convocatoria.","isPartOf":{"@id":"https:\/\/www.emplea-te.com\/noticias-oposiciones\/#website"},"datePublished":"2024-02-21T18:02:31+00:00","description":"Tramitaci\u00f3n Procesal y Administrativa turno libre concurso-oposici\u00f3n 370 plazas convocadas. Distribuci\u00f3n de opositores en aulas para la realizaci\u00f3n de los ejercicios.","breadcrumb":{"@id":"https:\/\/www.emplea-te.com\/noticias-oposiciones\/tramitacion-procesal-y-administrativa-turno-libre-concurso-oposicion-370-plazas-convocadas-distribucion-de-opositores-en-aulas-para-la-realizacion-de-los-ejercicios\/#breadcrumb"},"inLanguage":"es","potentialAction":[{"@type":"ReadAction","target":["https:\/\/www.emplea-te.com\/noticias-oposiciones\/tramitacion-procesal-y-administrativa-turno-libre-concurso-oposicion-370-plazas-convocadas-distribucion-de-opositores-en-aulas-para-la-realizacion-de-los-ejercicios\/"]}]},{"@type":"BreadcrumbList","@id":"https:\/\/www.emplea-te.com\/noticias-oposiciones\/tramitacion-procesal-y-administrativa-turno-libre-concurso-oposicion-370-plazas-convocadas-distribucion-de-opositores-en-aulas-para-la-realizacion-de-los-ejercicios\/#breadcrumb","itemListElement":[{"@type":"ListItem","position":1,"name":"Noticias Oposiciones","item":"https:\/\/www.emplea-te.com\/noticias-oposiciones\/"},{"@type":"ListItem","position":2,"name":"Oposiciones Justicia","item":"https:\/\/www.emplea-te.com\/noticias-oposiciones\/categoria\/oposiciones-justicia\/"},{"@type":"ListItem","position":3,"name":"Oposiciones Tramitaci\u00f3n Procesal","item":"https:\/\/www.emplea-te.com\/noticias-oposiciones\/categoria\/oposiciones-justicia\/oposiciones-tramitacion-procesal\/"},{"@type":"ListItem","position":4,"name":"Tramitaci\u00f3n Procesal y Administrativa turno libre concurso-oposici\u00f3n 370 plazas convocadas. Distribuci\u00f3n de opositores en aulas para la realizaci\u00f3n de los ejercicios."}]},{"@type":"WebSite","@id":"https:\/\/www.emplea-te.com\/noticias-oposiciones\/#website","url":"https:\/\/www.emplea-te.com\/noticias-oposiciones\/","name":"Noticas de oposiciones por Academia Emplea-te","description":"Toda la actualidad de las ofertas y convocatorias.","publisher":{"@id":"https:\/\/www.emplea-te.com\/noticias-oposiciones\/#organization"},"potentialAction":[{"@type":"SearchAction","target":{"@type":"EntryPoint","urlTemplate":"https:\/\/www.emplea-te.com\/noticias-oposiciones\/?s={search_term_string}"},"query-input":{"@type":"PropertyValueSpecification","valueRequired":true,"valueName":"search_term_string"}}],"inLanguage":"es"},{"@type":"Organization","@id":"https:\/\/www.emplea-te.com\/noticias-oposiciones\/#organization","name":"Academia de oposiciones Empl\u00e9ate","url":"https:\/\/www.emplea-te.com\/noticias-oposiciones\/","logo":{"@type":"ImageObject","inLanguage":"es","@id":"https:\/\/www.emplea-te.com\/noticias-oposiciones\/#\/schema\/logo\/image\/","url":"https:\/\/www.emplea-te.com\/noticias-oposiciones\/wp-content\/uploads\/2019\/04\/empleate.jpg","contentUrl":"https:\/\/www.emplea-te.com\/noticias-oposiciones\/wp-content\/uploads\/2019\/04\/empleate.jpg","width":250,"height":150,"caption":"Academia de oposiciones Empl\u00e9ate"},"image":{"@id":"https:\/\/www.emplea-te.com\/noticias-oposiciones\/#\/schema\/logo\/image\/"},"sameAs":["https:\/\/www.facebook.com\/AcademiaEmpleate\/","https:\/\/x.com\/Emplea_Te","https:\/\/www.instagram.com\/academia_empleate\/"]},{"@type":"Person","@id":"https:\/\/www.emplea-te.com\/noticias-oposiciones\/#\/schema\/person\/d1bc587e1af2b95e9c32aba1795509a6","name":"Empleate"}]}},"_links":{"self":[{"href":"https:\/\/www.emplea-te.com\/noticias-oposiciones\/wp-json\/wp\/v2\/posts\/11891","targetHints":{"allow":["GET"]}}],"collection":[{"href":"https:\/\/www.emplea-te.com\/noticias-oposiciones\/wp-json\/wp\/v2\/posts"}],"about":[{"href":"https:\/\/www.emplea-te.com\/noticias-oposiciones\/wp-json\/wp\/v2\/types\/post"}],"author":[{"embeddable":true,"href":"https:\/\/www.emplea-te.com\/noticias-oposiciones\/wp-json\/wp\/v2\/users\/1"}],"replies":[{"embeddable":true,"href":"https:\/\/www.emplea-te.com\/noticias-oposiciones\/wp-json\/wp\/v2\/comments?post=11891"}],"version-history":[{"count":1,"href":"https:\/\/www.emplea-te.com\/noticias-oposiciones\/wp-json\/wp\/v2\/posts\/11891\/revisions"}],"predecessor-version":[{"id":11892,"href":"https:\/\/www.emplea-te.com\/noticias-oposiciones\/wp-json\/wp\/v2\/posts\/11891\/revisions\/11892"}],"wp:attachment":[{"href":"https:\/\/www.emplea-te.com\/noticias-oposiciones\/wp-json\/wp\/v2\/media?parent=11891"}],"wp:term":[{"taxonomy":"category","embeddable":true,"href":"https:\/\/www.emplea-te.com\/noticias-oposiciones\/wp-json\/wp\/v2\/categories?post=11891"},{"taxonomy":"post_tag","embeddable":true,"href":"https:\/\/www.emplea-te.com\/noticias-oposiciones\/wp-json\/wp\/v2\/tags?post=11891"}],"curies":[{"name":"wp","href":"https:\/\/api.w.org\/{rel}","templated":true}]}}