{"id":11897,"date":"2024-02-22T12:24:49","date_gmt":"2024-02-22T11:24:49","guid":{"rendered":"https:\/\/www.emplea-te.com\/noticias-oposiciones\/?p=11897"},"modified":"2024-02-22T12:24:49","modified_gmt":"2024-02-22T11:24:49","slug":"cuerpo-general-administrativo-de-la-administracion-del-estado-especialidad-estadistica-convocadas-110-plazas-por-oposicion-en-turno-libre","status":"publish","type":"post","link":"https:\/\/www.emplea-te.com\/noticias-oposiciones\/cuerpo-general-administrativo-de-la-administracion-del-estado-especialidad-estadistica-convocadas-110-plazas-por-oposicion-en-turno-libre\/","title":{"rendered":"Cuerpo General Administrativo de la Administraci\u00f3n del Estado, especialidad estad\u00edstica. Convocadas 110 plazas por oposici\u00f3n en turno libre."},"content":{"rendered":"<p>Se publica en el BOE de hoy, d\u00eda 22 de febrero de 2024, la Resoluci\u00f3n de 16 de febrero de 2024, de la Secretar\u00eda de Estado de Funci\u00f3n P\u00fablica, por la que se convocan procesos selectivos para ingreso, por el sistema general de acceso libre y promoci\u00f3n interna, en el Cuerpo General Administrativo de la Administraci\u00f3n del Estado, especialidad Estad\u00edstica, y se encarga la gesti\u00f3n material de las pruebas selectivas al Instituto Nacional de Estad\u00edstica.<\/p>\n<p>Se convocan 110 plazas por el sistema de oposici\u00f3n en turno libre.<\/p>\n<p>El plazo para presentar instancias es de 20 d\u00edas h\u00e1biles contados a partir del d\u00eda siguiente al de la fecha de publicaci\u00f3n de esta convocatoria en el BOE y por tanto el plazo permanecer\u00e1 abierto desde el d\u00eda 23\/02\/2024 hasta el d\u00eda 21\/03\/2024.<\/p>\n<p><a href=\"https:\/\/www.boe.es\/boe\/dias\/2024\/02\/22\/pdfs\/BOE-A-2024-3392.pdf\" target=\"_blank\" rel=\"noopener\"><strong>Accede a la Resoluci\u00f3n referente a esta convocatoria con su contenido \u00edntegro desde este enlace.\u00a0<\/strong><\/a><\/p>\n","protected":false},"excerpt":{"rendered":"<p>Se publica en el BOE de hoy, d\u00eda 22 de febrero de 2024, la Resoluci\u00f3n de 16 de febrero de 2024, de la Secretar\u00eda de Estado de Funci\u00f3n P\u00fablica, por la que se convocan procesos selectivos para ingreso, por el sistema general de acceso libre y promoci\u00f3n interna, en el Cuerpo General Administrativo de la &hellip; <a href=\"https:\/\/www.emplea-te.com\/noticias-oposiciones\/cuerpo-general-administrativo-de-la-administracion-del-estado-especialidad-estadistica-convocadas-110-plazas-por-oposicion-en-turno-libre\/\" class=\"more-link\">Continuar leyendo<span class=\"screen-reader-text\"> \u00abCuerpo General Administrativo de la Administraci\u00f3n del Estado, especialidad estad\u00edstica. Convocadas 110 plazas por oposici\u00f3n en turno libre.\u00bb<\/span><\/a><\/p>\n","protected":false},"author":1,"featured_media":0,"comment_status":"closed","ping_status":"closed","sticky":false,"template":"","format":"standard","meta":{"footnotes":""},"categories":[47,7],"tags":[49,103],"class_list":["post-11897","post","type-post","status-publish","format-standard","hentry","category-administracion-general-del-estado","category-oposiciones-administracion-general-del-estado","tag-convocatorias-de-oposiciones","tag-informacion-procesos-selectivos"],"yoast_head":"<!-- This site is optimized with the Yoast SEO plugin v27.5 - https:\/\/yoast.com\/product\/yoast-seo-wordpress\/ -->\n<title>Administrativo del Estado especialidad estad\u00edstica. Convocatoria<\/title>\n<meta name=\"description\" content=\"Cuerpo General Administrativo de la Administraci\u00f3n del Estado, especialidad estad\u00edstica. Convocadas 110 plazas por oposici\u00f3n en turno libre.\" \/>\n<meta name=\"robots\" content=\"index, follow, max-snippet:-1, max-image-preview:large, max-video-preview:-1\" \/>\n<link rel=\"canonical\" href=\"https:\/\/www.emplea-te.com\/noticias-oposiciones\/cuerpo-general-administrativo-de-la-administracion-del-estado-especialidad-estadistica-convocadas-110-plazas-por-oposicion-en-turno-libre\/\" \/>\n<meta property=\"og:locale\" content=\"es_ES\" \/>\n<meta property=\"og:type\" content=\"article\" \/>\n<meta property=\"og:title\" content=\"Administrativo del Estado especialidad estad\u00edstica. Convocatoria\" \/>\n<meta property=\"og:description\" content=\"Cuerpo General Administrativo de la Administraci\u00f3n del Estado, especialidad estad\u00edstica. Convocadas 110 plazas por oposici\u00f3n en turno libre.\" \/>\n<meta property=\"og:url\" content=\"https:\/\/www.emplea-te.com\/noticias-oposiciones\/cuerpo-general-administrativo-de-la-administracion-del-estado-especialidad-estadistica-convocadas-110-plazas-por-oposicion-en-turno-libre\/\" \/>\n<meta property=\"og:site_name\" content=\"Noticas de oposiciones por Academia Emplea-te\" \/>\n<meta property=\"article:publisher\" content=\"https:\/\/www.facebook.com\/AcademiaEmpleate\/\" \/>\n<meta property=\"article:published_time\" content=\"2024-02-22T11:24:49+00:00\" \/>\n<meta name=\"author\" content=\"Empleate\" \/>\n<meta name=\"twitter:card\" content=\"summary_large_image\" \/>\n<meta name=\"twitter:creator\" content=\"@Emplea_Te\" \/>\n<meta name=\"twitter:site\" content=\"@Emplea_Te\" \/>\n<meta name=\"twitter:label1\" content=\"Escrito por\" \/>\n\t<meta name=\"twitter:data1\" content=\"Empleate\" \/>\n\t<meta name=\"twitter:label2\" content=\"Tiempo de lectura\" \/>\n\t<meta name=\"twitter:data2\" content=\"1 minuto\" \/>\n<script type=\"application\/ld+json\" class=\"yoast-schema-graph\">{\"@context\":\"https:\\\/\\\/schema.org\",\"@graph\":[{\"@type\":\"Article\",\"@id\":\"https:\\\/\\\/www.emplea-te.com\\\/noticias-oposiciones\\\/cuerpo-general-administrativo-de-la-administracion-del-estado-especialidad-estadistica-convocadas-110-plazas-por-oposicion-en-turno-libre\\\/#article\",\"isPartOf\":{\"@id\":\"https:\\\/\\\/www.emplea-te.com\\\/noticias-oposiciones\\\/cuerpo-general-administrativo-de-la-administracion-del-estado-especialidad-estadistica-convocadas-110-plazas-por-oposicion-en-turno-libre\\\/\"},\"author\":{\"name\":\"Empleate\",\"@id\":\"https:\\\/\\\/www.emplea-te.com\\\/noticias-oposiciones\\\/#\\\/schema\\\/person\\\/d1bc587e1af2b95e9c32aba1795509a6\"},\"headline\":\"Cuerpo General Administrativo de la Administraci\u00f3n del Estado, especialidad estad\u00edstica. Convocadas 110 plazas por oposici\u00f3n en turno libre.\",\"datePublished\":\"2024-02-22T11:24:49+00:00\",\"mainEntityOfPage\":{\"@id\":\"https:\\\/\\\/www.emplea-te.com\\\/noticias-oposiciones\\\/cuerpo-general-administrativo-de-la-administracion-del-estado-especialidad-estadistica-convocadas-110-plazas-por-oposicion-en-turno-libre\\\/\"},\"wordCount\":175,\"publisher\":{\"@id\":\"https:\\\/\\\/www.emplea-te.com\\\/noticias-oposiciones\\\/#organization\"},\"keywords\":[\"Convocatoria\",\"Informaci\u00f3n procesos selectivos\"],\"articleSection\":[\"Administraci\u00f3n General del Estado.\",\"Oposiciones Administraci\u00f3n General del Estado\"],\"inLanguage\":\"es\"},{\"@type\":\"WebPage\",\"@id\":\"https:\\\/\\\/www.emplea-te.com\\\/noticias-oposiciones\\\/cuerpo-general-administrativo-de-la-administracion-del-estado-especialidad-estadistica-convocadas-110-plazas-por-oposicion-en-turno-libre\\\/\",\"url\":\"https:\\\/\\\/www.emplea-te.com\\\/noticias-oposiciones\\\/cuerpo-general-administrativo-de-la-administracion-del-estado-especialidad-estadistica-convocadas-110-plazas-por-oposicion-en-turno-libre\\\/\",\"name\":\"Administrativo del Estado especialidad estad\u00edstica. Convocatoria\",\"isPartOf\":{\"@id\":\"https:\\\/\\\/www.emplea-te.com\\\/noticias-oposiciones\\\/#website\"},\"datePublished\":\"2024-02-22T11:24:49+00:00\",\"description\":\"Cuerpo General Administrativo de la Administraci\u00f3n del Estado, especialidad estad\u00edstica. Convocadas 110 plazas por oposici\u00f3n en turno libre.\",\"breadcrumb\":{\"@id\":\"https:\\\/\\\/www.emplea-te.com\\\/noticias-oposiciones\\\/cuerpo-general-administrativo-de-la-administracion-del-estado-especialidad-estadistica-convocadas-110-plazas-por-oposicion-en-turno-libre\\\/#breadcrumb\"},\"inLanguage\":\"es\",\"potentialAction\":[{\"@type\":\"ReadAction\",\"target\":[\"https:\\\/\\\/www.emplea-te.com\\\/noticias-oposiciones\\\/cuerpo-general-administrativo-de-la-administracion-del-estado-especialidad-estadistica-convocadas-110-plazas-por-oposicion-en-turno-libre\\\/\"]}]},{\"@type\":\"BreadcrumbList\",\"@id\":\"https:\\\/\\\/www.emplea-te.com\\\/noticias-oposiciones\\\/cuerpo-general-administrativo-de-la-administracion-del-estado-especialidad-estadistica-convocadas-110-plazas-por-oposicion-en-turno-libre\\\/#breadcrumb\",\"itemListElement\":[{\"@type\":\"ListItem\",\"position\":1,\"name\":\"Noticias Oposiciones\",\"item\":\"https:\\\/\\\/www.emplea-te.com\\\/noticias-oposiciones\\\/\"},{\"@type\":\"ListItem\",\"position\":2,\"name\":\"Oposiciones Administraci\u00f3n General del Estado\",\"item\":\"https:\\\/\\\/www.emplea-te.com\\\/noticias-oposiciones\\\/categoria\\\/oposiciones-administracion-general-del-estado\\\/\"},{\"@type\":\"ListItem\",\"position\":3,\"name\":\"Cuerpo General Administrativo de la Administraci\u00f3n del Estado, especialidad estad\u00edstica. Convocadas 110 plazas por oposici\u00f3n en turno libre.\"}]},{\"@type\":\"WebSite\",\"@id\":\"https:\\\/\\\/www.emplea-te.com\\\/noticias-oposiciones\\\/#website\",\"url\":\"https:\\\/\\\/www.emplea-te.com\\\/noticias-oposiciones\\\/\",\"name\":\"Noticas de oposiciones por Academia Emplea-te\",\"description\":\"Toda la actualidad de las ofertas y convocatorias.\",\"publisher\":{\"@id\":\"https:\\\/\\\/www.emplea-te.com\\\/noticias-oposiciones\\\/#organization\"},\"potentialAction\":[{\"@type\":\"SearchAction\",\"target\":{\"@type\":\"EntryPoint\",\"urlTemplate\":\"https:\\\/\\\/www.emplea-te.com\\\/noticias-oposiciones\\\/?s={search_term_string}\"},\"query-input\":{\"@type\":\"PropertyValueSpecification\",\"valueRequired\":true,\"valueName\":\"search_term_string\"}}],\"inLanguage\":\"es\"},{\"@type\":\"Organization\",\"@id\":\"https:\\\/\\\/www.emplea-te.com\\\/noticias-oposiciones\\\/#organization\",\"name\":\"Academia de oposiciones Empl\u00e9ate\",\"url\":\"https:\\\/\\\/www.emplea-te.com\\\/noticias-oposiciones\\\/\",\"logo\":{\"@type\":\"ImageObject\",\"inLanguage\":\"es\",\"@id\":\"https:\\\/\\\/www.emplea-te.com\\\/noticias-oposiciones\\\/#\\\/schema\\\/logo\\\/image\\\/\",\"url\":\"https:\\\/\\\/www.emplea-te.com\\\/noticias-oposiciones\\\/wp-content\\\/uploads\\\/2019\\\/04\\\/empleate.jpg\",\"contentUrl\":\"https:\\\/\\\/www.emplea-te.com\\\/noticias-oposiciones\\\/wp-content\\\/uploads\\\/2019\\\/04\\\/empleate.jpg\",\"width\":250,\"height\":150,\"caption\":\"Academia de oposiciones Empl\u00e9ate\"},\"image\":{\"@id\":\"https:\\\/\\\/www.emplea-te.com\\\/noticias-oposiciones\\\/#\\\/schema\\\/logo\\\/image\\\/\"},\"sameAs\":[\"https:\\\/\\\/www.facebook.com\\\/AcademiaEmpleate\\\/\",\"https:\\\/\\\/x.com\\\/Emplea_Te\",\"https:\\\/\\\/www.instagram.com\\\/academia_empleate\\\/\"]},{\"@type\":\"Person\",\"@id\":\"https:\\\/\\\/www.emplea-te.com\\\/noticias-oposiciones\\\/#\\\/schema\\\/person\\\/d1bc587e1af2b95e9c32aba1795509a6\",\"name\":\"Empleate\"}]}<\/script>\n<!-- \/ Yoast SEO plugin. -->","yoast_head_json":{"title":"Administrativo del Estado especialidad estad\u00edstica. Convocatoria","description":"Cuerpo General Administrativo de la Administraci\u00f3n del Estado, especialidad estad\u00edstica. Convocadas 110 plazas por oposici\u00f3n en turno libre.","robots":{"index":"index","follow":"follow","max-snippet":"max-snippet:-1","max-image-preview":"max-image-preview:large","max-video-preview":"max-video-preview:-1"},"canonical":"https:\/\/www.emplea-te.com\/noticias-oposiciones\/cuerpo-general-administrativo-de-la-administracion-del-estado-especialidad-estadistica-convocadas-110-plazas-por-oposicion-en-turno-libre\/","og_locale":"es_ES","og_type":"article","og_title":"Administrativo del Estado especialidad estad\u00edstica. Convocatoria","og_description":"Cuerpo General Administrativo de la Administraci\u00f3n del Estado, especialidad estad\u00edstica. Convocadas 110 plazas por oposici\u00f3n en turno libre.","og_url":"https:\/\/www.emplea-te.com\/noticias-oposiciones\/cuerpo-general-administrativo-de-la-administracion-del-estado-especialidad-estadistica-convocadas-110-plazas-por-oposicion-en-turno-libre\/","og_site_name":"Noticas de oposiciones por Academia Emplea-te","article_publisher":"https:\/\/www.facebook.com\/AcademiaEmpleate\/","article_published_time":"2024-02-22T11:24:49+00:00","author":"Empleate","twitter_card":"summary_large_image","twitter_creator":"@Emplea_Te","twitter_site":"@Emplea_Te","twitter_misc":{"Escrito por":"Empleate","Tiempo de lectura":"1 minuto"},"schema":{"@context":"https:\/\/schema.org","@graph":[{"@type":"Article","@id":"https:\/\/www.emplea-te.com\/noticias-oposiciones\/cuerpo-general-administrativo-de-la-administracion-del-estado-especialidad-estadistica-convocadas-110-plazas-por-oposicion-en-turno-libre\/#article","isPartOf":{"@id":"https:\/\/www.emplea-te.com\/noticias-oposiciones\/cuerpo-general-administrativo-de-la-administracion-del-estado-especialidad-estadistica-convocadas-110-plazas-por-oposicion-en-turno-libre\/"},"author":{"name":"Empleate","@id":"https:\/\/www.emplea-te.com\/noticias-oposiciones\/#\/schema\/person\/d1bc587e1af2b95e9c32aba1795509a6"},"headline":"Cuerpo General Administrativo de la Administraci\u00f3n del Estado, especialidad estad\u00edstica. Convocadas 110 plazas por oposici\u00f3n en turno libre.","datePublished":"2024-02-22T11:24:49+00:00","mainEntityOfPage":{"@id":"https:\/\/www.emplea-te.com\/noticias-oposiciones\/cuerpo-general-administrativo-de-la-administracion-del-estado-especialidad-estadistica-convocadas-110-plazas-por-oposicion-en-turno-libre\/"},"wordCount":175,"publisher":{"@id":"https:\/\/www.emplea-te.com\/noticias-oposiciones\/#organization"},"keywords":["Convocatoria","Informaci\u00f3n procesos selectivos"],"articleSection":["Administraci\u00f3n General del Estado.","Oposiciones Administraci\u00f3n General del Estado"],"inLanguage":"es"},{"@type":"WebPage","@id":"https:\/\/www.emplea-te.com\/noticias-oposiciones\/cuerpo-general-administrativo-de-la-administracion-del-estado-especialidad-estadistica-convocadas-110-plazas-por-oposicion-en-turno-libre\/","url":"https:\/\/www.emplea-te.com\/noticias-oposiciones\/cuerpo-general-administrativo-de-la-administracion-del-estado-especialidad-estadistica-convocadas-110-plazas-por-oposicion-en-turno-libre\/","name":"Administrativo del Estado especialidad estad\u00edstica. Convocatoria","isPartOf":{"@id":"https:\/\/www.emplea-te.com\/noticias-oposiciones\/#website"},"datePublished":"2024-02-22T11:24:49+00:00","description":"Cuerpo General Administrativo de la Administraci\u00f3n del Estado, especialidad estad\u00edstica. Convocadas 110 plazas por oposici\u00f3n en turno libre.","breadcrumb":{"@id":"https:\/\/www.emplea-te.com\/noticias-oposiciones\/cuerpo-general-administrativo-de-la-administracion-del-estado-especialidad-estadistica-convocadas-110-plazas-por-oposicion-en-turno-libre\/#breadcrumb"},"inLanguage":"es","potentialAction":[{"@type":"ReadAction","target":["https:\/\/www.emplea-te.com\/noticias-oposiciones\/cuerpo-general-administrativo-de-la-administracion-del-estado-especialidad-estadistica-convocadas-110-plazas-por-oposicion-en-turno-libre\/"]}]},{"@type":"BreadcrumbList","@id":"https:\/\/www.emplea-te.com\/noticias-oposiciones\/cuerpo-general-administrativo-de-la-administracion-del-estado-especialidad-estadistica-convocadas-110-plazas-por-oposicion-en-turno-libre\/#breadcrumb","itemListElement":[{"@type":"ListItem","position":1,"name":"Noticias Oposiciones","item":"https:\/\/www.emplea-te.com\/noticias-oposiciones\/"},{"@type":"ListItem","position":2,"name":"Oposiciones Administraci\u00f3n General del Estado","item":"https:\/\/www.emplea-te.com\/noticias-oposiciones\/categoria\/oposiciones-administracion-general-del-estado\/"},{"@type":"ListItem","position":3,"name":"Cuerpo General Administrativo de la Administraci\u00f3n del Estado, especialidad estad\u00edstica. Convocadas 110 plazas por oposici\u00f3n en turno libre."}]},{"@type":"WebSite","@id":"https:\/\/www.emplea-te.com\/noticias-oposiciones\/#website","url":"https:\/\/www.emplea-te.com\/noticias-oposiciones\/","name":"Noticas de oposiciones por Academia Emplea-te","description":"Toda la actualidad de las ofertas y convocatorias.","publisher":{"@id":"https:\/\/www.emplea-te.com\/noticias-oposiciones\/#organization"},"potentialAction":[{"@type":"SearchAction","target":{"@type":"EntryPoint","urlTemplate":"https:\/\/www.emplea-te.com\/noticias-oposiciones\/?s={search_term_string}"},"query-input":{"@type":"PropertyValueSpecification","valueRequired":true,"valueName":"search_term_string"}}],"inLanguage":"es"},{"@type":"Organization","@id":"https:\/\/www.emplea-te.com\/noticias-oposiciones\/#organization","name":"Academia de oposiciones Empl\u00e9ate","url":"https:\/\/www.emplea-te.com\/noticias-oposiciones\/","logo":{"@type":"ImageObject","inLanguage":"es","@id":"https:\/\/www.emplea-te.com\/noticias-oposiciones\/#\/schema\/logo\/image\/","url":"https:\/\/www.emplea-te.com\/noticias-oposiciones\/wp-content\/uploads\/2019\/04\/empleate.jpg","contentUrl":"https:\/\/www.emplea-te.com\/noticias-oposiciones\/wp-content\/uploads\/2019\/04\/empleate.jpg","width":250,"height":150,"caption":"Academia de oposiciones Empl\u00e9ate"},"image":{"@id":"https:\/\/www.emplea-te.com\/noticias-oposiciones\/#\/schema\/logo\/image\/"},"sameAs":["https:\/\/www.facebook.com\/AcademiaEmpleate\/","https:\/\/x.com\/Emplea_Te","https:\/\/www.instagram.com\/academia_empleate\/"]},{"@type":"Person","@id":"https:\/\/www.emplea-te.com\/noticias-oposiciones\/#\/schema\/person\/d1bc587e1af2b95e9c32aba1795509a6","name":"Empleate"}]}},"_links":{"self":[{"href":"https:\/\/www.emplea-te.com\/noticias-oposiciones\/wp-json\/wp\/v2\/posts\/11897","targetHints":{"allow":["GET"]}}],"collection":[{"href":"https:\/\/www.emplea-te.com\/noticias-oposiciones\/wp-json\/wp\/v2\/posts"}],"about":[{"href":"https:\/\/www.emplea-te.com\/noticias-oposiciones\/wp-json\/wp\/v2\/types\/post"}],"author":[{"embeddable":true,"href":"https:\/\/www.emplea-te.com\/noticias-oposiciones\/wp-json\/wp\/v2\/users\/1"}],"replies":[{"embeddable":true,"href":"https:\/\/www.emplea-te.com\/noticias-oposiciones\/wp-json\/wp\/v2\/comments?post=11897"}],"version-history":[{"count":1,"href":"https:\/\/www.emplea-te.com\/noticias-oposiciones\/wp-json\/wp\/v2\/posts\/11897\/revisions"}],"predecessor-version":[{"id":11898,"href":"https:\/\/www.emplea-te.com\/noticias-oposiciones\/wp-json\/wp\/v2\/posts\/11897\/revisions\/11898"}],"wp:attachment":[{"href":"https:\/\/www.emplea-te.com\/noticias-oposiciones\/wp-json\/wp\/v2\/media?parent=11897"}],"wp:term":[{"taxonomy":"category","embeddable":true,"href":"https:\/\/www.emplea-te.com\/noticias-oposiciones\/wp-json\/wp\/v2\/categories?post=11897"},{"taxonomy":"post_tag","embeddable":true,"href":"https:\/\/www.emplea-te.com\/noticias-oposiciones\/wp-json\/wp\/v2\/tags?post=11897"}],"curies":[{"name":"wp","href":"https:\/\/api.w.org\/{rel}","templated":true}]}}