{"id":11901,"date":"2024-02-23T10:07:46","date_gmt":"2024-02-23T09:07:46","guid":{"rendered":"https:\/\/www.emplea-te.com\/noticias-oposiciones\/?p=11901"},"modified":"2024-02-23T10:07:46","modified_gmt":"2024-02-23T09:07:46","slug":"xunta-de-galicia-cuerpo-de-gestion-a2-concurso-oposicion-turno-libre-modificacion-de-la-relacion-definitiva-de-aspirantes-admitidos-y-excluidos","status":"publish","type":"post","link":"https:\/\/www.emplea-te.com\/noticias-oposiciones\/xunta-de-galicia-cuerpo-de-gestion-a2-concurso-oposicion-turno-libre-modificacion-de-la-relacion-definitiva-de-aspirantes-admitidos-y-excluidos\/","title":{"rendered":"Xunta de Galicia. Cuerpo de Gesti\u00f3n A2 concurso-oposici\u00f3n turno libre. Modificaci\u00f3n de la relaci\u00f3n definitiva de aspirantes admitidos y excluidos."},"content":{"rendered":"<p>Se publica en el DOG de hoy, d\u00eda 23 de febrero de 2024, la Resoluci\u00f3n de 15 de febrero de 2024, de la Direcci\u00f3n General de la Funci\u00f3n P\u00fablica, por la que se da publicidad de la modificaci\u00f3n de la Resoluci\u00f3n de 1 de septiembre de 2023 por la que se aprueban y se hacen p\u00fablicas los listados definitivos de personas admitidas y excluidas al proceso selectivo extraordinario de estabilizaci\u00f3n derivado de la Ley 20\/2021, de 28 de diciembre, por el turno de acceso libre y mediante el sistema de concurso-oposici\u00f3n, para el ingreso en el cuerpo de gesti\u00f3n de la Administraci\u00f3n general de la Comunidad Aut\u00f3noma de Galicia y en el cuerpo facultativo de grado medio de Administraci\u00f3n especial de la Administraci\u00f3n general de la Comunidad Aut\u00f3noma de Galicia (subgrupo A2).<\/p>\n<p><a href=\"https:\/\/www.xunta.gal\/dog\/Publicados\/2024\/20240223\/AnuncioG0597-150224-0002_es.html\" target=\"_blank\" rel=\"noopener\"><strong>Accede a la consulta de esta Resoluci\u00f3n desde este enlace.\u00a0<\/strong><\/a><\/p>\n","protected":false},"excerpt":{"rendered":"<p>Se publica en el DOG de hoy, d\u00eda 23 de febrero de 2024, la Resoluci\u00f3n de 15 de febrero de 2024, de la Direcci\u00f3n General de la Funci\u00f3n P\u00fablica, por la que se da publicidad de la modificaci\u00f3n de la Resoluci\u00f3n de 1 de septiembre de 2023 por la que se aprueban y se hacen &hellip; <a href=\"https:\/\/www.emplea-te.com\/noticias-oposiciones\/xunta-de-galicia-cuerpo-de-gestion-a2-concurso-oposicion-turno-libre-modificacion-de-la-relacion-definitiva-de-aspirantes-admitidos-y-excluidos\/\" class=\"more-link\">Continuar leyendo<span class=\"screen-reader-text\"> \u00abXunta de Galicia. Cuerpo de Gesti\u00f3n A2 concurso-oposici\u00f3n turno libre. Modificaci\u00f3n de la relaci\u00f3n definitiva de aspirantes admitidos y excluidos.\u00bb<\/span><\/a><\/p>\n","protected":false},"author":1,"featured_media":0,"comment_status":"closed","ping_status":"closed","sticky":false,"template":"","format":"standard","meta":{"footnotes":""},"categories":[56,4],"tags":[103,87],"class_list":["post-11901","post","type-post","status-publish","format-standard","hentry","category-oposiciones-autonomicas-galicia","category-oposiciones-xunta","tag-informacion-procesos-selectivos","tag-listados-definitivos-de-aspirantes-admitidos-y-excluidos"],"yoast_head":"<!-- This site is optimized with the Yoast SEO plugin v27.5 - https:\/\/yoast.com\/product\/yoast-seo-wordpress\/ -->\n<title>Xunta de Galicia. Convocatoria proceso selectivo.<\/title>\n<meta name=\"description\" content=\"Xunta de Galicia. Cuerpo de Gesti\u00f3n A2 concurso-oposici\u00f3n turno libre. Modificaci\u00f3n de la relaci\u00f3n definitiva de aspirantes admitidos y excluidos.\" \/>\n<meta name=\"robots\" content=\"index, follow, max-snippet:-1, max-image-preview:large, max-video-preview:-1\" \/>\n<link rel=\"canonical\" href=\"https:\/\/www.emplea-te.com\/noticias-oposiciones\/xunta-de-galicia-cuerpo-de-gestion-a2-concurso-oposicion-turno-libre-modificacion-de-la-relacion-definitiva-de-aspirantes-admitidos-y-excluidos\/\" \/>\n<meta property=\"og:locale\" content=\"es_ES\" \/>\n<meta property=\"og:type\" content=\"article\" \/>\n<meta property=\"og:title\" content=\"Xunta de Galicia. Convocatoria proceso selectivo.\" \/>\n<meta property=\"og:description\" content=\"Xunta de Galicia. Cuerpo de Gesti\u00f3n A2 concurso-oposici\u00f3n turno libre. Modificaci\u00f3n de la relaci\u00f3n definitiva de aspirantes admitidos y excluidos.\" \/>\n<meta property=\"og:url\" content=\"https:\/\/www.emplea-te.com\/noticias-oposiciones\/xunta-de-galicia-cuerpo-de-gestion-a2-concurso-oposicion-turno-libre-modificacion-de-la-relacion-definitiva-de-aspirantes-admitidos-y-excluidos\/\" \/>\n<meta property=\"og:site_name\" content=\"Noticas de oposiciones por Academia Emplea-te\" \/>\n<meta property=\"article:publisher\" content=\"https:\/\/www.facebook.com\/AcademiaEmpleate\/\" \/>\n<meta property=\"article:published_time\" content=\"2024-02-23T09:07:46+00:00\" \/>\n<meta name=\"author\" content=\"Empleate\" \/>\n<meta name=\"twitter:card\" content=\"summary_large_image\" \/>\n<meta name=\"twitter:creator\" content=\"@Emplea_Te\" \/>\n<meta name=\"twitter:site\" content=\"@Emplea_Te\" \/>\n<meta name=\"twitter:label1\" content=\"Escrito por\" \/>\n\t<meta name=\"twitter:data1\" content=\"Empleate\" \/>\n\t<meta name=\"twitter:label2\" content=\"Tiempo de lectura\" \/>\n\t<meta name=\"twitter:data2\" content=\"1 minuto\" \/>\n<script type=\"application\/ld+json\" class=\"yoast-schema-graph\">{\"@context\":\"https:\\\/\\\/schema.org\",\"@graph\":[{\"@type\":\"Article\",\"@id\":\"https:\\\/\\\/www.emplea-te.com\\\/noticias-oposiciones\\\/xunta-de-galicia-cuerpo-de-gestion-a2-concurso-oposicion-turno-libre-modificacion-de-la-relacion-definitiva-de-aspirantes-admitidos-y-excluidos\\\/#article\",\"isPartOf\":{\"@id\":\"https:\\\/\\\/www.emplea-te.com\\\/noticias-oposiciones\\\/xunta-de-galicia-cuerpo-de-gestion-a2-concurso-oposicion-turno-libre-modificacion-de-la-relacion-definitiva-de-aspirantes-admitidos-y-excluidos\\\/\"},\"author\":{\"name\":\"Empleate\",\"@id\":\"https:\\\/\\\/www.emplea-te.com\\\/noticias-oposiciones\\\/#\\\/schema\\\/person\\\/d1bc587e1af2b95e9c32aba1795509a6\"},\"headline\":\"Xunta de Galicia. Cuerpo de Gesti\u00f3n A2 concurso-oposici\u00f3n turno libre. Modificaci\u00f3n de la relaci\u00f3n definitiva de aspirantes admitidos y excluidos.\",\"datePublished\":\"2024-02-23T09:07:46+00:00\",\"mainEntityOfPage\":{\"@id\":\"https:\\\/\\\/www.emplea-te.com\\\/noticias-oposiciones\\\/xunta-de-galicia-cuerpo-de-gestion-a2-concurso-oposicion-turno-libre-modificacion-de-la-relacion-definitiva-de-aspirantes-admitidos-y-excluidos\\\/\"},\"wordCount\":175,\"publisher\":{\"@id\":\"https:\\\/\\\/www.emplea-te.com\\\/noticias-oposiciones\\\/#organization\"},\"keywords\":[\"Informaci\u00f3n procesos selectivos\",\"Listados Definitivos de aspirantes admitidos y excluidos\"],\"articleSection\":[\"Oposiciones Auton\u00f3micas Galicia\",\"Oposiciones Xunta\"],\"inLanguage\":\"es\"},{\"@type\":\"WebPage\",\"@id\":\"https:\\\/\\\/www.emplea-te.com\\\/noticias-oposiciones\\\/xunta-de-galicia-cuerpo-de-gestion-a2-concurso-oposicion-turno-libre-modificacion-de-la-relacion-definitiva-de-aspirantes-admitidos-y-excluidos\\\/\",\"url\":\"https:\\\/\\\/www.emplea-te.com\\\/noticias-oposiciones\\\/xunta-de-galicia-cuerpo-de-gestion-a2-concurso-oposicion-turno-libre-modificacion-de-la-relacion-definitiva-de-aspirantes-admitidos-y-excluidos\\\/\",\"name\":\"Xunta de Galicia. Convocatoria proceso selectivo.\",\"isPartOf\":{\"@id\":\"https:\\\/\\\/www.emplea-te.com\\\/noticias-oposiciones\\\/#website\"},\"datePublished\":\"2024-02-23T09:07:46+00:00\",\"description\":\"Xunta de Galicia. Cuerpo de Gesti\u00f3n A2 concurso-oposici\u00f3n turno libre. Modificaci\u00f3n de la relaci\u00f3n definitiva de aspirantes admitidos y excluidos.\",\"breadcrumb\":{\"@id\":\"https:\\\/\\\/www.emplea-te.com\\\/noticias-oposiciones\\\/xunta-de-galicia-cuerpo-de-gestion-a2-concurso-oposicion-turno-libre-modificacion-de-la-relacion-definitiva-de-aspirantes-admitidos-y-excluidos\\\/#breadcrumb\"},\"inLanguage\":\"es\",\"potentialAction\":[{\"@type\":\"ReadAction\",\"target\":[\"https:\\\/\\\/www.emplea-te.com\\\/noticias-oposiciones\\\/xunta-de-galicia-cuerpo-de-gestion-a2-concurso-oposicion-turno-libre-modificacion-de-la-relacion-definitiva-de-aspirantes-admitidos-y-excluidos\\\/\"]}]},{\"@type\":\"BreadcrumbList\",\"@id\":\"https:\\\/\\\/www.emplea-te.com\\\/noticias-oposiciones\\\/xunta-de-galicia-cuerpo-de-gestion-a2-concurso-oposicion-turno-libre-modificacion-de-la-relacion-definitiva-de-aspirantes-admitidos-y-excluidos\\\/#breadcrumb\",\"itemListElement\":[{\"@type\":\"ListItem\",\"position\":1,\"name\":\"Noticias Oposiciones\",\"item\":\"https:\\\/\\\/www.emplea-te.com\\\/noticias-oposiciones\\\/\"},{\"@type\":\"ListItem\",\"position\":2,\"name\":\"Oposiciones Xunta\",\"item\":\"https:\\\/\\\/www.emplea-te.com\\\/noticias-oposiciones\\\/categoria\\\/oposiciones-xunta\\\/\"},{\"@type\":\"ListItem\",\"position\":3,\"name\":\"Xunta de Galicia. Cuerpo de Gesti\u00f3n A2 concurso-oposici\u00f3n turno libre. Modificaci\u00f3n de la relaci\u00f3n definitiva de aspirantes admitidos y excluidos.\"}]},{\"@type\":\"WebSite\",\"@id\":\"https:\\\/\\\/www.emplea-te.com\\\/noticias-oposiciones\\\/#website\",\"url\":\"https:\\\/\\\/www.emplea-te.com\\\/noticias-oposiciones\\\/\",\"name\":\"Noticas de oposiciones por Academia Emplea-te\",\"description\":\"Toda la actualidad de las ofertas y convocatorias.\",\"publisher\":{\"@id\":\"https:\\\/\\\/www.emplea-te.com\\\/noticias-oposiciones\\\/#organization\"},\"potentialAction\":[{\"@type\":\"SearchAction\",\"target\":{\"@type\":\"EntryPoint\",\"urlTemplate\":\"https:\\\/\\\/www.emplea-te.com\\\/noticias-oposiciones\\\/?s={search_term_string}\"},\"query-input\":{\"@type\":\"PropertyValueSpecification\",\"valueRequired\":true,\"valueName\":\"search_term_string\"}}],\"inLanguage\":\"es\"},{\"@type\":\"Organization\",\"@id\":\"https:\\\/\\\/www.emplea-te.com\\\/noticias-oposiciones\\\/#organization\",\"name\":\"Academia de oposiciones Empl\u00e9ate\",\"url\":\"https:\\\/\\\/www.emplea-te.com\\\/noticias-oposiciones\\\/\",\"logo\":{\"@type\":\"ImageObject\",\"inLanguage\":\"es\",\"@id\":\"https:\\\/\\\/www.emplea-te.com\\\/noticias-oposiciones\\\/#\\\/schema\\\/logo\\\/image\\\/\",\"url\":\"https:\\\/\\\/www.emplea-te.com\\\/noticias-oposiciones\\\/wp-content\\\/uploads\\\/2019\\\/04\\\/empleate.jpg\",\"contentUrl\":\"https:\\\/\\\/www.emplea-te.com\\\/noticias-oposiciones\\\/wp-content\\\/uploads\\\/2019\\\/04\\\/empleate.jpg\",\"width\":250,\"height\":150,\"caption\":\"Academia de oposiciones Empl\u00e9ate\"},\"image\":{\"@id\":\"https:\\\/\\\/www.emplea-te.com\\\/noticias-oposiciones\\\/#\\\/schema\\\/logo\\\/image\\\/\"},\"sameAs\":[\"https:\\\/\\\/www.facebook.com\\\/AcademiaEmpleate\\\/\",\"https:\\\/\\\/x.com\\\/Emplea_Te\",\"https:\\\/\\\/www.instagram.com\\\/academia_empleate\\\/\"]},{\"@type\":\"Person\",\"@id\":\"https:\\\/\\\/www.emplea-te.com\\\/noticias-oposiciones\\\/#\\\/schema\\\/person\\\/d1bc587e1af2b95e9c32aba1795509a6\",\"name\":\"Empleate\"}]}<\/script>\n<!-- \/ Yoast SEO plugin. -->","yoast_head_json":{"title":"Xunta de Galicia. Convocatoria proceso selectivo.","description":"Xunta de Galicia. Cuerpo de Gesti\u00f3n A2 concurso-oposici\u00f3n turno libre. Modificaci\u00f3n de la relaci\u00f3n definitiva de aspirantes admitidos y excluidos.","robots":{"index":"index","follow":"follow","max-snippet":"max-snippet:-1","max-image-preview":"max-image-preview:large","max-video-preview":"max-video-preview:-1"},"canonical":"https:\/\/www.emplea-te.com\/noticias-oposiciones\/xunta-de-galicia-cuerpo-de-gestion-a2-concurso-oposicion-turno-libre-modificacion-de-la-relacion-definitiva-de-aspirantes-admitidos-y-excluidos\/","og_locale":"es_ES","og_type":"article","og_title":"Xunta de Galicia. Convocatoria proceso selectivo.","og_description":"Xunta de Galicia. Cuerpo de Gesti\u00f3n A2 concurso-oposici\u00f3n turno libre. Modificaci\u00f3n de la relaci\u00f3n definitiva de aspirantes admitidos y excluidos.","og_url":"https:\/\/www.emplea-te.com\/noticias-oposiciones\/xunta-de-galicia-cuerpo-de-gestion-a2-concurso-oposicion-turno-libre-modificacion-de-la-relacion-definitiva-de-aspirantes-admitidos-y-excluidos\/","og_site_name":"Noticas de oposiciones por Academia Emplea-te","article_publisher":"https:\/\/www.facebook.com\/AcademiaEmpleate\/","article_published_time":"2024-02-23T09:07:46+00:00","author":"Empleate","twitter_card":"summary_large_image","twitter_creator":"@Emplea_Te","twitter_site":"@Emplea_Te","twitter_misc":{"Escrito por":"Empleate","Tiempo de lectura":"1 minuto"},"schema":{"@context":"https:\/\/schema.org","@graph":[{"@type":"Article","@id":"https:\/\/www.emplea-te.com\/noticias-oposiciones\/xunta-de-galicia-cuerpo-de-gestion-a2-concurso-oposicion-turno-libre-modificacion-de-la-relacion-definitiva-de-aspirantes-admitidos-y-excluidos\/#article","isPartOf":{"@id":"https:\/\/www.emplea-te.com\/noticias-oposiciones\/xunta-de-galicia-cuerpo-de-gestion-a2-concurso-oposicion-turno-libre-modificacion-de-la-relacion-definitiva-de-aspirantes-admitidos-y-excluidos\/"},"author":{"name":"Empleate","@id":"https:\/\/www.emplea-te.com\/noticias-oposiciones\/#\/schema\/person\/d1bc587e1af2b95e9c32aba1795509a6"},"headline":"Xunta de Galicia. Cuerpo de Gesti\u00f3n A2 concurso-oposici\u00f3n turno libre. Modificaci\u00f3n de la relaci\u00f3n definitiva de aspirantes admitidos y excluidos.","datePublished":"2024-02-23T09:07:46+00:00","mainEntityOfPage":{"@id":"https:\/\/www.emplea-te.com\/noticias-oposiciones\/xunta-de-galicia-cuerpo-de-gestion-a2-concurso-oposicion-turno-libre-modificacion-de-la-relacion-definitiva-de-aspirantes-admitidos-y-excluidos\/"},"wordCount":175,"publisher":{"@id":"https:\/\/www.emplea-te.com\/noticias-oposiciones\/#organization"},"keywords":["Informaci\u00f3n procesos selectivos","Listados Definitivos de aspirantes admitidos y excluidos"],"articleSection":["Oposiciones Auton\u00f3micas Galicia","Oposiciones Xunta"],"inLanguage":"es"},{"@type":"WebPage","@id":"https:\/\/www.emplea-te.com\/noticias-oposiciones\/xunta-de-galicia-cuerpo-de-gestion-a2-concurso-oposicion-turno-libre-modificacion-de-la-relacion-definitiva-de-aspirantes-admitidos-y-excluidos\/","url":"https:\/\/www.emplea-te.com\/noticias-oposiciones\/xunta-de-galicia-cuerpo-de-gestion-a2-concurso-oposicion-turno-libre-modificacion-de-la-relacion-definitiva-de-aspirantes-admitidos-y-excluidos\/","name":"Xunta de Galicia. Convocatoria proceso selectivo.","isPartOf":{"@id":"https:\/\/www.emplea-te.com\/noticias-oposiciones\/#website"},"datePublished":"2024-02-23T09:07:46+00:00","description":"Xunta de Galicia. Cuerpo de Gesti\u00f3n A2 concurso-oposici\u00f3n turno libre. Modificaci\u00f3n de la relaci\u00f3n definitiva de aspirantes admitidos y excluidos.","breadcrumb":{"@id":"https:\/\/www.emplea-te.com\/noticias-oposiciones\/xunta-de-galicia-cuerpo-de-gestion-a2-concurso-oposicion-turno-libre-modificacion-de-la-relacion-definitiva-de-aspirantes-admitidos-y-excluidos\/#breadcrumb"},"inLanguage":"es","potentialAction":[{"@type":"ReadAction","target":["https:\/\/www.emplea-te.com\/noticias-oposiciones\/xunta-de-galicia-cuerpo-de-gestion-a2-concurso-oposicion-turno-libre-modificacion-de-la-relacion-definitiva-de-aspirantes-admitidos-y-excluidos\/"]}]},{"@type":"BreadcrumbList","@id":"https:\/\/www.emplea-te.com\/noticias-oposiciones\/xunta-de-galicia-cuerpo-de-gestion-a2-concurso-oposicion-turno-libre-modificacion-de-la-relacion-definitiva-de-aspirantes-admitidos-y-excluidos\/#breadcrumb","itemListElement":[{"@type":"ListItem","position":1,"name":"Noticias Oposiciones","item":"https:\/\/www.emplea-te.com\/noticias-oposiciones\/"},{"@type":"ListItem","position":2,"name":"Oposiciones Xunta","item":"https:\/\/www.emplea-te.com\/noticias-oposiciones\/categoria\/oposiciones-xunta\/"},{"@type":"ListItem","position":3,"name":"Xunta de Galicia. Cuerpo de Gesti\u00f3n A2 concurso-oposici\u00f3n turno libre. Modificaci\u00f3n de la relaci\u00f3n definitiva de aspirantes admitidos y excluidos."}]},{"@type":"WebSite","@id":"https:\/\/www.emplea-te.com\/noticias-oposiciones\/#website","url":"https:\/\/www.emplea-te.com\/noticias-oposiciones\/","name":"Noticas de oposiciones por Academia Emplea-te","description":"Toda la actualidad de las ofertas y convocatorias.","publisher":{"@id":"https:\/\/www.emplea-te.com\/noticias-oposiciones\/#organization"},"potentialAction":[{"@type":"SearchAction","target":{"@type":"EntryPoint","urlTemplate":"https:\/\/www.emplea-te.com\/noticias-oposiciones\/?s={search_term_string}"},"query-input":{"@type":"PropertyValueSpecification","valueRequired":true,"valueName":"search_term_string"}}],"inLanguage":"es"},{"@type":"Organization","@id":"https:\/\/www.emplea-te.com\/noticias-oposiciones\/#organization","name":"Academia de oposiciones Empl\u00e9ate","url":"https:\/\/www.emplea-te.com\/noticias-oposiciones\/","logo":{"@type":"ImageObject","inLanguage":"es","@id":"https:\/\/www.emplea-te.com\/noticias-oposiciones\/#\/schema\/logo\/image\/","url":"https:\/\/www.emplea-te.com\/noticias-oposiciones\/wp-content\/uploads\/2019\/04\/empleate.jpg","contentUrl":"https:\/\/www.emplea-te.com\/noticias-oposiciones\/wp-content\/uploads\/2019\/04\/empleate.jpg","width":250,"height":150,"caption":"Academia de oposiciones Empl\u00e9ate"},"image":{"@id":"https:\/\/www.emplea-te.com\/noticias-oposiciones\/#\/schema\/logo\/image\/"},"sameAs":["https:\/\/www.facebook.com\/AcademiaEmpleate\/","https:\/\/x.com\/Emplea_Te","https:\/\/www.instagram.com\/academia_empleate\/"]},{"@type":"Person","@id":"https:\/\/www.emplea-te.com\/noticias-oposiciones\/#\/schema\/person\/d1bc587e1af2b95e9c32aba1795509a6","name":"Empleate"}]}},"_links":{"self":[{"href":"https:\/\/www.emplea-te.com\/noticias-oposiciones\/wp-json\/wp\/v2\/posts\/11901","targetHints":{"allow":["GET"]}}],"collection":[{"href":"https:\/\/www.emplea-te.com\/noticias-oposiciones\/wp-json\/wp\/v2\/posts"}],"about":[{"href":"https:\/\/www.emplea-te.com\/noticias-oposiciones\/wp-json\/wp\/v2\/types\/post"}],"author":[{"embeddable":true,"href":"https:\/\/www.emplea-te.com\/noticias-oposiciones\/wp-json\/wp\/v2\/users\/1"}],"replies":[{"embeddable":true,"href":"https:\/\/www.emplea-te.com\/noticias-oposiciones\/wp-json\/wp\/v2\/comments?post=11901"}],"version-history":[{"count":1,"href":"https:\/\/www.emplea-te.com\/noticias-oposiciones\/wp-json\/wp\/v2\/posts\/11901\/revisions"}],"predecessor-version":[{"id":11902,"href":"https:\/\/www.emplea-te.com\/noticias-oposiciones\/wp-json\/wp\/v2\/posts\/11901\/revisions\/11902"}],"wp:attachment":[{"href":"https:\/\/www.emplea-te.com\/noticias-oposiciones\/wp-json\/wp\/v2\/media?parent=11901"}],"wp:term":[{"taxonomy":"category","embeddable":true,"href":"https:\/\/www.emplea-te.com\/noticias-oposiciones\/wp-json\/wp\/v2\/categories?post=11901"},{"taxonomy":"post_tag","embeddable":true,"href":"https:\/\/www.emplea-te.com\/noticias-oposiciones\/wp-json\/wp\/v2\/tags?post=11901"}],"curies":[{"name":"wp","href":"https:\/\/api.w.org\/{rel}","templated":true}]}}