{"id":11952,"date":"2024-02-29T09:47:50","date_gmt":"2024-02-29T08:47:50","guid":{"rendered":"https:\/\/www.emplea-te.com\/noticias-oposiciones\/?p=11952"},"modified":"2024-02-29T09:47:50","modified_gmt":"2024-02-29T08:47:50","slug":"xunta-de-galicia-listas-de-contratacion-temporal-personal-laboral-apertura-y-cierre","status":"publish","type":"post","link":"https:\/\/www.emplea-te.com\/noticias-oposiciones\/xunta-de-galicia-listas-de-contratacion-temporal-personal-laboral-apertura-y-cierre\/","title":{"rendered":"Xunta de Galicia. Listas de contrataci\u00f3n temporal personal laboral. Apertura y cierre."},"content":{"rendered":"<p>Se publica en el DOG de hoy, d\u00eda 29 de febrero de 2024, la Resoluci\u00f3n de 20 de febrero de 2024, de la\u00a0 Direcci\u00f3n General de Funci\u00f3n P\u00fablica, por la que se acuerda el cierre y la apertura de determinadas listas para la\u00a0 incorporaci\u00f3n de nuevas solicitudes para la contrataci\u00f3n temporal de personal laboral de la Xunta de Galicia y el nombramiento de personal funcionario interino correspondiente a determinados grupos, categor\u00edas, cuerpos, escalas y especialidades.<\/p>\n<p>El art\u00edculo 6 del Decreto 37\/2006, de 2 de marzo, relativo al plazo de presentaci\u00f3n de solicitudes, establece que se podr\u00e1n presentar nuevas solicitudes \u00abdesde la publicaci\u00f3n de la resoluci\u00f3n de apertura del plazo de presentaci\u00f3n de solicitudes por parte de la direcci\u00f3n general competente en materia de funci\u00f3n p\u00fablica y en el plazo establecido en ella\u00bb y, en el caso de listas elaboradas que se encuentren en gesti\u00f3n, desde el d\u00eda 1 de marzo hasta el d\u00eda 30 de abril.<\/p>\n<p>Visto el n\u00famero de contrataciones y nombramientos realizados en el a\u00f1o 2023 y el n\u00famero de personas inscritas en cada lista, esta direcci\u00f3n general resuelve:<\/p>\n<p>Primero. Cerrar la incorporaci\u00f3n de nuevas solicitudes de inclusi\u00f3n en las listas correspondientes a los grupos, categor\u00edas, cuerpos, escalas y especialidades que se indican en el anexo I.<\/p>\n<p>Segundo. Reabrir las listas correspondientes a los grupos, categor\u00edas, cuerpos, escalas y especialidades que se indican en el anexo II.<\/p>\n<p>Tercero. Relacionar las listas correspondientes a los grupos, categor\u00edas, cuerpos, escalas y especialidades que se encuentran abiertas y en las que las personas interesadas podr\u00e1n presentar solicitud de inclusi\u00f3n en el per\u00edodo comprendido entre el 1 de marzo y el 30 de abril de este a\u00f1o (anexo III).<\/p>\n<p><a href=\"https:\/\/www.xunta.gal\/dog\/Publicados\/2024\/20240229\/AnuncioG0597-200224-0003_es.html\" target=\"_blank\" rel=\"noopener\"><strong>Accede a la Resoluci\u00f3n con su contenido \u00edntegro desde este enlace.\u00a0<\/strong><\/a><\/p>\n<p>&nbsp;<\/p>\n<p>&nbsp;<\/p>\n","protected":false},"excerpt":{"rendered":"<p>Se publica en el DOG de hoy, d\u00eda 29 de febrero de 2024, la Resoluci\u00f3n de 20 de febrero de 2024, de la\u00a0 Direcci\u00f3n General de Funci\u00f3n P\u00fablica, por la que se acuerda el cierre y la apertura de determinadas listas para la\u00a0 incorporaci\u00f3n de nuevas solicitudes para la contrataci\u00f3n temporal de personal laboral de &hellip; <a href=\"https:\/\/www.emplea-te.com\/noticias-oposiciones\/xunta-de-galicia-listas-de-contratacion-temporal-personal-laboral-apertura-y-cierre\/\" class=\"more-link\">Continuar leyendo<span class=\"screen-reader-text\"> \u00abXunta de Galicia. Listas de contrataci\u00f3n temporal personal laboral. Apertura y cierre.\u00bb<\/span><\/a><\/p>\n","protected":false},"author":1,"featured_media":0,"comment_status":"closed","ping_status":"closed","sticky":false,"template":"","format":"standard","meta":{"footnotes":""},"categories":[56,4],"tags":[103],"class_list":["post-11952","post","type-post","status-publish","format-standard","hentry","category-oposiciones-autonomicas-galicia","category-oposiciones-xunta","tag-informacion-procesos-selectivos"],"yoast_head":"<!-- This site is optimized with the Yoast SEO plugin v27.5 - https:\/\/yoast.com\/product\/yoast-seo-wordpress\/ -->\n<title>Xunta de Galicia. Listas de contrataci\u00f3n temporal personal laboral. Apertura y cierre. - Noticas de oposiciones por Academia Emplea-te<\/title>\n<meta name=\"robots\" content=\"index, follow, max-snippet:-1, max-image-preview:large, max-video-preview:-1\" \/>\n<link rel=\"canonical\" href=\"https:\/\/www.emplea-te.com\/noticias-oposiciones\/xunta-de-galicia-listas-de-contratacion-temporal-personal-laboral-apertura-y-cierre\/\" \/>\n<meta property=\"og:locale\" content=\"es_ES\" \/>\n<meta property=\"og:type\" content=\"article\" \/>\n<meta property=\"og:title\" content=\"Xunta de Galicia. Listas de contrataci\u00f3n temporal personal laboral. Apertura y cierre. - Noticas de oposiciones por Academia Emplea-te\" \/>\n<meta property=\"og:description\" content=\"Se publica en el DOG de hoy, d\u00eda 29 de febrero de 2024, la Resoluci\u00f3n de 20 de febrero de 2024, de la\u00a0 Direcci\u00f3n General de Funci\u00f3n P\u00fablica, por la que se acuerda el cierre y la apertura de determinadas listas para la\u00a0 incorporaci\u00f3n de nuevas solicitudes para la contrataci\u00f3n temporal de personal laboral de &hellip; Continuar leyendo &quot;Xunta de Galicia. Listas de contrataci\u00f3n temporal personal laboral. Apertura y cierre.&quot;\" \/>\n<meta property=\"og:url\" content=\"https:\/\/www.emplea-te.com\/noticias-oposiciones\/xunta-de-galicia-listas-de-contratacion-temporal-personal-laboral-apertura-y-cierre\/\" \/>\n<meta property=\"og:site_name\" content=\"Noticas de oposiciones por Academia Emplea-te\" \/>\n<meta property=\"article:publisher\" content=\"https:\/\/www.facebook.com\/AcademiaEmpleate\/\" \/>\n<meta property=\"article:published_time\" content=\"2024-02-29T08:47:50+00:00\" \/>\n<meta name=\"author\" content=\"Empleate\" \/>\n<meta name=\"twitter:card\" content=\"summary_large_image\" \/>\n<meta name=\"twitter:creator\" content=\"@Emplea_Te\" \/>\n<meta name=\"twitter:site\" content=\"@Emplea_Te\" \/>\n<meta name=\"twitter:label1\" content=\"Escrito por\" \/>\n\t<meta name=\"twitter:data1\" content=\"Empleate\" \/>\n\t<meta name=\"twitter:label2\" content=\"Tiempo de lectura\" \/>\n\t<meta name=\"twitter:data2\" content=\"2 minutos\" \/>\n<script type=\"application\/ld+json\" class=\"yoast-schema-graph\">{\"@context\":\"https:\\\/\\\/schema.org\",\"@graph\":[{\"@type\":\"Article\",\"@id\":\"https:\\\/\\\/www.emplea-te.com\\\/noticias-oposiciones\\\/xunta-de-galicia-listas-de-contratacion-temporal-personal-laboral-apertura-y-cierre\\\/#article\",\"isPartOf\":{\"@id\":\"https:\\\/\\\/www.emplea-te.com\\\/noticias-oposiciones\\\/xunta-de-galicia-listas-de-contratacion-temporal-personal-laboral-apertura-y-cierre\\\/\"},\"author\":{\"name\":\"Empleate\",\"@id\":\"https:\\\/\\\/www.emplea-te.com\\\/noticias-oposiciones\\\/#\\\/schema\\\/person\\\/d1bc587e1af2b95e9c32aba1795509a6\"},\"headline\":\"Xunta de Galicia. Listas de contrataci\u00f3n temporal personal laboral. Apertura y cierre.\",\"datePublished\":\"2024-02-29T08:47:50+00:00\",\"mainEntityOfPage\":{\"@id\":\"https:\\\/\\\/www.emplea-te.com\\\/noticias-oposiciones\\\/xunta-de-galicia-listas-de-contratacion-temporal-personal-laboral-apertura-y-cierre\\\/\"},\"wordCount\":325,\"publisher\":{\"@id\":\"https:\\\/\\\/www.emplea-te.com\\\/noticias-oposiciones\\\/#organization\"},\"keywords\":[\"Informaci\u00f3n procesos selectivos\"],\"articleSection\":[\"Oposiciones Auton\u00f3micas Galicia\",\"Oposiciones Xunta\"],\"inLanguage\":\"es\"},{\"@type\":\"WebPage\",\"@id\":\"https:\\\/\\\/www.emplea-te.com\\\/noticias-oposiciones\\\/xunta-de-galicia-listas-de-contratacion-temporal-personal-laboral-apertura-y-cierre\\\/\",\"url\":\"https:\\\/\\\/www.emplea-te.com\\\/noticias-oposiciones\\\/xunta-de-galicia-listas-de-contratacion-temporal-personal-laboral-apertura-y-cierre\\\/\",\"name\":\"Xunta de Galicia. Listas de contrataci\u00f3n temporal personal laboral. Apertura y cierre. - Noticas de oposiciones por Academia Emplea-te\",\"isPartOf\":{\"@id\":\"https:\\\/\\\/www.emplea-te.com\\\/noticias-oposiciones\\\/#website\"},\"datePublished\":\"2024-02-29T08:47:50+00:00\",\"breadcrumb\":{\"@id\":\"https:\\\/\\\/www.emplea-te.com\\\/noticias-oposiciones\\\/xunta-de-galicia-listas-de-contratacion-temporal-personal-laboral-apertura-y-cierre\\\/#breadcrumb\"},\"inLanguage\":\"es\",\"potentialAction\":[{\"@type\":\"ReadAction\",\"target\":[\"https:\\\/\\\/www.emplea-te.com\\\/noticias-oposiciones\\\/xunta-de-galicia-listas-de-contratacion-temporal-personal-laboral-apertura-y-cierre\\\/\"]}]},{\"@type\":\"BreadcrumbList\",\"@id\":\"https:\\\/\\\/www.emplea-te.com\\\/noticias-oposiciones\\\/xunta-de-galicia-listas-de-contratacion-temporal-personal-laboral-apertura-y-cierre\\\/#breadcrumb\",\"itemListElement\":[{\"@type\":\"ListItem\",\"position\":1,\"name\":\"Noticias Oposiciones\",\"item\":\"https:\\\/\\\/www.emplea-te.com\\\/noticias-oposiciones\\\/\"},{\"@type\":\"ListItem\",\"position\":2,\"name\":\"Oposiciones Xunta\",\"item\":\"https:\\\/\\\/www.emplea-te.com\\\/noticias-oposiciones\\\/categoria\\\/oposiciones-xunta\\\/\"},{\"@type\":\"ListItem\",\"position\":3,\"name\":\"Xunta de Galicia. Listas de contrataci\u00f3n temporal personal laboral. Apertura y cierre.\"}]},{\"@type\":\"WebSite\",\"@id\":\"https:\\\/\\\/www.emplea-te.com\\\/noticias-oposiciones\\\/#website\",\"url\":\"https:\\\/\\\/www.emplea-te.com\\\/noticias-oposiciones\\\/\",\"name\":\"Noticas de oposiciones por Academia Emplea-te\",\"description\":\"Toda la actualidad de las ofertas y convocatorias.\",\"publisher\":{\"@id\":\"https:\\\/\\\/www.emplea-te.com\\\/noticias-oposiciones\\\/#organization\"},\"potentialAction\":[{\"@type\":\"SearchAction\",\"target\":{\"@type\":\"EntryPoint\",\"urlTemplate\":\"https:\\\/\\\/www.emplea-te.com\\\/noticias-oposiciones\\\/?s={search_term_string}\"},\"query-input\":{\"@type\":\"PropertyValueSpecification\",\"valueRequired\":true,\"valueName\":\"search_term_string\"}}],\"inLanguage\":\"es\"},{\"@type\":\"Organization\",\"@id\":\"https:\\\/\\\/www.emplea-te.com\\\/noticias-oposiciones\\\/#organization\",\"name\":\"Academia de oposiciones Empl\u00e9ate\",\"url\":\"https:\\\/\\\/www.emplea-te.com\\\/noticias-oposiciones\\\/\",\"logo\":{\"@type\":\"ImageObject\",\"inLanguage\":\"es\",\"@id\":\"https:\\\/\\\/www.emplea-te.com\\\/noticias-oposiciones\\\/#\\\/schema\\\/logo\\\/image\\\/\",\"url\":\"https:\\\/\\\/www.emplea-te.com\\\/noticias-oposiciones\\\/wp-content\\\/uploads\\\/2019\\\/04\\\/empleate.jpg\",\"contentUrl\":\"https:\\\/\\\/www.emplea-te.com\\\/noticias-oposiciones\\\/wp-content\\\/uploads\\\/2019\\\/04\\\/empleate.jpg\",\"width\":250,\"height\":150,\"caption\":\"Academia de oposiciones Empl\u00e9ate\"},\"image\":{\"@id\":\"https:\\\/\\\/www.emplea-te.com\\\/noticias-oposiciones\\\/#\\\/schema\\\/logo\\\/image\\\/\"},\"sameAs\":[\"https:\\\/\\\/www.facebook.com\\\/AcademiaEmpleate\\\/\",\"https:\\\/\\\/x.com\\\/Emplea_Te\",\"https:\\\/\\\/www.instagram.com\\\/academia_empleate\\\/\"]},{\"@type\":\"Person\",\"@id\":\"https:\\\/\\\/www.emplea-te.com\\\/noticias-oposiciones\\\/#\\\/schema\\\/person\\\/d1bc587e1af2b95e9c32aba1795509a6\",\"name\":\"Empleate\"}]}<\/script>\n<!-- \/ Yoast SEO plugin. -->","yoast_head_json":{"title":"Xunta de Galicia. Listas de contrataci\u00f3n temporal personal laboral. Apertura y cierre. - Noticas de oposiciones por Academia Emplea-te","robots":{"index":"index","follow":"follow","max-snippet":"max-snippet:-1","max-image-preview":"max-image-preview:large","max-video-preview":"max-video-preview:-1"},"canonical":"https:\/\/www.emplea-te.com\/noticias-oposiciones\/xunta-de-galicia-listas-de-contratacion-temporal-personal-laboral-apertura-y-cierre\/","og_locale":"es_ES","og_type":"article","og_title":"Xunta de Galicia. Listas de contrataci\u00f3n temporal personal laboral. Apertura y cierre. - Noticas de oposiciones por Academia Emplea-te","og_description":"Se publica en el DOG de hoy, d\u00eda 29 de febrero de 2024, la Resoluci\u00f3n de 20 de febrero de 2024, de la\u00a0 Direcci\u00f3n General de Funci\u00f3n P\u00fablica, por la que se acuerda el cierre y la apertura de determinadas listas para la\u00a0 incorporaci\u00f3n de nuevas solicitudes para la contrataci\u00f3n temporal de personal laboral de &hellip; Continuar leyendo \"Xunta de Galicia. Listas de contrataci\u00f3n temporal personal laboral. Apertura y cierre.\"","og_url":"https:\/\/www.emplea-te.com\/noticias-oposiciones\/xunta-de-galicia-listas-de-contratacion-temporal-personal-laboral-apertura-y-cierre\/","og_site_name":"Noticas de oposiciones por Academia Emplea-te","article_publisher":"https:\/\/www.facebook.com\/AcademiaEmpleate\/","article_published_time":"2024-02-29T08:47:50+00:00","author":"Empleate","twitter_card":"summary_large_image","twitter_creator":"@Emplea_Te","twitter_site":"@Emplea_Te","twitter_misc":{"Escrito por":"Empleate","Tiempo de lectura":"2 minutos"},"schema":{"@context":"https:\/\/schema.org","@graph":[{"@type":"Article","@id":"https:\/\/www.emplea-te.com\/noticias-oposiciones\/xunta-de-galicia-listas-de-contratacion-temporal-personal-laboral-apertura-y-cierre\/#article","isPartOf":{"@id":"https:\/\/www.emplea-te.com\/noticias-oposiciones\/xunta-de-galicia-listas-de-contratacion-temporal-personal-laboral-apertura-y-cierre\/"},"author":{"name":"Empleate","@id":"https:\/\/www.emplea-te.com\/noticias-oposiciones\/#\/schema\/person\/d1bc587e1af2b95e9c32aba1795509a6"},"headline":"Xunta de Galicia. Listas de contrataci\u00f3n temporal personal laboral. Apertura y cierre.","datePublished":"2024-02-29T08:47:50+00:00","mainEntityOfPage":{"@id":"https:\/\/www.emplea-te.com\/noticias-oposiciones\/xunta-de-galicia-listas-de-contratacion-temporal-personal-laboral-apertura-y-cierre\/"},"wordCount":325,"publisher":{"@id":"https:\/\/www.emplea-te.com\/noticias-oposiciones\/#organization"},"keywords":["Informaci\u00f3n procesos selectivos"],"articleSection":["Oposiciones Auton\u00f3micas Galicia","Oposiciones Xunta"],"inLanguage":"es"},{"@type":"WebPage","@id":"https:\/\/www.emplea-te.com\/noticias-oposiciones\/xunta-de-galicia-listas-de-contratacion-temporal-personal-laboral-apertura-y-cierre\/","url":"https:\/\/www.emplea-te.com\/noticias-oposiciones\/xunta-de-galicia-listas-de-contratacion-temporal-personal-laboral-apertura-y-cierre\/","name":"Xunta de Galicia. Listas de contrataci\u00f3n temporal personal laboral. Apertura y cierre. - Noticas de oposiciones por Academia Emplea-te","isPartOf":{"@id":"https:\/\/www.emplea-te.com\/noticias-oposiciones\/#website"},"datePublished":"2024-02-29T08:47:50+00:00","breadcrumb":{"@id":"https:\/\/www.emplea-te.com\/noticias-oposiciones\/xunta-de-galicia-listas-de-contratacion-temporal-personal-laboral-apertura-y-cierre\/#breadcrumb"},"inLanguage":"es","potentialAction":[{"@type":"ReadAction","target":["https:\/\/www.emplea-te.com\/noticias-oposiciones\/xunta-de-galicia-listas-de-contratacion-temporal-personal-laboral-apertura-y-cierre\/"]}]},{"@type":"BreadcrumbList","@id":"https:\/\/www.emplea-te.com\/noticias-oposiciones\/xunta-de-galicia-listas-de-contratacion-temporal-personal-laboral-apertura-y-cierre\/#breadcrumb","itemListElement":[{"@type":"ListItem","position":1,"name":"Noticias Oposiciones","item":"https:\/\/www.emplea-te.com\/noticias-oposiciones\/"},{"@type":"ListItem","position":2,"name":"Oposiciones Xunta","item":"https:\/\/www.emplea-te.com\/noticias-oposiciones\/categoria\/oposiciones-xunta\/"},{"@type":"ListItem","position":3,"name":"Xunta de Galicia. Listas de contrataci\u00f3n temporal personal laboral. Apertura y cierre."}]},{"@type":"WebSite","@id":"https:\/\/www.emplea-te.com\/noticias-oposiciones\/#website","url":"https:\/\/www.emplea-te.com\/noticias-oposiciones\/","name":"Noticas de oposiciones por Academia Emplea-te","description":"Toda la actualidad de las ofertas y convocatorias.","publisher":{"@id":"https:\/\/www.emplea-te.com\/noticias-oposiciones\/#organization"},"potentialAction":[{"@type":"SearchAction","target":{"@type":"EntryPoint","urlTemplate":"https:\/\/www.emplea-te.com\/noticias-oposiciones\/?s={search_term_string}"},"query-input":{"@type":"PropertyValueSpecification","valueRequired":true,"valueName":"search_term_string"}}],"inLanguage":"es"},{"@type":"Organization","@id":"https:\/\/www.emplea-te.com\/noticias-oposiciones\/#organization","name":"Academia de oposiciones Empl\u00e9ate","url":"https:\/\/www.emplea-te.com\/noticias-oposiciones\/","logo":{"@type":"ImageObject","inLanguage":"es","@id":"https:\/\/www.emplea-te.com\/noticias-oposiciones\/#\/schema\/logo\/image\/","url":"https:\/\/www.emplea-te.com\/noticias-oposiciones\/wp-content\/uploads\/2019\/04\/empleate.jpg","contentUrl":"https:\/\/www.emplea-te.com\/noticias-oposiciones\/wp-content\/uploads\/2019\/04\/empleate.jpg","width":250,"height":150,"caption":"Academia de oposiciones Empl\u00e9ate"},"image":{"@id":"https:\/\/www.emplea-te.com\/noticias-oposiciones\/#\/schema\/logo\/image\/"},"sameAs":["https:\/\/www.facebook.com\/AcademiaEmpleate\/","https:\/\/x.com\/Emplea_Te","https:\/\/www.instagram.com\/academia_empleate\/"]},{"@type":"Person","@id":"https:\/\/www.emplea-te.com\/noticias-oposiciones\/#\/schema\/person\/d1bc587e1af2b95e9c32aba1795509a6","name":"Empleate"}]}},"_links":{"self":[{"href":"https:\/\/www.emplea-te.com\/noticias-oposiciones\/wp-json\/wp\/v2\/posts\/11952","targetHints":{"allow":["GET"]}}],"collection":[{"href":"https:\/\/www.emplea-te.com\/noticias-oposiciones\/wp-json\/wp\/v2\/posts"}],"about":[{"href":"https:\/\/www.emplea-te.com\/noticias-oposiciones\/wp-json\/wp\/v2\/types\/post"}],"author":[{"embeddable":true,"href":"https:\/\/www.emplea-te.com\/noticias-oposiciones\/wp-json\/wp\/v2\/users\/1"}],"replies":[{"embeddable":true,"href":"https:\/\/www.emplea-te.com\/noticias-oposiciones\/wp-json\/wp\/v2\/comments?post=11952"}],"version-history":[{"count":1,"href":"https:\/\/www.emplea-te.com\/noticias-oposiciones\/wp-json\/wp\/v2\/posts\/11952\/revisions"}],"predecessor-version":[{"id":11953,"href":"https:\/\/www.emplea-te.com\/noticias-oposiciones\/wp-json\/wp\/v2\/posts\/11952\/revisions\/11953"}],"wp:attachment":[{"href":"https:\/\/www.emplea-te.com\/noticias-oposiciones\/wp-json\/wp\/v2\/media?parent=11952"}],"wp:term":[{"taxonomy":"category","embeddable":true,"href":"https:\/\/www.emplea-te.com\/noticias-oposiciones\/wp-json\/wp\/v2\/categories?post=11952"},{"taxonomy":"post_tag","embeddable":true,"href":"https:\/\/www.emplea-te.com\/noticias-oposiciones\/wp-json\/wp\/v2\/tags?post=11952"}],"curies":[{"name":"wp","href":"https:\/\/api.w.org\/{rel}","templated":true}]}}