{"id":12193,"date":"2024-04-01T11:02:16","date_gmt":"2024-04-01T09:02:16","guid":{"rendered":"https:\/\/www.emplea-te.com\/noticias-oposiciones\/?p=12193"},"modified":"2024-04-01T11:02:16","modified_gmt":"2024-04-01T09:02:16","slug":"gestion-procesal-concurso-oposicion-publicada-plantilla-definitiva-de-respuestas-de-primer-y-segundo-ejercicio","status":"publish","type":"post","link":"https:\/\/www.emplea-te.com\/noticias-oposiciones\/gestion-procesal-concurso-oposicion-publicada-plantilla-definitiva-de-respuestas-de-primer-y-segundo-ejercicio\/","title":{"rendered":"Gesti\u00f3n procesal. Concurso-oposici\u00f3n. Publicada plantilla definitiva de respuestas de primer y segundo ejercicio."},"content":{"rendered":"<p>Se publica en la Web del Ministerio de Justicia, El Acuerdo del Tribunal Calificador \u00danico por el que se hacen p\u00fablicas las plantillas definitivas de respuetas de los ejercicios de Gesti\u00f3n Procesal y Administrativa (estabilizaci\u00f3n concurso-oposici\u00f3n):<\/p>\n<p>&nbsp;<\/p>\n<ul>\n<li><a href=\"https:\/\/www.mjusticia.gob.es\/es\/Ciudadano\/EmpleoPublico\/Documents\/Acuerdo%20de%20publicaci%C3%B3n%20de%20plantilla%20definitva.pdf\" target=\"_blank\" rel=\"noopener\" data-saferedirecturl=\"https:\/\/www.google.com\/url?q=https:\/\/www.mjusticia.gob.es\/es\/Ciudadano\/EmpleoPublico\/Documents\/Acuerdo%2520de%2520publicaci%25C3%25B3n%2520de%2520plantilla%2520definitva.pdf&amp;source=gmail&amp;ust=1712047112186000&amp;usg=AOvVaw2JB23WQZAo-RQMh9u2PnsS\">Acuerdo de publicaci\u00f3n de plantilla definitva<\/a><\/li>\n<li><a href=\"https:\/\/www.mjusticia.gob.es\/es\/Ciudadano\/EmpleoPublico\/Documents\/PLANTILLA%20DEFINITIVA%20DE%20RESPUESTAS%20GESTI%C3%93N%20PA%20-%20PRIMER%20EJERCICIO%20-%20MODELO%20A.pdf\" target=\"_blank\" rel=\"noopener\" data-saferedirecturl=\"https:\/\/www.google.com\/url?q=https:\/\/www.mjusticia.gob.es\/es\/Ciudadano\/EmpleoPublico\/Documents\/PLANTILLA%2520DEFINITIVA%2520DE%2520RESPUESTAS%2520GESTI%25C3%2593N%2520PA%2520-%2520PRIMER%2520EJERCICIO%2520-%2520MODELO%2520A.pdf&amp;source=gmail&amp;ust=1712047112186000&amp;usg=AOvVaw31jw-T9dLTk8H0xw4uvEEY\">PLANTILLA DEFINITIVA DE RESPUESTAS GESTI\u00d3N PA &#8211; PRIMER EJERCICIO &#8211; MODELO A<\/a><\/li>\n<li><a href=\"https:\/\/www.mjusticia.gob.es\/es\/Ciudadano\/EmpleoPublico\/Documents\/PLANTILLA%20DEFINITIVA%20DE%20RESPUESTAS%20GESTI%C3%93N%20PA%20-%20PRIMER%20EJERCICIO%20-%20MODELO%20B.pdf\" target=\"_blank\" rel=\"noopener\" data-saferedirecturl=\"https:\/\/www.google.com\/url?q=https:\/\/www.mjusticia.gob.es\/es\/Ciudadano\/EmpleoPublico\/Documents\/PLANTILLA%2520DEFINITIVA%2520DE%2520RESPUESTAS%2520GESTI%25C3%2593N%2520PA%2520-%2520PRIMER%2520EJERCICIO%2520-%2520MODELO%2520B.pdf&amp;source=gmail&amp;ust=1712047112186000&amp;usg=AOvVaw2QQZDJ0SysRYBYE46CPuK4\">PLANTILLA DEFINITIVA DE RESPUESTAS GESTI\u00d3N PA &#8211; PRIMER EJERCICIO &#8211; MODELO B<\/a><\/li>\n<li><a href=\"https:\/\/www.mjusticia.gob.es\/es\/Ciudadano\/EmpleoPublico\/Documents\/PLANTILLA%20DEFINITIVA%20DE%20RESPUESTAS%20GESTI%C3%93N%20PA%20-%20SEGUNDO%20EJERCICIO%20-%20MODELO%20A.pdf\" target=\"_blank\" rel=\"noopener\" data-saferedirecturl=\"https:\/\/www.google.com\/url?q=https:\/\/www.mjusticia.gob.es\/es\/Ciudadano\/EmpleoPublico\/Documents\/PLANTILLA%2520DEFINITIVA%2520DE%2520RESPUESTAS%2520GESTI%25C3%2593N%2520PA%2520-%2520SEGUNDO%2520EJERCICIO%2520-%2520MODELO%2520A.pdf&amp;source=gmail&amp;ust=1712047112186000&amp;usg=AOvVaw2pe31h4PsZqLYOScOfG4Lu\">PLANTILLA DEFINITIVA DE RESPUESTAS GESTI\u00d3N PA &#8211; SEGUNDO EJERCICIO &#8211; MODELO A<\/a><\/li>\n<li><a href=\"https:\/\/www.mjusticia.gob.es\/es\/Ciudadano\/EmpleoPublico\/Documents\/PLANTILLA%20DEFINITIVA%20DE%20RESPUESTAS%20GESTI%C3%93N%20PA%20-%20SEGUNDO%20EJERCICIO%20-%20MODELO%20B.pdf\" target=\"_blank\" rel=\"noopener\" data-saferedirecturl=\"https:\/\/www.google.com\/url?q=https:\/\/www.mjusticia.gob.es\/es\/Ciudadano\/EmpleoPublico\/Documents\/PLANTILLA%2520DEFINITIVA%2520DE%2520RESPUESTAS%2520GESTI%25C3%2593N%2520PA%2520-%2520SEGUNDO%2520EJERCICIO%2520-%2520MODELO%2520B.pdf&amp;source=gmail&amp;ust=1712047112186000&amp;usg=AOvVaw2xpbI6S7fQSGGfepS_t1v7\">PLANTILLA DEFINITIVA DE RESPUESTAS GESTI\u00d3N PA &#8211; SEGUNDO EJERCICIO &#8211; MODELO B<\/a><\/li>\n<\/ul>\n","protected":false},"excerpt":{"rendered":"<p>Se publica en la Web del Ministerio de Justicia, El Acuerdo del Tribunal Calificador \u00danico por el que se hacen p\u00fablicas las plantillas definitivas de respuetas de los ejercicios de Gesti\u00f3n Procesal y Administrativa (estabilizaci\u00f3n concurso-oposici\u00f3n): &nbsp; Acuerdo de publicaci\u00f3n de plantilla definitva PLANTILLA DEFINITIVA DE RESPUESTAS GESTI\u00d3N PA &#8211; PRIMER EJERCICIO &#8211; MODELO A &hellip; <a href=\"https:\/\/www.emplea-te.com\/noticias-oposiciones\/gestion-procesal-concurso-oposicion-publicada-plantilla-definitiva-de-respuestas-de-primer-y-segundo-ejercicio\/\" class=\"more-link\">Continuar leyendo<span class=\"screen-reader-text\"> \u00abGesti\u00f3n procesal. Concurso-oposici\u00f3n. Publicada plantilla definitiva de respuestas de primer y segundo ejercicio.\u00bb<\/span><\/a><\/p>\n","protected":false},"author":1,"featured_media":0,"comment_status":"closed","ping_status":"closed","sticky":false,"template":"","format":"standard","meta":{"footnotes":""},"categories":[17,14],"tags":[103],"class_list":["post-12193","post","type-post","status-publish","format-standard","hentry","category-oposiciones-gestion-procesal","category-oposiciones-justicia","tag-informacion-procesos-selectivos"],"yoast_head":"<!-- This site is optimized with the Yoast SEO plugin v27.5 - https:\/\/yoast.com\/product\/yoast-seo-wordpress\/ -->\n<title>Gesti\u00f3n procesal. Concurso-oposici\u00f3n.<\/title>\n<meta name=\"description\" content=\"Gesti\u00f3n procesal. Concurso-oposici\u00f3n. Publicada plantilla definitiva de respuestas de primer y segundo ejercicio.\" \/>\n<meta name=\"robots\" content=\"index, follow, max-snippet:-1, max-image-preview:large, max-video-preview:-1\" \/>\n<link rel=\"canonical\" href=\"https:\/\/www.emplea-te.com\/noticias-oposiciones\/gestion-procesal-concurso-oposicion-publicada-plantilla-definitiva-de-respuestas-de-primer-y-segundo-ejercicio\/\" \/>\n<meta property=\"og:locale\" content=\"es_ES\" \/>\n<meta property=\"og:type\" content=\"article\" \/>\n<meta property=\"og:title\" content=\"Gesti\u00f3n procesal. Concurso-oposici\u00f3n.\" \/>\n<meta property=\"og:description\" content=\"Gesti\u00f3n procesal. Concurso-oposici\u00f3n. Publicada plantilla definitiva de respuestas de primer y segundo ejercicio.\" \/>\n<meta property=\"og:url\" content=\"https:\/\/www.emplea-te.com\/noticias-oposiciones\/gestion-procesal-concurso-oposicion-publicada-plantilla-definitiva-de-respuestas-de-primer-y-segundo-ejercicio\/\" \/>\n<meta property=\"og:site_name\" content=\"Noticas de oposiciones por Academia Emplea-te\" \/>\n<meta property=\"article:publisher\" content=\"https:\/\/www.facebook.com\/AcademiaEmpleate\/\" \/>\n<meta property=\"article:published_time\" content=\"2024-04-01T09:02:16+00:00\" \/>\n<meta name=\"author\" content=\"Empleate\" \/>\n<meta name=\"twitter:card\" content=\"summary_large_image\" \/>\n<meta name=\"twitter:creator\" content=\"@Emplea_Te\" \/>\n<meta name=\"twitter:site\" content=\"@Emplea_Te\" \/>\n<meta name=\"twitter:label1\" content=\"Escrito por\" \/>\n\t<meta name=\"twitter:data1\" content=\"Empleate\" \/>\n\t<meta name=\"twitter:label2\" content=\"Tiempo de lectura\" \/>\n\t<meta name=\"twitter:data2\" content=\"1 minuto\" \/>\n<script type=\"application\/ld+json\" class=\"yoast-schema-graph\">{\"@context\":\"https:\\\/\\\/schema.org\",\"@graph\":[{\"@type\":\"Article\",\"@id\":\"https:\\\/\\\/www.emplea-te.com\\\/noticias-oposiciones\\\/gestion-procesal-concurso-oposicion-publicada-plantilla-definitiva-de-respuestas-de-primer-y-segundo-ejercicio\\\/#article\",\"isPartOf\":{\"@id\":\"https:\\\/\\\/www.emplea-te.com\\\/noticias-oposiciones\\\/gestion-procesal-concurso-oposicion-publicada-plantilla-definitiva-de-respuestas-de-primer-y-segundo-ejercicio\\\/\"},\"author\":{\"name\":\"Empleate\",\"@id\":\"https:\\\/\\\/www.emplea-te.com\\\/noticias-oposiciones\\\/#\\\/schema\\\/person\\\/d1bc587e1af2b95e9c32aba1795509a6\"},\"headline\":\"Gesti\u00f3n procesal. Concurso-oposici\u00f3n. Publicada plantilla definitiva de respuestas de primer y segundo ejercicio.\",\"datePublished\":\"2024-04-01T09:02:16+00:00\",\"mainEntityOfPage\":{\"@id\":\"https:\\\/\\\/www.emplea-te.com\\\/noticias-oposiciones\\\/gestion-procesal-concurso-oposicion-publicada-plantilla-definitiva-de-respuestas-de-primer-y-segundo-ejercicio\\\/\"},\"wordCount\":115,\"publisher\":{\"@id\":\"https:\\\/\\\/www.emplea-te.com\\\/noticias-oposiciones\\\/#organization\"},\"keywords\":[\"Informaci\u00f3n procesos selectivos\"],\"articleSection\":[\"Oposiciones Gesti\u00f3n Procesal\",\"Oposiciones Justicia\"],\"inLanguage\":\"es\"},{\"@type\":\"WebPage\",\"@id\":\"https:\\\/\\\/www.emplea-te.com\\\/noticias-oposiciones\\\/gestion-procesal-concurso-oposicion-publicada-plantilla-definitiva-de-respuestas-de-primer-y-segundo-ejercicio\\\/\",\"url\":\"https:\\\/\\\/www.emplea-te.com\\\/noticias-oposiciones\\\/gestion-procesal-concurso-oposicion-publicada-plantilla-definitiva-de-respuestas-de-primer-y-segundo-ejercicio\\\/\",\"name\":\"Gesti\u00f3n procesal. Concurso-oposici\u00f3n.\",\"isPartOf\":{\"@id\":\"https:\\\/\\\/www.emplea-te.com\\\/noticias-oposiciones\\\/#website\"},\"datePublished\":\"2024-04-01T09:02:16+00:00\",\"description\":\"Gesti\u00f3n procesal. Concurso-oposici\u00f3n. Publicada plantilla definitiva de respuestas de primer y segundo ejercicio.\",\"breadcrumb\":{\"@id\":\"https:\\\/\\\/www.emplea-te.com\\\/noticias-oposiciones\\\/gestion-procesal-concurso-oposicion-publicada-plantilla-definitiva-de-respuestas-de-primer-y-segundo-ejercicio\\\/#breadcrumb\"},\"inLanguage\":\"es\",\"potentialAction\":[{\"@type\":\"ReadAction\",\"target\":[\"https:\\\/\\\/www.emplea-te.com\\\/noticias-oposiciones\\\/gestion-procesal-concurso-oposicion-publicada-plantilla-definitiva-de-respuestas-de-primer-y-segundo-ejercicio\\\/\"]}]},{\"@type\":\"BreadcrumbList\",\"@id\":\"https:\\\/\\\/www.emplea-te.com\\\/noticias-oposiciones\\\/gestion-procesal-concurso-oposicion-publicada-plantilla-definitiva-de-respuestas-de-primer-y-segundo-ejercicio\\\/#breadcrumb\",\"itemListElement\":[{\"@type\":\"ListItem\",\"position\":1,\"name\":\"Noticias Oposiciones\",\"item\":\"https:\\\/\\\/www.emplea-te.com\\\/noticias-oposiciones\\\/\"},{\"@type\":\"ListItem\",\"position\":2,\"name\":\"Oposiciones Justicia\",\"item\":\"https:\\\/\\\/www.emplea-te.com\\\/noticias-oposiciones\\\/categoria\\\/oposiciones-justicia\\\/\"},{\"@type\":\"ListItem\",\"position\":3,\"name\":\"Oposiciones Gesti\u00f3n Procesal\",\"item\":\"https:\\\/\\\/www.emplea-te.com\\\/noticias-oposiciones\\\/categoria\\\/oposiciones-justicia\\\/oposiciones-gestion-procesal\\\/\"},{\"@type\":\"ListItem\",\"position\":4,\"name\":\"Gesti\u00f3n procesal. Concurso-oposici\u00f3n. Publicada plantilla definitiva de respuestas de primer y segundo ejercicio.\"}]},{\"@type\":\"WebSite\",\"@id\":\"https:\\\/\\\/www.emplea-te.com\\\/noticias-oposiciones\\\/#website\",\"url\":\"https:\\\/\\\/www.emplea-te.com\\\/noticias-oposiciones\\\/\",\"name\":\"Noticas de oposiciones por Academia Emplea-te\",\"description\":\"Toda la actualidad de las ofertas y convocatorias.\",\"publisher\":{\"@id\":\"https:\\\/\\\/www.emplea-te.com\\\/noticias-oposiciones\\\/#organization\"},\"potentialAction\":[{\"@type\":\"SearchAction\",\"target\":{\"@type\":\"EntryPoint\",\"urlTemplate\":\"https:\\\/\\\/www.emplea-te.com\\\/noticias-oposiciones\\\/?s={search_term_string}\"},\"query-input\":{\"@type\":\"PropertyValueSpecification\",\"valueRequired\":true,\"valueName\":\"search_term_string\"}}],\"inLanguage\":\"es\"},{\"@type\":\"Organization\",\"@id\":\"https:\\\/\\\/www.emplea-te.com\\\/noticias-oposiciones\\\/#organization\",\"name\":\"Academia de oposiciones Empl\u00e9ate\",\"url\":\"https:\\\/\\\/www.emplea-te.com\\\/noticias-oposiciones\\\/\",\"logo\":{\"@type\":\"ImageObject\",\"inLanguage\":\"es\",\"@id\":\"https:\\\/\\\/www.emplea-te.com\\\/noticias-oposiciones\\\/#\\\/schema\\\/logo\\\/image\\\/\",\"url\":\"https:\\\/\\\/www.emplea-te.com\\\/noticias-oposiciones\\\/wp-content\\\/uploads\\\/2019\\\/04\\\/empleate.jpg\",\"contentUrl\":\"https:\\\/\\\/www.emplea-te.com\\\/noticias-oposiciones\\\/wp-content\\\/uploads\\\/2019\\\/04\\\/empleate.jpg\",\"width\":250,\"height\":150,\"caption\":\"Academia de oposiciones Empl\u00e9ate\"},\"image\":{\"@id\":\"https:\\\/\\\/www.emplea-te.com\\\/noticias-oposiciones\\\/#\\\/schema\\\/logo\\\/image\\\/\"},\"sameAs\":[\"https:\\\/\\\/www.facebook.com\\\/AcademiaEmpleate\\\/\",\"https:\\\/\\\/x.com\\\/Emplea_Te\",\"https:\\\/\\\/www.instagram.com\\\/academia_empleate\\\/\"]},{\"@type\":\"Person\",\"@id\":\"https:\\\/\\\/www.emplea-te.com\\\/noticias-oposiciones\\\/#\\\/schema\\\/person\\\/d1bc587e1af2b95e9c32aba1795509a6\",\"name\":\"Empleate\"}]}<\/script>\n<!-- \/ Yoast SEO plugin. -->","yoast_head_json":{"title":"Gesti\u00f3n procesal. Concurso-oposici\u00f3n.","description":"Gesti\u00f3n procesal. Concurso-oposici\u00f3n. Publicada plantilla definitiva de respuestas de primer y segundo ejercicio.","robots":{"index":"index","follow":"follow","max-snippet":"max-snippet:-1","max-image-preview":"max-image-preview:large","max-video-preview":"max-video-preview:-1"},"canonical":"https:\/\/www.emplea-te.com\/noticias-oposiciones\/gestion-procesal-concurso-oposicion-publicada-plantilla-definitiva-de-respuestas-de-primer-y-segundo-ejercicio\/","og_locale":"es_ES","og_type":"article","og_title":"Gesti\u00f3n procesal. Concurso-oposici\u00f3n.","og_description":"Gesti\u00f3n procesal. Concurso-oposici\u00f3n. Publicada plantilla definitiva de respuestas de primer y segundo ejercicio.","og_url":"https:\/\/www.emplea-te.com\/noticias-oposiciones\/gestion-procesal-concurso-oposicion-publicada-plantilla-definitiva-de-respuestas-de-primer-y-segundo-ejercicio\/","og_site_name":"Noticas de oposiciones por Academia Emplea-te","article_publisher":"https:\/\/www.facebook.com\/AcademiaEmpleate\/","article_published_time":"2024-04-01T09:02:16+00:00","author":"Empleate","twitter_card":"summary_large_image","twitter_creator":"@Emplea_Te","twitter_site":"@Emplea_Te","twitter_misc":{"Escrito por":"Empleate","Tiempo de lectura":"1 minuto"},"schema":{"@context":"https:\/\/schema.org","@graph":[{"@type":"Article","@id":"https:\/\/www.emplea-te.com\/noticias-oposiciones\/gestion-procesal-concurso-oposicion-publicada-plantilla-definitiva-de-respuestas-de-primer-y-segundo-ejercicio\/#article","isPartOf":{"@id":"https:\/\/www.emplea-te.com\/noticias-oposiciones\/gestion-procesal-concurso-oposicion-publicada-plantilla-definitiva-de-respuestas-de-primer-y-segundo-ejercicio\/"},"author":{"name":"Empleate","@id":"https:\/\/www.emplea-te.com\/noticias-oposiciones\/#\/schema\/person\/d1bc587e1af2b95e9c32aba1795509a6"},"headline":"Gesti\u00f3n procesal. Concurso-oposici\u00f3n. Publicada plantilla definitiva de respuestas de primer y segundo ejercicio.","datePublished":"2024-04-01T09:02:16+00:00","mainEntityOfPage":{"@id":"https:\/\/www.emplea-te.com\/noticias-oposiciones\/gestion-procesal-concurso-oposicion-publicada-plantilla-definitiva-de-respuestas-de-primer-y-segundo-ejercicio\/"},"wordCount":115,"publisher":{"@id":"https:\/\/www.emplea-te.com\/noticias-oposiciones\/#organization"},"keywords":["Informaci\u00f3n procesos selectivos"],"articleSection":["Oposiciones Gesti\u00f3n Procesal","Oposiciones Justicia"],"inLanguage":"es"},{"@type":"WebPage","@id":"https:\/\/www.emplea-te.com\/noticias-oposiciones\/gestion-procesal-concurso-oposicion-publicada-plantilla-definitiva-de-respuestas-de-primer-y-segundo-ejercicio\/","url":"https:\/\/www.emplea-te.com\/noticias-oposiciones\/gestion-procesal-concurso-oposicion-publicada-plantilla-definitiva-de-respuestas-de-primer-y-segundo-ejercicio\/","name":"Gesti\u00f3n procesal. Concurso-oposici\u00f3n.","isPartOf":{"@id":"https:\/\/www.emplea-te.com\/noticias-oposiciones\/#website"},"datePublished":"2024-04-01T09:02:16+00:00","description":"Gesti\u00f3n procesal. Concurso-oposici\u00f3n. Publicada plantilla definitiva de respuestas de primer y segundo ejercicio.","breadcrumb":{"@id":"https:\/\/www.emplea-te.com\/noticias-oposiciones\/gestion-procesal-concurso-oposicion-publicada-plantilla-definitiva-de-respuestas-de-primer-y-segundo-ejercicio\/#breadcrumb"},"inLanguage":"es","potentialAction":[{"@type":"ReadAction","target":["https:\/\/www.emplea-te.com\/noticias-oposiciones\/gestion-procesal-concurso-oposicion-publicada-plantilla-definitiva-de-respuestas-de-primer-y-segundo-ejercicio\/"]}]},{"@type":"BreadcrumbList","@id":"https:\/\/www.emplea-te.com\/noticias-oposiciones\/gestion-procesal-concurso-oposicion-publicada-plantilla-definitiva-de-respuestas-de-primer-y-segundo-ejercicio\/#breadcrumb","itemListElement":[{"@type":"ListItem","position":1,"name":"Noticias Oposiciones","item":"https:\/\/www.emplea-te.com\/noticias-oposiciones\/"},{"@type":"ListItem","position":2,"name":"Oposiciones Justicia","item":"https:\/\/www.emplea-te.com\/noticias-oposiciones\/categoria\/oposiciones-justicia\/"},{"@type":"ListItem","position":3,"name":"Oposiciones Gesti\u00f3n Procesal","item":"https:\/\/www.emplea-te.com\/noticias-oposiciones\/categoria\/oposiciones-justicia\/oposiciones-gestion-procesal\/"},{"@type":"ListItem","position":4,"name":"Gesti\u00f3n procesal. Concurso-oposici\u00f3n. Publicada plantilla definitiva de respuestas de primer y segundo ejercicio."}]},{"@type":"WebSite","@id":"https:\/\/www.emplea-te.com\/noticias-oposiciones\/#website","url":"https:\/\/www.emplea-te.com\/noticias-oposiciones\/","name":"Noticas de oposiciones por Academia Emplea-te","description":"Toda la actualidad de las ofertas y convocatorias.","publisher":{"@id":"https:\/\/www.emplea-te.com\/noticias-oposiciones\/#organization"},"potentialAction":[{"@type":"SearchAction","target":{"@type":"EntryPoint","urlTemplate":"https:\/\/www.emplea-te.com\/noticias-oposiciones\/?s={search_term_string}"},"query-input":{"@type":"PropertyValueSpecification","valueRequired":true,"valueName":"search_term_string"}}],"inLanguage":"es"},{"@type":"Organization","@id":"https:\/\/www.emplea-te.com\/noticias-oposiciones\/#organization","name":"Academia de oposiciones Empl\u00e9ate","url":"https:\/\/www.emplea-te.com\/noticias-oposiciones\/","logo":{"@type":"ImageObject","inLanguage":"es","@id":"https:\/\/www.emplea-te.com\/noticias-oposiciones\/#\/schema\/logo\/image\/","url":"https:\/\/www.emplea-te.com\/noticias-oposiciones\/wp-content\/uploads\/2019\/04\/empleate.jpg","contentUrl":"https:\/\/www.emplea-te.com\/noticias-oposiciones\/wp-content\/uploads\/2019\/04\/empleate.jpg","width":250,"height":150,"caption":"Academia de oposiciones Empl\u00e9ate"},"image":{"@id":"https:\/\/www.emplea-te.com\/noticias-oposiciones\/#\/schema\/logo\/image\/"},"sameAs":["https:\/\/www.facebook.com\/AcademiaEmpleate\/","https:\/\/x.com\/Emplea_Te","https:\/\/www.instagram.com\/academia_empleate\/"]},{"@type":"Person","@id":"https:\/\/www.emplea-te.com\/noticias-oposiciones\/#\/schema\/person\/d1bc587e1af2b95e9c32aba1795509a6","name":"Empleate"}]}},"_links":{"self":[{"href":"https:\/\/www.emplea-te.com\/noticias-oposiciones\/wp-json\/wp\/v2\/posts\/12193","targetHints":{"allow":["GET"]}}],"collection":[{"href":"https:\/\/www.emplea-te.com\/noticias-oposiciones\/wp-json\/wp\/v2\/posts"}],"about":[{"href":"https:\/\/www.emplea-te.com\/noticias-oposiciones\/wp-json\/wp\/v2\/types\/post"}],"author":[{"embeddable":true,"href":"https:\/\/www.emplea-te.com\/noticias-oposiciones\/wp-json\/wp\/v2\/users\/1"}],"replies":[{"embeddable":true,"href":"https:\/\/www.emplea-te.com\/noticias-oposiciones\/wp-json\/wp\/v2\/comments?post=12193"}],"version-history":[{"count":1,"href":"https:\/\/www.emplea-te.com\/noticias-oposiciones\/wp-json\/wp\/v2\/posts\/12193\/revisions"}],"predecessor-version":[{"id":12194,"href":"https:\/\/www.emplea-te.com\/noticias-oposiciones\/wp-json\/wp\/v2\/posts\/12193\/revisions\/12194"}],"wp:attachment":[{"href":"https:\/\/www.emplea-te.com\/noticias-oposiciones\/wp-json\/wp\/v2\/media?parent=12193"}],"wp:term":[{"taxonomy":"category","embeddable":true,"href":"https:\/\/www.emplea-te.com\/noticias-oposiciones\/wp-json\/wp\/v2\/categories?post=12193"},{"taxonomy":"post_tag","embeddable":true,"href":"https:\/\/www.emplea-te.com\/noticias-oposiciones\/wp-json\/wp\/v2\/tags?post=12193"}],"curies":[{"name":"wp","href":"https:\/\/api.w.org\/{rel}","templated":true}]}}