{"id":1221,"date":"2018-08-17T00:00:00","date_gmt":"2018-08-16T22:00:00","guid":{"rendered":"https:\/\/www.emplea-te.com\/noticias-oposiciones\/la-xunta-de-galicia-convoca-nuevos-cursos-de-celga\/"},"modified":"2018-08-17T00:00:00","modified_gmt":"2018-08-16T22:00:00","slug":"la-xunta-de-galicia-convoca-nuevos-cursos-de-celga","status":"publish","type":"post","link":"https:\/\/www.emplea-te.com\/noticias-oposiciones\/la-xunta-de-galicia-convoca-nuevos-cursos-de-celga\/","title":{"rendered":"<br>La Xunta de Galicia convoca nuevos cursos de CELGA"},"content":{"rendered":"<p>RESOLUCI\ufffdN de 2 de agosto de 2018, de la Direcci\u00f3n General de Educaci\u00f3n, Formaci\u00f3n Profesional e Innovaci\u00f3n Educativa, por la que se convocan, con car\u00e1cter gratuito, cursos de lenguaje administrativa gallega y cursos preparatorios para los certificados de lengua gallega (CELGA) que se impartir\u00e1n en distintos per\u00edodos y distintas escuelas oficiales de idiomas de Galicia. <\/p>\n<p>Los cursos se impartir\u00e1n entre septiembre de 2018 y mayo de 2019.<\/p>\n<p><a href=\"\"https:\/\/www.xunta.gal\/dog\/Publicados\/2018\/20180814\/AnuncioG0164-030818-0002_gl.pdf\"\" target=\"\"_blank\"\" rel=\"noopener noreferrer\"nofollow\"\"><span class=\"\"wysiwyg-color-green\"\">Enlace a resoluci\u00f3n<\/span><\/a><\/p>\n<p><b>Solicitudes y plazos de inscripci\u00f3n<\/b><br \/>Las personas que deseen participar en los cursos convocados en esta resoluci\u00f3n deber\u00e1n cubrir el formulario de inscripci\u00f3n telem\u00e1tica en la direcci\u00f3n <a href=\"\"http:\/\/www.eoidigital.com\/preinslinguagalega\"\" target=\"\"\"\" rel=\"noopener noreferrer\"\"\">www.eoidigital.com\/preinslinguagalega<\/a>. Las solicitudes cubiertas adecuadamente se entender\u00e1n presentadas en la secretar\u00eda de la escuela oficial de idiomas correspondiente una vez que se complete correctamente el proceso de matriculaci\u00f3n.<\/p>\n<\/p>\n<p><b>Presentaci\u00f3n de la documentaci\u00f3n<\/b><br \/>Una vez finalizado el proceso de asignaci\u00f3n de plazas, el alumnado seleccionado deber\u00e1 presentar en la secretar\u00eda de la escuela donde fue admitido la documentaci\u00f3n que se especifica en las ep\u00edgrafes s\u00e9ptima y d\u00e9cima primera de esta resoluci\u00f3n.<br \/><u>El plazo para la presentaci\u00f3n de esta documentaci\u00f3n ser\u00e1 hasta el d\u00eda 19 de septiembre de 2018, para los cursos del primero cuatrimestre y hasta el 18 de enero de 2019, para los cursos del segundo cuatrimestre.<\/u><\/p>\n<p>\u00ab<\/p>\n","protected":false},"excerpt":{"rendered":"<p>RESOLUCI\ufffdN de 2 de agosto de 2018, de la Direcci\u00f3n General de Educaci\u00f3n, Formaci\u00f3n Profesional e Innovaci\u00f3n Educativa, por la que se convocan, con car\u00e1cter gratuito, cursos de lenguaje administrativa gallega y cursos preparatorios para los certificados de lengua gallega (CELGA) que se impartir\u00e1n en distintos per\u00edodos y distintas escuelas oficiales de idiomas de Galicia. &hellip; <a href=\"https:\/\/www.emplea-te.com\/noticias-oposiciones\/la-xunta-de-galicia-convoca-nuevos-cursos-de-celga\/\" class=\"more-link\">Continuar leyendo<span class=\"screen-reader-text\"> \u00ab<br \/>La Xunta de Galicia convoca nuevos cursos de CELGA\u00bb<\/span><\/a><\/p>\n","protected":false},"author":1,"featured_media":0,"comment_status":"open","ping_status":"open","sticky":false,"template":"","format":"standard","meta":{"footnotes":""},"categories":[],"tags":[],"class_list":["post-1221","post","type-post","status-publish","format-standard","hentry"],"yoast_head":"<!-- This site is optimized with the Yoast SEO plugin v27.3 - https:\/\/yoast.com\/product\/yoast-seo-wordpress\/ -->\n<title>La Xunta de Galicia convoca nuevos cursos de CELGA - Noticas de oposiciones por Academia Emplea-te<\/title>\n<meta name=\"description\" content=\"Publicada en el DOG: RESOLUCI\ufffdN de 2 de agosto de 2018, de la Direcci\u00f3n General de Educaci\u00f3n, Formaci\u00f3n Profesional e Innovaci\u00f3n Educativa, por la que se convocan, con car\u00e1cter gratuito, cursos de lenguaje administrativa gallega y cursos preparatorios para los certificados de lengua gallega (CELGA) que se impartir\u00e1n en distintos per\u00edodos y distintas escuelas oficiales de idiomas de Galicia. Enlace resoluci\u00f3n.&quot;\" \/>\n<meta name=\"robots\" content=\"index, follow, max-snippet:-1, max-image-preview:large, max-video-preview:-1\" \/>\n<link rel=\"canonical\" href=\"https:\/\/www.emplea-te.com\/noticias-oposiciones\/la-xunta-de-galicia-convoca-nuevos-cursos-de-celga\/\" \/>\n<meta property=\"og:locale\" content=\"es_ES\" \/>\n<meta property=\"og:type\" content=\"article\" \/>\n<meta property=\"og:title\" content=\"La Xunta de Galicia convoca nuevos cursos de CELGA - Noticas de oposiciones por Academia Emplea-te\" \/>\n<meta property=\"og:description\" content=\"Publicada en el DOG: RESOLUCI\ufffdN de 2 de agosto de 2018, de la Direcci\u00f3n General de Educaci\u00f3n, Formaci\u00f3n Profesional e Innovaci\u00f3n Educativa, por la que se convocan, con car\u00e1cter gratuito, cursos de lenguaje administrativa gallega y cursos preparatorios para los certificados de lengua gallega (CELGA) que se impartir\u00e1n en distintos per\u00edodos y distintas escuelas oficiales de idiomas de Galicia. Enlace resoluci\u00f3n.&quot;\" \/>\n<meta property=\"og:url\" content=\"https:\/\/www.emplea-te.com\/noticias-oposiciones\/la-xunta-de-galicia-convoca-nuevos-cursos-de-celga\/\" \/>\n<meta property=\"og:site_name\" content=\"Noticas de oposiciones por Academia Emplea-te\" \/>\n<meta property=\"article:publisher\" content=\"https:\/\/www.facebook.com\/AcademiaEmpleate\/\" \/>\n<meta property=\"article:published_time\" content=\"2018-08-16T22:00:00+00:00\" \/>\n<meta name=\"author\" content=\"Empleate\" \/>\n<meta name=\"twitter:card\" content=\"summary_large_image\" \/>\n<meta name=\"twitter:creator\" content=\"@Emplea_Te\" \/>\n<meta name=\"twitter:site\" content=\"@Emplea_Te\" \/>\n<meta name=\"twitter:label1\" content=\"Escrito por\" \/>\n\t<meta name=\"twitter:data1\" content=\"Empleate\" \/>\n\t<meta name=\"twitter:label2\" content=\"Tiempo de lectura\" \/>\n\t<meta name=\"twitter:data2\" content=\"1 minuto\" \/>\n<script type=\"application\/ld+json\" class=\"yoast-schema-graph\">{\"@context\":\"https:\\\/\\\/schema.org\",\"@graph\":[{\"@type\":\"Article\",\"@id\":\"https:\\\/\\\/www.emplea-te.com\\\/noticias-oposiciones\\\/la-xunta-de-galicia-convoca-nuevos-cursos-de-celga\\\/#article\",\"isPartOf\":{\"@id\":\"https:\\\/\\\/www.emplea-te.com\\\/noticias-oposiciones\\\/la-xunta-de-galicia-convoca-nuevos-cursos-de-celga\\\/\"},\"author\":{\"name\":\"Empleate\",\"@id\":\"https:\\\/\\\/www.emplea-te.com\\\/noticias-oposiciones\\\/#\\\/schema\\\/person\\\/d1bc587e1af2b95e9c32aba1795509a6\"},\"headline\":\"La Xunta de Galicia convoca nuevos cursos de CELGA\",\"datePublished\":\"2018-08-16T22:00:00+00:00\",\"mainEntityOfPage\":{\"@id\":\"https:\\\/\\\/www.emplea-te.com\\\/noticias-oposiciones\\\/la-xunta-de-galicia-convoca-nuevos-cursos-de-celga\\\/\"},\"wordCount\":239,\"commentCount\":0,\"publisher\":{\"@id\":\"https:\\\/\\\/www.emplea-te.com\\\/noticias-oposiciones\\\/#organization\"},\"inLanguage\":\"es\",\"potentialAction\":[{\"@type\":\"CommentAction\",\"name\":\"Comment\",\"target\":[\"https:\\\/\\\/www.emplea-te.com\\\/noticias-oposiciones\\\/la-xunta-de-galicia-convoca-nuevos-cursos-de-celga\\\/#respond\"]}]},{\"@type\":\"WebPage\",\"@id\":\"https:\\\/\\\/www.emplea-te.com\\\/noticias-oposiciones\\\/la-xunta-de-galicia-convoca-nuevos-cursos-de-celga\\\/\",\"url\":\"https:\\\/\\\/www.emplea-te.com\\\/noticias-oposiciones\\\/la-xunta-de-galicia-convoca-nuevos-cursos-de-celga\\\/\",\"name\":\"La Xunta de Galicia convoca nuevos cursos de CELGA - Noticas de oposiciones por Academia Emplea-te\",\"isPartOf\":{\"@id\":\"https:\\\/\\\/www.emplea-te.com\\\/noticias-oposiciones\\\/#website\"},\"datePublished\":\"2018-08-16T22:00:00+00:00\",\"description\":\"Publicada en el DOG: RESOLUCI\ufffdN de 2 de agosto de 2018, de la Direcci\u00f3n General de Educaci\u00f3n, Formaci\u00f3n Profesional e Innovaci\u00f3n Educativa, por la que se convocan, con car\u00e1cter gratuito, cursos de lenguaje administrativa gallega y cursos preparatorios para los certificados de lengua gallega (CELGA) que se impartir\u00e1n en distintos per\u00edodos y distintas escuelas oficiales de idiomas de Galicia. Enlace resoluci\u00f3n.\\\"\",\"breadcrumb\":{\"@id\":\"https:\\\/\\\/www.emplea-te.com\\\/noticias-oposiciones\\\/la-xunta-de-galicia-convoca-nuevos-cursos-de-celga\\\/#breadcrumb\"},\"inLanguage\":\"es\",\"potentialAction\":[{\"@type\":\"ReadAction\",\"target\":[\"https:\\\/\\\/www.emplea-te.com\\\/noticias-oposiciones\\\/la-xunta-de-galicia-convoca-nuevos-cursos-de-celga\\\/\"]}]},{\"@type\":\"BreadcrumbList\",\"@id\":\"https:\\\/\\\/www.emplea-te.com\\\/noticias-oposiciones\\\/la-xunta-de-galicia-convoca-nuevos-cursos-de-celga\\\/#breadcrumb\",\"itemListElement\":[{\"@type\":\"ListItem\",\"position\":1,\"name\":\"Noticias Oposiciones\",\"item\":\"https:\\\/\\\/www.emplea-te.com\\\/noticias-oposiciones\\\/\"},{\"@type\":\"ListItem\",\"position\":2,\"name\":\"La Xunta de Galicia convoca nuevos cursos de CELGA\"}]},{\"@type\":\"WebSite\",\"@id\":\"https:\\\/\\\/www.emplea-te.com\\\/noticias-oposiciones\\\/#website\",\"url\":\"https:\\\/\\\/www.emplea-te.com\\\/noticias-oposiciones\\\/\",\"name\":\"Noticas de oposiciones por Academia Emplea-te\",\"description\":\"Toda la actualidad de las ofertas y convocatorias.\",\"publisher\":{\"@id\":\"https:\\\/\\\/www.emplea-te.com\\\/noticias-oposiciones\\\/#organization\"},\"potentialAction\":[{\"@type\":\"SearchAction\",\"target\":{\"@type\":\"EntryPoint\",\"urlTemplate\":\"https:\\\/\\\/www.emplea-te.com\\\/noticias-oposiciones\\\/?s={search_term_string}\"},\"query-input\":{\"@type\":\"PropertyValueSpecification\",\"valueRequired\":true,\"valueName\":\"search_term_string\"}}],\"inLanguage\":\"es\"},{\"@type\":\"Organization\",\"@id\":\"https:\\\/\\\/www.emplea-te.com\\\/noticias-oposiciones\\\/#organization\",\"name\":\"Academia de oposiciones Empl\u00e9ate\",\"url\":\"https:\\\/\\\/www.emplea-te.com\\\/noticias-oposiciones\\\/\",\"logo\":{\"@type\":\"ImageObject\",\"inLanguage\":\"es\",\"@id\":\"https:\\\/\\\/www.emplea-te.com\\\/noticias-oposiciones\\\/#\\\/schema\\\/logo\\\/image\\\/\",\"url\":\"https:\\\/\\\/www.emplea-te.com\\\/noticias-oposiciones\\\/wp-content\\\/uploads\\\/2019\\\/04\\\/empleate.jpg\",\"contentUrl\":\"https:\\\/\\\/www.emplea-te.com\\\/noticias-oposiciones\\\/wp-content\\\/uploads\\\/2019\\\/04\\\/empleate.jpg\",\"width\":250,\"height\":150,\"caption\":\"Academia de oposiciones Empl\u00e9ate\"},\"image\":{\"@id\":\"https:\\\/\\\/www.emplea-te.com\\\/noticias-oposiciones\\\/#\\\/schema\\\/logo\\\/image\\\/\"},\"sameAs\":[\"https:\\\/\\\/www.facebook.com\\\/AcademiaEmpleate\\\/\",\"https:\\\/\\\/x.com\\\/Emplea_Te\",\"https:\\\/\\\/www.instagram.com\\\/academia_empleate\\\/\"]},{\"@type\":\"Person\",\"@id\":\"https:\\\/\\\/www.emplea-te.com\\\/noticias-oposiciones\\\/#\\\/schema\\\/person\\\/d1bc587e1af2b95e9c32aba1795509a6\",\"name\":\"Empleate\"}]}<\/script>\n<!-- \/ Yoast SEO plugin. -->","yoast_head_json":{"title":"La Xunta de Galicia convoca nuevos cursos de CELGA - Noticas de oposiciones por Academia Emplea-te","description":"Publicada en el DOG: RESOLUCI\ufffdN de 2 de agosto de 2018, de la Direcci\u00f3n General de Educaci\u00f3n, Formaci\u00f3n Profesional e Innovaci\u00f3n Educativa, por la que se convocan, con car\u00e1cter gratuito, cursos de lenguaje administrativa gallega y cursos preparatorios para los certificados de lengua gallega (CELGA) que se impartir\u00e1n en distintos per\u00edodos y distintas escuelas oficiales de idiomas de Galicia. Enlace resoluci\u00f3n.\"","robots":{"index":"index","follow":"follow","max-snippet":"max-snippet:-1","max-image-preview":"max-image-preview:large","max-video-preview":"max-video-preview:-1"},"canonical":"https:\/\/www.emplea-te.com\/noticias-oposiciones\/la-xunta-de-galicia-convoca-nuevos-cursos-de-celga\/","og_locale":"es_ES","og_type":"article","og_title":"La Xunta de Galicia convoca nuevos cursos de CELGA - Noticas de oposiciones por Academia Emplea-te","og_description":"Publicada en el DOG: RESOLUCI\ufffdN de 2 de agosto de 2018, de la Direcci\u00f3n General de Educaci\u00f3n, Formaci\u00f3n Profesional e Innovaci\u00f3n Educativa, por la que se convocan, con car\u00e1cter gratuito, cursos de lenguaje administrativa gallega y cursos preparatorios para los certificados de lengua gallega (CELGA) que se impartir\u00e1n en distintos per\u00edodos y distintas escuelas oficiales de idiomas de Galicia. Enlace resoluci\u00f3n.\"","og_url":"https:\/\/www.emplea-te.com\/noticias-oposiciones\/la-xunta-de-galicia-convoca-nuevos-cursos-de-celga\/","og_site_name":"Noticas de oposiciones por Academia Emplea-te","article_publisher":"https:\/\/www.facebook.com\/AcademiaEmpleate\/","article_published_time":"2018-08-16T22:00:00+00:00","author":"Empleate","twitter_card":"summary_large_image","twitter_creator":"@Emplea_Te","twitter_site":"@Emplea_Te","twitter_misc":{"Escrito por":"Empleate","Tiempo de lectura":"1 minuto"},"schema":{"@context":"https:\/\/schema.org","@graph":[{"@type":"Article","@id":"https:\/\/www.emplea-te.com\/noticias-oposiciones\/la-xunta-de-galicia-convoca-nuevos-cursos-de-celga\/#article","isPartOf":{"@id":"https:\/\/www.emplea-te.com\/noticias-oposiciones\/la-xunta-de-galicia-convoca-nuevos-cursos-de-celga\/"},"author":{"name":"Empleate","@id":"https:\/\/www.emplea-te.com\/noticias-oposiciones\/#\/schema\/person\/d1bc587e1af2b95e9c32aba1795509a6"},"headline":"La Xunta de Galicia convoca nuevos cursos de CELGA","datePublished":"2018-08-16T22:00:00+00:00","mainEntityOfPage":{"@id":"https:\/\/www.emplea-te.com\/noticias-oposiciones\/la-xunta-de-galicia-convoca-nuevos-cursos-de-celga\/"},"wordCount":239,"commentCount":0,"publisher":{"@id":"https:\/\/www.emplea-te.com\/noticias-oposiciones\/#organization"},"inLanguage":"es","potentialAction":[{"@type":"CommentAction","name":"Comment","target":["https:\/\/www.emplea-te.com\/noticias-oposiciones\/la-xunta-de-galicia-convoca-nuevos-cursos-de-celga\/#respond"]}]},{"@type":"WebPage","@id":"https:\/\/www.emplea-te.com\/noticias-oposiciones\/la-xunta-de-galicia-convoca-nuevos-cursos-de-celga\/","url":"https:\/\/www.emplea-te.com\/noticias-oposiciones\/la-xunta-de-galicia-convoca-nuevos-cursos-de-celga\/","name":"La Xunta de Galicia convoca nuevos cursos de CELGA - Noticas de oposiciones por Academia Emplea-te","isPartOf":{"@id":"https:\/\/www.emplea-te.com\/noticias-oposiciones\/#website"},"datePublished":"2018-08-16T22:00:00+00:00","description":"Publicada en el DOG: RESOLUCI\ufffdN de 2 de agosto de 2018, de la Direcci\u00f3n General de Educaci\u00f3n, Formaci\u00f3n Profesional e Innovaci\u00f3n Educativa, por la que se convocan, con car\u00e1cter gratuito, cursos de lenguaje administrativa gallega y cursos preparatorios para los certificados de lengua gallega (CELGA) que se impartir\u00e1n en distintos per\u00edodos y distintas escuelas oficiales de idiomas de Galicia. Enlace resoluci\u00f3n.\"","breadcrumb":{"@id":"https:\/\/www.emplea-te.com\/noticias-oposiciones\/la-xunta-de-galicia-convoca-nuevos-cursos-de-celga\/#breadcrumb"},"inLanguage":"es","potentialAction":[{"@type":"ReadAction","target":["https:\/\/www.emplea-te.com\/noticias-oposiciones\/la-xunta-de-galicia-convoca-nuevos-cursos-de-celga\/"]}]},{"@type":"BreadcrumbList","@id":"https:\/\/www.emplea-te.com\/noticias-oposiciones\/la-xunta-de-galicia-convoca-nuevos-cursos-de-celga\/#breadcrumb","itemListElement":[{"@type":"ListItem","position":1,"name":"Noticias Oposiciones","item":"https:\/\/www.emplea-te.com\/noticias-oposiciones\/"},{"@type":"ListItem","position":2,"name":"La Xunta de Galicia convoca nuevos cursos de CELGA"}]},{"@type":"WebSite","@id":"https:\/\/www.emplea-te.com\/noticias-oposiciones\/#website","url":"https:\/\/www.emplea-te.com\/noticias-oposiciones\/","name":"Noticas de oposiciones por Academia Emplea-te","description":"Toda la actualidad de las ofertas y convocatorias.","publisher":{"@id":"https:\/\/www.emplea-te.com\/noticias-oposiciones\/#organization"},"potentialAction":[{"@type":"SearchAction","target":{"@type":"EntryPoint","urlTemplate":"https:\/\/www.emplea-te.com\/noticias-oposiciones\/?s={search_term_string}"},"query-input":{"@type":"PropertyValueSpecification","valueRequired":true,"valueName":"search_term_string"}}],"inLanguage":"es"},{"@type":"Organization","@id":"https:\/\/www.emplea-te.com\/noticias-oposiciones\/#organization","name":"Academia de oposiciones Empl\u00e9ate","url":"https:\/\/www.emplea-te.com\/noticias-oposiciones\/","logo":{"@type":"ImageObject","inLanguage":"es","@id":"https:\/\/www.emplea-te.com\/noticias-oposiciones\/#\/schema\/logo\/image\/","url":"https:\/\/www.emplea-te.com\/noticias-oposiciones\/wp-content\/uploads\/2019\/04\/empleate.jpg","contentUrl":"https:\/\/www.emplea-te.com\/noticias-oposiciones\/wp-content\/uploads\/2019\/04\/empleate.jpg","width":250,"height":150,"caption":"Academia de oposiciones Empl\u00e9ate"},"image":{"@id":"https:\/\/www.emplea-te.com\/noticias-oposiciones\/#\/schema\/logo\/image\/"},"sameAs":["https:\/\/www.facebook.com\/AcademiaEmpleate\/","https:\/\/x.com\/Emplea_Te","https:\/\/www.instagram.com\/academia_empleate\/"]},{"@type":"Person","@id":"https:\/\/www.emplea-te.com\/noticias-oposiciones\/#\/schema\/person\/d1bc587e1af2b95e9c32aba1795509a6","name":"Empleate"}]}},"_links":{"self":[{"href":"https:\/\/www.emplea-te.com\/noticias-oposiciones\/wp-json\/wp\/v2\/posts\/1221","targetHints":{"allow":["GET"]}}],"collection":[{"href":"https:\/\/www.emplea-te.com\/noticias-oposiciones\/wp-json\/wp\/v2\/posts"}],"about":[{"href":"https:\/\/www.emplea-te.com\/noticias-oposiciones\/wp-json\/wp\/v2\/types\/post"}],"author":[{"embeddable":true,"href":"https:\/\/www.emplea-te.com\/noticias-oposiciones\/wp-json\/wp\/v2\/users\/1"}],"replies":[{"embeddable":true,"href":"https:\/\/www.emplea-te.com\/noticias-oposiciones\/wp-json\/wp\/v2\/comments?post=1221"}],"version-history":[{"count":0,"href":"https:\/\/www.emplea-te.com\/noticias-oposiciones\/wp-json\/wp\/v2\/posts\/1221\/revisions"}],"wp:attachment":[{"href":"https:\/\/www.emplea-te.com\/noticias-oposiciones\/wp-json\/wp\/v2\/media?parent=1221"}],"wp:term":[{"taxonomy":"category","embeddable":true,"href":"https:\/\/www.emplea-te.com\/noticias-oposiciones\/wp-json\/wp\/v2\/categories?post=1221"},{"taxonomy":"post_tag","embeddable":true,"href":"https:\/\/www.emplea-te.com\/noticias-oposiciones\/wp-json\/wp\/v2\/tags?post=1221"}],"curies":[{"name":"wp","href":"https:\/\/api.w.org\/{rel}","templated":true}]}}