{"id":1222,"date":"2018-08-17T00:00:00","date_gmt":"2018-08-16T22:00:00","guid":{"rendered":"https:\/\/www.emplea-te.com\/noticias-oposiciones\/plazo-presentacion-solicitudes-concurso-de-traslados-justicia\/"},"modified":"2018-08-17T00:00:00","modified_gmt":"2018-08-16T22:00:00","slug":"plazo-presentacion-solicitudes-concurso-de-traslados-justicia","status":"publish","type":"post","link":"https:\/\/www.emplea-te.com\/noticias-oposiciones\/plazo-presentacion-solicitudes-concurso-de-traslados-justicia\/","title":{"rendered":"Plazo presentaci\u00f3n solicitudes concurso de traslados justicia. <br>"},"content":{"rendered":"<p>Recordamos que, tras la ampliaci\u00f3n del plazo para participar en el concurso de traslados de Cuerpos Generales, convocado el pasado 23 de julio de 2018, el pr\u00f3ximo lunes, 20 de agosto, es el \u00faltimo d\u00eda para participar en el mismo y presentar la correspondiente instancia.<\/p>\n<p>Asimismo, recordamos que la instancia se tiene que cumplimentar a trav\u00e9s del asistente publicado en la web del Ministerio de Justicia:<\/p>\n<p><a href=\"https:\/\/pubwebseal.justicia.es\/sap\/public\/sap\/bc\/webdynpro\/sap\/zasistente_gta\" target=\"\" rel=\"noopener noreferrer\"><span class=\"wysiwyg-color-green\">https:\/\/pubwebseal.justicia.es\/sap\/public\/sap\/bc\/webdynpro\/sap\/zasistente_gta<\/span><\/a><span class=\"wysiwyg-color-green\">&nbsp;<\/span><\/p>\n<p><a href=\"https:\/\/www.emplea-te.com\/2\/oposiciones-de-justicia-y-hacienda\" target=\"_blank\" rel=\"nofollow noopener noreferrer\"><span class=\"wysiwyg-color-green\">Prepara con nosotros las oposiciones a los Cuerpos Generales de Justicia. Auxilio Judicial, Tramitaci\u00f3n Procesal y Gesti\u00f3n procesal y administrativa. OEP 2017+2018 <\/span><\/a><\/p>\n","protected":false},"excerpt":{"rendered":"<p>Recordamos que, tras la ampliaci\u00f3n del plazo para participar en el concurso de traslados de Cuerpos Generales, convocado el pasado 23 de julio de 2018, el pr\u00f3ximo lunes, 20 de agosto, es el \u00faltimo d\u00eda para participar en el mismo y presentar la correspondiente instancia. Asimismo, recordamos que la instancia se tiene que cumplimentar a &hellip; <a href=\"https:\/\/www.emplea-te.com\/noticias-oposiciones\/plazo-presentacion-solicitudes-concurso-de-traslados-justicia\/\" class=\"more-link\">Continuar leyendo<span class=\"screen-reader-text\"> \u00abPlazo presentaci\u00f3n solicitudes concurso de traslados justicia. <br \/>\u00ab<\/span><\/a><\/p>\n","protected":false},"author":1,"featured_media":0,"comment_status":"open","ping_status":"open","sticky":false,"template":"","format":"standard","meta":{"footnotes":""},"categories":[],"tags":[],"class_list":["post-1222","post","type-post","status-publish","format-standard","hentry"],"yoast_head":"<!-- This site is optimized with the Yoast SEO plugin v27.3 - https:\/\/yoast.com\/product\/yoast-seo-wordpress\/ -->\n<title>Plazo presentaci\u00f3n solicitudes concurso de traslados justicia.  - Noticas de oposiciones por Academia Emplea-te<\/title>\n<meta name=\"description\" content=\"Recordamos que, tras la ampliaci\u00f3n del plazo para participar en el concurso de traslados de Cuerpos Generales, convocado el pasado 23 de julio de 2018, el pr\u00f3ximo lunes, 20 de agosto, es el \u00faltimo d\u00eda para participar en el mismo y presentar la correspondiente instancia. Enlace informaci\u00f3n sindical.\" \/>\n<meta name=\"robots\" content=\"index, follow, max-snippet:-1, max-image-preview:large, max-video-preview:-1\" \/>\n<link rel=\"canonical\" href=\"https:\/\/www.emplea-te.com\/noticias-oposiciones\/plazo-presentacion-solicitudes-concurso-de-traslados-justicia\/\" \/>\n<meta property=\"og:locale\" content=\"es_ES\" \/>\n<meta property=\"og:type\" content=\"article\" \/>\n<meta property=\"og:title\" content=\"Plazo presentaci\u00f3n solicitudes concurso de traslados justicia.  - Noticas de oposiciones por Academia Emplea-te\" \/>\n<meta property=\"og:description\" content=\"Recordamos que, tras la ampliaci\u00f3n del plazo para participar en el concurso de traslados de Cuerpos Generales, convocado el pasado 23 de julio de 2018, el pr\u00f3ximo lunes, 20 de agosto, es el \u00faltimo d\u00eda para participar en el mismo y presentar la correspondiente instancia. Enlace informaci\u00f3n sindical.\" \/>\n<meta property=\"og:url\" content=\"https:\/\/www.emplea-te.com\/noticias-oposiciones\/plazo-presentacion-solicitudes-concurso-de-traslados-justicia\/\" \/>\n<meta property=\"og:site_name\" content=\"Noticas de oposiciones por Academia Emplea-te\" \/>\n<meta property=\"article:publisher\" content=\"https:\/\/www.facebook.com\/AcademiaEmpleate\/\" \/>\n<meta property=\"article:published_time\" content=\"2018-08-16T22:00:00+00:00\" \/>\n<meta name=\"author\" content=\"Empleate\" \/>\n<meta name=\"twitter:card\" content=\"summary_large_image\" \/>\n<meta name=\"twitter:creator\" content=\"@Emplea_Te\" \/>\n<meta name=\"twitter:site\" content=\"@Emplea_Te\" \/>\n<meta name=\"twitter:label1\" content=\"Escrito por\" \/>\n\t<meta name=\"twitter:data1\" content=\"Empleate\" \/>\n\t<meta name=\"twitter:label2\" content=\"Tiempo de lectura\" \/>\n\t<meta name=\"twitter:data2\" content=\"1 minuto\" \/>\n<script type=\"application\/ld+json\" class=\"yoast-schema-graph\">{\"@context\":\"https:\\\/\\\/schema.org\",\"@graph\":[{\"@type\":\"Article\",\"@id\":\"https:\\\/\\\/www.emplea-te.com\\\/noticias-oposiciones\\\/plazo-presentacion-solicitudes-concurso-de-traslados-justicia\\\/#article\",\"isPartOf\":{\"@id\":\"https:\\\/\\\/www.emplea-te.com\\\/noticias-oposiciones\\\/plazo-presentacion-solicitudes-concurso-de-traslados-justicia\\\/\"},\"author\":{\"name\":\"Empleate\",\"@id\":\"https:\\\/\\\/www.emplea-te.com\\\/noticias-oposiciones\\\/#\\\/schema\\\/person\\\/d1bc587e1af2b95e9c32aba1795509a6\"},\"headline\":\"Plazo presentaci\u00f3n solicitudes concurso de traslados justicia.\",\"datePublished\":\"2018-08-16T22:00:00+00:00\",\"mainEntityOfPage\":{\"@id\":\"https:\\\/\\\/www.emplea-te.com\\\/noticias-oposiciones\\\/plazo-presentacion-solicitudes-concurso-de-traslados-justicia\\\/\"},\"wordCount\":111,\"commentCount\":0,\"publisher\":{\"@id\":\"https:\\\/\\\/www.emplea-te.com\\\/noticias-oposiciones\\\/#organization\"},\"inLanguage\":\"es\",\"potentialAction\":[{\"@type\":\"CommentAction\",\"name\":\"Comment\",\"target\":[\"https:\\\/\\\/www.emplea-te.com\\\/noticias-oposiciones\\\/plazo-presentacion-solicitudes-concurso-de-traslados-justicia\\\/#respond\"]}]},{\"@type\":\"WebPage\",\"@id\":\"https:\\\/\\\/www.emplea-te.com\\\/noticias-oposiciones\\\/plazo-presentacion-solicitudes-concurso-de-traslados-justicia\\\/\",\"url\":\"https:\\\/\\\/www.emplea-te.com\\\/noticias-oposiciones\\\/plazo-presentacion-solicitudes-concurso-de-traslados-justicia\\\/\",\"name\":\"Plazo presentaci\u00f3n solicitudes concurso de traslados justicia. - Noticas de oposiciones por Academia Emplea-te\",\"isPartOf\":{\"@id\":\"https:\\\/\\\/www.emplea-te.com\\\/noticias-oposiciones\\\/#website\"},\"datePublished\":\"2018-08-16T22:00:00+00:00\",\"description\":\"Recordamos que, tras la ampliaci\u00f3n del plazo para participar en el concurso de traslados de Cuerpos Generales, convocado el pasado 23 de julio de 2018, el pr\u00f3ximo lunes, 20 de agosto, es el \u00faltimo d\u00eda para participar en el mismo y presentar la correspondiente instancia. Enlace informaci\u00f3n sindical.\",\"breadcrumb\":{\"@id\":\"https:\\\/\\\/www.emplea-te.com\\\/noticias-oposiciones\\\/plazo-presentacion-solicitudes-concurso-de-traslados-justicia\\\/#breadcrumb\"},\"inLanguage\":\"es\",\"potentialAction\":[{\"@type\":\"ReadAction\",\"target\":[\"https:\\\/\\\/www.emplea-te.com\\\/noticias-oposiciones\\\/plazo-presentacion-solicitudes-concurso-de-traslados-justicia\\\/\"]}]},{\"@type\":\"BreadcrumbList\",\"@id\":\"https:\\\/\\\/www.emplea-te.com\\\/noticias-oposiciones\\\/plazo-presentacion-solicitudes-concurso-de-traslados-justicia\\\/#breadcrumb\",\"itemListElement\":[{\"@type\":\"ListItem\",\"position\":1,\"name\":\"Noticias Oposiciones\",\"item\":\"https:\\\/\\\/www.emplea-te.com\\\/noticias-oposiciones\\\/\"},{\"@type\":\"ListItem\",\"position\":2,\"name\":\"Plazo presentaci\u00f3n solicitudes concurso de traslados justicia.\"}]},{\"@type\":\"WebSite\",\"@id\":\"https:\\\/\\\/www.emplea-te.com\\\/noticias-oposiciones\\\/#website\",\"url\":\"https:\\\/\\\/www.emplea-te.com\\\/noticias-oposiciones\\\/\",\"name\":\"Noticas de oposiciones por Academia Emplea-te\",\"description\":\"Toda la actualidad de las ofertas y convocatorias.\",\"publisher\":{\"@id\":\"https:\\\/\\\/www.emplea-te.com\\\/noticias-oposiciones\\\/#organization\"},\"potentialAction\":[{\"@type\":\"SearchAction\",\"target\":{\"@type\":\"EntryPoint\",\"urlTemplate\":\"https:\\\/\\\/www.emplea-te.com\\\/noticias-oposiciones\\\/?s={search_term_string}\"},\"query-input\":{\"@type\":\"PropertyValueSpecification\",\"valueRequired\":true,\"valueName\":\"search_term_string\"}}],\"inLanguage\":\"es\"},{\"@type\":\"Organization\",\"@id\":\"https:\\\/\\\/www.emplea-te.com\\\/noticias-oposiciones\\\/#organization\",\"name\":\"Academia de oposiciones Empl\u00e9ate\",\"url\":\"https:\\\/\\\/www.emplea-te.com\\\/noticias-oposiciones\\\/\",\"logo\":{\"@type\":\"ImageObject\",\"inLanguage\":\"es\",\"@id\":\"https:\\\/\\\/www.emplea-te.com\\\/noticias-oposiciones\\\/#\\\/schema\\\/logo\\\/image\\\/\",\"url\":\"https:\\\/\\\/www.emplea-te.com\\\/noticias-oposiciones\\\/wp-content\\\/uploads\\\/2019\\\/04\\\/empleate.jpg\",\"contentUrl\":\"https:\\\/\\\/www.emplea-te.com\\\/noticias-oposiciones\\\/wp-content\\\/uploads\\\/2019\\\/04\\\/empleate.jpg\",\"width\":250,\"height\":150,\"caption\":\"Academia de oposiciones Empl\u00e9ate\"},\"image\":{\"@id\":\"https:\\\/\\\/www.emplea-te.com\\\/noticias-oposiciones\\\/#\\\/schema\\\/logo\\\/image\\\/\"},\"sameAs\":[\"https:\\\/\\\/www.facebook.com\\\/AcademiaEmpleate\\\/\",\"https:\\\/\\\/x.com\\\/Emplea_Te\",\"https:\\\/\\\/www.instagram.com\\\/academia_empleate\\\/\"]},{\"@type\":\"Person\",\"@id\":\"https:\\\/\\\/www.emplea-te.com\\\/noticias-oposiciones\\\/#\\\/schema\\\/person\\\/d1bc587e1af2b95e9c32aba1795509a6\",\"name\":\"Empleate\"}]}<\/script>\n<!-- \/ Yoast SEO plugin. -->","yoast_head_json":{"title":"Plazo presentaci\u00f3n solicitudes concurso de traslados justicia.  - Noticas de oposiciones por Academia Emplea-te","description":"Recordamos que, tras la ampliaci\u00f3n del plazo para participar en el concurso de traslados de Cuerpos Generales, convocado el pasado 23 de julio de 2018, el pr\u00f3ximo lunes, 20 de agosto, es el \u00faltimo d\u00eda para participar en el mismo y presentar la correspondiente instancia. Enlace informaci\u00f3n sindical.","robots":{"index":"index","follow":"follow","max-snippet":"max-snippet:-1","max-image-preview":"max-image-preview:large","max-video-preview":"max-video-preview:-1"},"canonical":"https:\/\/www.emplea-te.com\/noticias-oposiciones\/plazo-presentacion-solicitudes-concurso-de-traslados-justicia\/","og_locale":"es_ES","og_type":"article","og_title":"Plazo presentaci\u00f3n solicitudes concurso de traslados justicia.  - Noticas de oposiciones por Academia Emplea-te","og_description":"Recordamos que, tras la ampliaci\u00f3n del plazo para participar en el concurso de traslados de Cuerpos Generales, convocado el pasado 23 de julio de 2018, el pr\u00f3ximo lunes, 20 de agosto, es el \u00faltimo d\u00eda para participar en el mismo y presentar la correspondiente instancia. Enlace informaci\u00f3n sindical.","og_url":"https:\/\/www.emplea-te.com\/noticias-oposiciones\/plazo-presentacion-solicitudes-concurso-de-traslados-justicia\/","og_site_name":"Noticas de oposiciones por Academia Emplea-te","article_publisher":"https:\/\/www.facebook.com\/AcademiaEmpleate\/","article_published_time":"2018-08-16T22:00:00+00:00","author":"Empleate","twitter_card":"summary_large_image","twitter_creator":"@Emplea_Te","twitter_site":"@Emplea_Te","twitter_misc":{"Escrito por":"Empleate","Tiempo de lectura":"1 minuto"},"schema":{"@context":"https:\/\/schema.org","@graph":[{"@type":"Article","@id":"https:\/\/www.emplea-te.com\/noticias-oposiciones\/plazo-presentacion-solicitudes-concurso-de-traslados-justicia\/#article","isPartOf":{"@id":"https:\/\/www.emplea-te.com\/noticias-oposiciones\/plazo-presentacion-solicitudes-concurso-de-traslados-justicia\/"},"author":{"name":"Empleate","@id":"https:\/\/www.emplea-te.com\/noticias-oposiciones\/#\/schema\/person\/d1bc587e1af2b95e9c32aba1795509a6"},"headline":"Plazo presentaci\u00f3n solicitudes concurso de traslados justicia.","datePublished":"2018-08-16T22:00:00+00:00","mainEntityOfPage":{"@id":"https:\/\/www.emplea-te.com\/noticias-oposiciones\/plazo-presentacion-solicitudes-concurso-de-traslados-justicia\/"},"wordCount":111,"commentCount":0,"publisher":{"@id":"https:\/\/www.emplea-te.com\/noticias-oposiciones\/#organization"},"inLanguage":"es","potentialAction":[{"@type":"CommentAction","name":"Comment","target":["https:\/\/www.emplea-te.com\/noticias-oposiciones\/plazo-presentacion-solicitudes-concurso-de-traslados-justicia\/#respond"]}]},{"@type":"WebPage","@id":"https:\/\/www.emplea-te.com\/noticias-oposiciones\/plazo-presentacion-solicitudes-concurso-de-traslados-justicia\/","url":"https:\/\/www.emplea-te.com\/noticias-oposiciones\/plazo-presentacion-solicitudes-concurso-de-traslados-justicia\/","name":"Plazo presentaci\u00f3n solicitudes concurso de traslados justicia. - Noticas de oposiciones por Academia Emplea-te","isPartOf":{"@id":"https:\/\/www.emplea-te.com\/noticias-oposiciones\/#website"},"datePublished":"2018-08-16T22:00:00+00:00","description":"Recordamos que, tras la ampliaci\u00f3n del plazo para participar en el concurso de traslados de Cuerpos Generales, convocado el pasado 23 de julio de 2018, el pr\u00f3ximo lunes, 20 de agosto, es el \u00faltimo d\u00eda para participar en el mismo y presentar la correspondiente instancia. Enlace informaci\u00f3n sindical.","breadcrumb":{"@id":"https:\/\/www.emplea-te.com\/noticias-oposiciones\/plazo-presentacion-solicitudes-concurso-de-traslados-justicia\/#breadcrumb"},"inLanguage":"es","potentialAction":[{"@type":"ReadAction","target":["https:\/\/www.emplea-te.com\/noticias-oposiciones\/plazo-presentacion-solicitudes-concurso-de-traslados-justicia\/"]}]},{"@type":"BreadcrumbList","@id":"https:\/\/www.emplea-te.com\/noticias-oposiciones\/plazo-presentacion-solicitudes-concurso-de-traslados-justicia\/#breadcrumb","itemListElement":[{"@type":"ListItem","position":1,"name":"Noticias Oposiciones","item":"https:\/\/www.emplea-te.com\/noticias-oposiciones\/"},{"@type":"ListItem","position":2,"name":"Plazo presentaci\u00f3n solicitudes concurso de traslados justicia."}]},{"@type":"WebSite","@id":"https:\/\/www.emplea-te.com\/noticias-oposiciones\/#website","url":"https:\/\/www.emplea-te.com\/noticias-oposiciones\/","name":"Noticas de oposiciones por Academia Emplea-te","description":"Toda la actualidad de las ofertas y convocatorias.","publisher":{"@id":"https:\/\/www.emplea-te.com\/noticias-oposiciones\/#organization"},"potentialAction":[{"@type":"SearchAction","target":{"@type":"EntryPoint","urlTemplate":"https:\/\/www.emplea-te.com\/noticias-oposiciones\/?s={search_term_string}"},"query-input":{"@type":"PropertyValueSpecification","valueRequired":true,"valueName":"search_term_string"}}],"inLanguage":"es"},{"@type":"Organization","@id":"https:\/\/www.emplea-te.com\/noticias-oposiciones\/#organization","name":"Academia de oposiciones Empl\u00e9ate","url":"https:\/\/www.emplea-te.com\/noticias-oposiciones\/","logo":{"@type":"ImageObject","inLanguage":"es","@id":"https:\/\/www.emplea-te.com\/noticias-oposiciones\/#\/schema\/logo\/image\/","url":"https:\/\/www.emplea-te.com\/noticias-oposiciones\/wp-content\/uploads\/2019\/04\/empleate.jpg","contentUrl":"https:\/\/www.emplea-te.com\/noticias-oposiciones\/wp-content\/uploads\/2019\/04\/empleate.jpg","width":250,"height":150,"caption":"Academia de oposiciones Empl\u00e9ate"},"image":{"@id":"https:\/\/www.emplea-te.com\/noticias-oposiciones\/#\/schema\/logo\/image\/"},"sameAs":["https:\/\/www.facebook.com\/AcademiaEmpleate\/","https:\/\/x.com\/Emplea_Te","https:\/\/www.instagram.com\/academia_empleate\/"]},{"@type":"Person","@id":"https:\/\/www.emplea-te.com\/noticias-oposiciones\/#\/schema\/person\/d1bc587e1af2b95e9c32aba1795509a6","name":"Empleate"}]}},"_links":{"self":[{"href":"https:\/\/www.emplea-te.com\/noticias-oposiciones\/wp-json\/wp\/v2\/posts\/1222","targetHints":{"allow":["GET"]}}],"collection":[{"href":"https:\/\/www.emplea-te.com\/noticias-oposiciones\/wp-json\/wp\/v2\/posts"}],"about":[{"href":"https:\/\/www.emplea-te.com\/noticias-oposiciones\/wp-json\/wp\/v2\/types\/post"}],"author":[{"embeddable":true,"href":"https:\/\/www.emplea-te.com\/noticias-oposiciones\/wp-json\/wp\/v2\/users\/1"}],"replies":[{"embeddable":true,"href":"https:\/\/www.emplea-te.com\/noticias-oposiciones\/wp-json\/wp\/v2\/comments?post=1222"}],"version-history":[{"count":0,"href":"https:\/\/www.emplea-te.com\/noticias-oposiciones\/wp-json\/wp\/v2\/posts\/1222\/revisions"}],"wp:attachment":[{"href":"https:\/\/www.emplea-te.com\/noticias-oposiciones\/wp-json\/wp\/v2\/media?parent=1222"}],"wp:term":[{"taxonomy":"category","embeddable":true,"href":"https:\/\/www.emplea-te.com\/noticias-oposiciones\/wp-json\/wp\/v2\/categories?post=1222"},{"taxonomy":"post_tag","embeddable":true,"href":"https:\/\/www.emplea-te.com\/noticias-oposiciones\/wp-json\/wp\/v2\/tags?post=1222"}],"curies":[{"name":"wp","href":"https:\/\/api.w.org\/{rel}","templated":true}]}}