{"id":12259,"date":"2024-04-11T09:57:36","date_gmt":"2024-04-11T07:57:36","guid":{"rendered":"https:\/\/www.emplea-te.com\/noticias-oposiciones\/?p=12259"},"modified":"2024-04-11T09:57:36","modified_gmt":"2024-04-11T07:57:36","slug":"ministerio-de-economia-comercio-y-empresa-resolucion-por-la-que-se-declara-inhabil-el-mes-de-agosto-a-efectos-de-plazos-de-las-pruebas-selectivas-correspondientes-a-la-oep-2023","status":"publish","type":"post","link":"https:\/\/www.emplea-te.com\/noticias-oposiciones\/ministerio-de-economia-comercio-y-empresa-resolucion-por-la-que-se-declara-inhabil-el-mes-de-agosto-a-efectos-de-plazos-de-las-pruebas-selectivas-correspondientes-a-la-oep-2023\/","title":{"rendered":"Ministerio de Econom\u00eda, Comercio y Empresa. Resoluci\u00f3n por la que se declara inh\u00e1bil el mes de agosto a efectos de plazos de las pruebas selectivas correspondientes a la OEP 2023."},"content":{"rendered":"<p>Ministerio de Econom\u00eda, Comercio y Empresa.<\/p>\n<p>Se publica en el BOE de hoy, d\u00eda 11 de abril de 2024, la Resoluci\u00f3n de 4 de abril de 2024, de la Subsecretar\u00eda, por la que se declara inh\u00e1bil el mes de agosto a efectos de plazos en las pruebas selectivas correspondientes a la oferta de empleo p\u00fablico 2023.<\/p>\n<p><a href=\"https:\/\/www.boe.es\/boe\/dias\/2024\/04\/11\/pdfs\/BOE-A-2024-7133.pdf\" target=\"_blank\" rel=\"noopener\"><strong>Accede a dicha Resoluci\u00f3n desde este enlace.<\/strong><\/a><\/p>\n","protected":false},"excerpt":{"rendered":"<p>Ministerio de Econom\u00eda, Comercio y Empresa. Se publica en el BOE de hoy, d\u00eda 11 de abril de 2024, la Resoluci\u00f3n de 4 de abril de 2024, de la Subsecretar\u00eda, por la que se declara inh\u00e1bil el mes de agosto a efectos de plazos en las pruebas selectivas correspondientes a la oferta de empleo p\u00fablico &hellip; <a href=\"https:\/\/www.emplea-te.com\/noticias-oposiciones\/ministerio-de-economia-comercio-y-empresa-resolucion-por-la-que-se-declara-inhabil-el-mes-de-agosto-a-efectos-de-plazos-de-las-pruebas-selectivas-correspondientes-a-la-oep-2023\/\" class=\"more-link\">Continuar leyendo<span class=\"screen-reader-text\"> \u00abMinisterio de Econom\u00eda, Comercio y Empresa. Resoluci\u00f3n por la que se declara inh\u00e1bil el mes de agosto a efectos de plazos de las pruebas selectivas correspondientes a la OEP 2023.\u00bb<\/span><\/a><\/p>\n","protected":false},"author":1,"featured_media":0,"comment_status":"closed","ping_status":"closed","sticky":false,"template":"","format":"standard","meta":{"footnotes":""},"categories":[47,7],"tags":[103],"class_list":["post-12259","post","type-post","status-publish","format-standard","hentry","category-administracion-general-del-estado","category-oposiciones-administracion-general-del-estado","tag-informacion-procesos-selectivos"],"yoast_head":"<!-- This site is optimized with the Yoast SEO plugin v27.5 - https:\/\/yoast.com\/product\/yoast-seo-wordpress\/ -->\n<title>Resoluci\u00f3n procesos selectivos. C\u00f3mputo de plazos.<\/title>\n<meta name=\"description\" content=\"Ministerio de Econom\u00eda, Comercio y Empresa. Resoluci\u00f3n por la que se declara inh\u00e1bil el mes de agosto a efectos de plazos de las pruebas selectivas correspondientes a la OEP 2023.\" \/>\n<meta name=\"robots\" content=\"index, follow, max-snippet:-1, max-image-preview:large, max-video-preview:-1\" \/>\n<link rel=\"canonical\" href=\"https:\/\/www.emplea-te.com\/noticias-oposiciones\/ministerio-de-economia-comercio-y-empresa-resolucion-por-la-que-se-declara-inhabil-el-mes-de-agosto-a-efectos-de-plazos-de-las-pruebas-selectivas-correspondientes-a-la-oep-2023\/\" \/>\n<meta property=\"og:locale\" content=\"es_ES\" \/>\n<meta property=\"og:type\" content=\"article\" \/>\n<meta property=\"og:title\" content=\"Resoluci\u00f3n procesos selectivos. C\u00f3mputo de plazos.\" \/>\n<meta property=\"og:description\" content=\"Ministerio de Econom\u00eda, Comercio y Empresa. Resoluci\u00f3n por la que se declara inh\u00e1bil el mes de agosto a efectos de plazos de las pruebas selectivas correspondientes a la OEP 2023.\" \/>\n<meta property=\"og:url\" content=\"https:\/\/www.emplea-te.com\/noticias-oposiciones\/ministerio-de-economia-comercio-y-empresa-resolucion-por-la-que-se-declara-inhabil-el-mes-de-agosto-a-efectos-de-plazos-de-las-pruebas-selectivas-correspondientes-a-la-oep-2023\/\" \/>\n<meta property=\"og:site_name\" content=\"Noticas de oposiciones por Academia Emplea-te\" \/>\n<meta property=\"article:publisher\" content=\"https:\/\/www.facebook.com\/AcademiaEmpleate\/\" \/>\n<meta property=\"article:published_time\" content=\"2024-04-11T07:57:36+00:00\" \/>\n<meta name=\"author\" content=\"Empleate\" \/>\n<meta name=\"twitter:card\" content=\"summary_large_image\" \/>\n<meta name=\"twitter:creator\" content=\"@Emplea_Te\" \/>\n<meta name=\"twitter:site\" content=\"@Emplea_Te\" \/>\n<meta name=\"twitter:label1\" content=\"Escrito por\" \/>\n\t<meta name=\"twitter:data1\" content=\"Empleate\" \/>\n\t<meta name=\"twitter:label2\" content=\"Tiempo de lectura\" \/>\n\t<meta name=\"twitter:data2\" content=\"1 minuto\" \/>\n<script type=\"application\/ld+json\" class=\"yoast-schema-graph\">{\"@context\":\"https:\\\/\\\/schema.org\",\"@graph\":[{\"@type\":\"Article\",\"@id\":\"https:\\\/\\\/www.emplea-te.com\\\/noticias-oposiciones\\\/ministerio-de-economia-comercio-y-empresa-resolucion-por-la-que-se-declara-inhabil-el-mes-de-agosto-a-efectos-de-plazos-de-las-pruebas-selectivas-correspondientes-a-la-oep-2023\\\/#article\",\"isPartOf\":{\"@id\":\"https:\\\/\\\/www.emplea-te.com\\\/noticias-oposiciones\\\/ministerio-de-economia-comercio-y-empresa-resolucion-por-la-que-se-declara-inhabil-el-mes-de-agosto-a-efectos-de-plazos-de-las-pruebas-selectivas-correspondientes-a-la-oep-2023\\\/\"},\"author\":{\"name\":\"Empleate\",\"@id\":\"https:\\\/\\\/www.emplea-te.com\\\/noticias-oposiciones\\\/#\\\/schema\\\/person\\\/d1bc587e1af2b95e9c32aba1795509a6\"},\"headline\":\"Ministerio de Econom\u00eda, Comercio y Empresa. Resoluci\u00f3n por la que se declara inh\u00e1bil el mes de agosto a efectos de plazos de las pruebas selectivas correspondientes a la OEP 2023.\",\"datePublished\":\"2024-04-11T07:57:36+00:00\",\"mainEntityOfPage\":{\"@id\":\"https:\\\/\\\/www.emplea-te.com\\\/noticias-oposiciones\\\/ministerio-de-economia-comercio-y-empresa-resolucion-por-la-que-se-declara-inhabil-el-mes-de-agosto-a-efectos-de-plazos-de-las-pruebas-selectivas-correspondientes-a-la-oep-2023\\\/\"},\"wordCount\":97,\"publisher\":{\"@id\":\"https:\\\/\\\/www.emplea-te.com\\\/noticias-oposiciones\\\/#organization\"},\"keywords\":[\"Informaci\u00f3n procesos selectivos\"],\"articleSection\":[\"Administraci\u00f3n General del Estado.\",\"Oposiciones Administraci\u00f3n General del Estado\"],\"inLanguage\":\"es\"},{\"@type\":\"WebPage\",\"@id\":\"https:\\\/\\\/www.emplea-te.com\\\/noticias-oposiciones\\\/ministerio-de-economia-comercio-y-empresa-resolucion-por-la-que-se-declara-inhabil-el-mes-de-agosto-a-efectos-de-plazos-de-las-pruebas-selectivas-correspondientes-a-la-oep-2023\\\/\",\"url\":\"https:\\\/\\\/www.emplea-te.com\\\/noticias-oposiciones\\\/ministerio-de-economia-comercio-y-empresa-resolucion-por-la-que-se-declara-inhabil-el-mes-de-agosto-a-efectos-de-plazos-de-las-pruebas-selectivas-correspondientes-a-la-oep-2023\\\/\",\"name\":\"Resoluci\u00f3n procesos selectivos. C\u00f3mputo de plazos.\",\"isPartOf\":{\"@id\":\"https:\\\/\\\/www.emplea-te.com\\\/noticias-oposiciones\\\/#website\"},\"datePublished\":\"2024-04-11T07:57:36+00:00\",\"description\":\"Ministerio de Econom\u00eda, Comercio y Empresa. Resoluci\u00f3n por la que se declara inh\u00e1bil el mes de agosto a efectos de plazos de las pruebas selectivas correspondientes a la OEP 2023.\",\"breadcrumb\":{\"@id\":\"https:\\\/\\\/www.emplea-te.com\\\/noticias-oposiciones\\\/ministerio-de-economia-comercio-y-empresa-resolucion-por-la-que-se-declara-inhabil-el-mes-de-agosto-a-efectos-de-plazos-de-las-pruebas-selectivas-correspondientes-a-la-oep-2023\\\/#breadcrumb\"},\"inLanguage\":\"es\",\"potentialAction\":[{\"@type\":\"ReadAction\",\"target\":[\"https:\\\/\\\/www.emplea-te.com\\\/noticias-oposiciones\\\/ministerio-de-economia-comercio-y-empresa-resolucion-por-la-que-se-declara-inhabil-el-mes-de-agosto-a-efectos-de-plazos-de-las-pruebas-selectivas-correspondientes-a-la-oep-2023\\\/\"]}]},{\"@type\":\"BreadcrumbList\",\"@id\":\"https:\\\/\\\/www.emplea-te.com\\\/noticias-oposiciones\\\/ministerio-de-economia-comercio-y-empresa-resolucion-por-la-que-se-declara-inhabil-el-mes-de-agosto-a-efectos-de-plazos-de-las-pruebas-selectivas-correspondientes-a-la-oep-2023\\\/#breadcrumb\",\"itemListElement\":[{\"@type\":\"ListItem\",\"position\":1,\"name\":\"Noticias Oposiciones\",\"item\":\"https:\\\/\\\/www.emplea-te.com\\\/noticias-oposiciones\\\/\"},{\"@type\":\"ListItem\",\"position\":2,\"name\":\"Oposiciones Administraci\u00f3n General del Estado\",\"item\":\"https:\\\/\\\/www.emplea-te.com\\\/noticias-oposiciones\\\/categoria\\\/oposiciones-administracion-general-del-estado\\\/\"},{\"@type\":\"ListItem\",\"position\":3,\"name\":\"Ministerio de Econom\u00eda, Comercio y Empresa. Resoluci\u00f3n por la que se declara inh\u00e1bil el mes de agosto a efectos de plazos de las pruebas selectivas correspondientes a la OEP 2023.\"}]},{\"@type\":\"WebSite\",\"@id\":\"https:\\\/\\\/www.emplea-te.com\\\/noticias-oposiciones\\\/#website\",\"url\":\"https:\\\/\\\/www.emplea-te.com\\\/noticias-oposiciones\\\/\",\"name\":\"Noticas de oposiciones por Academia Emplea-te\",\"description\":\"Toda la actualidad de las ofertas y convocatorias.\",\"publisher\":{\"@id\":\"https:\\\/\\\/www.emplea-te.com\\\/noticias-oposiciones\\\/#organization\"},\"potentialAction\":[{\"@type\":\"SearchAction\",\"target\":{\"@type\":\"EntryPoint\",\"urlTemplate\":\"https:\\\/\\\/www.emplea-te.com\\\/noticias-oposiciones\\\/?s={search_term_string}\"},\"query-input\":{\"@type\":\"PropertyValueSpecification\",\"valueRequired\":true,\"valueName\":\"search_term_string\"}}],\"inLanguage\":\"es\"},{\"@type\":\"Organization\",\"@id\":\"https:\\\/\\\/www.emplea-te.com\\\/noticias-oposiciones\\\/#organization\",\"name\":\"Academia de oposiciones Empl\u00e9ate\",\"url\":\"https:\\\/\\\/www.emplea-te.com\\\/noticias-oposiciones\\\/\",\"logo\":{\"@type\":\"ImageObject\",\"inLanguage\":\"es\",\"@id\":\"https:\\\/\\\/www.emplea-te.com\\\/noticias-oposiciones\\\/#\\\/schema\\\/logo\\\/image\\\/\",\"url\":\"https:\\\/\\\/www.emplea-te.com\\\/noticias-oposiciones\\\/wp-content\\\/uploads\\\/2019\\\/04\\\/empleate.jpg\",\"contentUrl\":\"https:\\\/\\\/www.emplea-te.com\\\/noticias-oposiciones\\\/wp-content\\\/uploads\\\/2019\\\/04\\\/empleate.jpg\",\"width\":250,\"height\":150,\"caption\":\"Academia de oposiciones Empl\u00e9ate\"},\"image\":{\"@id\":\"https:\\\/\\\/www.emplea-te.com\\\/noticias-oposiciones\\\/#\\\/schema\\\/logo\\\/image\\\/\"},\"sameAs\":[\"https:\\\/\\\/www.facebook.com\\\/AcademiaEmpleate\\\/\",\"https:\\\/\\\/x.com\\\/Emplea_Te\",\"https:\\\/\\\/www.instagram.com\\\/academia_empleate\\\/\"]},{\"@type\":\"Person\",\"@id\":\"https:\\\/\\\/www.emplea-te.com\\\/noticias-oposiciones\\\/#\\\/schema\\\/person\\\/d1bc587e1af2b95e9c32aba1795509a6\",\"name\":\"Empleate\"}]}<\/script>\n<!-- \/ Yoast SEO plugin. -->","yoast_head_json":{"title":"Resoluci\u00f3n procesos selectivos. C\u00f3mputo de plazos.","description":"Ministerio de Econom\u00eda, Comercio y Empresa. Resoluci\u00f3n por la que se declara inh\u00e1bil el mes de agosto a efectos de plazos de las pruebas selectivas correspondientes a la OEP 2023.","robots":{"index":"index","follow":"follow","max-snippet":"max-snippet:-1","max-image-preview":"max-image-preview:large","max-video-preview":"max-video-preview:-1"},"canonical":"https:\/\/www.emplea-te.com\/noticias-oposiciones\/ministerio-de-economia-comercio-y-empresa-resolucion-por-la-que-se-declara-inhabil-el-mes-de-agosto-a-efectos-de-plazos-de-las-pruebas-selectivas-correspondientes-a-la-oep-2023\/","og_locale":"es_ES","og_type":"article","og_title":"Resoluci\u00f3n procesos selectivos. C\u00f3mputo de plazos.","og_description":"Ministerio de Econom\u00eda, Comercio y Empresa. Resoluci\u00f3n por la que se declara inh\u00e1bil el mes de agosto a efectos de plazos de las pruebas selectivas correspondientes a la OEP 2023.","og_url":"https:\/\/www.emplea-te.com\/noticias-oposiciones\/ministerio-de-economia-comercio-y-empresa-resolucion-por-la-que-se-declara-inhabil-el-mes-de-agosto-a-efectos-de-plazos-de-las-pruebas-selectivas-correspondientes-a-la-oep-2023\/","og_site_name":"Noticas de oposiciones por Academia Emplea-te","article_publisher":"https:\/\/www.facebook.com\/AcademiaEmpleate\/","article_published_time":"2024-04-11T07:57:36+00:00","author":"Empleate","twitter_card":"summary_large_image","twitter_creator":"@Emplea_Te","twitter_site":"@Emplea_Te","twitter_misc":{"Escrito por":"Empleate","Tiempo de lectura":"1 minuto"},"schema":{"@context":"https:\/\/schema.org","@graph":[{"@type":"Article","@id":"https:\/\/www.emplea-te.com\/noticias-oposiciones\/ministerio-de-economia-comercio-y-empresa-resolucion-por-la-que-se-declara-inhabil-el-mes-de-agosto-a-efectos-de-plazos-de-las-pruebas-selectivas-correspondientes-a-la-oep-2023\/#article","isPartOf":{"@id":"https:\/\/www.emplea-te.com\/noticias-oposiciones\/ministerio-de-economia-comercio-y-empresa-resolucion-por-la-que-se-declara-inhabil-el-mes-de-agosto-a-efectos-de-plazos-de-las-pruebas-selectivas-correspondientes-a-la-oep-2023\/"},"author":{"name":"Empleate","@id":"https:\/\/www.emplea-te.com\/noticias-oposiciones\/#\/schema\/person\/d1bc587e1af2b95e9c32aba1795509a6"},"headline":"Ministerio de Econom\u00eda, Comercio y Empresa. Resoluci\u00f3n por la que se declara inh\u00e1bil el mes de agosto a efectos de plazos de las pruebas selectivas correspondientes a la OEP 2023.","datePublished":"2024-04-11T07:57:36+00:00","mainEntityOfPage":{"@id":"https:\/\/www.emplea-te.com\/noticias-oposiciones\/ministerio-de-economia-comercio-y-empresa-resolucion-por-la-que-se-declara-inhabil-el-mes-de-agosto-a-efectos-de-plazos-de-las-pruebas-selectivas-correspondientes-a-la-oep-2023\/"},"wordCount":97,"publisher":{"@id":"https:\/\/www.emplea-te.com\/noticias-oposiciones\/#organization"},"keywords":["Informaci\u00f3n procesos selectivos"],"articleSection":["Administraci\u00f3n General del Estado.","Oposiciones Administraci\u00f3n General del Estado"],"inLanguage":"es"},{"@type":"WebPage","@id":"https:\/\/www.emplea-te.com\/noticias-oposiciones\/ministerio-de-economia-comercio-y-empresa-resolucion-por-la-que-se-declara-inhabil-el-mes-de-agosto-a-efectos-de-plazos-de-las-pruebas-selectivas-correspondientes-a-la-oep-2023\/","url":"https:\/\/www.emplea-te.com\/noticias-oposiciones\/ministerio-de-economia-comercio-y-empresa-resolucion-por-la-que-se-declara-inhabil-el-mes-de-agosto-a-efectos-de-plazos-de-las-pruebas-selectivas-correspondientes-a-la-oep-2023\/","name":"Resoluci\u00f3n procesos selectivos. C\u00f3mputo de plazos.","isPartOf":{"@id":"https:\/\/www.emplea-te.com\/noticias-oposiciones\/#website"},"datePublished":"2024-04-11T07:57:36+00:00","description":"Ministerio de Econom\u00eda, Comercio y Empresa. Resoluci\u00f3n por la que se declara inh\u00e1bil el mes de agosto a efectos de plazos de las pruebas selectivas correspondientes a la OEP 2023.","breadcrumb":{"@id":"https:\/\/www.emplea-te.com\/noticias-oposiciones\/ministerio-de-economia-comercio-y-empresa-resolucion-por-la-que-se-declara-inhabil-el-mes-de-agosto-a-efectos-de-plazos-de-las-pruebas-selectivas-correspondientes-a-la-oep-2023\/#breadcrumb"},"inLanguage":"es","potentialAction":[{"@type":"ReadAction","target":["https:\/\/www.emplea-te.com\/noticias-oposiciones\/ministerio-de-economia-comercio-y-empresa-resolucion-por-la-que-se-declara-inhabil-el-mes-de-agosto-a-efectos-de-plazos-de-las-pruebas-selectivas-correspondientes-a-la-oep-2023\/"]}]},{"@type":"BreadcrumbList","@id":"https:\/\/www.emplea-te.com\/noticias-oposiciones\/ministerio-de-economia-comercio-y-empresa-resolucion-por-la-que-se-declara-inhabil-el-mes-de-agosto-a-efectos-de-plazos-de-las-pruebas-selectivas-correspondientes-a-la-oep-2023\/#breadcrumb","itemListElement":[{"@type":"ListItem","position":1,"name":"Noticias Oposiciones","item":"https:\/\/www.emplea-te.com\/noticias-oposiciones\/"},{"@type":"ListItem","position":2,"name":"Oposiciones Administraci\u00f3n General del Estado","item":"https:\/\/www.emplea-te.com\/noticias-oposiciones\/categoria\/oposiciones-administracion-general-del-estado\/"},{"@type":"ListItem","position":3,"name":"Ministerio de Econom\u00eda, Comercio y Empresa. Resoluci\u00f3n por la que se declara inh\u00e1bil el mes de agosto a efectos de plazos de las pruebas selectivas correspondientes a la OEP 2023."}]},{"@type":"WebSite","@id":"https:\/\/www.emplea-te.com\/noticias-oposiciones\/#website","url":"https:\/\/www.emplea-te.com\/noticias-oposiciones\/","name":"Noticas de oposiciones por Academia Emplea-te","description":"Toda la actualidad de las ofertas y convocatorias.","publisher":{"@id":"https:\/\/www.emplea-te.com\/noticias-oposiciones\/#organization"},"potentialAction":[{"@type":"SearchAction","target":{"@type":"EntryPoint","urlTemplate":"https:\/\/www.emplea-te.com\/noticias-oposiciones\/?s={search_term_string}"},"query-input":{"@type":"PropertyValueSpecification","valueRequired":true,"valueName":"search_term_string"}}],"inLanguage":"es"},{"@type":"Organization","@id":"https:\/\/www.emplea-te.com\/noticias-oposiciones\/#organization","name":"Academia de oposiciones Empl\u00e9ate","url":"https:\/\/www.emplea-te.com\/noticias-oposiciones\/","logo":{"@type":"ImageObject","inLanguage":"es","@id":"https:\/\/www.emplea-te.com\/noticias-oposiciones\/#\/schema\/logo\/image\/","url":"https:\/\/www.emplea-te.com\/noticias-oposiciones\/wp-content\/uploads\/2019\/04\/empleate.jpg","contentUrl":"https:\/\/www.emplea-te.com\/noticias-oposiciones\/wp-content\/uploads\/2019\/04\/empleate.jpg","width":250,"height":150,"caption":"Academia de oposiciones Empl\u00e9ate"},"image":{"@id":"https:\/\/www.emplea-te.com\/noticias-oposiciones\/#\/schema\/logo\/image\/"},"sameAs":["https:\/\/www.facebook.com\/AcademiaEmpleate\/","https:\/\/x.com\/Emplea_Te","https:\/\/www.instagram.com\/academia_empleate\/"]},{"@type":"Person","@id":"https:\/\/www.emplea-te.com\/noticias-oposiciones\/#\/schema\/person\/d1bc587e1af2b95e9c32aba1795509a6","name":"Empleate"}]}},"_links":{"self":[{"href":"https:\/\/www.emplea-te.com\/noticias-oposiciones\/wp-json\/wp\/v2\/posts\/12259","targetHints":{"allow":["GET"]}}],"collection":[{"href":"https:\/\/www.emplea-te.com\/noticias-oposiciones\/wp-json\/wp\/v2\/posts"}],"about":[{"href":"https:\/\/www.emplea-te.com\/noticias-oposiciones\/wp-json\/wp\/v2\/types\/post"}],"author":[{"embeddable":true,"href":"https:\/\/www.emplea-te.com\/noticias-oposiciones\/wp-json\/wp\/v2\/users\/1"}],"replies":[{"embeddable":true,"href":"https:\/\/www.emplea-te.com\/noticias-oposiciones\/wp-json\/wp\/v2\/comments?post=12259"}],"version-history":[{"count":1,"href":"https:\/\/www.emplea-te.com\/noticias-oposiciones\/wp-json\/wp\/v2\/posts\/12259\/revisions"}],"predecessor-version":[{"id":12260,"href":"https:\/\/www.emplea-te.com\/noticias-oposiciones\/wp-json\/wp\/v2\/posts\/12259\/revisions\/12260"}],"wp:attachment":[{"href":"https:\/\/www.emplea-te.com\/noticias-oposiciones\/wp-json\/wp\/v2\/media?parent=12259"}],"wp:term":[{"taxonomy":"category","embeddable":true,"href":"https:\/\/www.emplea-te.com\/noticias-oposiciones\/wp-json\/wp\/v2\/categories?post=12259"},{"taxonomy":"post_tag","embeddable":true,"href":"https:\/\/www.emplea-te.com\/noticias-oposiciones\/wp-json\/wp\/v2\/tags?post=12259"}],"curies":[{"name":"wp","href":"https:\/\/api.w.org\/{rel}","templated":true}]}}