{"id":1230,"date":"2018-09-17T00:00:00","date_gmt":"2018-09-16T22:00:00","guid":{"rendered":"https:\/\/www.emplea-te.com\/noticias-oposiciones\/el-viernes-21-de-septiembre-se-publicaran-en-el-dog-las-resoluciones-por-las-que-se-aprueban-los-listados-provisionales-de-admitidos-y-excluidos-de-los-aspirantes-que-opositaran-a-la-xunta\/"},"modified":"2018-09-17T00:00:00","modified_gmt":"2018-09-16T22:00:00","slug":"el-viernes-21-de-septiembre-se-publicaran-en-el-dog-las-resoluciones-por-las-que-se-aprueban-los-listados-provisionales-de-admitidos-y-excluidos-de-los-aspirantes-que-opositaran-a-la-xunta","status":"publish","type":"post","link":"https:\/\/www.emplea-te.com\/noticias-oposiciones\/el-viernes-21-de-septiembre-se-publicaran-en-el-dog-las-resoluciones-por-las-que-se-aprueban-los-listados-provisionales-de-admitidos-y-excluidos-de-los-aspirantes-que-opositaran-a-la-xunta\/","title":{"rendered":"<br>El viernes 21 de septiembre se publicar\u00e1n en el DOG las resoluciones por las que se aprueban los listados provisionales de admitidos y excluidos de los aspirantes&nbsp;que opositar\u00e1n a la &nbsp;Xunta de Galicia. &nbsp;"},"content":{"rendered":"<p>La Direcci\u00f3n Xeral da Funci\u00f3n P\u00fablica publicar\u00e1 el pr\u00f3ximo viernes, 21 de septiembre, en el Diario Oficial de Galicia (DOG), las resoluciones por las que se aprueban los listados provisionales de admitidos y excluidos.<\/p>\n<p>Un total de 21.577 personas han sido admitidas de manera provisional para participar en alguna de las doce oposiciones convocadas por la Xunta para acceder a un puesto de trabajo en la Administraci\u00f3n auton\u00f3mica.<\/p>\n<p>Adem\u00e1s, otras 1.787 personas han sido admitidas para participar en seis concursos-oposiciones de promoci\u00f3n interna, con el objetivo de progresar en su carrera profesional.<\/p>\n<p>En concreto, seg\u00fan informa el Gobierno gallego en un comunicado, se convocaron un total de 614 plazas en estos 18 procesos selectivos. De esta cantidad, 248 son de acceso libre y a ellas puede presentarse cualquier persona que quiera entrar a trabajar en la Xunta y cumpla los requisitos establecidos en cada convocatoria, como la titulaci\u00f3n exigida.<\/p>\n<p><a href=\"https:\/\/www.lavozdegalicia.es\/noticia\/galicia\/2018\/09\/16\/total-21577-personas-participaran-oposiciones-puesto-xunta\/00031537104970813461101.htm\" target=\"_blank\" rel=\"nofollow noopener noreferrer\"><span class=\"wysiwyg-color-green\">Informaci\u00f3n completa <\/span><\/a><\/p>\n<p>Prepara en nuestros cursos presenciales las oposiciones de Auxiliar Administrativo de la Xunta de Galicia. Tenemos grupos abiertos con plazas disponibles.<\/p>\n<p><a href=\"https:\/\/www.emplea-te.com\/42-oposiciones-de-auxiliar-administrativo\" target=\"_blank\" rel=\"nofollow noopener noreferrer\"><span class=\"wysiwyg-color-green\">Informaci\u00f3n cursos presenciales oposiciones Auxiliar Administrativo de la Xunta de Galicia. <\/span><\/a><\/p>\n<p><\/p>\n","protected":false},"excerpt":{"rendered":"<p>La Direcci\u00f3n Xeral da Funci\u00f3n P\u00fablica publicar\u00e1 el pr\u00f3ximo viernes, 21 de septiembre, en el Diario Oficial de Galicia (DOG), las resoluciones por las que se aprueban los listados provisionales de admitidos y excluidos. Un total de 21.577 personas han sido admitidas de manera provisional para participar en alguna de las doce oposiciones convocadas por &hellip; <a href=\"https:\/\/www.emplea-te.com\/noticias-oposiciones\/el-viernes-21-de-septiembre-se-publicaran-en-el-dog-las-resoluciones-por-las-que-se-aprueban-los-listados-provisionales-de-admitidos-y-excluidos-de-los-aspirantes-que-opositaran-a-la-xunta\/\" class=\"more-link\">Continuar leyendo<span class=\"screen-reader-text\"> \u00ab<br \/>El viernes 21 de septiembre se publicar\u00e1n en el DOG las resoluciones por las que se aprueban los listados provisionales de admitidos y excluidos de los aspirantes&nbsp;que opositar\u00e1n a la &nbsp;Xunta de Galicia. &nbsp;\u00ab<\/span><\/a><\/p>\n","protected":false},"author":1,"featured_media":0,"comment_status":"open","ping_status":"open","sticky":false,"template":"","format":"standard","meta":{"footnotes":""},"categories":[],"tags":[],"class_list":["post-1230","post","type-post","status-publish","format-standard","hentry"],"yoast_head":"<!-- This site is optimized with the Yoast SEO plugin v27.3 - https:\/\/yoast.com\/product\/yoast-seo-wordpress\/ -->\n<title>El viernes 21 de septiembre se publicar\u00e1n en el DOG las resoluciones por las que se aprueban los listados provisionales de admitidos y excluidos de los aspirantes&nbsp;que opositar\u00e1n a la &nbsp;Xunta de Galicia. &nbsp; - Noticas de oposiciones por Academia Emplea-te<\/title>\n<meta name=\"description\" content=\"La Direcci\u00f3n Xeral da Funci\u00f3n P\u00fablica publicar\u00e1 el pr\u00f3ximo viernes, 21 de septiembre, en el Diario Oficial de Galicia (DOG), las resoluciones por las que se aprueban los listados provisionales de admitidos y excluidos. Leer informaci\u00f3n completa\" \/>\n<meta name=\"robots\" content=\"index, follow, max-snippet:-1, max-image-preview:large, max-video-preview:-1\" \/>\n<link rel=\"canonical\" href=\"https:\/\/www.emplea-te.com\/noticias-oposiciones\/el-viernes-21-de-septiembre-se-publicaran-en-el-dog-las-resoluciones-por-las-que-se-aprueban-los-listados-provisionales-de-admitidos-y-excluidos-de-los-aspirantes-que-opositaran-a-la-xunta\/\" \/>\n<meta property=\"og:locale\" content=\"es_ES\" \/>\n<meta property=\"og:type\" content=\"article\" \/>\n<meta property=\"og:title\" content=\"El viernes 21 de septiembre se publicar\u00e1n en el DOG las resoluciones por las que se aprueban los listados provisionales de admitidos y excluidos de los aspirantes&nbsp;que opositar\u00e1n a la &nbsp;Xunta de Galicia. &nbsp; - Noticas de oposiciones por Academia Emplea-te\" \/>\n<meta property=\"og:description\" content=\"La Direcci\u00f3n Xeral da Funci\u00f3n P\u00fablica publicar\u00e1 el pr\u00f3ximo viernes, 21 de septiembre, en el Diario Oficial de Galicia (DOG), las resoluciones por las que se aprueban los listados provisionales de admitidos y excluidos. Leer informaci\u00f3n completa\" \/>\n<meta property=\"og:url\" content=\"https:\/\/www.emplea-te.com\/noticias-oposiciones\/el-viernes-21-de-septiembre-se-publicaran-en-el-dog-las-resoluciones-por-las-que-se-aprueban-los-listados-provisionales-de-admitidos-y-excluidos-de-los-aspirantes-que-opositaran-a-la-xunta\/\" \/>\n<meta property=\"og:site_name\" content=\"Noticas de oposiciones por Academia Emplea-te\" \/>\n<meta property=\"article:publisher\" content=\"https:\/\/www.facebook.com\/AcademiaEmpleate\/\" \/>\n<meta property=\"article:published_time\" content=\"2018-09-16T22:00:00+00:00\" \/>\n<meta name=\"author\" content=\"Empleate\" \/>\n<meta name=\"twitter:card\" content=\"summary_large_image\" \/>\n<meta name=\"twitter:creator\" content=\"@Emplea_Te\" \/>\n<meta name=\"twitter:site\" content=\"@Emplea_Te\" \/>\n<meta name=\"twitter:label1\" content=\"Escrito por\" \/>\n\t<meta name=\"twitter:data1\" content=\"Empleate\" \/>\n\t<meta name=\"twitter:label2\" content=\"Tiempo de lectura\" \/>\n\t<meta name=\"twitter:data2\" content=\"1 minuto\" \/>\n<script type=\"application\/ld+json\" class=\"yoast-schema-graph\">{\"@context\":\"https:\\\/\\\/schema.org\",\"@graph\":[{\"@type\":\"Article\",\"@id\":\"https:\\\/\\\/www.emplea-te.com\\\/noticias-oposiciones\\\/el-viernes-21-de-septiembre-se-publicaran-en-el-dog-las-resoluciones-por-las-que-se-aprueban-los-listados-provisionales-de-admitidos-y-excluidos-de-los-aspirantes-que-opositaran-a-la-xunta\\\/#article\",\"isPartOf\":{\"@id\":\"https:\\\/\\\/www.emplea-te.com\\\/noticias-oposiciones\\\/el-viernes-21-de-septiembre-se-publicaran-en-el-dog-las-resoluciones-por-las-que-se-aprueban-los-listados-provisionales-de-admitidos-y-excluidos-de-los-aspirantes-que-opositaran-a-la-xunta\\\/\"},\"author\":{\"name\":\"Empleate\",\"@id\":\"https:\\\/\\\/www.emplea-te.com\\\/noticias-oposiciones\\\/#\\\/schema\\\/person\\\/d1bc587e1af2b95e9c32aba1795509a6\"},\"headline\":\"El viernes 21 de septiembre se publicar\u00e1n en el DOG las resoluciones por las que se aprueban los listados provisionales de admitidos y excluidos de los aspirantes&nbsp;que opositar\u00e1n a la &nbsp;Xunta de Galicia. &nbsp;\",\"datePublished\":\"2018-09-16T22:00:00+00:00\",\"mainEntityOfPage\":{\"@id\":\"https:\\\/\\\/www.emplea-te.com\\\/noticias-oposiciones\\\/el-viernes-21-de-septiembre-se-publicaran-en-el-dog-las-resoluciones-por-las-que-se-aprueban-los-listados-provisionales-de-admitidos-y-excluidos-de-los-aspirantes-que-opositaran-a-la-xunta\\\/\"},\"wordCount\":227,\"commentCount\":0,\"publisher\":{\"@id\":\"https:\\\/\\\/www.emplea-te.com\\\/noticias-oposiciones\\\/#organization\"},\"inLanguage\":\"es\",\"potentialAction\":[{\"@type\":\"CommentAction\",\"name\":\"Comment\",\"target\":[\"https:\\\/\\\/www.emplea-te.com\\\/noticias-oposiciones\\\/el-viernes-21-de-septiembre-se-publicaran-en-el-dog-las-resoluciones-por-las-que-se-aprueban-los-listados-provisionales-de-admitidos-y-excluidos-de-los-aspirantes-que-opositaran-a-la-xunta\\\/#respond\"]}]},{\"@type\":\"WebPage\",\"@id\":\"https:\\\/\\\/www.emplea-te.com\\\/noticias-oposiciones\\\/el-viernes-21-de-septiembre-se-publicaran-en-el-dog-las-resoluciones-por-las-que-se-aprueban-los-listados-provisionales-de-admitidos-y-excluidos-de-los-aspirantes-que-opositaran-a-la-xunta\\\/\",\"url\":\"https:\\\/\\\/www.emplea-te.com\\\/noticias-oposiciones\\\/el-viernes-21-de-septiembre-se-publicaran-en-el-dog-las-resoluciones-por-las-que-se-aprueban-los-listados-provisionales-de-admitidos-y-excluidos-de-los-aspirantes-que-opositaran-a-la-xunta\\\/\",\"name\":\"El viernes 21 de septiembre se publicar\u00e1n en el DOG las resoluciones por las que se aprueban los listados provisionales de admitidos y excluidos de los aspirantes&nbsp;que opositar\u00e1n a la &nbsp;Xunta de Galicia. &nbsp; - Noticas de oposiciones por Academia Emplea-te\",\"isPartOf\":{\"@id\":\"https:\\\/\\\/www.emplea-te.com\\\/noticias-oposiciones\\\/#website\"},\"datePublished\":\"2018-09-16T22:00:00+00:00\",\"description\":\"La Direcci\u00f3n Xeral da Funci\u00f3n P\u00fablica publicar\u00e1 el pr\u00f3ximo viernes, 21 de septiembre, en el Diario Oficial de Galicia (DOG), las resoluciones por las que se aprueban los listados provisionales de admitidos y excluidos. Leer informaci\u00f3n completa\",\"breadcrumb\":{\"@id\":\"https:\\\/\\\/www.emplea-te.com\\\/noticias-oposiciones\\\/el-viernes-21-de-septiembre-se-publicaran-en-el-dog-las-resoluciones-por-las-que-se-aprueban-los-listados-provisionales-de-admitidos-y-excluidos-de-los-aspirantes-que-opositaran-a-la-xunta\\\/#breadcrumb\"},\"inLanguage\":\"es\",\"potentialAction\":[{\"@type\":\"ReadAction\",\"target\":[\"https:\\\/\\\/www.emplea-te.com\\\/noticias-oposiciones\\\/el-viernes-21-de-septiembre-se-publicaran-en-el-dog-las-resoluciones-por-las-que-se-aprueban-los-listados-provisionales-de-admitidos-y-excluidos-de-los-aspirantes-que-opositaran-a-la-xunta\\\/\"]}]},{\"@type\":\"BreadcrumbList\",\"@id\":\"https:\\\/\\\/www.emplea-te.com\\\/noticias-oposiciones\\\/el-viernes-21-de-septiembre-se-publicaran-en-el-dog-las-resoluciones-por-las-que-se-aprueban-los-listados-provisionales-de-admitidos-y-excluidos-de-los-aspirantes-que-opositaran-a-la-xunta\\\/#breadcrumb\",\"itemListElement\":[{\"@type\":\"ListItem\",\"position\":1,\"name\":\"Noticias Oposiciones\",\"item\":\"https:\\\/\\\/www.emplea-te.com\\\/noticias-oposiciones\\\/\"},{\"@type\":\"ListItem\",\"position\":2,\"name\":\"El viernes 21 de septiembre se publicar\u00e1n en el DOG las resoluciones por las que se aprueban los listados provisionales de admitidos y excluidos de los aspirantes&nbsp;que opositar\u00e1n a la &nbsp;Xunta de Galicia. &nbsp;\"}]},{\"@type\":\"WebSite\",\"@id\":\"https:\\\/\\\/www.emplea-te.com\\\/noticias-oposiciones\\\/#website\",\"url\":\"https:\\\/\\\/www.emplea-te.com\\\/noticias-oposiciones\\\/\",\"name\":\"Noticas de oposiciones por Academia Emplea-te\",\"description\":\"Toda la actualidad de las ofertas y convocatorias.\",\"publisher\":{\"@id\":\"https:\\\/\\\/www.emplea-te.com\\\/noticias-oposiciones\\\/#organization\"},\"potentialAction\":[{\"@type\":\"SearchAction\",\"target\":{\"@type\":\"EntryPoint\",\"urlTemplate\":\"https:\\\/\\\/www.emplea-te.com\\\/noticias-oposiciones\\\/?s={search_term_string}\"},\"query-input\":{\"@type\":\"PropertyValueSpecification\",\"valueRequired\":true,\"valueName\":\"search_term_string\"}}],\"inLanguage\":\"es\"},{\"@type\":\"Organization\",\"@id\":\"https:\\\/\\\/www.emplea-te.com\\\/noticias-oposiciones\\\/#organization\",\"name\":\"Academia de oposiciones Empl\u00e9ate\",\"url\":\"https:\\\/\\\/www.emplea-te.com\\\/noticias-oposiciones\\\/\",\"logo\":{\"@type\":\"ImageObject\",\"inLanguage\":\"es\",\"@id\":\"https:\\\/\\\/www.emplea-te.com\\\/noticias-oposiciones\\\/#\\\/schema\\\/logo\\\/image\\\/\",\"url\":\"https:\\\/\\\/www.emplea-te.com\\\/noticias-oposiciones\\\/wp-content\\\/uploads\\\/2019\\\/04\\\/empleate.jpg\",\"contentUrl\":\"https:\\\/\\\/www.emplea-te.com\\\/noticias-oposiciones\\\/wp-content\\\/uploads\\\/2019\\\/04\\\/empleate.jpg\",\"width\":250,\"height\":150,\"caption\":\"Academia de oposiciones Empl\u00e9ate\"},\"image\":{\"@id\":\"https:\\\/\\\/www.emplea-te.com\\\/noticias-oposiciones\\\/#\\\/schema\\\/logo\\\/image\\\/\"},\"sameAs\":[\"https:\\\/\\\/www.facebook.com\\\/AcademiaEmpleate\\\/\",\"https:\\\/\\\/x.com\\\/Emplea_Te\",\"https:\\\/\\\/www.instagram.com\\\/academia_empleate\\\/\"]},{\"@type\":\"Person\",\"@id\":\"https:\\\/\\\/www.emplea-te.com\\\/noticias-oposiciones\\\/#\\\/schema\\\/person\\\/d1bc587e1af2b95e9c32aba1795509a6\",\"name\":\"Empleate\"}]}<\/script>\n<!-- \/ Yoast SEO plugin. -->","yoast_head_json":{"title":"El viernes 21 de septiembre se publicar\u00e1n en el DOG las resoluciones por las que se aprueban los listados provisionales de admitidos y excluidos de los aspirantes&nbsp;que opositar\u00e1n a la &nbsp;Xunta de Galicia. &nbsp; - Noticas de oposiciones por Academia Emplea-te","description":"La Direcci\u00f3n Xeral da Funci\u00f3n P\u00fablica publicar\u00e1 el pr\u00f3ximo viernes, 21 de septiembre, en el Diario Oficial de Galicia (DOG), las resoluciones por las que se aprueban los listados provisionales de admitidos y excluidos. Leer informaci\u00f3n completa","robots":{"index":"index","follow":"follow","max-snippet":"max-snippet:-1","max-image-preview":"max-image-preview:large","max-video-preview":"max-video-preview:-1"},"canonical":"https:\/\/www.emplea-te.com\/noticias-oposiciones\/el-viernes-21-de-septiembre-se-publicaran-en-el-dog-las-resoluciones-por-las-que-se-aprueban-los-listados-provisionales-de-admitidos-y-excluidos-de-los-aspirantes-que-opositaran-a-la-xunta\/","og_locale":"es_ES","og_type":"article","og_title":"El viernes 21 de septiembre se publicar\u00e1n en el DOG las resoluciones por las que se aprueban los listados provisionales de admitidos y excluidos de los aspirantes&nbsp;que opositar\u00e1n a la &nbsp;Xunta de Galicia. &nbsp; - Noticas de oposiciones por Academia Emplea-te","og_description":"La Direcci\u00f3n Xeral da Funci\u00f3n P\u00fablica publicar\u00e1 el pr\u00f3ximo viernes, 21 de septiembre, en el Diario Oficial de Galicia (DOG), las resoluciones por las que se aprueban los listados provisionales de admitidos y excluidos. Leer informaci\u00f3n completa","og_url":"https:\/\/www.emplea-te.com\/noticias-oposiciones\/el-viernes-21-de-septiembre-se-publicaran-en-el-dog-las-resoluciones-por-las-que-se-aprueban-los-listados-provisionales-de-admitidos-y-excluidos-de-los-aspirantes-que-opositaran-a-la-xunta\/","og_site_name":"Noticas de oposiciones por Academia Emplea-te","article_publisher":"https:\/\/www.facebook.com\/AcademiaEmpleate\/","article_published_time":"2018-09-16T22:00:00+00:00","author":"Empleate","twitter_card":"summary_large_image","twitter_creator":"@Emplea_Te","twitter_site":"@Emplea_Te","twitter_misc":{"Escrito por":"Empleate","Tiempo de lectura":"1 minuto"},"schema":{"@context":"https:\/\/schema.org","@graph":[{"@type":"Article","@id":"https:\/\/www.emplea-te.com\/noticias-oposiciones\/el-viernes-21-de-septiembre-se-publicaran-en-el-dog-las-resoluciones-por-las-que-se-aprueban-los-listados-provisionales-de-admitidos-y-excluidos-de-los-aspirantes-que-opositaran-a-la-xunta\/#article","isPartOf":{"@id":"https:\/\/www.emplea-te.com\/noticias-oposiciones\/el-viernes-21-de-septiembre-se-publicaran-en-el-dog-las-resoluciones-por-las-que-se-aprueban-los-listados-provisionales-de-admitidos-y-excluidos-de-los-aspirantes-que-opositaran-a-la-xunta\/"},"author":{"name":"Empleate","@id":"https:\/\/www.emplea-te.com\/noticias-oposiciones\/#\/schema\/person\/d1bc587e1af2b95e9c32aba1795509a6"},"headline":"El viernes 21 de septiembre se publicar\u00e1n en el DOG las resoluciones por las que se aprueban los listados provisionales de admitidos y excluidos de los aspirantes&nbsp;que opositar\u00e1n a la &nbsp;Xunta de Galicia. &nbsp;","datePublished":"2018-09-16T22:00:00+00:00","mainEntityOfPage":{"@id":"https:\/\/www.emplea-te.com\/noticias-oposiciones\/el-viernes-21-de-septiembre-se-publicaran-en-el-dog-las-resoluciones-por-las-que-se-aprueban-los-listados-provisionales-de-admitidos-y-excluidos-de-los-aspirantes-que-opositaran-a-la-xunta\/"},"wordCount":227,"commentCount":0,"publisher":{"@id":"https:\/\/www.emplea-te.com\/noticias-oposiciones\/#organization"},"inLanguage":"es","potentialAction":[{"@type":"CommentAction","name":"Comment","target":["https:\/\/www.emplea-te.com\/noticias-oposiciones\/el-viernes-21-de-septiembre-se-publicaran-en-el-dog-las-resoluciones-por-las-que-se-aprueban-los-listados-provisionales-de-admitidos-y-excluidos-de-los-aspirantes-que-opositaran-a-la-xunta\/#respond"]}]},{"@type":"WebPage","@id":"https:\/\/www.emplea-te.com\/noticias-oposiciones\/el-viernes-21-de-septiembre-se-publicaran-en-el-dog-las-resoluciones-por-las-que-se-aprueban-los-listados-provisionales-de-admitidos-y-excluidos-de-los-aspirantes-que-opositaran-a-la-xunta\/","url":"https:\/\/www.emplea-te.com\/noticias-oposiciones\/el-viernes-21-de-septiembre-se-publicaran-en-el-dog-las-resoluciones-por-las-que-se-aprueban-los-listados-provisionales-de-admitidos-y-excluidos-de-los-aspirantes-que-opositaran-a-la-xunta\/","name":"El viernes 21 de septiembre se publicar\u00e1n en el DOG las resoluciones por las que se aprueban los listados provisionales de admitidos y excluidos de los aspirantes&nbsp;que opositar\u00e1n a la &nbsp;Xunta de Galicia. &nbsp; - Noticas de oposiciones por Academia Emplea-te","isPartOf":{"@id":"https:\/\/www.emplea-te.com\/noticias-oposiciones\/#website"},"datePublished":"2018-09-16T22:00:00+00:00","description":"La Direcci\u00f3n Xeral da Funci\u00f3n P\u00fablica publicar\u00e1 el pr\u00f3ximo viernes, 21 de septiembre, en el Diario Oficial de Galicia (DOG), las resoluciones por las que se aprueban los listados provisionales de admitidos y excluidos. Leer informaci\u00f3n completa","breadcrumb":{"@id":"https:\/\/www.emplea-te.com\/noticias-oposiciones\/el-viernes-21-de-septiembre-se-publicaran-en-el-dog-las-resoluciones-por-las-que-se-aprueban-los-listados-provisionales-de-admitidos-y-excluidos-de-los-aspirantes-que-opositaran-a-la-xunta\/#breadcrumb"},"inLanguage":"es","potentialAction":[{"@type":"ReadAction","target":["https:\/\/www.emplea-te.com\/noticias-oposiciones\/el-viernes-21-de-septiembre-se-publicaran-en-el-dog-las-resoluciones-por-las-que-se-aprueban-los-listados-provisionales-de-admitidos-y-excluidos-de-los-aspirantes-que-opositaran-a-la-xunta\/"]}]},{"@type":"BreadcrumbList","@id":"https:\/\/www.emplea-te.com\/noticias-oposiciones\/el-viernes-21-de-septiembre-se-publicaran-en-el-dog-las-resoluciones-por-las-que-se-aprueban-los-listados-provisionales-de-admitidos-y-excluidos-de-los-aspirantes-que-opositaran-a-la-xunta\/#breadcrumb","itemListElement":[{"@type":"ListItem","position":1,"name":"Noticias Oposiciones","item":"https:\/\/www.emplea-te.com\/noticias-oposiciones\/"},{"@type":"ListItem","position":2,"name":"El viernes 21 de septiembre se publicar\u00e1n en el DOG las resoluciones por las que se aprueban los listados provisionales de admitidos y excluidos de los aspirantes&nbsp;que opositar\u00e1n a la &nbsp;Xunta de Galicia. &nbsp;"}]},{"@type":"WebSite","@id":"https:\/\/www.emplea-te.com\/noticias-oposiciones\/#website","url":"https:\/\/www.emplea-te.com\/noticias-oposiciones\/","name":"Noticas de oposiciones por Academia Emplea-te","description":"Toda la actualidad de las ofertas y convocatorias.","publisher":{"@id":"https:\/\/www.emplea-te.com\/noticias-oposiciones\/#organization"},"potentialAction":[{"@type":"SearchAction","target":{"@type":"EntryPoint","urlTemplate":"https:\/\/www.emplea-te.com\/noticias-oposiciones\/?s={search_term_string}"},"query-input":{"@type":"PropertyValueSpecification","valueRequired":true,"valueName":"search_term_string"}}],"inLanguage":"es"},{"@type":"Organization","@id":"https:\/\/www.emplea-te.com\/noticias-oposiciones\/#organization","name":"Academia de oposiciones Empl\u00e9ate","url":"https:\/\/www.emplea-te.com\/noticias-oposiciones\/","logo":{"@type":"ImageObject","inLanguage":"es","@id":"https:\/\/www.emplea-te.com\/noticias-oposiciones\/#\/schema\/logo\/image\/","url":"https:\/\/www.emplea-te.com\/noticias-oposiciones\/wp-content\/uploads\/2019\/04\/empleate.jpg","contentUrl":"https:\/\/www.emplea-te.com\/noticias-oposiciones\/wp-content\/uploads\/2019\/04\/empleate.jpg","width":250,"height":150,"caption":"Academia de oposiciones Empl\u00e9ate"},"image":{"@id":"https:\/\/www.emplea-te.com\/noticias-oposiciones\/#\/schema\/logo\/image\/"},"sameAs":["https:\/\/www.facebook.com\/AcademiaEmpleate\/","https:\/\/x.com\/Emplea_Te","https:\/\/www.instagram.com\/academia_empleate\/"]},{"@type":"Person","@id":"https:\/\/www.emplea-te.com\/noticias-oposiciones\/#\/schema\/person\/d1bc587e1af2b95e9c32aba1795509a6","name":"Empleate"}]}},"_links":{"self":[{"href":"https:\/\/www.emplea-te.com\/noticias-oposiciones\/wp-json\/wp\/v2\/posts\/1230","targetHints":{"allow":["GET"]}}],"collection":[{"href":"https:\/\/www.emplea-te.com\/noticias-oposiciones\/wp-json\/wp\/v2\/posts"}],"about":[{"href":"https:\/\/www.emplea-te.com\/noticias-oposiciones\/wp-json\/wp\/v2\/types\/post"}],"author":[{"embeddable":true,"href":"https:\/\/www.emplea-te.com\/noticias-oposiciones\/wp-json\/wp\/v2\/users\/1"}],"replies":[{"embeddable":true,"href":"https:\/\/www.emplea-te.com\/noticias-oposiciones\/wp-json\/wp\/v2\/comments?post=1230"}],"version-history":[{"count":0,"href":"https:\/\/www.emplea-te.com\/noticias-oposiciones\/wp-json\/wp\/v2\/posts\/1230\/revisions"}],"wp:attachment":[{"href":"https:\/\/www.emplea-te.com\/noticias-oposiciones\/wp-json\/wp\/v2\/media?parent=1230"}],"wp:term":[{"taxonomy":"category","embeddable":true,"href":"https:\/\/www.emplea-te.com\/noticias-oposiciones\/wp-json\/wp\/v2\/categories?post=1230"},{"taxonomy":"post_tag","embeddable":true,"href":"https:\/\/www.emplea-te.com\/noticias-oposiciones\/wp-json\/wp\/v2\/tags?post=1230"}],"curies":[{"name":"wp","href":"https:\/\/api.w.org\/{rel}","templated":true}]}}