{"id":1231,"date":"2018-09-17T00:00:00","date_gmt":"2018-09-16T22:00:00","guid":{"rendered":"https:\/\/www.emplea-te.com\/noticias-oposiciones\/publicada-la-lista-definitiva-de-admitidos-y-excluidos-de-los-aspirantes-a-la-administracion-de-correos\/"},"modified":"2018-09-17T00:00:00","modified_gmt":"2018-09-16T22:00:00","slug":"publicada-la-lista-definitiva-de-admitidos-y-excluidos-de-los-aspirantes-a-la-administracion-de-correos","status":"publish","type":"post","link":"https:\/\/www.emplea-te.com\/noticias-oposiciones\/publicada-la-lista-definitiva-de-admitidos-y-excluidos-de-los-aspirantes-a-la-administracion-de-correos\/","title":{"rendered":"Publicada la lista definitiva de admitidos y excluidos de los aspirantes a la Administraci\u00f3n de Correos. <br>"},"content":{"rendered":"<p>Publicada en la Web de Correos la informaci\u00f3n definitiva sobre los aspectos m\u00e1s importantes del examen que se celebrar\u00e1 el domingo 30 de septiembre de consolidaci\u00f3n de empleo de 2016. <\/p>\n<p><a href=\"https:\/\/www.correos.es\/ss\/Satellite?blobcol=urldata&amp;blobheader=application%2Fpdf&amp;blobheadername0=content-type&amp;blobheadername1=Content-Disposition&amp;blobheadervalue0=application%2Fpdf&amp;blobheadervalue1=filename%3DInformaci%C3%B3n_estado_proceso_y_prueba_de_examen.pdf&amp;blobkey=id&amp;blobtable=MungoBlobs&amp;blobwhere=1366086508011&amp;ssbinary=true\" target=\"_blank\" rel=\"nofollow noopener noreferrer\"><span class=\"wysiwyg-color-green\">Puedes acceder a la lista de admitidos y excluidos pinchando aqu\u00ed<\/span><\/a><\/p>\n<p><a href=\"https:\/\/www.correos.es\/ss\/Satellite?blobcol=urldata&amp;blobheader=application%2Fpdf&amp;blobheadername0=content-type&amp;blobheadername1=Content-Disposition&amp;blobheadervalue0=application%2Fpdf&amp;blobheadervalue1=filename%3DInformaci%C3%B3n_estado_proceso_y_prueba_de_examen.pdf&amp;blobkey=id&amp;blobtable=MungoBlobs&amp;blobwhere=1366086508011&amp;ssbinary=true\" target=\"_blank\" rel=\"nofollow noopener noreferrer\"><span class=\"wysiwyg-color-green\">Puedes acceder a la consulta de horarios pinchando aqu\u00ed<\/span><\/a><\/p>\n<p><a href=\"https:\/\/www.correos.es\/ss\/Satellite?blobcol=urldata&amp;blobheader=application%2Fpdf&amp;blobheadername0=content-type&amp;blobheadername1=Content-Disposition&amp;blobheadervalue0=application%2Fpdf&amp;blobheadervalue1=filename%3DInformaci%C3%B3n_estado_proceso_y_prueba_de_examen.pdf&amp;blobkey=id&amp;blobtable=MungoBlobs&amp;blobwhere=1366086508011&amp;ssbinary=true\" target=\"_blank\" rel=\"nofollow noopener noreferrer\"><span class=\"wysiwyg-color-green\">Para acceder a informaci\u00f3n de c\u00f3mo ser\u00e1 el examen y que es lo que es necesario llevar para realizarlo puedes pinchar aqu\u00ed <\/span><\/a><\/p>\n<p><\/p>\n<p><a href=\"https:\/\/www.emplea-te.com\/35\/oposiciones-de-correos\" target=\"_blank\" rel=\"nofollow noopener noreferrer\"><span class=\"wysiwyg-color-green\">Para preparar la oferta de 2017 de m\u00e1s de 1.800 plazas tenemos grupos presenciales abiertos con plazas disponibles <\/span><\/a><\/p>\n","protected":false},"excerpt":{"rendered":"<p>Publicada en la Web de Correos la informaci\u00f3n definitiva sobre los aspectos m\u00e1s importantes del examen que se celebrar\u00e1 el domingo 30 de septiembre de consolidaci\u00f3n de empleo de 2016. Puedes acceder a la lista de admitidos y excluidos pinchando aqu\u00ed Puedes acceder a la consulta de horarios pinchando aqu\u00ed Para acceder a informaci\u00f3n de &hellip; <a href=\"https:\/\/www.emplea-te.com\/noticias-oposiciones\/publicada-la-lista-definitiva-de-admitidos-y-excluidos-de-los-aspirantes-a-la-administracion-de-correos\/\" class=\"more-link\">Continuar leyendo<span class=\"screen-reader-text\"> \u00abPublicada la lista definitiva de admitidos y excluidos de los aspirantes a la Administraci\u00f3n de Correos. <br \/>\u00ab<\/span><\/a><\/p>\n","protected":false},"author":1,"featured_media":0,"comment_status":"open","ping_status":"open","sticky":false,"template":"","format":"standard","meta":{"footnotes":""},"categories":[],"tags":[],"class_list":["post-1231","post","type-post","status-publish","format-standard","hentry"],"yoast_head":"<!-- This site is optimized with the Yoast SEO plugin v27.3 - https:\/\/yoast.com\/product\/yoast-seo-wordpress\/ -->\n<title>Publicada la lista definitiva de admitidos y excluidos de los aspirantes a la Administraci\u00f3n de Correos.  - Noticas de oposiciones por Academia Emplea-te<\/title>\n<meta name=\"description\" content=\"Se ha publicado en la web de Correos la informaci\u00f3n definitiva sobre el examen que se celebrar\u00e1 el d\u00eda 30 de septiembre .Se han publicado listas definitivas de admitidos y excluidos en proceso selectivo, fecha y hora del examen. Accede aqu\u00ed a la informaci\u00f3n completa\" \/>\n<meta name=\"robots\" content=\"index, follow, max-snippet:-1, max-image-preview:large, max-video-preview:-1\" \/>\n<link rel=\"canonical\" href=\"https:\/\/www.emplea-te.com\/noticias-oposiciones\/publicada-la-lista-definitiva-de-admitidos-y-excluidos-de-los-aspirantes-a-la-administracion-de-correos\/\" \/>\n<meta property=\"og:locale\" content=\"es_ES\" \/>\n<meta property=\"og:type\" content=\"article\" \/>\n<meta property=\"og:title\" content=\"Publicada la lista definitiva de admitidos y excluidos de los aspirantes a la Administraci\u00f3n de Correos.  - Noticas de oposiciones por Academia Emplea-te\" \/>\n<meta property=\"og:description\" content=\"Se ha publicado en la web de Correos la informaci\u00f3n definitiva sobre el examen que se celebrar\u00e1 el d\u00eda 30 de septiembre .Se han publicado listas definitivas de admitidos y excluidos en proceso selectivo, fecha y hora del examen. Accede aqu\u00ed a la informaci\u00f3n completa\" \/>\n<meta property=\"og:url\" content=\"https:\/\/www.emplea-te.com\/noticias-oposiciones\/publicada-la-lista-definitiva-de-admitidos-y-excluidos-de-los-aspirantes-a-la-administracion-de-correos\/\" \/>\n<meta property=\"og:site_name\" content=\"Noticas de oposiciones por Academia Emplea-te\" \/>\n<meta property=\"article:publisher\" content=\"https:\/\/www.facebook.com\/AcademiaEmpleate\/\" \/>\n<meta property=\"article:published_time\" content=\"2018-09-16T22:00:00+00:00\" \/>\n<meta name=\"author\" content=\"Empleate\" \/>\n<meta name=\"twitter:card\" content=\"summary_large_image\" \/>\n<meta name=\"twitter:creator\" content=\"@Emplea_Te\" \/>\n<meta name=\"twitter:site\" content=\"@Emplea_Te\" \/>\n<meta name=\"twitter:label1\" content=\"Escrito por\" \/>\n\t<meta name=\"twitter:data1\" content=\"Empleate\" \/>\n<script type=\"application\/ld+json\" class=\"yoast-schema-graph\">{\"@context\":\"https:\\\/\\\/schema.org\",\"@graph\":[{\"@type\":\"Article\",\"@id\":\"https:\\\/\\\/www.emplea-te.com\\\/noticias-oposiciones\\\/publicada-la-lista-definitiva-de-admitidos-y-excluidos-de-los-aspirantes-a-la-administracion-de-correos\\\/#article\",\"isPartOf\":{\"@id\":\"https:\\\/\\\/www.emplea-te.com\\\/noticias-oposiciones\\\/publicada-la-lista-definitiva-de-admitidos-y-excluidos-de-los-aspirantes-a-la-administracion-de-correos\\\/\"},\"author\":{\"name\":\"Empleate\",\"@id\":\"https:\\\/\\\/www.emplea-te.com\\\/noticias-oposiciones\\\/#\\\/schema\\\/person\\\/d1bc587e1af2b95e9c32aba1795509a6\"},\"headline\":\"Publicada la lista definitiva de admitidos y excluidos de los aspirantes a la Administraci\u00f3n de Correos.\",\"datePublished\":\"2018-09-16T22:00:00+00:00\",\"mainEntityOfPage\":{\"@id\":\"https:\\\/\\\/www.emplea-te.com\\\/noticias-oposiciones\\\/publicada-la-lista-definitiva-de-admitidos-y-excluidos-de-los-aspirantes-a-la-administracion-de-correos\\\/\"},\"wordCount\":109,\"commentCount\":0,\"publisher\":{\"@id\":\"https:\\\/\\\/www.emplea-te.com\\\/noticias-oposiciones\\\/#organization\"},\"inLanguage\":\"es\",\"potentialAction\":[{\"@type\":\"CommentAction\",\"name\":\"Comment\",\"target\":[\"https:\\\/\\\/www.emplea-te.com\\\/noticias-oposiciones\\\/publicada-la-lista-definitiva-de-admitidos-y-excluidos-de-los-aspirantes-a-la-administracion-de-correos\\\/#respond\"]}]},{\"@type\":\"WebPage\",\"@id\":\"https:\\\/\\\/www.emplea-te.com\\\/noticias-oposiciones\\\/publicada-la-lista-definitiva-de-admitidos-y-excluidos-de-los-aspirantes-a-la-administracion-de-correos\\\/\",\"url\":\"https:\\\/\\\/www.emplea-te.com\\\/noticias-oposiciones\\\/publicada-la-lista-definitiva-de-admitidos-y-excluidos-de-los-aspirantes-a-la-administracion-de-correos\\\/\",\"name\":\"Publicada la lista definitiva de admitidos y excluidos de los aspirantes a la Administraci\u00f3n de Correos. - Noticas de oposiciones por Academia Emplea-te\",\"isPartOf\":{\"@id\":\"https:\\\/\\\/www.emplea-te.com\\\/noticias-oposiciones\\\/#website\"},\"datePublished\":\"2018-09-16T22:00:00+00:00\",\"description\":\"Se ha publicado en la web de Correos la informaci\u00f3n definitiva sobre el examen que se celebrar\u00e1 el d\u00eda 30 de septiembre .Se han publicado listas definitivas de admitidos y excluidos en proceso selectivo, fecha y hora del examen. Accede aqu\u00ed a la informaci\u00f3n completa\",\"breadcrumb\":{\"@id\":\"https:\\\/\\\/www.emplea-te.com\\\/noticias-oposiciones\\\/publicada-la-lista-definitiva-de-admitidos-y-excluidos-de-los-aspirantes-a-la-administracion-de-correos\\\/#breadcrumb\"},\"inLanguage\":\"es\",\"potentialAction\":[{\"@type\":\"ReadAction\",\"target\":[\"https:\\\/\\\/www.emplea-te.com\\\/noticias-oposiciones\\\/publicada-la-lista-definitiva-de-admitidos-y-excluidos-de-los-aspirantes-a-la-administracion-de-correos\\\/\"]}]},{\"@type\":\"BreadcrumbList\",\"@id\":\"https:\\\/\\\/www.emplea-te.com\\\/noticias-oposiciones\\\/publicada-la-lista-definitiva-de-admitidos-y-excluidos-de-los-aspirantes-a-la-administracion-de-correos\\\/#breadcrumb\",\"itemListElement\":[{\"@type\":\"ListItem\",\"position\":1,\"name\":\"Noticias Oposiciones\",\"item\":\"https:\\\/\\\/www.emplea-te.com\\\/noticias-oposiciones\\\/\"},{\"@type\":\"ListItem\",\"position\":2,\"name\":\"Publicada la lista definitiva de admitidos y excluidos de los aspirantes a la Administraci\u00f3n de Correos.\"}]},{\"@type\":\"WebSite\",\"@id\":\"https:\\\/\\\/www.emplea-te.com\\\/noticias-oposiciones\\\/#website\",\"url\":\"https:\\\/\\\/www.emplea-te.com\\\/noticias-oposiciones\\\/\",\"name\":\"Noticas de oposiciones por Academia Emplea-te\",\"description\":\"Toda la actualidad de las ofertas y convocatorias.\",\"publisher\":{\"@id\":\"https:\\\/\\\/www.emplea-te.com\\\/noticias-oposiciones\\\/#organization\"},\"potentialAction\":[{\"@type\":\"SearchAction\",\"target\":{\"@type\":\"EntryPoint\",\"urlTemplate\":\"https:\\\/\\\/www.emplea-te.com\\\/noticias-oposiciones\\\/?s={search_term_string}\"},\"query-input\":{\"@type\":\"PropertyValueSpecification\",\"valueRequired\":true,\"valueName\":\"search_term_string\"}}],\"inLanguage\":\"es\"},{\"@type\":\"Organization\",\"@id\":\"https:\\\/\\\/www.emplea-te.com\\\/noticias-oposiciones\\\/#organization\",\"name\":\"Academia de oposiciones Empl\u00e9ate\",\"url\":\"https:\\\/\\\/www.emplea-te.com\\\/noticias-oposiciones\\\/\",\"logo\":{\"@type\":\"ImageObject\",\"inLanguage\":\"es\",\"@id\":\"https:\\\/\\\/www.emplea-te.com\\\/noticias-oposiciones\\\/#\\\/schema\\\/logo\\\/image\\\/\",\"url\":\"https:\\\/\\\/www.emplea-te.com\\\/noticias-oposiciones\\\/wp-content\\\/uploads\\\/2019\\\/04\\\/empleate.jpg\",\"contentUrl\":\"https:\\\/\\\/www.emplea-te.com\\\/noticias-oposiciones\\\/wp-content\\\/uploads\\\/2019\\\/04\\\/empleate.jpg\",\"width\":250,\"height\":150,\"caption\":\"Academia de oposiciones Empl\u00e9ate\"},\"image\":{\"@id\":\"https:\\\/\\\/www.emplea-te.com\\\/noticias-oposiciones\\\/#\\\/schema\\\/logo\\\/image\\\/\"},\"sameAs\":[\"https:\\\/\\\/www.facebook.com\\\/AcademiaEmpleate\\\/\",\"https:\\\/\\\/x.com\\\/Emplea_Te\",\"https:\\\/\\\/www.instagram.com\\\/academia_empleate\\\/\"]},{\"@type\":\"Person\",\"@id\":\"https:\\\/\\\/www.emplea-te.com\\\/noticias-oposiciones\\\/#\\\/schema\\\/person\\\/d1bc587e1af2b95e9c32aba1795509a6\",\"name\":\"Empleate\"}]}<\/script>\n<!-- \/ Yoast SEO plugin. -->","yoast_head_json":{"title":"Publicada la lista definitiva de admitidos y excluidos de los aspirantes a la Administraci\u00f3n de Correos.  - Noticas de oposiciones por Academia Emplea-te","description":"Se ha publicado en la web de Correos la informaci\u00f3n definitiva sobre el examen que se celebrar\u00e1 el d\u00eda 30 de septiembre .Se han publicado listas definitivas de admitidos y excluidos en proceso selectivo, fecha y hora del examen. Accede aqu\u00ed a la informaci\u00f3n completa","robots":{"index":"index","follow":"follow","max-snippet":"max-snippet:-1","max-image-preview":"max-image-preview:large","max-video-preview":"max-video-preview:-1"},"canonical":"https:\/\/www.emplea-te.com\/noticias-oposiciones\/publicada-la-lista-definitiva-de-admitidos-y-excluidos-de-los-aspirantes-a-la-administracion-de-correos\/","og_locale":"es_ES","og_type":"article","og_title":"Publicada la lista definitiva de admitidos y excluidos de los aspirantes a la Administraci\u00f3n de Correos.  - Noticas de oposiciones por Academia Emplea-te","og_description":"Se ha publicado en la web de Correos la informaci\u00f3n definitiva sobre el examen que se celebrar\u00e1 el d\u00eda 30 de septiembre .Se han publicado listas definitivas de admitidos y excluidos en proceso selectivo, fecha y hora del examen. Accede aqu\u00ed a la informaci\u00f3n completa","og_url":"https:\/\/www.emplea-te.com\/noticias-oposiciones\/publicada-la-lista-definitiva-de-admitidos-y-excluidos-de-los-aspirantes-a-la-administracion-de-correos\/","og_site_name":"Noticas de oposiciones por Academia Emplea-te","article_publisher":"https:\/\/www.facebook.com\/AcademiaEmpleate\/","article_published_time":"2018-09-16T22:00:00+00:00","author":"Empleate","twitter_card":"summary_large_image","twitter_creator":"@Emplea_Te","twitter_site":"@Emplea_Te","twitter_misc":{"Escrito por":"Empleate"},"schema":{"@context":"https:\/\/schema.org","@graph":[{"@type":"Article","@id":"https:\/\/www.emplea-te.com\/noticias-oposiciones\/publicada-la-lista-definitiva-de-admitidos-y-excluidos-de-los-aspirantes-a-la-administracion-de-correos\/#article","isPartOf":{"@id":"https:\/\/www.emplea-te.com\/noticias-oposiciones\/publicada-la-lista-definitiva-de-admitidos-y-excluidos-de-los-aspirantes-a-la-administracion-de-correos\/"},"author":{"name":"Empleate","@id":"https:\/\/www.emplea-te.com\/noticias-oposiciones\/#\/schema\/person\/d1bc587e1af2b95e9c32aba1795509a6"},"headline":"Publicada la lista definitiva de admitidos y excluidos de los aspirantes a la Administraci\u00f3n de Correos.","datePublished":"2018-09-16T22:00:00+00:00","mainEntityOfPage":{"@id":"https:\/\/www.emplea-te.com\/noticias-oposiciones\/publicada-la-lista-definitiva-de-admitidos-y-excluidos-de-los-aspirantes-a-la-administracion-de-correos\/"},"wordCount":109,"commentCount":0,"publisher":{"@id":"https:\/\/www.emplea-te.com\/noticias-oposiciones\/#organization"},"inLanguage":"es","potentialAction":[{"@type":"CommentAction","name":"Comment","target":["https:\/\/www.emplea-te.com\/noticias-oposiciones\/publicada-la-lista-definitiva-de-admitidos-y-excluidos-de-los-aspirantes-a-la-administracion-de-correos\/#respond"]}]},{"@type":"WebPage","@id":"https:\/\/www.emplea-te.com\/noticias-oposiciones\/publicada-la-lista-definitiva-de-admitidos-y-excluidos-de-los-aspirantes-a-la-administracion-de-correos\/","url":"https:\/\/www.emplea-te.com\/noticias-oposiciones\/publicada-la-lista-definitiva-de-admitidos-y-excluidos-de-los-aspirantes-a-la-administracion-de-correos\/","name":"Publicada la lista definitiva de admitidos y excluidos de los aspirantes a la Administraci\u00f3n de Correos. - Noticas de oposiciones por Academia Emplea-te","isPartOf":{"@id":"https:\/\/www.emplea-te.com\/noticias-oposiciones\/#website"},"datePublished":"2018-09-16T22:00:00+00:00","description":"Se ha publicado en la web de Correos la informaci\u00f3n definitiva sobre el examen que se celebrar\u00e1 el d\u00eda 30 de septiembre .Se han publicado listas definitivas de admitidos y excluidos en proceso selectivo, fecha y hora del examen. Accede aqu\u00ed a la informaci\u00f3n completa","breadcrumb":{"@id":"https:\/\/www.emplea-te.com\/noticias-oposiciones\/publicada-la-lista-definitiva-de-admitidos-y-excluidos-de-los-aspirantes-a-la-administracion-de-correos\/#breadcrumb"},"inLanguage":"es","potentialAction":[{"@type":"ReadAction","target":["https:\/\/www.emplea-te.com\/noticias-oposiciones\/publicada-la-lista-definitiva-de-admitidos-y-excluidos-de-los-aspirantes-a-la-administracion-de-correos\/"]}]},{"@type":"BreadcrumbList","@id":"https:\/\/www.emplea-te.com\/noticias-oposiciones\/publicada-la-lista-definitiva-de-admitidos-y-excluidos-de-los-aspirantes-a-la-administracion-de-correos\/#breadcrumb","itemListElement":[{"@type":"ListItem","position":1,"name":"Noticias Oposiciones","item":"https:\/\/www.emplea-te.com\/noticias-oposiciones\/"},{"@type":"ListItem","position":2,"name":"Publicada la lista definitiva de admitidos y excluidos de los aspirantes a la Administraci\u00f3n de Correos."}]},{"@type":"WebSite","@id":"https:\/\/www.emplea-te.com\/noticias-oposiciones\/#website","url":"https:\/\/www.emplea-te.com\/noticias-oposiciones\/","name":"Noticas de oposiciones por Academia Emplea-te","description":"Toda la actualidad de las ofertas y convocatorias.","publisher":{"@id":"https:\/\/www.emplea-te.com\/noticias-oposiciones\/#organization"},"potentialAction":[{"@type":"SearchAction","target":{"@type":"EntryPoint","urlTemplate":"https:\/\/www.emplea-te.com\/noticias-oposiciones\/?s={search_term_string}"},"query-input":{"@type":"PropertyValueSpecification","valueRequired":true,"valueName":"search_term_string"}}],"inLanguage":"es"},{"@type":"Organization","@id":"https:\/\/www.emplea-te.com\/noticias-oposiciones\/#organization","name":"Academia de oposiciones Empl\u00e9ate","url":"https:\/\/www.emplea-te.com\/noticias-oposiciones\/","logo":{"@type":"ImageObject","inLanguage":"es","@id":"https:\/\/www.emplea-te.com\/noticias-oposiciones\/#\/schema\/logo\/image\/","url":"https:\/\/www.emplea-te.com\/noticias-oposiciones\/wp-content\/uploads\/2019\/04\/empleate.jpg","contentUrl":"https:\/\/www.emplea-te.com\/noticias-oposiciones\/wp-content\/uploads\/2019\/04\/empleate.jpg","width":250,"height":150,"caption":"Academia de oposiciones Empl\u00e9ate"},"image":{"@id":"https:\/\/www.emplea-te.com\/noticias-oposiciones\/#\/schema\/logo\/image\/"},"sameAs":["https:\/\/www.facebook.com\/AcademiaEmpleate\/","https:\/\/x.com\/Emplea_Te","https:\/\/www.instagram.com\/academia_empleate\/"]},{"@type":"Person","@id":"https:\/\/www.emplea-te.com\/noticias-oposiciones\/#\/schema\/person\/d1bc587e1af2b95e9c32aba1795509a6","name":"Empleate"}]}},"_links":{"self":[{"href":"https:\/\/www.emplea-te.com\/noticias-oposiciones\/wp-json\/wp\/v2\/posts\/1231","targetHints":{"allow":["GET"]}}],"collection":[{"href":"https:\/\/www.emplea-te.com\/noticias-oposiciones\/wp-json\/wp\/v2\/posts"}],"about":[{"href":"https:\/\/www.emplea-te.com\/noticias-oposiciones\/wp-json\/wp\/v2\/types\/post"}],"author":[{"embeddable":true,"href":"https:\/\/www.emplea-te.com\/noticias-oposiciones\/wp-json\/wp\/v2\/users\/1"}],"replies":[{"embeddable":true,"href":"https:\/\/www.emplea-te.com\/noticias-oposiciones\/wp-json\/wp\/v2\/comments?post=1231"}],"version-history":[{"count":0,"href":"https:\/\/www.emplea-te.com\/noticias-oposiciones\/wp-json\/wp\/v2\/posts\/1231\/revisions"}],"wp:attachment":[{"href":"https:\/\/www.emplea-te.com\/noticias-oposiciones\/wp-json\/wp\/v2\/media?parent=1231"}],"wp:term":[{"taxonomy":"category","embeddable":true,"href":"https:\/\/www.emplea-te.com\/noticias-oposiciones\/wp-json\/wp\/v2\/categories?post=1231"},{"taxonomy":"post_tag","embeddable":true,"href":"https:\/\/www.emplea-te.com\/noticias-oposiciones\/wp-json\/wp\/v2\/tags?post=1231"}],"curies":[{"name":"wp","href":"https:\/\/api.w.org\/{rel}","templated":true}]}}