{"id":1232,"date":"2018-09-20T00:00:00","date_gmt":"2018-09-19T22:00:00","guid":{"rendered":"https:\/\/www.emplea-te.com\/noticias-oposiciones\/posibles-fechas-proxima-convocatoria-oposiciones-de-justicia-turno-libre-y-promocion-interna\/"},"modified":"2018-09-20T00:00:00","modified_gmt":"2018-09-19T22:00:00","slug":"posibles-fechas-proxima-convocatoria-oposiciones-de-justicia-turno-libre-y-promocion-interna","status":"publish","type":"post","link":"https:\/\/www.emplea-te.com\/noticias-oposiciones\/posibles-fechas-proxima-convocatoria-oposiciones-de-justicia-turno-libre-y-promocion-interna\/","title":{"rendered":"<br>Posibles fechas pr\u00f3xima convocatoria oposiciones de justicia turno libre y promoci\u00f3n interna."},"content":{"rendered":"<p>&nbsp;Fuentes sindicales nos dan una aproximaci\u00f3n de fechas de pr\u00f3xima convocatoria de Justicia (acumulaci\u00f3n ofertas 2017+2018) para el turno libre y promoci\u00f3n interna. Tambi\u00e9n de la toma de posesi\u00f3n de la OEP 2016.<\/p>\n<p><a href=\"https:\/\/staj-cantabria.blogspot.com\/2018\/09\/staj-informa-aproximacion-fechas-toma.html?m=1\" target=\"_blank\" rel=\"nofollow noopener noreferrer\"><span class=\"wysiwyg-color-green\">Enlace a fuente sindical<\/span><\/a><\/p>\n<p><u><b>Posibles fechas Promoci\u00f3n Interna: <\/b><\/u><\/p>\n<p>Calculamos que la convocatoria para promoci\u00f3n interna ser\u00e1 para diciembre de 2018<\/p>\n<p><b><u>Posibles fechas turno libre: <\/u><\/b><\/p>\n<p>La&nbsp; convocatoria para turno libre ser\u00e1 para los meses de febrero o marzo de 2019, y los primeros ex\u00e1menes de turno libre podr\u00edan ser para oto\u00f1o del a\u00f1o 2019. Entre promoci\u00f3n interna y turno libre en la siguiente convocatoria se convocar\u00e1n unas 7175 plazas entre los tres Cuerpos y todos los \u00e1mbitos territoriales.<\/p>\n<p>Recordamos que&nbsp;esta&nbsp;&nbsp;convocatoria ser\u00e1 acumulada y que ser\u00e1 concurso oposici\u00f3n. <\/p>\n<p><a href=\"https:\/\/www.emplea-te.com\/192-noticia-noticias-oposiciones-justicia-oep-2018.-fechas-de-convocatoria-y-sistemas-de-acceso-y-plazas-desglosadas-por-comunidad-autonoma-\" target=\"_blank\" rel=\"nofollow noopener noreferrer\"><span class=\"wysiwyg-color-green\">Pod\u00e9is consultar el hist\u00f3rico de plazas de justicia de los \u00faltimos a\u00f1os <\/span><\/a><span class=\"wysiwyg-color-green\">&nbsp;&nbsp;&nbsp;&nbsp;&nbsp;&nbsp;&nbsp; <\/span>y comprobar que es el mejor momento en d\u00e9cadas para opositar a la Administraci\u00f3n de Justicia por el n\u00famero de plazas ofertadas para esta pr\u00f3xima convocatoria. <\/p>\n<p>En nuestra academia tenemos grupos presenciales&nbsp;con plazas disponibles para preparar las oposiciones de Justicia: Auxilio Judicial, Tramitaci\u00f3n Procesal y Gesti\u00f3n Procesal y Administrativa. <\/p>\n<p><a href=\"https:\/\/www.emplea-te.com\/10-oposiciones-de-auxilio-judicial\" target=\"_blank\" rel=\"nofollow noopener noreferrer\"><span class=\"wysiwyg-color-green\">Informaci\u00f3n curso presencial &nbsp;Oposiciones Auxilio Judicial<\/span><\/a><\/p>\n<p><a href=\"https:\/\/www.emplea-te.com\/11-oposiciones-de-tramitacion-procesal\" target=\"_blank\" rel=\"nofollow noopener noreferrer\"><span class=\"wysiwyg-color-green\">Informaci\u00f3n curso presencial Oposiciones Tramitaci\u00f3n Procesal<\/span><\/a><\/p>\n<p><a href=\"https:\/\/www.emplea-te.com\/21-oposiciones-de-gestion-procesal-y-adiministrativa\" target=\"_blank\" rel=\"nofollow noopener noreferrer\"><span class=\"wysiwyg-color-green\">Informaci\u00f3n curso presencial Oposiciones Gesti\u00f3n Procesal y Administrativa<\/span><\/a><\/p>\n<p><img decoding=\"async\" width=\"\" height=\"\" align=\"\" alt=\"No hay texto alternativo autom\ufffd?\u00a1tico disponible.\" src=\"https:\/\/scontent.fvgo1-1.fna.fbcdn.net\/v\/t1.0-9\/42044707_1888223664598384_3477735234043117568_n.png?_nc_cat=107&amp;oh=9ee192d9ddf96336018638683aa61714&amp;oe=5C2C9661\" border=\"0\" vspace=\"0\" hspace=\"-1\"><\/p>\n","protected":false},"excerpt":{"rendered":"<p>&nbsp;Fuentes sindicales nos dan una aproximaci\u00f3n de fechas de pr\u00f3xima convocatoria de Justicia (acumulaci\u00f3n ofertas 2017+2018) para el turno libre y promoci\u00f3n interna. Tambi\u00e9n de la toma de posesi\u00f3n de la OEP 2016. Enlace a fuente sindical Posibles fechas Promoci\u00f3n Interna: Calculamos que la convocatoria para promoci\u00f3n interna ser\u00e1 para diciembre de 2018 Posibles fechas &hellip; <a href=\"https:\/\/www.emplea-te.com\/noticias-oposiciones\/posibles-fechas-proxima-convocatoria-oposiciones-de-justicia-turno-libre-y-promocion-interna\/\" class=\"more-link\">Continuar leyendo<span class=\"screen-reader-text\"> \u00ab<br \/>Posibles fechas pr\u00f3xima convocatoria oposiciones de justicia turno libre y promoci\u00f3n interna.\u00bb<\/span><\/a><\/p>\n","protected":false},"author":1,"featured_media":0,"comment_status":"open","ping_status":"open","sticky":false,"template":"","format":"standard","meta":{"footnotes":""},"categories":[],"tags":[],"class_list":["post-1232","post","type-post","status-publish","format-standard","hentry"],"yoast_head":"<!-- This site is optimized with the Yoast SEO plugin v27.3 - https:\/\/yoast.com\/product\/yoast-seo-wordpress\/ -->\n<title>Posibles fechas pr\u00f3xima convocatoria oposiciones de justicia turno libre y promoci\u00f3n interna. - Noticas de oposiciones por Academia Emplea-te<\/title>\n<meta name=\"description\" content=\"Fuentes sindicales nos dan una aproximaci\u00f3n de fechas de pr\u00f3xima convocatoria de Justicia (acumulaci\u00f3n ofertas 2017+2018) para el turno libre y promoci\u00f3n interna. Tambi\u00e9n de la toma de posesi\u00f3n de la OEP 2016. Leer informaci\u00f3n sindical.\" \/>\n<meta name=\"robots\" content=\"index, follow, max-snippet:-1, max-image-preview:large, max-video-preview:-1\" \/>\n<link rel=\"canonical\" href=\"https:\/\/www.emplea-te.com\/noticias-oposiciones\/posibles-fechas-proxima-convocatoria-oposiciones-de-justicia-turno-libre-y-promocion-interna\/\" \/>\n<meta property=\"og:locale\" content=\"es_ES\" \/>\n<meta property=\"og:type\" content=\"article\" \/>\n<meta property=\"og:title\" content=\"Posibles fechas pr\u00f3xima convocatoria oposiciones de justicia turno libre y promoci\u00f3n interna. - Noticas de oposiciones por Academia Emplea-te\" \/>\n<meta property=\"og:description\" content=\"Fuentes sindicales nos dan una aproximaci\u00f3n de fechas de pr\u00f3xima convocatoria de Justicia (acumulaci\u00f3n ofertas 2017+2018) para el turno libre y promoci\u00f3n interna. Tambi\u00e9n de la toma de posesi\u00f3n de la OEP 2016. Leer informaci\u00f3n sindical.\" \/>\n<meta property=\"og:url\" content=\"https:\/\/www.emplea-te.com\/noticias-oposiciones\/posibles-fechas-proxima-convocatoria-oposiciones-de-justicia-turno-libre-y-promocion-interna\/\" \/>\n<meta property=\"og:site_name\" content=\"Noticas de oposiciones por Academia Emplea-te\" \/>\n<meta property=\"article:publisher\" content=\"https:\/\/www.facebook.com\/AcademiaEmpleate\/\" \/>\n<meta property=\"article:published_time\" content=\"2018-09-19T22:00:00+00:00\" \/>\n<meta property=\"og:image\" content=\"https:\/\/scontent.fvgo1-1.fna.fbcdn.net\/v\/t1.0-9\/42044707_1888223664598384_3477735234043117568_n.png?_nc_cat=107&amp;oh=9ee192d9ddf96336018638683aa61714&amp;oe=5C2C9661\" \/>\n<meta name=\"author\" content=\"Empleate\" \/>\n<meta name=\"twitter:card\" content=\"summary_large_image\" \/>\n<meta name=\"twitter:creator\" content=\"@Emplea_Te\" \/>\n<meta name=\"twitter:site\" content=\"@Emplea_Te\" \/>\n<meta name=\"twitter:label1\" content=\"Escrito por\" \/>\n\t<meta name=\"twitter:data1\" content=\"Empleate\" \/>\n\t<meta name=\"twitter:label2\" content=\"Tiempo de lectura\" \/>\n\t<meta name=\"twitter:data2\" content=\"1 minuto\" \/>\n<script type=\"application\/ld+json\" class=\"yoast-schema-graph\">{\"@context\":\"https:\\\/\\\/schema.org\",\"@graph\":[{\"@type\":\"Article\",\"@id\":\"https:\\\/\\\/www.emplea-te.com\\\/noticias-oposiciones\\\/posibles-fechas-proxima-convocatoria-oposiciones-de-justicia-turno-libre-y-promocion-interna\\\/#article\",\"isPartOf\":{\"@id\":\"https:\\\/\\\/www.emplea-te.com\\\/noticias-oposiciones\\\/posibles-fechas-proxima-convocatoria-oposiciones-de-justicia-turno-libre-y-promocion-interna\\\/\"},\"author\":{\"name\":\"Empleate\",\"@id\":\"https:\\\/\\\/www.emplea-te.com\\\/noticias-oposiciones\\\/#\\\/schema\\\/person\\\/d1bc587e1af2b95e9c32aba1795509a6\"},\"headline\":\"Posibles fechas pr\u00f3xima convocatoria oposiciones de justicia turno libre y promoci\u00f3n interna.\",\"datePublished\":\"2018-09-19T22:00:00+00:00\",\"mainEntityOfPage\":{\"@id\":\"https:\\\/\\\/www.emplea-te.com\\\/noticias-oposiciones\\\/posibles-fechas-proxima-convocatoria-oposiciones-de-justicia-turno-libre-y-promocion-interna\\\/\"},\"wordCount\":254,\"commentCount\":0,\"publisher\":{\"@id\":\"https:\\\/\\\/www.emplea-te.com\\\/noticias-oposiciones\\\/#organization\"},\"image\":{\"@id\":\"https:\\\/\\\/www.emplea-te.com\\\/noticias-oposiciones\\\/posibles-fechas-proxima-convocatoria-oposiciones-de-justicia-turno-libre-y-promocion-interna\\\/#primaryimage\"},\"thumbnailUrl\":\"https:\\\/\\\/scontent.fvgo1-1.fna.fbcdn.net\\\/v\\\/t1.0-9\\\/42044707_1888223664598384_3477735234043117568_n.png?_nc_cat=107&amp;oh=9ee192d9ddf96336018638683aa61714&amp;oe=5C2C9661\",\"inLanguage\":\"es\",\"potentialAction\":[{\"@type\":\"CommentAction\",\"name\":\"Comment\",\"target\":[\"https:\\\/\\\/www.emplea-te.com\\\/noticias-oposiciones\\\/posibles-fechas-proxima-convocatoria-oposiciones-de-justicia-turno-libre-y-promocion-interna\\\/#respond\"]}]},{\"@type\":\"WebPage\",\"@id\":\"https:\\\/\\\/www.emplea-te.com\\\/noticias-oposiciones\\\/posibles-fechas-proxima-convocatoria-oposiciones-de-justicia-turno-libre-y-promocion-interna\\\/\",\"url\":\"https:\\\/\\\/www.emplea-te.com\\\/noticias-oposiciones\\\/posibles-fechas-proxima-convocatoria-oposiciones-de-justicia-turno-libre-y-promocion-interna\\\/\",\"name\":\"Posibles fechas pr\u00f3xima convocatoria oposiciones de justicia turno libre y promoci\u00f3n interna. - Noticas de oposiciones por Academia Emplea-te\",\"isPartOf\":{\"@id\":\"https:\\\/\\\/www.emplea-te.com\\\/noticias-oposiciones\\\/#website\"},\"primaryImageOfPage\":{\"@id\":\"https:\\\/\\\/www.emplea-te.com\\\/noticias-oposiciones\\\/posibles-fechas-proxima-convocatoria-oposiciones-de-justicia-turno-libre-y-promocion-interna\\\/#primaryimage\"},\"image\":{\"@id\":\"https:\\\/\\\/www.emplea-te.com\\\/noticias-oposiciones\\\/posibles-fechas-proxima-convocatoria-oposiciones-de-justicia-turno-libre-y-promocion-interna\\\/#primaryimage\"},\"thumbnailUrl\":\"https:\\\/\\\/scontent.fvgo1-1.fna.fbcdn.net\\\/v\\\/t1.0-9\\\/42044707_1888223664598384_3477735234043117568_n.png?_nc_cat=107&amp;oh=9ee192d9ddf96336018638683aa61714&amp;oe=5C2C9661\",\"datePublished\":\"2018-09-19T22:00:00+00:00\",\"description\":\"Fuentes sindicales nos dan una aproximaci\u00f3n de fechas de pr\u00f3xima convocatoria de Justicia (acumulaci\u00f3n ofertas 2017+2018) para el turno libre y promoci\u00f3n interna. Tambi\u00e9n de la toma de posesi\u00f3n de la OEP 2016. Leer informaci\u00f3n sindical.\",\"breadcrumb\":{\"@id\":\"https:\\\/\\\/www.emplea-te.com\\\/noticias-oposiciones\\\/posibles-fechas-proxima-convocatoria-oposiciones-de-justicia-turno-libre-y-promocion-interna\\\/#breadcrumb\"},\"inLanguage\":\"es\",\"potentialAction\":[{\"@type\":\"ReadAction\",\"target\":[\"https:\\\/\\\/www.emplea-te.com\\\/noticias-oposiciones\\\/posibles-fechas-proxima-convocatoria-oposiciones-de-justicia-turno-libre-y-promocion-interna\\\/\"]}]},{\"@type\":\"ImageObject\",\"inLanguage\":\"es\",\"@id\":\"https:\\\/\\\/www.emplea-te.com\\\/noticias-oposiciones\\\/posibles-fechas-proxima-convocatoria-oposiciones-de-justicia-turno-libre-y-promocion-interna\\\/#primaryimage\",\"url\":\"https:\\\/\\\/scontent.fvgo1-1.fna.fbcdn.net\\\/v\\\/t1.0-9\\\/42044707_1888223664598384_3477735234043117568_n.png?_nc_cat=107&amp;oh=9ee192d9ddf96336018638683aa61714&amp;oe=5C2C9661\",\"contentUrl\":\"https:\\\/\\\/scontent.fvgo1-1.fna.fbcdn.net\\\/v\\\/t1.0-9\\\/42044707_1888223664598384_3477735234043117568_n.png?_nc_cat=107&amp;oh=9ee192d9ddf96336018638683aa61714&amp;oe=5C2C9661\"},{\"@type\":\"BreadcrumbList\",\"@id\":\"https:\\\/\\\/www.emplea-te.com\\\/noticias-oposiciones\\\/posibles-fechas-proxima-convocatoria-oposiciones-de-justicia-turno-libre-y-promocion-interna\\\/#breadcrumb\",\"itemListElement\":[{\"@type\":\"ListItem\",\"position\":1,\"name\":\"Noticias Oposiciones\",\"item\":\"https:\\\/\\\/www.emplea-te.com\\\/noticias-oposiciones\\\/\"},{\"@type\":\"ListItem\",\"position\":2,\"name\":\"Posibles fechas pr\u00f3xima convocatoria oposiciones de justicia turno libre y promoci\u00f3n interna.\"}]},{\"@type\":\"WebSite\",\"@id\":\"https:\\\/\\\/www.emplea-te.com\\\/noticias-oposiciones\\\/#website\",\"url\":\"https:\\\/\\\/www.emplea-te.com\\\/noticias-oposiciones\\\/\",\"name\":\"Noticas de oposiciones por Academia Emplea-te\",\"description\":\"Toda la actualidad de las ofertas y convocatorias.\",\"publisher\":{\"@id\":\"https:\\\/\\\/www.emplea-te.com\\\/noticias-oposiciones\\\/#organization\"},\"potentialAction\":[{\"@type\":\"SearchAction\",\"target\":{\"@type\":\"EntryPoint\",\"urlTemplate\":\"https:\\\/\\\/www.emplea-te.com\\\/noticias-oposiciones\\\/?s={search_term_string}\"},\"query-input\":{\"@type\":\"PropertyValueSpecification\",\"valueRequired\":true,\"valueName\":\"search_term_string\"}}],\"inLanguage\":\"es\"},{\"@type\":\"Organization\",\"@id\":\"https:\\\/\\\/www.emplea-te.com\\\/noticias-oposiciones\\\/#organization\",\"name\":\"Academia de oposiciones Empl\u00e9ate\",\"url\":\"https:\\\/\\\/www.emplea-te.com\\\/noticias-oposiciones\\\/\",\"logo\":{\"@type\":\"ImageObject\",\"inLanguage\":\"es\",\"@id\":\"https:\\\/\\\/www.emplea-te.com\\\/noticias-oposiciones\\\/#\\\/schema\\\/logo\\\/image\\\/\",\"url\":\"https:\\\/\\\/www.emplea-te.com\\\/noticias-oposiciones\\\/wp-content\\\/uploads\\\/2019\\\/04\\\/empleate.jpg\",\"contentUrl\":\"https:\\\/\\\/www.emplea-te.com\\\/noticias-oposiciones\\\/wp-content\\\/uploads\\\/2019\\\/04\\\/empleate.jpg\",\"width\":250,\"height\":150,\"caption\":\"Academia de oposiciones Empl\u00e9ate\"},\"image\":{\"@id\":\"https:\\\/\\\/www.emplea-te.com\\\/noticias-oposiciones\\\/#\\\/schema\\\/logo\\\/image\\\/\"},\"sameAs\":[\"https:\\\/\\\/www.facebook.com\\\/AcademiaEmpleate\\\/\",\"https:\\\/\\\/x.com\\\/Emplea_Te\",\"https:\\\/\\\/www.instagram.com\\\/academia_empleate\\\/\"]},{\"@type\":\"Person\",\"@id\":\"https:\\\/\\\/www.emplea-te.com\\\/noticias-oposiciones\\\/#\\\/schema\\\/person\\\/d1bc587e1af2b95e9c32aba1795509a6\",\"name\":\"Empleate\"}]}<\/script>\n<!-- \/ Yoast SEO plugin. -->","yoast_head_json":{"title":"Posibles fechas pr\u00f3xima convocatoria oposiciones de justicia turno libre y promoci\u00f3n interna. - Noticas de oposiciones por Academia Emplea-te","description":"Fuentes sindicales nos dan una aproximaci\u00f3n de fechas de pr\u00f3xima convocatoria de Justicia (acumulaci\u00f3n ofertas 2017+2018) para el turno libre y promoci\u00f3n interna. Tambi\u00e9n de la toma de posesi\u00f3n de la OEP 2016. Leer informaci\u00f3n sindical.","robots":{"index":"index","follow":"follow","max-snippet":"max-snippet:-1","max-image-preview":"max-image-preview:large","max-video-preview":"max-video-preview:-1"},"canonical":"https:\/\/www.emplea-te.com\/noticias-oposiciones\/posibles-fechas-proxima-convocatoria-oposiciones-de-justicia-turno-libre-y-promocion-interna\/","og_locale":"es_ES","og_type":"article","og_title":"Posibles fechas pr\u00f3xima convocatoria oposiciones de justicia turno libre y promoci\u00f3n interna. - Noticas de oposiciones por Academia Emplea-te","og_description":"Fuentes sindicales nos dan una aproximaci\u00f3n de fechas de pr\u00f3xima convocatoria de Justicia (acumulaci\u00f3n ofertas 2017+2018) para el turno libre y promoci\u00f3n interna. Tambi\u00e9n de la toma de posesi\u00f3n de la OEP 2016. Leer informaci\u00f3n sindical.","og_url":"https:\/\/www.emplea-te.com\/noticias-oposiciones\/posibles-fechas-proxima-convocatoria-oposiciones-de-justicia-turno-libre-y-promocion-interna\/","og_site_name":"Noticas de oposiciones por Academia Emplea-te","article_publisher":"https:\/\/www.facebook.com\/AcademiaEmpleate\/","article_published_time":"2018-09-19T22:00:00+00:00","og_image":[{"url":"https:\/\/scontent.fvgo1-1.fna.fbcdn.net\/v\/t1.0-9\/42044707_1888223664598384_3477735234043117568_n.png?_nc_cat=107&amp;oh=9ee192d9ddf96336018638683aa61714&amp;oe=5C2C9661","type":"","width":"","height":""}],"author":"Empleate","twitter_card":"summary_large_image","twitter_creator":"@Emplea_Te","twitter_site":"@Emplea_Te","twitter_misc":{"Escrito por":"Empleate","Tiempo de lectura":"1 minuto"},"schema":{"@context":"https:\/\/schema.org","@graph":[{"@type":"Article","@id":"https:\/\/www.emplea-te.com\/noticias-oposiciones\/posibles-fechas-proxima-convocatoria-oposiciones-de-justicia-turno-libre-y-promocion-interna\/#article","isPartOf":{"@id":"https:\/\/www.emplea-te.com\/noticias-oposiciones\/posibles-fechas-proxima-convocatoria-oposiciones-de-justicia-turno-libre-y-promocion-interna\/"},"author":{"name":"Empleate","@id":"https:\/\/www.emplea-te.com\/noticias-oposiciones\/#\/schema\/person\/d1bc587e1af2b95e9c32aba1795509a6"},"headline":"Posibles fechas pr\u00f3xima convocatoria oposiciones de justicia turno libre y promoci\u00f3n interna.","datePublished":"2018-09-19T22:00:00+00:00","mainEntityOfPage":{"@id":"https:\/\/www.emplea-te.com\/noticias-oposiciones\/posibles-fechas-proxima-convocatoria-oposiciones-de-justicia-turno-libre-y-promocion-interna\/"},"wordCount":254,"commentCount":0,"publisher":{"@id":"https:\/\/www.emplea-te.com\/noticias-oposiciones\/#organization"},"image":{"@id":"https:\/\/www.emplea-te.com\/noticias-oposiciones\/posibles-fechas-proxima-convocatoria-oposiciones-de-justicia-turno-libre-y-promocion-interna\/#primaryimage"},"thumbnailUrl":"https:\/\/scontent.fvgo1-1.fna.fbcdn.net\/v\/t1.0-9\/42044707_1888223664598384_3477735234043117568_n.png?_nc_cat=107&amp;oh=9ee192d9ddf96336018638683aa61714&amp;oe=5C2C9661","inLanguage":"es","potentialAction":[{"@type":"CommentAction","name":"Comment","target":["https:\/\/www.emplea-te.com\/noticias-oposiciones\/posibles-fechas-proxima-convocatoria-oposiciones-de-justicia-turno-libre-y-promocion-interna\/#respond"]}]},{"@type":"WebPage","@id":"https:\/\/www.emplea-te.com\/noticias-oposiciones\/posibles-fechas-proxima-convocatoria-oposiciones-de-justicia-turno-libre-y-promocion-interna\/","url":"https:\/\/www.emplea-te.com\/noticias-oposiciones\/posibles-fechas-proxima-convocatoria-oposiciones-de-justicia-turno-libre-y-promocion-interna\/","name":"Posibles fechas pr\u00f3xima convocatoria oposiciones de justicia turno libre y promoci\u00f3n interna. - Noticas de oposiciones por Academia Emplea-te","isPartOf":{"@id":"https:\/\/www.emplea-te.com\/noticias-oposiciones\/#website"},"primaryImageOfPage":{"@id":"https:\/\/www.emplea-te.com\/noticias-oposiciones\/posibles-fechas-proxima-convocatoria-oposiciones-de-justicia-turno-libre-y-promocion-interna\/#primaryimage"},"image":{"@id":"https:\/\/www.emplea-te.com\/noticias-oposiciones\/posibles-fechas-proxima-convocatoria-oposiciones-de-justicia-turno-libre-y-promocion-interna\/#primaryimage"},"thumbnailUrl":"https:\/\/scontent.fvgo1-1.fna.fbcdn.net\/v\/t1.0-9\/42044707_1888223664598384_3477735234043117568_n.png?_nc_cat=107&amp;oh=9ee192d9ddf96336018638683aa61714&amp;oe=5C2C9661","datePublished":"2018-09-19T22:00:00+00:00","description":"Fuentes sindicales nos dan una aproximaci\u00f3n de fechas de pr\u00f3xima convocatoria de Justicia (acumulaci\u00f3n ofertas 2017+2018) para el turno libre y promoci\u00f3n interna. Tambi\u00e9n de la toma de posesi\u00f3n de la OEP 2016. Leer informaci\u00f3n sindical.","breadcrumb":{"@id":"https:\/\/www.emplea-te.com\/noticias-oposiciones\/posibles-fechas-proxima-convocatoria-oposiciones-de-justicia-turno-libre-y-promocion-interna\/#breadcrumb"},"inLanguage":"es","potentialAction":[{"@type":"ReadAction","target":["https:\/\/www.emplea-te.com\/noticias-oposiciones\/posibles-fechas-proxima-convocatoria-oposiciones-de-justicia-turno-libre-y-promocion-interna\/"]}]},{"@type":"ImageObject","inLanguage":"es","@id":"https:\/\/www.emplea-te.com\/noticias-oposiciones\/posibles-fechas-proxima-convocatoria-oposiciones-de-justicia-turno-libre-y-promocion-interna\/#primaryimage","url":"https:\/\/scontent.fvgo1-1.fna.fbcdn.net\/v\/t1.0-9\/42044707_1888223664598384_3477735234043117568_n.png?_nc_cat=107&amp;oh=9ee192d9ddf96336018638683aa61714&amp;oe=5C2C9661","contentUrl":"https:\/\/scontent.fvgo1-1.fna.fbcdn.net\/v\/t1.0-9\/42044707_1888223664598384_3477735234043117568_n.png?_nc_cat=107&amp;oh=9ee192d9ddf96336018638683aa61714&amp;oe=5C2C9661"},{"@type":"BreadcrumbList","@id":"https:\/\/www.emplea-te.com\/noticias-oposiciones\/posibles-fechas-proxima-convocatoria-oposiciones-de-justicia-turno-libre-y-promocion-interna\/#breadcrumb","itemListElement":[{"@type":"ListItem","position":1,"name":"Noticias Oposiciones","item":"https:\/\/www.emplea-te.com\/noticias-oposiciones\/"},{"@type":"ListItem","position":2,"name":"Posibles fechas pr\u00f3xima convocatoria oposiciones de justicia turno libre y promoci\u00f3n interna."}]},{"@type":"WebSite","@id":"https:\/\/www.emplea-te.com\/noticias-oposiciones\/#website","url":"https:\/\/www.emplea-te.com\/noticias-oposiciones\/","name":"Noticas de oposiciones por Academia Emplea-te","description":"Toda la actualidad de las ofertas y convocatorias.","publisher":{"@id":"https:\/\/www.emplea-te.com\/noticias-oposiciones\/#organization"},"potentialAction":[{"@type":"SearchAction","target":{"@type":"EntryPoint","urlTemplate":"https:\/\/www.emplea-te.com\/noticias-oposiciones\/?s={search_term_string}"},"query-input":{"@type":"PropertyValueSpecification","valueRequired":true,"valueName":"search_term_string"}}],"inLanguage":"es"},{"@type":"Organization","@id":"https:\/\/www.emplea-te.com\/noticias-oposiciones\/#organization","name":"Academia de oposiciones Empl\u00e9ate","url":"https:\/\/www.emplea-te.com\/noticias-oposiciones\/","logo":{"@type":"ImageObject","inLanguage":"es","@id":"https:\/\/www.emplea-te.com\/noticias-oposiciones\/#\/schema\/logo\/image\/","url":"https:\/\/www.emplea-te.com\/noticias-oposiciones\/wp-content\/uploads\/2019\/04\/empleate.jpg","contentUrl":"https:\/\/www.emplea-te.com\/noticias-oposiciones\/wp-content\/uploads\/2019\/04\/empleate.jpg","width":250,"height":150,"caption":"Academia de oposiciones Empl\u00e9ate"},"image":{"@id":"https:\/\/www.emplea-te.com\/noticias-oposiciones\/#\/schema\/logo\/image\/"},"sameAs":["https:\/\/www.facebook.com\/AcademiaEmpleate\/","https:\/\/x.com\/Emplea_Te","https:\/\/www.instagram.com\/academia_empleate\/"]},{"@type":"Person","@id":"https:\/\/www.emplea-te.com\/noticias-oposiciones\/#\/schema\/person\/d1bc587e1af2b95e9c32aba1795509a6","name":"Empleate"}]}},"_links":{"self":[{"href":"https:\/\/www.emplea-te.com\/noticias-oposiciones\/wp-json\/wp\/v2\/posts\/1232","targetHints":{"allow":["GET"]}}],"collection":[{"href":"https:\/\/www.emplea-te.com\/noticias-oposiciones\/wp-json\/wp\/v2\/posts"}],"about":[{"href":"https:\/\/www.emplea-te.com\/noticias-oposiciones\/wp-json\/wp\/v2\/types\/post"}],"author":[{"embeddable":true,"href":"https:\/\/www.emplea-te.com\/noticias-oposiciones\/wp-json\/wp\/v2\/users\/1"}],"replies":[{"embeddable":true,"href":"https:\/\/www.emplea-te.com\/noticias-oposiciones\/wp-json\/wp\/v2\/comments?post=1232"}],"version-history":[{"count":0,"href":"https:\/\/www.emplea-te.com\/noticias-oposiciones\/wp-json\/wp\/v2\/posts\/1232\/revisions"}],"wp:attachment":[{"href":"https:\/\/www.emplea-te.com\/noticias-oposiciones\/wp-json\/wp\/v2\/media?parent=1232"}],"wp:term":[{"taxonomy":"category","embeddable":true,"href":"https:\/\/www.emplea-te.com\/noticias-oposiciones\/wp-json\/wp\/v2\/categories?post=1232"},{"taxonomy":"post_tag","embeddable":true,"href":"https:\/\/www.emplea-te.com\/noticias-oposiciones\/wp-json\/wp\/v2\/tags?post=1232"}],"curies":[{"name":"wp","href":"https:\/\/api.w.org\/{rel}","templated":true}]}}