{"id":1234,"date":"2018-09-21T00:00:00","date_gmt":"2018-09-20T22:00:00","guid":{"rendered":"https:\/\/www.emplea-te.com\/noticias-oposiciones\/listado-provisional-de-admitidos-y-excluidos-en-proceso-selectivo-para-el-ingreso-en-distintos-cuerpos-de-la-xunta-de-galicia\/"},"modified":"2018-09-21T00:00:00","modified_gmt":"2018-09-20T22:00:00","slug":"listado-provisional-de-admitidos-y-excluidos-en-proceso-selectivo-para-el-ingreso-en-distintos-cuerpos-de-la-xunta-de-galicia","status":"publish","type":"post","link":"https:\/\/www.emplea-te.com\/noticias-oposiciones\/listado-provisional-de-admitidos-y-excluidos-en-proceso-selectivo-para-el-ingreso-en-distintos-cuerpos-de-la-xunta-de-galicia\/","title":{"rendered":"Listado provisional de admitidos y excluidos en proceso selectivo para el ingreso en distintos Cuerpos de la Xunta de Galicia. <br>"},"content":{"rendered":"<p>Hoy d\u00eda 21 de Septiembre se ha publicado en el DOG los listados provisionales de personas admitidas y excluidas en el proceso selectivo para el ingreso en distintos Cuerpos de la Xunta de Galicia.<\/p>\n<p><\/p>\n<p><a href=\"https:\/\/www.xunta.gal\/dog\/Publicados\/2018\/20180921\/AnuncioCA01-060918-0005_es.html\" target=\"_blank\" rel=\"nofollow noopener noreferrer\"><span class=\"wysiwyg-color-green\">RESOLUCI\ufffdN de 14 de septiembre de 2018, de la Direcci\u00f3n General de la Funci\u00f3n P\u00fablica, por la que se aprueban y se hacen p\u00fablicos los listados provisionales de personas admitidas y excluidas al proceso selectivo para el ingreso por el turno de acceso libre en la <b>categor\u00eda 001 (camarero\/a-limpiador\/a\/\/ayudante\/a cocina)<\/b> del grupo V de personal laboral fijo de la Xunta de Galicia.<\/span><\/a><\/p>\n<p><a href=\"\"https:\/\/www.xunta.gal\/dog\/Publicados\/2018\/20180921\/AnuncioCA01-060918-0012_es.html\"\" target=\"\"_blank\"\" rel=\"noopener noreferrer\"nofollow\"\"><span class=\"\"wysiwyg-color-green\"\">RESOLUCI\ufffd\u00bbN de 14 de septiembre de 2018, de la Direcci\u00f3n General de la Funci\u00f3n P\u00fablica, por la que se aprueban y se hacen p\u00fablicos los listados provisionales de personas admitidas y excluidas al proceso selectivo para el ingreso en el<b> cuerpo superior de la Administraci\u00f3n general de la Comunidad Aut\u00f3noma de Galicia, subgrupo A1.<\/b><\/span><\/a><\/p>\n<p><a href=\"\"https:\/\/www.xunta.gal\/dog\/Publicados\/2018\/20180921\/AnuncioCA01-060918-0013_es.html\"\" target=\"\"_blank\"\" rel=\"noopener noreferrer\"nofollow\"\"><span class=\"\"wysiwyg-color-green\"\">RESOLUCI\ufffd\u00bbN de 14 de septiembre de 2018, de la Direcci\u00f3n General de la Funci\u00f3n P\u00fablica, por la que se aprueban y se hacen p\u00fablicos los listados provisionales de personas admitidas y excluidas al proceso selectivo para el ingreso en el <b>cuerpo de gesti\u00f3n de la Administraci\u00f3n general de la Comunidad Aut\u00f3noma de Galicia, subgrupo A2.<\/b><\/span><\/a><\/p>\n<p><a href=\"\"https:\/\/www.xunta.gal\/dog\/Publicados\/2018\/20180921\/AnuncioCA01-060918-0014_es.html\"\" target=\"\"_blank\"\" rel=\"noopener noreferrer\"nofollow\"\"><span class=\"\"wysiwyg-color-green\"\">RESOLUCI\ufffd\u00bbN de 14 de septiembre de 2018, de la Direcci\u00f3n General de la Funci\u00f3n P\u00fablica, por la que se aprueban y se hacen p\u00fablicos los listados provisionales de personas admitidas y excluidas al proceso selectivo para el ingreso en el<b> cuerpo auxiliar de la Administraci\u00f3n general de la Comunidad Aut\u00f3noma de Galicia, subgrupo C2.<\/b><\/span><\/a><\/p>\n<p><\/p>\n<p><a href=\"\"https:\/\/www.emplea-te.com\/1\/oposiciones-de-administrativo-y-auxiliar-administrativo\"\" target=\"\"_blank\"\" rel=\"noopener noreferrer\"nofollow\"\"><span class=\"\"wysiwyg-color-green\"\">Accede a la informaci\u00f3n de nuestros cursos presenciales para preparar las oposiciones a distintos Cuerpos de la Xunta de Galicia<\/span><\/a><\/p>\n<p>\u00ab<\/p>\n","protected":false},"excerpt":{"rendered":"<p>Hoy d\u00eda 21 de Septiembre se ha publicado en el DOG los listados provisionales de personas admitidas y excluidas en el proceso selectivo para el ingreso en distintos Cuerpos de la Xunta de Galicia. RESOLUCI\ufffdN de 14 de septiembre de 2018, de la Direcci\u00f3n General de la Funci\u00f3n P\u00fablica, por la que se aprueban y &hellip; <a href=\"https:\/\/www.emplea-te.com\/noticias-oposiciones\/listado-provisional-de-admitidos-y-excluidos-en-proceso-selectivo-para-el-ingreso-en-distintos-cuerpos-de-la-xunta-de-galicia\/\" class=\"more-link\">Continuar leyendo<span class=\"screen-reader-text\"> \u00abListado provisional de admitidos y excluidos en proceso selectivo para el ingreso en distintos Cuerpos de la Xunta de Galicia. <br \/>\u00ab<\/span><\/a><\/p>\n","protected":false},"author":1,"featured_media":0,"comment_status":"open","ping_status":"open","sticky":false,"template":"","format":"standard","meta":{"footnotes":""},"categories":[],"tags":[],"class_list":["post-1234","post","type-post","status-publish","format-standard","hentry"],"yoast_head":"<!-- This site is optimized with the Yoast SEO plugin v27.3 - https:\/\/yoast.com\/product\/yoast-seo-wordpress\/ -->\n<title>Listado provisional de admitidos y excluidos en proceso selectivo para el ingreso en distintos Cuerpos de la Xunta de Galicia.  - Noticas de oposiciones por Academia Emplea-te<\/title>\n<meta name=\"description\" content=\"Hoy d\u00eda 21 de Septiembre se ha publicado en el DOG los listados provisionales de personas admitidas y excluidas en el proceso selectivo para el ingreso en distintos Cuerpos de la Xunta de Galicia. Enlace resoluciones.\" \/>\n<meta name=\"robots\" content=\"index, follow, max-snippet:-1, max-image-preview:large, max-video-preview:-1\" \/>\n<link rel=\"canonical\" href=\"https:\/\/www.emplea-te.com\/noticias-oposiciones\/listado-provisional-de-admitidos-y-excluidos-en-proceso-selectivo-para-el-ingreso-en-distintos-cuerpos-de-la-xunta-de-galicia\/\" \/>\n<meta property=\"og:locale\" content=\"es_ES\" \/>\n<meta property=\"og:type\" content=\"article\" \/>\n<meta property=\"og:title\" content=\"Listado provisional de admitidos y excluidos en proceso selectivo para el ingreso en distintos Cuerpos de la Xunta de Galicia.  - Noticas de oposiciones por Academia Emplea-te\" \/>\n<meta property=\"og:description\" content=\"Hoy d\u00eda 21 de Septiembre se ha publicado en el DOG los listados provisionales de personas admitidas y excluidas en el proceso selectivo para el ingreso en distintos Cuerpos de la Xunta de Galicia. Enlace resoluciones.\" \/>\n<meta property=\"og:url\" content=\"https:\/\/www.emplea-te.com\/noticias-oposiciones\/listado-provisional-de-admitidos-y-excluidos-en-proceso-selectivo-para-el-ingreso-en-distintos-cuerpos-de-la-xunta-de-galicia\/\" \/>\n<meta property=\"og:site_name\" content=\"Noticas de oposiciones por Academia Emplea-te\" \/>\n<meta property=\"article:publisher\" content=\"https:\/\/www.facebook.com\/AcademiaEmpleate\/\" \/>\n<meta property=\"article:published_time\" content=\"2018-09-20T22:00:00+00:00\" \/>\n<meta name=\"author\" content=\"Empleate\" \/>\n<meta name=\"twitter:card\" content=\"summary_large_image\" \/>\n<meta name=\"twitter:creator\" content=\"@Emplea_Te\" \/>\n<meta name=\"twitter:site\" content=\"@Emplea_Te\" \/>\n<meta name=\"twitter:label1\" content=\"Escrito por\" \/>\n\t<meta name=\"twitter:data1\" content=\"Empleate\" \/>\n\t<meta name=\"twitter:label2\" content=\"Tiempo de lectura\" \/>\n\t<meta name=\"twitter:data2\" content=\"2 minutos\" \/>\n<script type=\"application\/ld+json\" class=\"yoast-schema-graph\">{\"@context\":\"https:\\\/\\\/schema.org\",\"@graph\":[{\"@type\":\"Article\",\"@id\":\"https:\\\/\\\/www.emplea-te.com\\\/noticias-oposiciones\\\/listado-provisional-de-admitidos-y-excluidos-en-proceso-selectivo-para-el-ingreso-en-distintos-cuerpos-de-la-xunta-de-galicia\\\/#article\",\"isPartOf\":{\"@id\":\"https:\\\/\\\/www.emplea-te.com\\\/noticias-oposiciones\\\/listado-provisional-de-admitidos-y-excluidos-en-proceso-selectivo-para-el-ingreso-en-distintos-cuerpos-de-la-xunta-de-galicia\\\/\"},\"author\":{\"name\":\"Empleate\",\"@id\":\"https:\\\/\\\/www.emplea-te.com\\\/noticias-oposiciones\\\/#\\\/schema\\\/person\\\/d1bc587e1af2b95e9c32aba1795509a6\"},\"headline\":\"Listado provisional de admitidos y excluidos en proceso selectivo para el ingreso en distintos Cuerpos de la Xunta de Galicia.\",\"datePublished\":\"2018-09-20T22:00:00+00:00\",\"mainEntityOfPage\":{\"@id\":\"https:\\\/\\\/www.emplea-te.com\\\/noticias-oposiciones\\\/listado-provisional-de-admitidos-y-excluidos-en-proceso-selectivo-para-el-ingreso-en-distintos-cuerpos-de-la-xunta-de-galicia\\\/\"},\"wordCount\":323,\"commentCount\":0,\"publisher\":{\"@id\":\"https:\\\/\\\/www.emplea-te.com\\\/noticias-oposiciones\\\/#organization\"},\"inLanguage\":\"es\",\"potentialAction\":[{\"@type\":\"CommentAction\",\"name\":\"Comment\",\"target\":[\"https:\\\/\\\/www.emplea-te.com\\\/noticias-oposiciones\\\/listado-provisional-de-admitidos-y-excluidos-en-proceso-selectivo-para-el-ingreso-en-distintos-cuerpos-de-la-xunta-de-galicia\\\/#respond\"]}]},{\"@type\":\"WebPage\",\"@id\":\"https:\\\/\\\/www.emplea-te.com\\\/noticias-oposiciones\\\/listado-provisional-de-admitidos-y-excluidos-en-proceso-selectivo-para-el-ingreso-en-distintos-cuerpos-de-la-xunta-de-galicia\\\/\",\"url\":\"https:\\\/\\\/www.emplea-te.com\\\/noticias-oposiciones\\\/listado-provisional-de-admitidos-y-excluidos-en-proceso-selectivo-para-el-ingreso-en-distintos-cuerpos-de-la-xunta-de-galicia\\\/\",\"name\":\"Listado provisional de admitidos y excluidos en proceso selectivo para el ingreso en distintos Cuerpos de la Xunta de Galicia. - Noticas de oposiciones por Academia Emplea-te\",\"isPartOf\":{\"@id\":\"https:\\\/\\\/www.emplea-te.com\\\/noticias-oposiciones\\\/#website\"},\"datePublished\":\"2018-09-20T22:00:00+00:00\",\"description\":\"Hoy d\u00eda 21 de Septiembre se ha publicado en el DOG los listados provisionales de personas admitidas y excluidas en el proceso selectivo para el ingreso en distintos Cuerpos de la Xunta de Galicia. Enlace resoluciones.\",\"breadcrumb\":{\"@id\":\"https:\\\/\\\/www.emplea-te.com\\\/noticias-oposiciones\\\/listado-provisional-de-admitidos-y-excluidos-en-proceso-selectivo-para-el-ingreso-en-distintos-cuerpos-de-la-xunta-de-galicia\\\/#breadcrumb\"},\"inLanguage\":\"es\",\"potentialAction\":[{\"@type\":\"ReadAction\",\"target\":[\"https:\\\/\\\/www.emplea-te.com\\\/noticias-oposiciones\\\/listado-provisional-de-admitidos-y-excluidos-en-proceso-selectivo-para-el-ingreso-en-distintos-cuerpos-de-la-xunta-de-galicia\\\/\"]}]},{\"@type\":\"BreadcrumbList\",\"@id\":\"https:\\\/\\\/www.emplea-te.com\\\/noticias-oposiciones\\\/listado-provisional-de-admitidos-y-excluidos-en-proceso-selectivo-para-el-ingreso-en-distintos-cuerpos-de-la-xunta-de-galicia\\\/#breadcrumb\",\"itemListElement\":[{\"@type\":\"ListItem\",\"position\":1,\"name\":\"Noticias Oposiciones\",\"item\":\"https:\\\/\\\/www.emplea-te.com\\\/noticias-oposiciones\\\/\"},{\"@type\":\"ListItem\",\"position\":2,\"name\":\"Listado provisional de admitidos y excluidos en proceso selectivo para el ingreso en distintos Cuerpos de la Xunta de Galicia.\"}]},{\"@type\":\"WebSite\",\"@id\":\"https:\\\/\\\/www.emplea-te.com\\\/noticias-oposiciones\\\/#website\",\"url\":\"https:\\\/\\\/www.emplea-te.com\\\/noticias-oposiciones\\\/\",\"name\":\"Noticas de oposiciones por Academia Emplea-te\",\"description\":\"Toda la actualidad de las ofertas y convocatorias.\",\"publisher\":{\"@id\":\"https:\\\/\\\/www.emplea-te.com\\\/noticias-oposiciones\\\/#organization\"},\"potentialAction\":[{\"@type\":\"SearchAction\",\"target\":{\"@type\":\"EntryPoint\",\"urlTemplate\":\"https:\\\/\\\/www.emplea-te.com\\\/noticias-oposiciones\\\/?s={search_term_string}\"},\"query-input\":{\"@type\":\"PropertyValueSpecification\",\"valueRequired\":true,\"valueName\":\"search_term_string\"}}],\"inLanguage\":\"es\"},{\"@type\":\"Organization\",\"@id\":\"https:\\\/\\\/www.emplea-te.com\\\/noticias-oposiciones\\\/#organization\",\"name\":\"Academia de oposiciones Empl\u00e9ate\",\"url\":\"https:\\\/\\\/www.emplea-te.com\\\/noticias-oposiciones\\\/\",\"logo\":{\"@type\":\"ImageObject\",\"inLanguage\":\"es\",\"@id\":\"https:\\\/\\\/www.emplea-te.com\\\/noticias-oposiciones\\\/#\\\/schema\\\/logo\\\/image\\\/\",\"url\":\"https:\\\/\\\/www.emplea-te.com\\\/noticias-oposiciones\\\/wp-content\\\/uploads\\\/2019\\\/04\\\/empleate.jpg\",\"contentUrl\":\"https:\\\/\\\/www.emplea-te.com\\\/noticias-oposiciones\\\/wp-content\\\/uploads\\\/2019\\\/04\\\/empleate.jpg\",\"width\":250,\"height\":150,\"caption\":\"Academia de oposiciones Empl\u00e9ate\"},\"image\":{\"@id\":\"https:\\\/\\\/www.emplea-te.com\\\/noticias-oposiciones\\\/#\\\/schema\\\/logo\\\/image\\\/\"},\"sameAs\":[\"https:\\\/\\\/www.facebook.com\\\/AcademiaEmpleate\\\/\",\"https:\\\/\\\/x.com\\\/Emplea_Te\",\"https:\\\/\\\/www.instagram.com\\\/academia_empleate\\\/\"]},{\"@type\":\"Person\",\"@id\":\"https:\\\/\\\/www.emplea-te.com\\\/noticias-oposiciones\\\/#\\\/schema\\\/person\\\/d1bc587e1af2b95e9c32aba1795509a6\",\"name\":\"Empleate\"}]}<\/script>\n<!-- \/ Yoast SEO plugin. -->","yoast_head_json":{"title":"Listado provisional de admitidos y excluidos en proceso selectivo para el ingreso en distintos Cuerpos de la Xunta de Galicia.  - Noticas de oposiciones por Academia Emplea-te","description":"Hoy d\u00eda 21 de Septiembre se ha publicado en el DOG los listados provisionales de personas admitidas y excluidas en el proceso selectivo para el ingreso en distintos Cuerpos de la Xunta de Galicia. Enlace resoluciones.","robots":{"index":"index","follow":"follow","max-snippet":"max-snippet:-1","max-image-preview":"max-image-preview:large","max-video-preview":"max-video-preview:-1"},"canonical":"https:\/\/www.emplea-te.com\/noticias-oposiciones\/listado-provisional-de-admitidos-y-excluidos-en-proceso-selectivo-para-el-ingreso-en-distintos-cuerpos-de-la-xunta-de-galicia\/","og_locale":"es_ES","og_type":"article","og_title":"Listado provisional de admitidos y excluidos en proceso selectivo para el ingreso en distintos Cuerpos de la Xunta de Galicia.  - Noticas de oposiciones por Academia Emplea-te","og_description":"Hoy d\u00eda 21 de Septiembre se ha publicado en el DOG los listados provisionales de personas admitidas y excluidas en el proceso selectivo para el ingreso en distintos Cuerpos de la Xunta de Galicia. Enlace resoluciones.","og_url":"https:\/\/www.emplea-te.com\/noticias-oposiciones\/listado-provisional-de-admitidos-y-excluidos-en-proceso-selectivo-para-el-ingreso-en-distintos-cuerpos-de-la-xunta-de-galicia\/","og_site_name":"Noticas de oposiciones por Academia Emplea-te","article_publisher":"https:\/\/www.facebook.com\/AcademiaEmpleate\/","article_published_time":"2018-09-20T22:00:00+00:00","author":"Empleate","twitter_card":"summary_large_image","twitter_creator":"@Emplea_Te","twitter_site":"@Emplea_Te","twitter_misc":{"Escrito por":"Empleate","Tiempo de lectura":"2 minutos"},"schema":{"@context":"https:\/\/schema.org","@graph":[{"@type":"Article","@id":"https:\/\/www.emplea-te.com\/noticias-oposiciones\/listado-provisional-de-admitidos-y-excluidos-en-proceso-selectivo-para-el-ingreso-en-distintos-cuerpos-de-la-xunta-de-galicia\/#article","isPartOf":{"@id":"https:\/\/www.emplea-te.com\/noticias-oposiciones\/listado-provisional-de-admitidos-y-excluidos-en-proceso-selectivo-para-el-ingreso-en-distintos-cuerpos-de-la-xunta-de-galicia\/"},"author":{"name":"Empleate","@id":"https:\/\/www.emplea-te.com\/noticias-oposiciones\/#\/schema\/person\/d1bc587e1af2b95e9c32aba1795509a6"},"headline":"Listado provisional de admitidos y excluidos en proceso selectivo para el ingreso en distintos Cuerpos de la Xunta de Galicia.","datePublished":"2018-09-20T22:00:00+00:00","mainEntityOfPage":{"@id":"https:\/\/www.emplea-te.com\/noticias-oposiciones\/listado-provisional-de-admitidos-y-excluidos-en-proceso-selectivo-para-el-ingreso-en-distintos-cuerpos-de-la-xunta-de-galicia\/"},"wordCount":323,"commentCount":0,"publisher":{"@id":"https:\/\/www.emplea-te.com\/noticias-oposiciones\/#organization"},"inLanguage":"es","potentialAction":[{"@type":"CommentAction","name":"Comment","target":["https:\/\/www.emplea-te.com\/noticias-oposiciones\/listado-provisional-de-admitidos-y-excluidos-en-proceso-selectivo-para-el-ingreso-en-distintos-cuerpos-de-la-xunta-de-galicia\/#respond"]}]},{"@type":"WebPage","@id":"https:\/\/www.emplea-te.com\/noticias-oposiciones\/listado-provisional-de-admitidos-y-excluidos-en-proceso-selectivo-para-el-ingreso-en-distintos-cuerpos-de-la-xunta-de-galicia\/","url":"https:\/\/www.emplea-te.com\/noticias-oposiciones\/listado-provisional-de-admitidos-y-excluidos-en-proceso-selectivo-para-el-ingreso-en-distintos-cuerpos-de-la-xunta-de-galicia\/","name":"Listado provisional de admitidos y excluidos en proceso selectivo para el ingreso en distintos Cuerpos de la Xunta de Galicia. - Noticas de oposiciones por Academia Emplea-te","isPartOf":{"@id":"https:\/\/www.emplea-te.com\/noticias-oposiciones\/#website"},"datePublished":"2018-09-20T22:00:00+00:00","description":"Hoy d\u00eda 21 de Septiembre se ha publicado en el DOG los listados provisionales de personas admitidas y excluidas en el proceso selectivo para el ingreso en distintos Cuerpos de la Xunta de Galicia. Enlace resoluciones.","breadcrumb":{"@id":"https:\/\/www.emplea-te.com\/noticias-oposiciones\/listado-provisional-de-admitidos-y-excluidos-en-proceso-selectivo-para-el-ingreso-en-distintos-cuerpos-de-la-xunta-de-galicia\/#breadcrumb"},"inLanguage":"es","potentialAction":[{"@type":"ReadAction","target":["https:\/\/www.emplea-te.com\/noticias-oposiciones\/listado-provisional-de-admitidos-y-excluidos-en-proceso-selectivo-para-el-ingreso-en-distintos-cuerpos-de-la-xunta-de-galicia\/"]}]},{"@type":"BreadcrumbList","@id":"https:\/\/www.emplea-te.com\/noticias-oposiciones\/listado-provisional-de-admitidos-y-excluidos-en-proceso-selectivo-para-el-ingreso-en-distintos-cuerpos-de-la-xunta-de-galicia\/#breadcrumb","itemListElement":[{"@type":"ListItem","position":1,"name":"Noticias Oposiciones","item":"https:\/\/www.emplea-te.com\/noticias-oposiciones\/"},{"@type":"ListItem","position":2,"name":"Listado provisional de admitidos y excluidos en proceso selectivo para el ingreso en distintos Cuerpos de la Xunta de Galicia."}]},{"@type":"WebSite","@id":"https:\/\/www.emplea-te.com\/noticias-oposiciones\/#website","url":"https:\/\/www.emplea-te.com\/noticias-oposiciones\/","name":"Noticas de oposiciones por Academia Emplea-te","description":"Toda la actualidad de las ofertas y convocatorias.","publisher":{"@id":"https:\/\/www.emplea-te.com\/noticias-oposiciones\/#organization"},"potentialAction":[{"@type":"SearchAction","target":{"@type":"EntryPoint","urlTemplate":"https:\/\/www.emplea-te.com\/noticias-oposiciones\/?s={search_term_string}"},"query-input":{"@type":"PropertyValueSpecification","valueRequired":true,"valueName":"search_term_string"}}],"inLanguage":"es"},{"@type":"Organization","@id":"https:\/\/www.emplea-te.com\/noticias-oposiciones\/#organization","name":"Academia de oposiciones Empl\u00e9ate","url":"https:\/\/www.emplea-te.com\/noticias-oposiciones\/","logo":{"@type":"ImageObject","inLanguage":"es","@id":"https:\/\/www.emplea-te.com\/noticias-oposiciones\/#\/schema\/logo\/image\/","url":"https:\/\/www.emplea-te.com\/noticias-oposiciones\/wp-content\/uploads\/2019\/04\/empleate.jpg","contentUrl":"https:\/\/www.emplea-te.com\/noticias-oposiciones\/wp-content\/uploads\/2019\/04\/empleate.jpg","width":250,"height":150,"caption":"Academia de oposiciones Empl\u00e9ate"},"image":{"@id":"https:\/\/www.emplea-te.com\/noticias-oposiciones\/#\/schema\/logo\/image\/"},"sameAs":["https:\/\/www.facebook.com\/AcademiaEmpleate\/","https:\/\/x.com\/Emplea_Te","https:\/\/www.instagram.com\/academia_empleate\/"]},{"@type":"Person","@id":"https:\/\/www.emplea-te.com\/noticias-oposiciones\/#\/schema\/person\/d1bc587e1af2b95e9c32aba1795509a6","name":"Empleate"}]}},"_links":{"self":[{"href":"https:\/\/www.emplea-te.com\/noticias-oposiciones\/wp-json\/wp\/v2\/posts\/1234","targetHints":{"allow":["GET"]}}],"collection":[{"href":"https:\/\/www.emplea-te.com\/noticias-oposiciones\/wp-json\/wp\/v2\/posts"}],"about":[{"href":"https:\/\/www.emplea-te.com\/noticias-oposiciones\/wp-json\/wp\/v2\/types\/post"}],"author":[{"embeddable":true,"href":"https:\/\/www.emplea-te.com\/noticias-oposiciones\/wp-json\/wp\/v2\/users\/1"}],"replies":[{"embeddable":true,"href":"https:\/\/www.emplea-te.com\/noticias-oposiciones\/wp-json\/wp\/v2\/comments?post=1234"}],"version-history":[{"count":0,"href":"https:\/\/www.emplea-te.com\/noticias-oposiciones\/wp-json\/wp\/v2\/posts\/1234\/revisions"}],"wp:attachment":[{"href":"https:\/\/www.emplea-te.com\/noticias-oposiciones\/wp-json\/wp\/v2\/media?parent=1234"}],"wp:term":[{"taxonomy":"category","embeddable":true,"href":"https:\/\/www.emplea-te.com\/noticias-oposiciones\/wp-json\/wp\/v2\/categories?post=1234"},{"taxonomy":"post_tag","embeddable":true,"href":"https:\/\/www.emplea-te.com\/noticias-oposiciones\/wp-json\/wp\/v2\/tags?post=1234"}],"curies":[{"name":"wp","href":"https:\/\/api.w.org\/{rel}","templated":true}]}}