{"id":1235,"date":"2018-09-24T00:00:00","date_gmt":"2018-09-23T22:00:00","guid":{"rendered":"https:\/\/www.emplea-te.com\/noticias-oposiciones\/sergas-listados-provisionales-admitidos-y-excluidos-y-baremos-provisionales-para-personal-temporal-enfermero-a-especialidad-pediatrica\/"},"modified":"2018-09-24T00:00:00","modified_gmt":"2018-09-23T22:00:00","slug":"sergas-listados-provisionales-admitidos-y-excluidos-y-baremos-provisionales-para-personal-temporal-enfermero-a-especialidad-pediatrica","status":"publish","type":"post","link":"https:\/\/www.emplea-te.com\/noticias-oposiciones\/sergas-listados-provisionales-admitidos-y-excluidos-y-baremos-provisionales-para-personal-temporal-enfermero-a-especialidad-pediatrica\/","title":{"rendered":"<br>SERGAS listados provisionales admitidos y excluidos y baremos provisionales para personal temporal enfermero\/a especialidad pedi\u00e1trica."},"content":{"rendered":"<p>Hoy en el DOG se publica la relaci\u00f3n provisional de admitidos\/as y excluidos\/as y los resultados provisionales de baremaci\u00f3n en el proceso de inscripci\u00f3n de aspirantes para la formalizaci\u00f3n de nombramientos estatutarios temporales de enfermero\/a especialista en Enfermer\u00eda Pedi\u00e1trica en el \u00e1mbito del Sistema p\u00fablico de salud de Galicia.<\/p>\n<p><span class=\"wysiwyg-color-green\">En dicha resoluci\u00f3n se prev\u00e9 una generaci\u00f3n de listas con las personas inscritas hasta el 15 de diciembre de 2017 que cumplan los <\/span><a href=\"https:\/\/www.xunta.gal\/diario-oficial-galicia\/mostrarContenido.do?paginaCompleta=false&amp;idEstado=5&amp;rutaRelativa=true&amp;ruta=\/2017\/20171115\/Secciones2_es.html\" target=\"_blank\" rel=\"nofollow noopener noreferrer\"><span class=\"wysiwyg-color-green\">requisitos determinados en la anterior resoluci\u00f3n<\/span><\/a><span class=\"wysiwyg-color-green\">. <\/span><\/p>\n<p><a href=\"https:\/\/www.xunta.gal\/dog\/Publicados\/2018\/20180924\/AnuncioG0003-130918-0001_es.html\" target=\"_blank\" rel=\"nofollow noopener noreferrer\"><span class=\"wysiwyg-color-green\">Resoluci\u00f3n 24 de Septiembre <\/span><\/a><\/p>\n<p><\/p>\n<p><\/p>\n<p><\/p>\n<p><\/p>\n<p><\/p>\n<p><\/p>\n<p><\/p>\n","protected":false},"excerpt":{"rendered":"<p>Hoy en el DOG se publica la relaci\u00f3n provisional de admitidos\/as y excluidos\/as y los resultados provisionales de baremaci\u00f3n en el proceso de inscripci\u00f3n de aspirantes para la formalizaci\u00f3n de nombramientos estatutarios temporales de enfermero\/a especialista en Enfermer\u00eda Pedi\u00e1trica en el \u00e1mbito del Sistema p\u00fablico de salud de Galicia. En dicha resoluci\u00f3n se prev\u00e9 una &hellip; <a href=\"https:\/\/www.emplea-te.com\/noticias-oposiciones\/sergas-listados-provisionales-admitidos-y-excluidos-y-baremos-provisionales-para-personal-temporal-enfermero-a-especialidad-pediatrica\/\" class=\"more-link\">Continuar leyendo<span class=\"screen-reader-text\"> \u00ab<br \/>SERGAS listados provisionales admitidos y excluidos y baremos provisionales para personal temporal enfermero\/a especialidad pedi\u00e1trica.\u00bb<\/span><\/a><\/p>\n","protected":false},"author":1,"featured_media":0,"comment_status":"open","ping_status":"open","sticky":false,"template":"","format":"standard","meta":{"footnotes":""},"categories":[],"tags":[],"class_list":["post-1235","post","type-post","status-publish","format-standard","hentry"],"yoast_head":"<!-- This site is optimized with the Yoast SEO plugin v27.3 - https:\/\/yoast.com\/product\/yoast-seo-wordpress\/ -->\n<title>SERGAS listados provisionales admitidos y excluidos y baremos provisionales para personal temporal enfermero\/a especialidad pedi\u00e1trica. - Noticas de oposiciones por Academia Emplea-te<\/title>\n<meta name=\"description\" content=\"Hoy en el DOG se publica la relaci\u00f3n provisional de admitidos\/as y excluidos\/as y los resultados provisionales de baremaci\u00f3n en el proceso de inscripci\u00f3n de aspirantes para la formalizaci\u00f3n de nombramientos estatutarios temporales de enfermero\/a especialista en Enfermer\u00eda Pedi\u00e1trica en el \u00e1mbito del Sistema p\u00fablico de salud de Galicia. Resoluci\u00f3n\" \/>\n<meta name=\"robots\" content=\"index, follow, max-snippet:-1, max-image-preview:large, max-video-preview:-1\" \/>\n<link rel=\"canonical\" href=\"https:\/\/www.emplea-te.com\/noticias-oposiciones\/sergas-listados-provisionales-admitidos-y-excluidos-y-baremos-provisionales-para-personal-temporal-enfermero-a-especialidad-pediatrica\/\" \/>\n<meta property=\"og:locale\" content=\"es_ES\" \/>\n<meta property=\"og:type\" content=\"article\" \/>\n<meta property=\"og:title\" content=\"SERGAS listados provisionales admitidos y excluidos y baremos provisionales para personal temporal enfermero\/a especialidad pedi\u00e1trica. - Noticas de oposiciones por Academia Emplea-te\" \/>\n<meta property=\"og:description\" content=\"Hoy en el DOG se publica la relaci\u00f3n provisional de admitidos\/as y excluidos\/as y los resultados provisionales de baremaci\u00f3n en el proceso de inscripci\u00f3n de aspirantes para la formalizaci\u00f3n de nombramientos estatutarios temporales de enfermero\/a especialista en Enfermer\u00eda Pedi\u00e1trica en el \u00e1mbito del Sistema p\u00fablico de salud de Galicia. Resoluci\u00f3n\" \/>\n<meta property=\"og:url\" content=\"https:\/\/www.emplea-te.com\/noticias-oposiciones\/sergas-listados-provisionales-admitidos-y-excluidos-y-baremos-provisionales-para-personal-temporal-enfermero-a-especialidad-pediatrica\/\" \/>\n<meta property=\"og:site_name\" content=\"Noticas de oposiciones por Academia Emplea-te\" \/>\n<meta property=\"article:publisher\" content=\"https:\/\/www.facebook.com\/AcademiaEmpleate\/\" \/>\n<meta property=\"article:published_time\" content=\"2018-09-23T22:00:00+00:00\" \/>\n<meta name=\"author\" content=\"Empleate\" \/>\n<meta name=\"twitter:card\" content=\"summary_large_image\" \/>\n<meta name=\"twitter:creator\" content=\"@Emplea_Te\" \/>\n<meta name=\"twitter:site\" content=\"@Emplea_Te\" \/>\n<meta name=\"twitter:label1\" content=\"Escrito por\" \/>\n\t<meta name=\"twitter:data1\" content=\"Empleate\" \/>\n<script type=\"application\/ld+json\" class=\"yoast-schema-graph\">{\"@context\":\"https:\\\/\\\/schema.org\",\"@graph\":[{\"@type\":\"Article\",\"@id\":\"https:\\\/\\\/www.emplea-te.com\\\/noticias-oposiciones\\\/sergas-listados-provisionales-admitidos-y-excluidos-y-baremos-provisionales-para-personal-temporal-enfermero-a-especialidad-pediatrica\\\/#article\",\"isPartOf\":{\"@id\":\"https:\\\/\\\/www.emplea-te.com\\\/noticias-oposiciones\\\/sergas-listados-provisionales-admitidos-y-excluidos-y-baremos-provisionales-para-personal-temporal-enfermero-a-especialidad-pediatrica\\\/\"},\"author\":{\"name\":\"Empleate\",\"@id\":\"https:\\\/\\\/www.emplea-te.com\\\/noticias-oposiciones\\\/#\\\/schema\\\/person\\\/d1bc587e1af2b95e9c32aba1795509a6\"},\"headline\":\"SERGAS listados provisionales admitidos y excluidos y baremos provisionales para personal temporal enfermero\\\/a especialidad pedi\u00e1trica.\",\"datePublished\":\"2018-09-23T22:00:00+00:00\",\"mainEntityOfPage\":{\"@id\":\"https:\\\/\\\/www.emplea-te.com\\\/noticias-oposiciones\\\/sergas-listados-provisionales-admitidos-y-excluidos-y-baremos-provisionales-para-personal-temporal-enfermero-a-especialidad-pediatrica\\\/\"},\"wordCount\":110,\"commentCount\":0,\"publisher\":{\"@id\":\"https:\\\/\\\/www.emplea-te.com\\\/noticias-oposiciones\\\/#organization\"},\"inLanguage\":\"es\",\"potentialAction\":[{\"@type\":\"CommentAction\",\"name\":\"Comment\",\"target\":[\"https:\\\/\\\/www.emplea-te.com\\\/noticias-oposiciones\\\/sergas-listados-provisionales-admitidos-y-excluidos-y-baremos-provisionales-para-personal-temporal-enfermero-a-especialidad-pediatrica\\\/#respond\"]}]},{\"@type\":\"WebPage\",\"@id\":\"https:\\\/\\\/www.emplea-te.com\\\/noticias-oposiciones\\\/sergas-listados-provisionales-admitidos-y-excluidos-y-baremos-provisionales-para-personal-temporal-enfermero-a-especialidad-pediatrica\\\/\",\"url\":\"https:\\\/\\\/www.emplea-te.com\\\/noticias-oposiciones\\\/sergas-listados-provisionales-admitidos-y-excluidos-y-baremos-provisionales-para-personal-temporal-enfermero-a-especialidad-pediatrica\\\/\",\"name\":\"SERGAS listados provisionales admitidos y excluidos y baremos provisionales para personal temporal enfermero\\\/a especialidad pedi\u00e1trica. - Noticas de oposiciones por Academia Emplea-te\",\"isPartOf\":{\"@id\":\"https:\\\/\\\/www.emplea-te.com\\\/noticias-oposiciones\\\/#website\"},\"datePublished\":\"2018-09-23T22:00:00+00:00\",\"description\":\"Hoy en el DOG se publica la relaci\u00f3n provisional de admitidos\\\/as y excluidos\\\/as y los resultados provisionales de baremaci\u00f3n en el proceso de inscripci\u00f3n de aspirantes para la formalizaci\u00f3n de nombramientos estatutarios temporales de enfermero\\\/a especialista en Enfermer\u00eda Pedi\u00e1trica en el \u00e1mbito del Sistema p\u00fablico de salud de Galicia. Resoluci\u00f3n\",\"breadcrumb\":{\"@id\":\"https:\\\/\\\/www.emplea-te.com\\\/noticias-oposiciones\\\/sergas-listados-provisionales-admitidos-y-excluidos-y-baremos-provisionales-para-personal-temporal-enfermero-a-especialidad-pediatrica\\\/#breadcrumb\"},\"inLanguage\":\"es\",\"potentialAction\":[{\"@type\":\"ReadAction\",\"target\":[\"https:\\\/\\\/www.emplea-te.com\\\/noticias-oposiciones\\\/sergas-listados-provisionales-admitidos-y-excluidos-y-baremos-provisionales-para-personal-temporal-enfermero-a-especialidad-pediatrica\\\/\"]}]},{\"@type\":\"BreadcrumbList\",\"@id\":\"https:\\\/\\\/www.emplea-te.com\\\/noticias-oposiciones\\\/sergas-listados-provisionales-admitidos-y-excluidos-y-baremos-provisionales-para-personal-temporal-enfermero-a-especialidad-pediatrica\\\/#breadcrumb\",\"itemListElement\":[{\"@type\":\"ListItem\",\"position\":1,\"name\":\"Noticias Oposiciones\",\"item\":\"https:\\\/\\\/www.emplea-te.com\\\/noticias-oposiciones\\\/\"},{\"@type\":\"ListItem\",\"position\":2,\"name\":\"SERGAS listados provisionales admitidos y excluidos y baremos provisionales para personal temporal enfermero\\\/a especialidad pedi\u00e1trica.\"}]},{\"@type\":\"WebSite\",\"@id\":\"https:\\\/\\\/www.emplea-te.com\\\/noticias-oposiciones\\\/#website\",\"url\":\"https:\\\/\\\/www.emplea-te.com\\\/noticias-oposiciones\\\/\",\"name\":\"Noticas de oposiciones por Academia Emplea-te\",\"description\":\"Toda la actualidad de las ofertas y convocatorias.\",\"publisher\":{\"@id\":\"https:\\\/\\\/www.emplea-te.com\\\/noticias-oposiciones\\\/#organization\"},\"potentialAction\":[{\"@type\":\"SearchAction\",\"target\":{\"@type\":\"EntryPoint\",\"urlTemplate\":\"https:\\\/\\\/www.emplea-te.com\\\/noticias-oposiciones\\\/?s={search_term_string}\"},\"query-input\":{\"@type\":\"PropertyValueSpecification\",\"valueRequired\":true,\"valueName\":\"search_term_string\"}}],\"inLanguage\":\"es\"},{\"@type\":\"Organization\",\"@id\":\"https:\\\/\\\/www.emplea-te.com\\\/noticias-oposiciones\\\/#organization\",\"name\":\"Academia de oposiciones Empl\u00e9ate\",\"url\":\"https:\\\/\\\/www.emplea-te.com\\\/noticias-oposiciones\\\/\",\"logo\":{\"@type\":\"ImageObject\",\"inLanguage\":\"es\",\"@id\":\"https:\\\/\\\/www.emplea-te.com\\\/noticias-oposiciones\\\/#\\\/schema\\\/logo\\\/image\\\/\",\"url\":\"https:\\\/\\\/www.emplea-te.com\\\/noticias-oposiciones\\\/wp-content\\\/uploads\\\/2019\\\/04\\\/empleate.jpg\",\"contentUrl\":\"https:\\\/\\\/www.emplea-te.com\\\/noticias-oposiciones\\\/wp-content\\\/uploads\\\/2019\\\/04\\\/empleate.jpg\",\"width\":250,\"height\":150,\"caption\":\"Academia de oposiciones Empl\u00e9ate\"},\"image\":{\"@id\":\"https:\\\/\\\/www.emplea-te.com\\\/noticias-oposiciones\\\/#\\\/schema\\\/logo\\\/image\\\/\"},\"sameAs\":[\"https:\\\/\\\/www.facebook.com\\\/AcademiaEmpleate\\\/\",\"https:\\\/\\\/x.com\\\/Emplea_Te\",\"https:\\\/\\\/www.instagram.com\\\/academia_empleate\\\/\"]},{\"@type\":\"Person\",\"@id\":\"https:\\\/\\\/www.emplea-te.com\\\/noticias-oposiciones\\\/#\\\/schema\\\/person\\\/d1bc587e1af2b95e9c32aba1795509a6\",\"name\":\"Empleate\"}]}<\/script>\n<!-- \/ Yoast SEO plugin. -->","yoast_head_json":{"title":"SERGAS listados provisionales admitidos y excluidos y baremos provisionales para personal temporal enfermero\/a especialidad pedi\u00e1trica. - Noticas de oposiciones por Academia Emplea-te","description":"Hoy en el DOG se publica la relaci\u00f3n provisional de admitidos\/as y excluidos\/as y los resultados provisionales de baremaci\u00f3n en el proceso de inscripci\u00f3n de aspirantes para la formalizaci\u00f3n de nombramientos estatutarios temporales de enfermero\/a especialista en Enfermer\u00eda Pedi\u00e1trica en el \u00e1mbito del Sistema p\u00fablico de salud de Galicia. Resoluci\u00f3n","robots":{"index":"index","follow":"follow","max-snippet":"max-snippet:-1","max-image-preview":"max-image-preview:large","max-video-preview":"max-video-preview:-1"},"canonical":"https:\/\/www.emplea-te.com\/noticias-oposiciones\/sergas-listados-provisionales-admitidos-y-excluidos-y-baremos-provisionales-para-personal-temporal-enfermero-a-especialidad-pediatrica\/","og_locale":"es_ES","og_type":"article","og_title":"SERGAS listados provisionales admitidos y excluidos y baremos provisionales para personal temporal enfermero\/a especialidad pedi\u00e1trica. - Noticas de oposiciones por Academia Emplea-te","og_description":"Hoy en el DOG se publica la relaci\u00f3n provisional de admitidos\/as y excluidos\/as y los resultados provisionales de baremaci\u00f3n en el proceso de inscripci\u00f3n de aspirantes para la formalizaci\u00f3n de nombramientos estatutarios temporales de enfermero\/a especialista en Enfermer\u00eda Pedi\u00e1trica en el \u00e1mbito del Sistema p\u00fablico de salud de Galicia. Resoluci\u00f3n","og_url":"https:\/\/www.emplea-te.com\/noticias-oposiciones\/sergas-listados-provisionales-admitidos-y-excluidos-y-baremos-provisionales-para-personal-temporal-enfermero-a-especialidad-pediatrica\/","og_site_name":"Noticas de oposiciones por Academia Emplea-te","article_publisher":"https:\/\/www.facebook.com\/AcademiaEmpleate\/","article_published_time":"2018-09-23T22:00:00+00:00","author":"Empleate","twitter_card":"summary_large_image","twitter_creator":"@Emplea_Te","twitter_site":"@Emplea_Te","twitter_misc":{"Escrito por":"Empleate"},"schema":{"@context":"https:\/\/schema.org","@graph":[{"@type":"Article","@id":"https:\/\/www.emplea-te.com\/noticias-oposiciones\/sergas-listados-provisionales-admitidos-y-excluidos-y-baremos-provisionales-para-personal-temporal-enfermero-a-especialidad-pediatrica\/#article","isPartOf":{"@id":"https:\/\/www.emplea-te.com\/noticias-oposiciones\/sergas-listados-provisionales-admitidos-y-excluidos-y-baremos-provisionales-para-personal-temporal-enfermero-a-especialidad-pediatrica\/"},"author":{"name":"Empleate","@id":"https:\/\/www.emplea-te.com\/noticias-oposiciones\/#\/schema\/person\/d1bc587e1af2b95e9c32aba1795509a6"},"headline":"SERGAS listados provisionales admitidos y excluidos y baremos provisionales para personal temporal enfermero\/a especialidad pedi\u00e1trica.","datePublished":"2018-09-23T22:00:00+00:00","mainEntityOfPage":{"@id":"https:\/\/www.emplea-te.com\/noticias-oposiciones\/sergas-listados-provisionales-admitidos-y-excluidos-y-baremos-provisionales-para-personal-temporal-enfermero-a-especialidad-pediatrica\/"},"wordCount":110,"commentCount":0,"publisher":{"@id":"https:\/\/www.emplea-te.com\/noticias-oposiciones\/#organization"},"inLanguage":"es","potentialAction":[{"@type":"CommentAction","name":"Comment","target":["https:\/\/www.emplea-te.com\/noticias-oposiciones\/sergas-listados-provisionales-admitidos-y-excluidos-y-baremos-provisionales-para-personal-temporal-enfermero-a-especialidad-pediatrica\/#respond"]}]},{"@type":"WebPage","@id":"https:\/\/www.emplea-te.com\/noticias-oposiciones\/sergas-listados-provisionales-admitidos-y-excluidos-y-baremos-provisionales-para-personal-temporal-enfermero-a-especialidad-pediatrica\/","url":"https:\/\/www.emplea-te.com\/noticias-oposiciones\/sergas-listados-provisionales-admitidos-y-excluidos-y-baremos-provisionales-para-personal-temporal-enfermero-a-especialidad-pediatrica\/","name":"SERGAS listados provisionales admitidos y excluidos y baremos provisionales para personal temporal enfermero\/a especialidad pedi\u00e1trica. - Noticas de oposiciones por Academia Emplea-te","isPartOf":{"@id":"https:\/\/www.emplea-te.com\/noticias-oposiciones\/#website"},"datePublished":"2018-09-23T22:00:00+00:00","description":"Hoy en el DOG se publica la relaci\u00f3n provisional de admitidos\/as y excluidos\/as y los resultados provisionales de baremaci\u00f3n en el proceso de inscripci\u00f3n de aspirantes para la formalizaci\u00f3n de nombramientos estatutarios temporales de enfermero\/a especialista en Enfermer\u00eda Pedi\u00e1trica en el \u00e1mbito del Sistema p\u00fablico de salud de Galicia. Resoluci\u00f3n","breadcrumb":{"@id":"https:\/\/www.emplea-te.com\/noticias-oposiciones\/sergas-listados-provisionales-admitidos-y-excluidos-y-baremos-provisionales-para-personal-temporal-enfermero-a-especialidad-pediatrica\/#breadcrumb"},"inLanguage":"es","potentialAction":[{"@type":"ReadAction","target":["https:\/\/www.emplea-te.com\/noticias-oposiciones\/sergas-listados-provisionales-admitidos-y-excluidos-y-baremos-provisionales-para-personal-temporal-enfermero-a-especialidad-pediatrica\/"]}]},{"@type":"BreadcrumbList","@id":"https:\/\/www.emplea-te.com\/noticias-oposiciones\/sergas-listados-provisionales-admitidos-y-excluidos-y-baremos-provisionales-para-personal-temporal-enfermero-a-especialidad-pediatrica\/#breadcrumb","itemListElement":[{"@type":"ListItem","position":1,"name":"Noticias Oposiciones","item":"https:\/\/www.emplea-te.com\/noticias-oposiciones\/"},{"@type":"ListItem","position":2,"name":"SERGAS listados provisionales admitidos y excluidos y baremos provisionales para personal temporal enfermero\/a especialidad pedi\u00e1trica."}]},{"@type":"WebSite","@id":"https:\/\/www.emplea-te.com\/noticias-oposiciones\/#website","url":"https:\/\/www.emplea-te.com\/noticias-oposiciones\/","name":"Noticas de oposiciones por Academia Emplea-te","description":"Toda la actualidad de las ofertas y convocatorias.","publisher":{"@id":"https:\/\/www.emplea-te.com\/noticias-oposiciones\/#organization"},"potentialAction":[{"@type":"SearchAction","target":{"@type":"EntryPoint","urlTemplate":"https:\/\/www.emplea-te.com\/noticias-oposiciones\/?s={search_term_string}"},"query-input":{"@type":"PropertyValueSpecification","valueRequired":true,"valueName":"search_term_string"}}],"inLanguage":"es"},{"@type":"Organization","@id":"https:\/\/www.emplea-te.com\/noticias-oposiciones\/#organization","name":"Academia de oposiciones Empl\u00e9ate","url":"https:\/\/www.emplea-te.com\/noticias-oposiciones\/","logo":{"@type":"ImageObject","inLanguage":"es","@id":"https:\/\/www.emplea-te.com\/noticias-oposiciones\/#\/schema\/logo\/image\/","url":"https:\/\/www.emplea-te.com\/noticias-oposiciones\/wp-content\/uploads\/2019\/04\/empleate.jpg","contentUrl":"https:\/\/www.emplea-te.com\/noticias-oposiciones\/wp-content\/uploads\/2019\/04\/empleate.jpg","width":250,"height":150,"caption":"Academia de oposiciones Empl\u00e9ate"},"image":{"@id":"https:\/\/www.emplea-te.com\/noticias-oposiciones\/#\/schema\/logo\/image\/"},"sameAs":["https:\/\/www.facebook.com\/AcademiaEmpleate\/","https:\/\/x.com\/Emplea_Te","https:\/\/www.instagram.com\/academia_empleate\/"]},{"@type":"Person","@id":"https:\/\/www.emplea-te.com\/noticias-oposiciones\/#\/schema\/person\/d1bc587e1af2b95e9c32aba1795509a6","name":"Empleate"}]}},"_links":{"self":[{"href":"https:\/\/www.emplea-te.com\/noticias-oposiciones\/wp-json\/wp\/v2\/posts\/1235","targetHints":{"allow":["GET"]}}],"collection":[{"href":"https:\/\/www.emplea-te.com\/noticias-oposiciones\/wp-json\/wp\/v2\/posts"}],"about":[{"href":"https:\/\/www.emplea-te.com\/noticias-oposiciones\/wp-json\/wp\/v2\/types\/post"}],"author":[{"embeddable":true,"href":"https:\/\/www.emplea-te.com\/noticias-oposiciones\/wp-json\/wp\/v2\/users\/1"}],"replies":[{"embeddable":true,"href":"https:\/\/www.emplea-te.com\/noticias-oposiciones\/wp-json\/wp\/v2\/comments?post=1235"}],"version-history":[{"count":0,"href":"https:\/\/www.emplea-te.com\/noticias-oposiciones\/wp-json\/wp\/v2\/posts\/1235\/revisions"}],"wp:attachment":[{"href":"https:\/\/www.emplea-te.com\/noticias-oposiciones\/wp-json\/wp\/v2\/media?parent=1235"}],"wp:term":[{"taxonomy":"category","embeddable":true,"href":"https:\/\/www.emplea-te.com\/noticias-oposiciones\/wp-json\/wp\/v2\/categories?post=1235"},{"taxonomy":"post_tag","embeddable":true,"href":"https:\/\/www.emplea-te.com\/noticias-oposiciones\/wp-json\/wp\/v2\/tags?post=1235"}],"curies":[{"name":"wp","href":"https:\/\/api.w.org\/{rel}","templated":true}]}}