{"id":1240,"date":"2018-10-03T00:00:00","date_gmt":"2018-10-02T22:00:00","guid":{"rendered":"https:\/\/www.emplea-te.com\/noticias-oposiciones\/lista-provisional-de-aspirantes-admitidos-y-excluidos-en-las-categorias-de-auxiliar-administrativo-y-celador-sergas\/"},"modified":"2018-10-03T00:00:00","modified_gmt":"2018-10-02T22:00:00","slug":"lista-provisional-de-aspirantes-admitidos-y-excluidos-en-las-categorias-de-auxiliar-administrativo-y-celador-sergas","status":"publish","type":"post","link":"https:\/\/www.emplea-te.com\/noticias-oposiciones\/lista-provisional-de-aspirantes-admitidos-y-excluidos-en-las-categorias-de-auxiliar-administrativo-y-celador-sergas\/","title":{"rendered":"Lista provisional de aspirantes admitidos y excluidos&nbsp; en las categor\u00edas de Auxiliar Administrativo y Celador SERGAS<br>"},"content":{"rendered":"<p>Publicadas en la web del SERGAS y en el DOG las listas provisionales de admitidos y excluidos en proceso selectivo del SERGAS para las categor\u00edas de Auxiliar Administrativo y Celador. As\u00ed como las listas de aspirantes excluidos en la realizaci\u00f3n de la prueba de lengua gallega.<\/p>\n<p><a href=\"https:\/\/extranet.sergas.es\/opewb\/docs\/gal\/Personal\/Doc\/OPE\/Cat524\/Resoluci%C3%B3n%20provisional%20GAFA_gal-20181003075836_gal.pdf\" target=\"_blank\" rel=\"nofollow noopener noreferrer\"><span class=\"wysiwyg-color-green\">Lista provisional admitidos y excluidos Auxiliar Administrativo<\/span><\/a><\/p>\n<p><a href=\"https:\/\/extranet.sergas.es\/opewb\/docs\/gal\/Personal\/Doc\/OPE\/Cat524\/Listado_prov_admexcl_GAFA-20181003075914_gal.pdf\" target=\"_blank\" rel=\"nofollow noopener noreferrer\"><span class=\"wysiwyg-color-green\">Lista provisional exentos &nbsp;del ejercicio de lengua gallega Auxiliar Administrativo<\/span><\/a><\/p>\n<p><a href=\"https:\/\/extranet.sergas.es\/opewb\/docs\/gal\/Personal\/Doc\/OPE\/Cat522\/Resoluci%C3%B3n%20provisional%20CELADOR_gal-20181003080021_gal.pdf\" target=\"_blank\" rel=\"nofollow noopener noreferrer\"><span class=\"wysiwyg-color-green\">Lista provisional de admitidos y excluidos Celador-a <\/span><\/a><\/p>\n<p><a href=\"https:\/\/extranet.sergas.es\/opewb\/docs\/gal\/Personal\/Doc\/OPE\/Cat522\/Listado_prov_admexcl_CELADOR-20181003080102_gal.pdf\" target=\"_blank\" rel=\"nofollow noopener noreferrer\"><span class=\"wysiwyg-color-green\">Lista provisional de exentos de la realizaci\u00f3n del ejercicio de Lengua gallega.<\/span><\/a><\/p>\n<p><\/p>\n<p><a href=\"https:\/\/www.emplea-te.com\/23-oposiciones-de-celador\" target=\"_blank\" rel=\"nofollow noopener noreferrer\"><span class=\"wysiwyg-color-green\">Informaci\u00f3n de nuestros grupos presenciales para preparar las oposiciones de Celador-a del SERGAS<\/span><\/a><\/p>\n<p><a href=\"https:\/\/www.emplea-te.com\/45-oposiciones-sergas-auxiliar-administrativo\" target=\"_blank\" rel=\"nofollow noopener noreferrer\"><span class=\"wysiwyg-color-green\">Informaci\u00f3n de nuestros grupos presenciales para preparar las oposiciones de Auxiliar Administrativo del SERGAS<\/span><\/a><\/p>\n<p><\/p>\n<p><\/p>\n","protected":false},"excerpt":{"rendered":"<p>Publicadas en la web del SERGAS y en el DOG las listas provisionales de admitidos y excluidos en proceso selectivo del SERGAS para las categor\u00edas de Auxiliar Administrativo y Celador. As\u00ed como las listas de aspirantes excluidos en la realizaci\u00f3n de la prueba de lengua gallega. Lista provisional admitidos y excluidos Auxiliar Administrativo Lista provisional &hellip; <a href=\"https:\/\/www.emplea-te.com\/noticias-oposiciones\/lista-provisional-de-aspirantes-admitidos-y-excluidos-en-las-categorias-de-auxiliar-administrativo-y-celador-sergas\/\" class=\"more-link\">Continuar leyendo<span class=\"screen-reader-text\"> \u00abLista provisional de aspirantes admitidos y excluidos&nbsp; en las categor\u00edas de Auxiliar Administrativo y Celador SERGAS<br \/>\u00ab<\/span><\/a><\/p>\n","protected":false},"author":1,"featured_media":0,"comment_status":"open","ping_status":"open","sticky":false,"template":"","format":"standard","meta":{"footnotes":""},"categories":[],"tags":[],"class_list":["post-1240","post","type-post","status-publish","format-standard","hentry"],"yoast_head":"<!-- This site is optimized with the Yoast SEO plugin v27.3 - https:\/\/yoast.com\/product\/yoast-seo-wordpress\/ -->\n<title>Lista provisional de aspirantes admitidos y excluidos&nbsp; en las categor\u00edas de Auxiliar Administrativo y Celador SERGAS - Noticas de oposiciones por Academia Emplea-te<\/title>\n<meta name=\"description\" content=\"Publicadas en la web del SERGAS y en el DOG las listas provisionales de admitidos y excluidos en proceso selectivo del SERGAS para las categor\u00edas de Auxiliar Administrativo y Celador. Enlace web SERGASAuxiliar Administrativo. Enlace web SERGAS\u00a0Celador\" \/>\n<meta name=\"robots\" content=\"index, follow, max-snippet:-1, max-image-preview:large, max-video-preview:-1\" \/>\n<link rel=\"canonical\" href=\"https:\/\/www.emplea-te.com\/noticias-oposiciones\/lista-provisional-de-aspirantes-admitidos-y-excluidos-en-las-categorias-de-auxiliar-administrativo-y-celador-sergas\/\" \/>\n<meta property=\"og:locale\" content=\"es_ES\" \/>\n<meta property=\"og:type\" content=\"article\" \/>\n<meta property=\"og:title\" content=\"Lista provisional de aspirantes admitidos y excluidos&nbsp; en las categor\u00edas de Auxiliar Administrativo y Celador SERGAS - Noticas de oposiciones por Academia Emplea-te\" \/>\n<meta property=\"og:description\" content=\"Publicadas en la web del SERGAS y en el DOG las listas provisionales de admitidos y excluidos en proceso selectivo del SERGAS para las categor\u00edas de Auxiliar Administrativo y Celador. Enlace web SERGASAuxiliar Administrativo. Enlace web SERGAS\u00a0Celador\" \/>\n<meta property=\"og:url\" content=\"https:\/\/www.emplea-te.com\/noticias-oposiciones\/lista-provisional-de-aspirantes-admitidos-y-excluidos-en-las-categorias-de-auxiliar-administrativo-y-celador-sergas\/\" \/>\n<meta property=\"og:site_name\" content=\"Noticas de oposiciones por Academia Emplea-te\" \/>\n<meta property=\"article:publisher\" content=\"https:\/\/www.facebook.com\/AcademiaEmpleate\/\" \/>\n<meta property=\"article:published_time\" content=\"2018-10-02T22:00:00+00:00\" \/>\n<meta name=\"author\" content=\"Empleate\" \/>\n<meta name=\"twitter:card\" content=\"summary_large_image\" \/>\n<meta name=\"twitter:creator\" content=\"@Emplea_Te\" \/>\n<meta name=\"twitter:site\" content=\"@Emplea_Te\" \/>\n<meta name=\"twitter:label1\" content=\"Escrito por\" \/>\n\t<meta name=\"twitter:data1\" content=\"Empleate\" \/>\n\t<meta name=\"twitter:label2\" content=\"Tiempo de lectura\" \/>\n\t<meta name=\"twitter:data2\" content=\"1 minuto\" \/>\n<script type=\"application\/ld+json\" class=\"yoast-schema-graph\">{\"@context\":\"https:\\\/\\\/schema.org\",\"@graph\":[{\"@type\":\"Article\",\"@id\":\"https:\\\/\\\/www.emplea-te.com\\\/noticias-oposiciones\\\/lista-provisional-de-aspirantes-admitidos-y-excluidos-en-las-categorias-de-auxiliar-administrativo-y-celador-sergas\\\/#article\",\"isPartOf\":{\"@id\":\"https:\\\/\\\/www.emplea-te.com\\\/noticias-oposiciones\\\/lista-provisional-de-aspirantes-admitidos-y-excluidos-en-las-categorias-de-auxiliar-administrativo-y-celador-sergas\\\/\"},\"author\":{\"name\":\"Empleate\",\"@id\":\"https:\\\/\\\/www.emplea-te.com\\\/noticias-oposiciones\\\/#\\\/schema\\\/person\\\/d1bc587e1af2b95e9c32aba1795509a6\"},\"headline\":\"Lista provisional de aspirantes admitidos y excluidos&nbsp; en las categor\u00edas de Auxiliar Administrativo y Celador SERGAS\",\"datePublished\":\"2018-10-02T22:00:00+00:00\",\"mainEntityOfPage\":{\"@id\":\"https:\\\/\\\/www.emplea-te.com\\\/noticias-oposiciones\\\/lista-provisional-de-aspirantes-admitidos-y-excluidos-en-las-categorias-de-auxiliar-administrativo-y-celador-sergas\\\/\"},\"wordCount\":133,\"commentCount\":0,\"publisher\":{\"@id\":\"https:\\\/\\\/www.emplea-te.com\\\/noticias-oposiciones\\\/#organization\"},\"inLanguage\":\"es\",\"potentialAction\":[{\"@type\":\"CommentAction\",\"name\":\"Comment\",\"target\":[\"https:\\\/\\\/www.emplea-te.com\\\/noticias-oposiciones\\\/lista-provisional-de-aspirantes-admitidos-y-excluidos-en-las-categorias-de-auxiliar-administrativo-y-celador-sergas\\\/#respond\"]}]},{\"@type\":\"WebPage\",\"@id\":\"https:\\\/\\\/www.emplea-te.com\\\/noticias-oposiciones\\\/lista-provisional-de-aspirantes-admitidos-y-excluidos-en-las-categorias-de-auxiliar-administrativo-y-celador-sergas\\\/\",\"url\":\"https:\\\/\\\/www.emplea-te.com\\\/noticias-oposiciones\\\/lista-provisional-de-aspirantes-admitidos-y-excluidos-en-las-categorias-de-auxiliar-administrativo-y-celador-sergas\\\/\",\"name\":\"Lista provisional de aspirantes admitidos y excluidos&nbsp; en las categor\u00edas de Auxiliar Administrativo y Celador SERGAS - Noticas de oposiciones por Academia Emplea-te\",\"isPartOf\":{\"@id\":\"https:\\\/\\\/www.emplea-te.com\\\/noticias-oposiciones\\\/#website\"},\"datePublished\":\"2018-10-02T22:00:00+00:00\",\"description\":\"Publicadas en la web del SERGAS y en el DOG las listas provisionales de admitidos y excluidos en proceso selectivo del SERGAS para las categor\u00edas de Auxiliar Administrativo y Celador. Enlace web SERGASAuxiliar Administrativo. Enlace web SERGAS\u00a0Celador\",\"breadcrumb\":{\"@id\":\"https:\\\/\\\/www.emplea-te.com\\\/noticias-oposiciones\\\/lista-provisional-de-aspirantes-admitidos-y-excluidos-en-las-categorias-de-auxiliar-administrativo-y-celador-sergas\\\/#breadcrumb\"},\"inLanguage\":\"es\",\"potentialAction\":[{\"@type\":\"ReadAction\",\"target\":[\"https:\\\/\\\/www.emplea-te.com\\\/noticias-oposiciones\\\/lista-provisional-de-aspirantes-admitidos-y-excluidos-en-las-categorias-de-auxiliar-administrativo-y-celador-sergas\\\/\"]}]},{\"@type\":\"BreadcrumbList\",\"@id\":\"https:\\\/\\\/www.emplea-te.com\\\/noticias-oposiciones\\\/lista-provisional-de-aspirantes-admitidos-y-excluidos-en-las-categorias-de-auxiliar-administrativo-y-celador-sergas\\\/#breadcrumb\",\"itemListElement\":[{\"@type\":\"ListItem\",\"position\":1,\"name\":\"Noticias Oposiciones\",\"item\":\"https:\\\/\\\/www.emplea-te.com\\\/noticias-oposiciones\\\/\"},{\"@type\":\"ListItem\",\"position\":2,\"name\":\"Lista provisional de aspirantes admitidos y excluidos&nbsp; en las categor\u00edas de Auxiliar Administrativo y Celador SERGAS\"}]},{\"@type\":\"WebSite\",\"@id\":\"https:\\\/\\\/www.emplea-te.com\\\/noticias-oposiciones\\\/#website\",\"url\":\"https:\\\/\\\/www.emplea-te.com\\\/noticias-oposiciones\\\/\",\"name\":\"Noticas de oposiciones por Academia Emplea-te\",\"description\":\"Toda la actualidad de las ofertas y convocatorias.\",\"publisher\":{\"@id\":\"https:\\\/\\\/www.emplea-te.com\\\/noticias-oposiciones\\\/#organization\"},\"potentialAction\":[{\"@type\":\"SearchAction\",\"target\":{\"@type\":\"EntryPoint\",\"urlTemplate\":\"https:\\\/\\\/www.emplea-te.com\\\/noticias-oposiciones\\\/?s={search_term_string}\"},\"query-input\":{\"@type\":\"PropertyValueSpecification\",\"valueRequired\":true,\"valueName\":\"search_term_string\"}}],\"inLanguage\":\"es\"},{\"@type\":\"Organization\",\"@id\":\"https:\\\/\\\/www.emplea-te.com\\\/noticias-oposiciones\\\/#organization\",\"name\":\"Academia de oposiciones Empl\u00e9ate\",\"url\":\"https:\\\/\\\/www.emplea-te.com\\\/noticias-oposiciones\\\/\",\"logo\":{\"@type\":\"ImageObject\",\"inLanguage\":\"es\",\"@id\":\"https:\\\/\\\/www.emplea-te.com\\\/noticias-oposiciones\\\/#\\\/schema\\\/logo\\\/image\\\/\",\"url\":\"https:\\\/\\\/www.emplea-te.com\\\/noticias-oposiciones\\\/wp-content\\\/uploads\\\/2019\\\/04\\\/empleate.jpg\",\"contentUrl\":\"https:\\\/\\\/www.emplea-te.com\\\/noticias-oposiciones\\\/wp-content\\\/uploads\\\/2019\\\/04\\\/empleate.jpg\",\"width\":250,\"height\":150,\"caption\":\"Academia de oposiciones Empl\u00e9ate\"},\"image\":{\"@id\":\"https:\\\/\\\/www.emplea-te.com\\\/noticias-oposiciones\\\/#\\\/schema\\\/logo\\\/image\\\/\"},\"sameAs\":[\"https:\\\/\\\/www.facebook.com\\\/AcademiaEmpleate\\\/\",\"https:\\\/\\\/x.com\\\/Emplea_Te\",\"https:\\\/\\\/www.instagram.com\\\/academia_empleate\\\/\"]},{\"@type\":\"Person\",\"@id\":\"https:\\\/\\\/www.emplea-te.com\\\/noticias-oposiciones\\\/#\\\/schema\\\/person\\\/d1bc587e1af2b95e9c32aba1795509a6\",\"name\":\"Empleate\"}]}<\/script>\n<!-- \/ Yoast SEO plugin. -->","yoast_head_json":{"title":"Lista provisional de aspirantes admitidos y excluidos&nbsp; en las categor\u00edas de Auxiliar Administrativo y Celador SERGAS - Noticas de oposiciones por Academia Emplea-te","description":"Publicadas en la web del SERGAS y en el DOG las listas provisionales de admitidos y excluidos en proceso selectivo del SERGAS para las categor\u00edas de Auxiliar Administrativo y Celador. Enlace web SERGASAuxiliar Administrativo. Enlace web SERGAS\u00a0Celador","robots":{"index":"index","follow":"follow","max-snippet":"max-snippet:-1","max-image-preview":"max-image-preview:large","max-video-preview":"max-video-preview:-1"},"canonical":"https:\/\/www.emplea-te.com\/noticias-oposiciones\/lista-provisional-de-aspirantes-admitidos-y-excluidos-en-las-categorias-de-auxiliar-administrativo-y-celador-sergas\/","og_locale":"es_ES","og_type":"article","og_title":"Lista provisional de aspirantes admitidos y excluidos&nbsp; en las categor\u00edas de Auxiliar Administrativo y Celador SERGAS - Noticas de oposiciones por Academia Emplea-te","og_description":"Publicadas en la web del SERGAS y en el DOG las listas provisionales de admitidos y excluidos en proceso selectivo del SERGAS para las categor\u00edas de Auxiliar Administrativo y Celador. Enlace web SERGASAuxiliar Administrativo. Enlace web SERGAS\u00a0Celador","og_url":"https:\/\/www.emplea-te.com\/noticias-oposiciones\/lista-provisional-de-aspirantes-admitidos-y-excluidos-en-las-categorias-de-auxiliar-administrativo-y-celador-sergas\/","og_site_name":"Noticas de oposiciones por Academia Emplea-te","article_publisher":"https:\/\/www.facebook.com\/AcademiaEmpleate\/","article_published_time":"2018-10-02T22:00:00+00:00","author":"Empleate","twitter_card":"summary_large_image","twitter_creator":"@Emplea_Te","twitter_site":"@Emplea_Te","twitter_misc":{"Escrito por":"Empleate","Tiempo de lectura":"1 minuto"},"schema":{"@context":"https:\/\/schema.org","@graph":[{"@type":"Article","@id":"https:\/\/www.emplea-te.com\/noticias-oposiciones\/lista-provisional-de-aspirantes-admitidos-y-excluidos-en-las-categorias-de-auxiliar-administrativo-y-celador-sergas\/#article","isPartOf":{"@id":"https:\/\/www.emplea-te.com\/noticias-oposiciones\/lista-provisional-de-aspirantes-admitidos-y-excluidos-en-las-categorias-de-auxiliar-administrativo-y-celador-sergas\/"},"author":{"name":"Empleate","@id":"https:\/\/www.emplea-te.com\/noticias-oposiciones\/#\/schema\/person\/d1bc587e1af2b95e9c32aba1795509a6"},"headline":"Lista provisional de aspirantes admitidos y excluidos&nbsp; en las categor\u00edas de Auxiliar Administrativo y Celador SERGAS","datePublished":"2018-10-02T22:00:00+00:00","mainEntityOfPage":{"@id":"https:\/\/www.emplea-te.com\/noticias-oposiciones\/lista-provisional-de-aspirantes-admitidos-y-excluidos-en-las-categorias-de-auxiliar-administrativo-y-celador-sergas\/"},"wordCount":133,"commentCount":0,"publisher":{"@id":"https:\/\/www.emplea-te.com\/noticias-oposiciones\/#organization"},"inLanguage":"es","potentialAction":[{"@type":"CommentAction","name":"Comment","target":["https:\/\/www.emplea-te.com\/noticias-oposiciones\/lista-provisional-de-aspirantes-admitidos-y-excluidos-en-las-categorias-de-auxiliar-administrativo-y-celador-sergas\/#respond"]}]},{"@type":"WebPage","@id":"https:\/\/www.emplea-te.com\/noticias-oposiciones\/lista-provisional-de-aspirantes-admitidos-y-excluidos-en-las-categorias-de-auxiliar-administrativo-y-celador-sergas\/","url":"https:\/\/www.emplea-te.com\/noticias-oposiciones\/lista-provisional-de-aspirantes-admitidos-y-excluidos-en-las-categorias-de-auxiliar-administrativo-y-celador-sergas\/","name":"Lista provisional de aspirantes admitidos y excluidos&nbsp; en las categor\u00edas de Auxiliar Administrativo y Celador SERGAS - Noticas de oposiciones por Academia Emplea-te","isPartOf":{"@id":"https:\/\/www.emplea-te.com\/noticias-oposiciones\/#website"},"datePublished":"2018-10-02T22:00:00+00:00","description":"Publicadas en la web del SERGAS y en el DOG las listas provisionales de admitidos y excluidos en proceso selectivo del SERGAS para las categor\u00edas de Auxiliar Administrativo y Celador. Enlace web SERGASAuxiliar Administrativo. Enlace web SERGAS\u00a0Celador","breadcrumb":{"@id":"https:\/\/www.emplea-te.com\/noticias-oposiciones\/lista-provisional-de-aspirantes-admitidos-y-excluidos-en-las-categorias-de-auxiliar-administrativo-y-celador-sergas\/#breadcrumb"},"inLanguage":"es","potentialAction":[{"@type":"ReadAction","target":["https:\/\/www.emplea-te.com\/noticias-oposiciones\/lista-provisional-de-aspirantes-admitidos-y-excluidos-en-las-categorias-de-auxiliar-administrativo-y-celador-sergas\/"]}]},{"@type":"BreadcrumbList","@id":"https:\/\/www.emplea-te.com\/noticias-oposiciones\/lista-provisional-de-aspirantes-admitidos-y-excluidos-en-las-categorias-de-auxiliar-administrativo-y-celador-sergas\/#breadcrumb","itemListElement":[{"@type":"ListItem","position":1,"name":"Noticias Oposiciones","item":"https:\/\/www.emplea-te.com\/noticias-oposiciones\/"},{"@type":"ListItem","position":2,"name":"Lista provisional de aspirantes admitidos y excluidos&nbsp; en las categor\u00edas de Auxiliar Administrativo y Celador SERGAS"}]},{"@type":"WebSite","@id":"https:\/\/www.emplea-te.com\/noticias-oposiciones\/#website","url":"https:\/\/www.emplea-te.com\/noticias-oposiciones\/","name":"Noticas de oposiciones por Academia Emplea-te","description":"Toda la actualidad de las ofertas y convocatorias.","publisher":{"@id":"https:\/\/www.emplea-te.com\/noticias-oposiciones\/#organization"},"potentialAction":[{"@type":"SearchAction","target":{"@type":"EntryPoint","urlTemplate":"https:\/\/www.emplea-te.com\/noticias-oposiciones\/?s={search_term_string}"},"query-input":{"@type":"PropertyValueSpecification","valueRequired":true,"valueName":"search_term_string"}}],"inLanguage":"es"},{"@type":"Organization","@id":"https:\/\/www.emplea-te.com\/noticias-oposiciones\/#organization","name":"Academia de oposiciones Empl\u00e9ate","url":"https:\/\/www.emplea-te.com\/noticias-oposiciones\/","logo":{"@type":"ImageObject","inLanguage":"es","@id":"https:\/\/www.emplea-te.com\/noticias-oposiciones\/#\/schema\/logo\/image\/","url":"https:\/\/www.emplea-te.com\/noticias-oposiciones\/wp-content\/uploads\/2019\/04\/empleate.jpg","contentUrl":"https:\/\/www.emplea-te.com\/noticias-oposiciones\/wp-content\/uploads\/2019\/04\/empleate.jpg","width":250,"height":150,"caption":"Academia de oposiciones Empl\u00e9ate"},"image":{"@id":"https:\/\/www.emplea-te.com\/noticias-oposiciones\/#\/schema\/logo\/image\/"},"sameAs":["https:\/\/www.facebook.com\/AcademiaEmpleate\/","https:\/\/x.com\/Emplea_Te","https:\/\/www.instagram.com\/academia_empleate\/"]},{"@type":"Person","@id":"https:\/\/www.emplea-te.com\/noticias-oposiciones\/#\/schema\/person\/d1bc587e1af2b95e9c32aba1795509a6","name":"Empleate"}]}},"_links":{"self":[{"href":"https:\/\/www.emplea-te.com\/noticias-oposiciones\/wp-json\/wp\/v2\/posts\/1240","targetHints":{"allow":["GET"]}}],"collection":[{"href":"https:\/\/www.emplea-te.com\/noticias-oposiciones\/wp-json\/wp\/v2\/posts"}],"about":[{"href":"https:\/\/www.emplea-te.com\/noticias-oposiciones\/wp-json\/wp\/v2\/types\/post"}],"author":[{"embeddable":true,"href":"https:\/\/www.emplea-te.com\/noticias-oposiciones\/wp-json\/wp\/v2\/users\/1"}],"replies":[{"embeddable":true,"href":"https:\/\/www.emplea-te.com\/noticias-oposiciones\/wp-json\/wp\/v2\/comments?post=1240"}],"version-history":[{"count":0,"href":"https:\/\/www.emplea-te.com\/noticias-oposiciones\/wp-json\/wp\/v2\/posts\/1240\/revisions"}],"wp:attachment":[{"href":"https:\/\/www.emplea-te.com\/noticias-oposiciones\/wp-json\/wp\/v2\/media?parent=1240"}],"wp:term":[{"taxonomy":"category","embeddable":true,"href":"https:\/\/www.emplea-te.com\/noticias-oposiciones\/wp-json\/wp\/v2\/categories?post=1240"},{"taxonomy":"post_tag","embeddable":true,"href":"https:\/\/www.emplea-te.com\/noticias-oposiciones\/wp-json\/wp\/v2\/tags?post=1240"}],"curies":[{"name":"wp","href":"https:\/\/api.w.org\/{rel}","templated":true}]}}