{"id":12425,"date":"2024-05-08T09:41:48","date_gmt":"2024-05-08T07:41:48","guid":{"rendered":"https:\/\/www.emplea-te.com\/noticias-oposiciones\/?p=12425"},"modified":"2024-05-08T09:41:48","modified_gmt":"2024-05-08T07:41:48","slug":"universidad-politecnica-de-madrid-71-plazas-escala-auxiliar-c2-turno-libre-nota-informativa-realizacion-ejercicio-de-oposicion","status":"publish","type":"post","link":"https:\/\/www.emplea-te.com\/noticias-oposiciones\/universidad-politecnica-de-madrid-71-plazas-escala-auxiliar-c2-turno-libre-nota-informativa-realizacion-ejercicio-de-oposicion\/","title":{"rendered":"Universidad Polit\u00e9cnica de Madrid. 71 plazas Escala Auxiliar C2 turno libre. Nota informativa realizaci\u00f3n ejercicio de oposici\u00f3n."},"content":{"rendered":"<p>Se publica en la Web de la Universidad Polit\u00e9cnica de Madrid, nota informativa referente al proceso selectivo convocado para cubrir 71 plazas de Escala Auxiliar C2 por el sistema de oposici\u00f3n en turno libre.<\/p>\n<p>La nota dice lo siguiente:<\/p>\n<p>El ejercicio de la fase de oposici\u00f3n del proceso selectivo para el ingreso en la Escala Auxiliar Administrativa, Grupo C, Grupo C2, de la Universidad Polit\u00e9cnica de Madrid, convocado por Resoluci\u00f3n de 23 de octubre de 2023, tendr\u00e1 lugar, previsiblemente, en la primera quincena del mes de julio de 2024. En los pr\u00f3ximos d\u00edas, junto con la relaci\u00f3n definitiva de admitidos y excluidos al proceso, se publicar\u00e1 la fecha exacta, lugar y hora del mismo.<\/p>\n<p><a href=\"https:\/\/www.upm.es\/gsfs\/SFS13952\" target=\"_blank\" rel=\"noopener\"><strong>Enlace a nota informativa<\/strong><\/a><\/p>\n<p>&nbsp;<\/p>\n","protected":false},"excerpt":{"rendered":"<p>Se publica en la Web de la Universidad Polit\u00e9cnica de Madrid, nota informativa referente al proceso selectivo convocado para cubrir 71 plazas de Escala Auxiliar C2 por el sistema de oposici\u00f3n en turno libre. La nota dice lo siguiente: El ejercicio de la fase de oposici\u00f3n del proceso selectivo para el ingreso en la Escala &hellip; <a href=\"https:\/\/www.emplea-te.com\/noticias-oposiciones\/universidad-politecnica-de-madrid-71-plazas-escala-auxiliar-c2-turno-libre-nota-informativa-realizacion-ejercicio-de-oposicion\/\" class=\"more-link\">Continuar leyendo<span class=\"screen-reader-text\"> \u00abUniversidad Polit\u00e9cnica de Madrid. 71 plazas Escala Auxiliar C2 turno libre. Nota informativa realizaci\u00f3n ejercicio de oposici\u00f3n.\u00bb<\/span><\/a><\/p>\n","protected":false},"author":1,"featured_media":0,"comment_status":"closed","ping_status":"closed","sticky":false,"template":"","format":"standard","meta":{"footnotes":""},"categories":[109,110],"tags":[82,49,71,103],"class_list":["post-12425","post","type-post","status-publish","format-standard","hentry","category-oposiciones-madrid","category-p-a-s-universidades-madrid","tag-acceso-libre","tag-convocatorias-de-oposiciones","tag-fecha-examenes","tag-informacion-procesos-selectivos"],"yoast_head":"<!-- This site is optimized with the Yoast SEO plugin v27.5 - https:\/\/yoast.com\/product\/yoast-seo-wordpress\/ -->\n<title>Universidad Polit\u00e9cnica de Madrid. Convocatoria. Proceso selectivo<\/title>\n<meta name=\"description\" content=\"Universidad Polit\u00e9cnica de Madrid. 71 plazas Escala Auxiliar C2 turno libre. Nota informativa realizaci\u00f3n ejercicio de oposici\u00f3n.\" \/>\n<meta name=\"robots\" content=\"index, follow, max-snippet:-1, max-image-preview:large, max-video-preview:-1\" \/>\n<link rel=\"canonical\" href=\"https:\/\/www.emplea-te.com\/noticias-oposiciones\/universidad-politecnica-de-madrid-71-plazas-escala-auxiliar-c2-turno-libre-nota-informativa-realizacion-ejercicio-de-oposicion\/\" \/>\n<meta property=\"og:locale\" content=\"es_ES\" \/>\n<meta property=\"og:type\" content=\"article\" \/>\n<meta property=\"og:title\" content=\"Universidad Polit\u00e9cnica de Madrid. Convocatoria. Proceso selectivo\" \/>\n<meta property=\"og:description\" content=\"Universidad Polit\u00e9cnica de Madrid. 71 plazas Escala Auxiliar C2 turno libre. Nota informativa realizaci\u00f3n ejercicio de oposici\u00f3n.\" \/>\n<meta property=\"og:url\" content=\"https:\/\/www.emplea-te.com\/noticias-oposiciones\/universidad-politecnica-de-madrid-71-plazas-escala-auxiliar-c2-turno-libre-nota-informativa-realizacion-ejercicio-de-oposicion\/\" \/>\n<meta property=\"og:site_name\" content=\"Noticas de oposiciones por Academia Emplea-te\" \/>\n<meta property=\"article:publisher\" content=\"https:\/\/www.facebook.com\/AcademiaEmpleate\/\" \/>\n<meta property=\"article:published_time\" content=\"2024-05-08T07:41:48+00:00\" \/>\n<meta name=\"author\" content=\"Empleate\" \/>\n<meta name=\"twitter:card\" content=\"summary_large_image\" \/>\n<meta name=\"twitter:creator\" content=\"@Emplea_Te\" \/>\n<meta name=\"twitter:site\" content=\"@Emplea_Te\" \/>\n<meta name=\"twitter:label1\" content=\"Escrito por\" \/>\n\t<meta name=\"twitter:data1\" content=\"Empleate\" \/>\n\t<meta name=\"twitter:label2\" content=\"Tiempo de lectura\" \/>\n\t<meta name=\"twitter:data2\" content=\"1 minuto\" \/>\n<script type=\"application\/ld+json\" class=\"yoast-schema-graph\">{\"@context\":\"https:\\\/\\\/schema.org\",\"@graph\":[{\"@type\":\"Article\",\"@id\":\"https:\\\/\\\/www.emplea-te.com\\\/noticias-oposiciones\\\/universidad-politecnica-de-madrid-71-plazas-escala-auxiliar-c2-turno-libre-nota-informativa-realizacion-ejercicio-de-oposicion\\\/#article\",\"isPartOf\":{\"@id\":\"https:\\\/\\\/www.emplea-te.com\\\/noticias-oposiciones\\\/universidad-politecnica-de-madrid-71-plazas-escala-auxiliar-c2-turno-libre-nota-informativa-realizacion-ejercicio-de-oposicion\\\/\"},\"author\":{\"name\":\"Empleate\",\"@id\":\"https:\\\/\\\/www.emplea-te.com\\\/noticias-oposiciones\\\/#\\\/schema\\\/person\\\/d1bc587e1af2b95e9c32aba1795509a6\"},\"headline\":\"Universidad Polit\u00e9cnica de Madrid. 71 plazas Escala Auxiliar C2 turno libre. Nota informativa realizaci\u00f3n ejercicio de oposici\u00f3n.\",\"datePublished\":\"2024-05-08T07:41:48+00:00\",\"mainEntityOfPage\":{\"@id\":\"https:\\\/\\\/www.emplea-te.com\\\/noticias-oposiciones\\\/universidad-politecnica-de-madrid-71-plazas-escala-auxiliar-c2-turno-libre-nota-informativa-realizacion-ejercicio-de-oposicion\\\/\"},\"wordCount\":142,\"publisher\":{\"@id\":\"https:\\\/\\\/www.emplea-te.com\\\/noticias-oposiciones\\\/#organization\"},\"keywords\":[\"Acceso libre\",\"Convocatoria\",\"Fecha ex\u00e1menes\",\"Informaci\u00f3n procesos selectivos\"],\"articleSection\":[\"Oposiciones Madrid.\",\"P.A.S Universidades Madrid\"],\"inLanguage\":\"es\"},{\"@type\":\"WebPage\",\"@id\":\"https:\\\/\\\/www.emplea-te.com\\\/noticias-oposiciones\\\/universidad-politecnica-de-madrid-71-plazas-escala-auxiliar-c2-turno-libre-nota-informativa-realizacion-ejercicio-de-oposicion\\\/\",\"url\":\"https:\\\/\\\/www.emplea-te.com\\\/noticias-oposiciones\\\/universidad-politecnica-de-madrid-71-plazas-escala-auxiliar-c2-turno-libre-nota-informativa-realizacion-ejercicio-de-oposicion\\\/\",\"name\":\"Universidad Polit\u00e9cnica de Madrid. Convocatoria. Proceso selectivo\",\"isPartOf\":{\"@id\":\"https:\\\/\\\/www.emplea-te.com\\\/noticias-oposiciones\\\/#website\"},\"datePublished\":\"2024-05-08T07:41:48+00:00\",\"description\":\"Universidad Polit\u00e9cnica de Madrid. 71 plazas Escala Auxiliar C2 turno libre. Nota informativa realizaci\u00f3n ejercicio de oposici\u00f3n.\",\"breadcrumb\":{\"@id\":\"https:\\\/\\\/www.emplea-te.com\\\/noticias-oposiciones\\\/universidad-politecnica-de-madrid-71-plazas-escala-auxiliar-c2-turno-libre-nota-informativa-realizacion-ejercicio-de-oposicion\\\/#breadcrumb\"},\"inLanguage\":\"es\",\"potentialAction\":[{\"@type\":\"ReadAction\",\"target\":[\"https:\\\/\\\/www.emplea-te.com\\\/noticias-oposiciones\\\/universidad-politecnica-de-madrid-71-plazas-escala-auxiliar-c2-turno-libre-nota-informativa-realizacion-ejercicio-de-oposicion\\\/\"]}]},{\"@type\":\"BreadcrumbList\",\"@id\":\"https:\\\/\\\/www.emplea-te.com\\\/noticias-oposiciones\\\/universidad-politecnica-de-madrid-71-plazas-escala-auxiliar-c2-turno-libre-nota-informativa-realizacion-ejercicio-de-oposicion\\\/#breadcrumb\",\"itemListElement\":[{\"@type\":\"ListItem\",\"position\":1,\"name\":\"Noticias Oposiciones\",\"item\":\"https:\\\/\\\/www.emplea-te.com\\\/noticias-oposiciones\\\/\"},{\"@type\":\"ListItem\",\"position\":2,\"name\":\"Oposiciones Madrid.\",\"item\":\"https:\\\/\\\/www.emplea-te.com\\\/noticias-oposiciones\\\/categoria\\\/oposiciones-madrid\\\/\"},{\"@type\":\"ListItem\",\"position\":3,\"name\":\"Universidad Polit\u00e9cnica de Madrid. 71 plazas Escala Auxiliar C2 turno libre. Nota informativa realizaci\u00f3n ejercicio de oposici\u00f3n.\"}]},{\"@type\":\"WebSite\",\"@id\":\"https:\\\/\\\/www.emplea-te.com\\\/noticias-oposiciones\\\/#website\",\"url\":\"https:\\\/\\\/www.emplea-te.com\\\/noticias-oposiciones\\\/\",\"name\":\"Noticas de oposiciones por Academia Emplea-te\",\"description\":\"Toda la actualidad de las ofertas y convocatorias.\",\"publisher\":{\"@id\":\"https:\\\/\\\/www.emplea-te.com\\\/noticias-oposiciones\\\/#organization\"},\"potentialAction\":[{\"@type\":\"SearchAction\",\"target\":{\"@type\":\"EntryPoint\",\"urlTemplate\":\"https:\\\/\\\/www.emplea-te.com\\\/noticias-oposiciones\\\/?s={search_term_string}\"},\"query-input\":{\"@type\":\"PropertyValueSpecification\",\"valueRequired\":true,\"valueName\":\"search_term_string\"}}],\"inLanguage\":\"es\"},{\"@type\":\"Organization\",\"@id\":\"https:\\\/\\\/www.emplea-te.com\\\/noticias-oposiciones\\\/#organization\",\"name\":\"Academia de oposiciones Empl\u00e9ate\",\"url\":\"https:\\\/\\\/www.emplea-te.com\\\/noticias-oposiciones\\\/\",\"logo\":{\"@type\":\"ImageObject\",\"inLanguage\":\"es\",\"@id\":\"https:\\\/\\\/www.emplea-te.com\\\/noticias-oposiciones\\\/#\\\/schema\\\/logo\\\/image\\\/\",\"url\":\"https:\\\/\\\/www.emplea-te.com\\\/noticias-oposiciones\\\/wp-content\\\/uploads\\\/2019\\\/04\\\/empleate.jpg\",\"contentUrl\":\"https:\\\/\\\/www.emplea-te.com\\\/noticias-oposiciones\\\/wp-content\\\/uploads\\\/2019\\\/04\\\/empleate.jpg\",\"width\":250,\"height\":150,\"caption\":\"Academia de oposiciones Empl\u00e9ate\"},\"image\":{\"@id\":\"https:\\\/\\\/www.emplea-te.com\\\/noticias-oposiciones\\\/#\\\/schema\\\/logo\\\/image\\\/\"},\"sameAs\":[\"https:\\\/\\\/www.facebook.com\\\/AcademiaEmpleate\\\/\",\"https:\\\/\\\/x.com\\\/Emplea_Te\",\"https:\\\/\\\/www.instagram.com\\\/academia_empleate\\\/\"]},{\"@type\":\"Person\",\"@id\":\"https:\\\/\\\/www.emplea-te.com\\\/noticias-oposiciones\\\/#\\\/schema\\\/person\\\/d1bc587e1af2b95e9c32aba1795509a6\",\"name\":\"Empleate\"}]}<\/script>\n<!-- \/ Yoast SEO plugin. -->","yoast_head_json":{"title":"Universidad Polit\u00e9cnica de Madrid. Convocatoria. Proceso selectivo","description":"Universidad Polit\u00e9cnica de Madrid. 71 plazas Escala Auxiliar C2 turno libre. Nota informativa realizaci\u00f3n ejercicio de oposici\u00f3n.","robots":{"index":"index","follow":"follow","max-snippet":"max-snippet:-1","max-image-preview":"max-image-preview:large","max-video-preview":"max-video-preview:-1"},"canonical":"https:\/\/www.emplea-te.com\/noticias-oposiciones\/universidad-politecnica-de-madrid-71-plazas-escala-auxiliar-c2-turno-libre-nota-informativa-realizacion-ejercicio-de-oposicion\/","og_locale":"es_ES","og_type":"article","og_title":"Universidad Polit\u00e9cnica de Madrid. Convocatoria. Proceso selectivo","og_description":"Universidad Polit\u00e9cnica de Madrid. 71 plazas Escala Auxiliar C2 turno libre. Nota informativa realizaci\u00f3n ejercicio de oposici\u00f3n.","og_url":"https:\/\/www.emplea-te.com\/noticias-oposiciones\/universidad-politecnica-de-madrid-71-plazas-escala-auxiliar-c2-turno-libre-nota-informativa-realizacion-ejercicio-de-oposicion\/","og_site_name":"Noticas de oposiciones por Academia Emplea-te","article_publisher":"https:\/\/www.facebook.com\/AcademiaEmpleate\/","article_published_time":"2024-05-08T07:41:48+00:00","author":"Empleate","twitter_card":"summary_large_image","twitter_creator":"@Emplea_Te","twitter_site":"@Emplea_Te","twitter_misc":{"Escrito por":"Empleate","Tiempo de lectura":"1 minuto"},"schema":{"@context":"https:\/\/schema.org","@graph":[{"@type":"Article","@id":"https:\/\/www.emplea-te.com\/noticias-oposiciones\/universidad-politecnica-de-madrid-71-plazas-escala-auxiliar-c2-turno-libre-nota-informativa-realizacion-ejercicio-de-oposicion\/#article","isPartOf":{"@id":"https:\/\/www.emplea-te.com\/noticias-oposiciones\/universidad-politecnica-de-madrid-71-plazas-escala-auxiliar-c2-turno-libre-nota-informativa-realizacion-ejercicio-de-oposicion\/"},"author":{"name":"Empleate","@id":"https:\/\/www.emplea-te.com\/noticias-oposiciones\/#\/schema\/person\/d1bc587e1af2b95e9c32aba1795509a6"},"headline":"Universidad Polit\u00e9cnica de Madrid. 71 plazas Escala Auxiliar C2 turno libre. Nota informativa realizaci\u00f3n ejercicio de oposici\u00f3n.","datePublished":"2024-05-08T07:41:48+00:00","mainEntityOfPage":{"@id":"https:\/\/www.emplea-te.com\/noticias-oposiciones\/universidad-politecnica-de-madrid-71-plazas-escala-auxiliar-c2-turno-libre-nota-informativa-realizacion-ejercicio-de-oposicion\/"},"wordCount":142,"publisher":{"@id":"https:\/\/www.emplea-te.com\/noticias-oposiciones\/#organization"},"keywords":["Acceso libre","Convocatoria","Fecha ex\u00e1menes","Informaci\u00f3n procesos selectivos"],"articleSection":["Oposiciones Madrid.","P.A.S Universidades Madrid"],"inLanguage":"es"},{"@type":"WebPage","@id":"https:\/\/www.emplea-te.com\/noticias-oposiciones\/universidad-politecnica-de-madrid-71-plazas-escala-auxiliar-c2-turno-libre-nota-informativa-realizacion-ejercicio-de-oposicion\/","url":"https:\/\/www.emplea-te.com\/noticias-oposiciones\/universidad-politecnica-de-madrid-71-plazas-escala-auxiliar-c2-turno-libre-nota-informativa-realizacion-ejercicio-de-oposicion\/","name":"Universidad Polit\u00e9cnica de Madrid. Convocatoria. Proceso selectivo","isPartOf":{"@id":"https:\/\/www.emplea-te.com\/noticias-oposiciones\/#website"},"datePublished":"2024-05-08T07:41:48+00:00","description":"Universidad Polit\u00e9cnica de Madrid. 71 plazas Escala Auxiliar C2 turno libre. Nota informativa realizaci\u00f3n ejercicio de oposici\u00f3n.","breadcrumb":{"@id":"https:\/\/www.emplea-te.com\/noticias-oposiciones\/universidad-politecnica-de-madrid-71-plazas-escala-auxiliar-c2-turno-libre-nota-informativa-realizacion-ejercicio-de-oposicion\/#breadcrumb"},"inLanguage":"es","potentialAction":[{"@type":"ReadAction","target":["https:\/\/www.emplea-te.com\/noticias-oposiciones\/universidad-politecnica-de-madrid-71-plazas-escala-auxiliar-c2-turno-libre-nota-informativa-realizacion-ejercicio-de-oposicion\/"]}]},{"@type":"BreadcrumbList","@id":"https:\/\/www.emplea-te.com\/noticias-oposiciones\/universidad-politecnica-de-madrid-71-plazas-escala-auxiliar-c2-turno-libre-nota-informativa-realizacion-ejercicio-de-oposicion\/#breadcrumb","itemListElement":[{"@type":"ListItem","position":1,"name":"Noticias Oposiciones","item":"https:\/\/www.emplea-te.com\/noticias-oposiciones\/"},{"@type":"ListItem","position":2,"name":"Oposiciones Madrid.","item":"https:\/\/www.emplea-te.com\/noticias-oposiciones\/categoria\/oposiciones-madrid\/"},{"@type":"ListItem","position":3,"name":"Universidad Polit\u00e9cnica de Madrid. 71 plazas Escala Auxiliar C2 turno libre. Nota informativa realizaci\u00f3n ejercicio de oposici\u00f3n."}]},{"@type":"WebSite","@id":"https:\/\/www.emplea-te.com\/noticias-oposiciones\/#website","url":"https:\/\/www.emplea-te.com\/noticias-oposiciones\/","name":"Noticas de oposiciones por Academia Emplea-te","description":"Toda la actualidad de las ofertas y convocatorias.","publisher":{"@id":"https:\/\/www.emplea-te.com\/noticias-oposiciones\/#organization"},"potentialAction":[{"@type":"SearchAction","target":{"@type":"EntryPoint","urlTemplate":"https:\/\/www.emplea-te.com\/noticias-oposiciones\/?s={search_term_string}"},"query-input":{"@type":"PropertyValueSpecification","valueRequired":true,"valueName":"search_term_string"}}],"inLanguage":"es"},{"@type":"Organization","@id":"https:\/\/www.emplea-te.com\/noticias-oposiciones\/#organization","name":"Academia de oposiciones Empl\u00e9ate","url":"https:\/\/www.emplea-te.com\/noticias-oposiciones\/","logo":{"@type":"ImageObject","inLanguage":"es","@id":"https:\/\/www.emplea-te.com\/noticias-oposiciones\/#\/schema\/logo\/image\/","url":"https:\/\/www.emplea-te.com\/noticias-oposiciones\/wp-content\/uploads\/2019\/04\/empleate.jpg","contentUrl":"https:\/\/www.emplea-te.com\/noticias-oposiciones\/wp-content\/uploads\/2019\/04\/empleate.jpg","width":250,"height":150,"caption":"Academia de oposiciones Empl\u00e9ate"},"image":{"@id":"https:\/\/www.emplea-te.com\/noticias-oposiciones\/#\/schema\/logo\/image\/"},"sameAs":["https:\/\/www.facebook.com\/AcademiaEmpleate\/","https:\/\/x.com\/Emplea_Te","https:\/\/www.instagram.com\/academia_empleate\/"]},{"@type":"Person","@id":"https:\/\/www.emplea-te.com\/noticias-oposiciones\/#\/schema\/person\/d1bc587e1af2b95e9c32aba1795509a6","name":"Empleate"}]}},"_links":{"self":[{"href":"https:\/\/www.emplea-te.com\/noticias-oposiciones\/wp-json\/wp\/v2\/posts\/12425","targetHints":{"allow":["GET"]}}],"collection":[{"href":"https:\/\/www.emplea-te.com\/noticias-oposiciones\/wp-json\/wp\/v2\/posts"}],"about":[{"href":"https:\/\/www.emplea-te.com\/noticias-oposiciones\/wp-json\/wp\/v2\/types\/post"}],"author":[{"embeddable":true,"href":"https:\/\/www.emplea-te.com\/noticias-oposiciones\/wp-json\/wp\/v2\/users\/1"}],"replies":[{"embeddable":true,"href":"https:\/\/www.emplea-te.com\/noticias-oposiciones\/wp-json\/wp\/v2\/comments?post=12425"}],"version-history":[{"count":1,"href":"https:\/\/www.emplea-te.com\/noticias-oposiciones\/wp-json\/wp\/v2\/posts\/12425\/revisions"}],"predecessor-version":[{"id":12426,"href":"https:\/\/www.emplea-te.com\/noticias-oposiciones\/wp-json\/wp\/v2\/posts\/12425\/revisions\/12426"}],"wp:attachment":[{"href":"https:\/\/www.emplea-te.com\/noticias-oposiciones\/wp-json\/wp\/v2\/media?parent=12425"}],"wp:term":[{"taxonomy":"category","embeddable":true,"href":"https:\/\/www.emplea-te.com\/noticias-oposiciones\/wp-json\/wp\/v2\/categories?post=12425"},{"taxonomy":"post_tag","embeddable":true,"href":"https:\/\/www.emplea-te.com\/noticias-oposiciones\/wp-json\/wp\/v2\/tags?post=12425"}],"curies":[{"name":"wp","href":"https:\/\/api.w.org\/{rel}","templated":true}]}}