{"id":12433,"date":"2024-05-10T09:54:27","date_gmt":"2024-05-10T07:54:27","guid":{"rendered":"https:\/\/www.emplea-te.com\/noticias-oposiciones\/?p=12433"},"modified":"2024-05-10T09:54:27","modified_gmt":"2024-05-10T07:54:27","slug":"xunta-de-galicia-subalternos-a-p-discapacidad-intelectual-se-publican-diversos-acuerdos-del-tribunal-calificador-de-este-proceso-selectivo","status":"publish","type":"post","link":"https:\/\/www.emplea-te.com\/noticias-oposiciones\/xunta-de-galicia-subalternos-a-p-discapacidad-intelectual-se-publican-diversos-acuerdos-del-tribunal-calificador-de-este-proceso-selectivo\/","title":{"rendered":"Xunta de Galicia. Subalternos A.P (discapacidad intelectual). Se publican diversos Acuerdos del Tribunal Calificador de este proceso selectivo."},"content":{"rendered":"<p>Se publica en el DOG de hoy, d\u00eda 10 de mayo de 2024, la\u00a0La Resoluci\u00f3n de 18 de abril de 2024, del tribunal designado para juzgar el proceso selectivo para el ingreso en la agrupaci\u00f3n profesional de personal funcionario subalterno de la Administraci\u00f3n general de la Comunidad Aut\u00f3noma de Galicia, en plazas reservadas para ser cubiertas por personas que acrediten discapacidad intelectual, convocado por la Resoluci\u00f3n de 30 de marzo de 2022 (Diario Oficial de Galicia n\u00famero 65, de 4 de abril), por la que se da publicidad a diversos acuerdos.<\/p>\n<p>El Tribunal Acord\u00f3:<\/p>\n<p><strong>Primero.<\/strong><br \/>\nAl amparo de lo previsto en la base 2.1.2.7 de la convocatoria y despu\u00e9s de revisar las reclamaciones presentadas, anular la pregunta 43.<br \/>\nSu lugar pasa a ser ocupado por la pregunta de reserva 47. Se desestiman en su totalidad las restantes reclamaciones.<\/p>\n<p><strong>Segundo.<\/strong><br \/>\nDe conformidad con la base 2.1.1.1 de la convocatoria y el Acuerdo de este tribunal, de 15 de febrero de 2024, por el que se establecen los criterios de correcci\u00f3n, valoraci\u00f3n y superaci\u00f3n del ejercicio de la fase de oposici\u00f3n, superar\u00e1n el ejercicio las personas aspirantes que tengan las mejores puntuaciones hasta completar el n\u00famero m\u00e1ximo de ciento doce (112) personas aspirantes, equivalente al resultado de multiplicar por cuatro (4) el n\u00famero de plazas convocadas, y siempre que alcancen un m\u00ednimo de veintitr\u00e9s (23) respuestas correctas.<\/p>\n<p>Subsidiariamente, de darse el caso de que el n\u00famero de aspirantes que superen este ejercicio no sea el previsto en el p\u00e1rrafo anterior, se rebajar\u00e1 al m\u00ednimo de dieciocho (18) el n\u00famero de respuestas correctas, siempre que no se supere el n\u00famero m\u00e1ximo de ciento doce (112) personas aspirantes determinado en el p\u00e1rrafo anterior.<\/p>\n<p>Se asignar\u00e1 una valoraci\u00f3n de 45 puntos en el ejercicio a las personas aspirantes que obtengan una nota equivalente a la nota de corte.<br \/>\nEl resto de las personas declaradas aptas tendr\u00e1n una calificaci\u00f3n distribuida entre los 45 y los 90 puntos, proporcional al n\u00famero de respuestas acertadas.<br \/>\nDel mismo modo, se asignar\u00e1 la puntuaci\u00f3n proporcional que corresponda a las personas aspirantes declaradas no aptas.<\/p>\n<p>Todas las personas aspirantes con id\u00e9ntica puntuaci\u00f3n a aquella que marque la nota de corte establecida de acuerdo con los criterios anteriores se considerar\u00e1n igualmente aprobadas.<\/p>\n<p><strong>Tercero.<\/strong><br \/>\nRealizada la correcci\u00f3n en las sesiones del 20 y 21 de marzo y del 10 y 16 de abril de 2024, de acuerdo con las normas y criterios anteriores, se asigna la valoraci\u00f3n de 45 puntos en el ejercicio a las personas aspirantes que obtengan una nota equivalente a la nota de corte fijada en 39 respuestas correctas.<br \/>\nEl resto de las personas declaradas aptas tendr\u00e1n una calificaci\u00f3n distribuida entre los 45 y los 90 puntos, proporcional al n\u00famero de respuestas correctas; del mismo modo, las personas aspirantes declaradas no aptas tendr\u00e1n una calificaci\u00f3n distribuida entre los 0 y los 44 puntos, proporcional al n\u00famero de respuestas correctas.<br \/>\nHan alcanzado la puntuaci\u00f3n m\u00ednima de 45 puntos un total de 122 personas aspirantes.<\/p>\n<p><strong>Cuarto.<\/strong><br \/>\nPublicar las puntuaciones obtenidas por las personas aspirantes presentadas a la prueba realizada el d\u00eda 24 de febrero de 2024, correspondiente al primer ejercicio de la oposici\u00f3n del proceso selectivo para el ingreso en la agrupaci\u00f3n profesional del personal funcionario subalterno de la Administraci\u00f3n general de la Comunidad Aut\u00f3noma de Galicia, en plazas reservadas para ser cubiertas por personas que acrediten discapacidad intelectual, en el portal web corporativo <a href=\"http:\/\/www.xunta.es\" target=\"_blank\" rel=\"noopener\"><strong>funcionpublica.xunta.gal<\/strong><\/a><\/p>\n<p><strong>Quinto.<\/strong><br \/>\nDe acuerdo con lo dispuesto en la base 2.1.2.8 de la convocatoria, las personas aspirantes podr\u00e1n presentar las alegaciones que consideren oportunas con relaci\u00f3n a las puntuaciones, en el plazo de diez (10) d\u00edas h\u00e1biles contados desde el siguiente al de la publicaci\u00f3n de esta resoluci\u00f3n en el Diario Oficial de Galicia.<\/p>\n<p><strong>Sexto.<\/strong><br \/>\nDe conformidad con la base 2.1.1.2, respecto al segundo ejercicio, estar\u00e1n exentas de su realizaci\u00f3n las personas aspirantes que acrediten, en el plazo de diez (10) d\u00edas h\u00e1biles contados desde el d\u00eda siguiente al de la publicaci\u00f3n del presente acuerdo en el Diario Oficial de Galicia, que pose\u00edan antes del d\u00eda de finalizaci\u00f3n del plazo dispuesto en la base 1.3 de la convocatoria el Celga 2 o el t\u00edtulo equivalente debidamente homologado, de acuerdo con la disposici\u00f3n adicional segunda de la Orden de 16 de julio de 2007 por la que se regulan los certificados oficiales acreditativos de los niveles de conocimiento de la lengua gallega (DOG n\u00fam. 146, de 30 de julio), modificada por la Orden de 10 de febrero de 2014 (DOG n\u00fam. 34, de 19 de febrero).<\/p>\n<p><a href=\"https:\/\/www.xunta.gal\/dog\/Publicados\/2024\/20240510\/AnuncioG0597-030524-0001_es.html\" target=\"_blank\" rel=\"noopener\"><strong>Accede a la Resoluci\u00f3n con su contenido \u00edntegro desde este enlace.\u00a0<\/strong><\/a><\/p>\n<p>Si te vas a presentar a la pr\u00f3xima convocatoria de la Xunta de Galicia para cubrir plazas de personal Subalterno A.P en turno de discapacidad intelectual, inf\u00f3rmate de nuestros <a href=\"https:\/\/www.emplea-te.com\/54\/oposiciones-de-xunta-de-galicia\" target=\"_blank\" rel=\"noopener\"><strong>cursos para preparar estas oposiciones de la Xunta de Galicia.<\/strong><\/a><\/p>\n<p>&nbsp;<\/p>\n<p>&nbsp;<\/p>\n","protected":false},"excerpt":{"rendered":"<p>Se publica en el DOG de hoy, d\u00eda 10 de mayo de 2024, la\u00a0La Resoluci\u00f3n de 18 de abril de 2024, del tribunal designado para juzgar el proceso selectivo para el ingreso en la agrupaci\u00f3n profesional de personal funcionario subalterno de la Administraci\u00f3n general de la Comunidad Aut\u00f3noma de Galicia, en plazas reservadas para ser &hellip; <a href=\"https:\/\/www.emplea-te.com\/noticias-oposiciones\/xunta-de-galicia-subalternos-a-p-discapacidad-intelectual-se-publican-diversos-acuerdos-del-tribunal-calificador-de-este-proceso-selectivo\/\" class=\"more-link\">Continuar leyendo<span class=\"screen-reader-text\"> \u00abXunta de Galicia. Subalternos A.P (discapacidad intelectual). Se publican diversos Acuerdos del Tribunal Calificador de este proceso selectivo.\u00bb<\/span><\/a><\/p>\n","protected":false},"author":1,"featured_media":0,"comment_status":"closed","ping_status":"closed","sticky":false,"template":"","format":"standard","meta":{"footnotes":""},"categories":[56,4],"tags":[103],"class_list":["post-12433","post","type-post","status-publish","format-standard","hentry","category-oposiciones-autonomicas-galicia","category-oposiciones-xunta","tag-informacion-procesos-selectivos"],"yoast_head":"<!-- This site is optimized with the Yoast SEO plugin v27.5 - https:\/\/yoast.com\/product\/yoast-seo-wordpress\/ -->\n<title>Xunta de Galicia. Subalternos A.P (discapacidad intelectual).<\/title>\n<meta name=\"description\" content=\"Xunta de Galicia. Subalternos A.P (discapacidad intelectual). Se publican diversos Acuerdos del Tribunal Calificador de este proceso selectivo.\" \/>\n<meta name=\"robots\" content=\"index, follow, max-snippet:-1, max-image-preview:large, max-video-preview:-1\" \/>\n<link rel=\"canonical\" href=\"https:\/\/www.emplea-te.com\/noticias-oposiciones\/xunta-de-galicia-subalternos-a-p-discapacidad-intelectual-se-publican-diversos-acuerdos-del-tribunal-calificador-de-este-proceso-selectivo\/\" \/>\n<meta property=\"og:locale\" content=\"es_ES\" \/>\n<meta property=\"og:type\" content=\"article\" \/>\n<meta property=\"og:title\" content=\"Xunta de Galicia. Subalternos A.P (discapacidad intelectual).\" \/>\n<meta property=\"og:description\" content=\"Xunta de Galicia. Subalternos A.P (discapacidad intelectual). Se publican diversos Acuerdos del Tribunal Calificador de este proceso selectivo.\" \/>\n<meta property=\"og:url\" content=\"https:\/\/www.emplea-te.com\/noticias-oposiciones\/xunta-de-galicia-subalternos-a-p-discapacidad-intelectual-se-publican-diversos-acuerdos-del-tribunal-calificador-de-este-proceso-selectivo\/\" \/>\n<meta property=\"og:site_name\" content=\"Noticas de oposiciones por Academia Emplea-te\" \/>\n<meta property=\"article:publisher\" content=\"https:\/\/www.facebook.com\/AcademiaEmpleate\/\" \/>\n<meta property=\"article:published_time\" content=\"2024-05-10T07:54:27+00:00\" \/>\n<meta name=\"author\" content=\"Empleate\" \/>\n<meta name=\"twitter:card\" content=\"summary_large_image\" \/>\n<meta name=\"twitter:creator\" content=\"@Emplea_Te\" \/>\n<meta name=\"twitter:site\" content=\"@Emplea_Te\" \/>\n<meta name=\"twitter:label1\" content=\"Escrito por\" \/>\n\t<meta name=\"twitter:data1\" content=\"Empleate\" \/>\n\t<meta name=\"twitter:label2\" content=\"Tiempo de lectura\" \/>\n\t<meta name=\"twitter:data2\" content=\"4 minutos\" \/>\n<script type=\"application\/ld+json\" class=\"yoast-schema-graph\">{\"@context\":\"https:\\\/\\\/schema.org\",\"@graph\":[{\"@type\":\"Article\",\"@id\":\"https:\\\/\\\/www.emplea-te.com\\\/noticias-oposiciones\\\/xunta-de-galicia-subalternos-a-p-discapacidad-intelectual-se-publican-diversos-acuerdos-del-tribunal-calificador-de-este-proceso-selectivo\\\/#article\",\"isPartOf\":{\"@id\":\"https:\\\/\\\/www.emplea-te.com\\\/noticias-oposiciones\\\/xunta-de-galicia-subalternos-a-p-discapacidad-intelectual-se-publican-diversos-acuerdos-del-tribunal-calificador-de-este-proceso-selectivo\\\/\"},\"author\":{\"name\":\"Empleate\",\"@id\":\"https:\\\/\\\/www.emplea-te.com\\\/noticias-oposiciones\\\/#\\\/schema\\\/person\\\/d1bc587e1af2b95e9c32aba1795509a6\"},\"headline\":\"Xunta de Galicia. Subalternos A.P (discapacidad intelectual). Se publican diversos Acuerdos del Tribunal Calificador de este proceso selectivo.\",\"datePublished\":\"2024-05-10T07:54:27+00:00\",\"mainEntityOfPage\":{\"@id\":\"https:\\\/\\\/www.emplea-te.com\\\/noticias-oposiciones\\\/xunta-de-galicia-subalternos-a-p-discapacidad-intelectual-se-publican-diversos-acuerdos-del-tribunal-calificador-de-este-proceso-selectivo\\\/\"},\"wordCount\":841,\"publisher\":{\"@id\":\"https:\\\/\\\/www.emplea-te.com\\\/noticias-oposiciones\\\/#organization\"},\"keywords\":[\"Informaci\u00f3n procesos selectivos\"],\"articleSection\":[\"Oposiciones Auton\u00f3micas Galicia\",\"Oposiciones Xunta\"],\"inLanguage\":\"es\"},{\"@type\":\"WebPage\",\"@id\":\"https:\\\/\\\/www.emplea-te.com\\\/noticias-oposiciones\\\/xunta-de-galicia-subalternos-a-p-discapacidad-intelectual-se-publican-diversos-acuerdos-del-tribunal-calificador-de-este-proceso-selectivo\\\/\",\"url\":\"https:\\\/\\\/www.emplea-te.com\\\/noticias-oposiciones\\\/xunta-de-galicia-subalternos-a-p-discapacidad-intelectual-se-publican-diversos-acuerdos-del-tribunal-calificador-de-este-proceso-selectivo\\\/\",\"name\":\"Xunta de Galicia. Subalternos A.P (discapacidad intelectual).\",\"isPartOf\":{\"@id\":\"https:\\\/\\\/www.emplea-te.com\\\/noticias-oposiciones\\\/#website\"},\"datePublished\":\"2024-05-10T07:54:27+00:00\",\"description\":\"Xunta de Galicia. Subalternos A.P (discapacidad intelectual). Se publican diversos Acuerdos del Tribunal Calificador de este proceso selectivo.\",\"breadcrumb\":{\"@id\":\"https:\\\/\\\/www.emplea-te.com\\\/noticias-oposiciones\\\/xunta-de-galicia-subalternos-a-p-discapacidad-intelectual-se-publican-diversos-acuerdos-del-tribunal-calificador-de-este-proceso-selectivo\\\/#breadcrumb\"},\"inLanguage\":\"es\",\"potentialAction\":[{\"@type\":\"ReadAction\",\"target\":[\"https:\\\/\\\/www.emplea-te.com\\\/noticias-oposiciones\\\/xunta-de-galicia-subalternos-a-p-discapacidad-intelectual-se-publican-diversos-acuerdos-del-tribunal-calificador-de-este-proceso-selectivo\\\/\"]}]},{\"@type\":\"BreadcrumbList\",\"@id\":\"https:\\\/\\\/www.emplea-te.com\\\/noticias-oposiciones\\\/xunta-de-galicia-subalternos-a-p-discapacidad-intelectual-se-publican-diversos-acuerdos-del-tribunal-calificador-de-este-proceso-selectivo\\\/#breadcrumb\",\"itemListElement\":[{\"@type\":\"ListItem\",\"position\":1,\"name\":\"Noticias Oposiciones\",\"item\":\"https:\\\/\\\/www.emplea-te.com\\\/noticias-oposiciones\\\/\"},{\"@type\":\"ListItem\",\"position\":2,\"name\":\"Oposiciones Xunta\",\"item\":\"https:\\\/\\\/www.emplea-te.com\\\/noticias-oposiciones\\\/categoria\\\/oposiciones-xunta\\\/\"},{\"@type\":\"ListItem\",\"position\":3,\"name\":\"Xunta de Galicia. Subalternos A.P (discapacidad intelectual). Se publican diversos Acuerdos del Tribunal Calificador de este proceso selectivo.\"}]},{\"@type\":\"WebSite\",\"@id\":\"https:\\\/\\\/www.emplea-te.com\\\/noticias-oposiciones\\\/#website\",\"url\":\"https:\\\/\\\/www.emplea-te.com\\\/noticias-oposiciones\\\/\",\"name\":\"Noticas de oposiciones por Academia Emplea-te\",\"description\":\"Toda la actualidad de las ofertas y convocatorias.\",\"publisher\":{\"@id\":\"https:\\\/\\\/www.emplea-te.com\\\/noticias-oposiciones\\\/#organization\"},\"potentialAction\":[{\"@type\":\"SearchAction\",\"target\":{\"@type\":\"EntryPoint\",\"urlTemplate\":\"https:\\\/\\\/www.emplea-te.com\\\/noticias-oposiciones\\\/?s={search_term_string}\"},\"query-input\":{\"@type\":\"PropertyValueSpecification\",\"valueRequired\":true,\"valueName\":\"search_term_string\"}}],\"inLanguage\":\"es\"},{\"@type\":\"Organization\",\"@id\":\"https:\\\/\\\/www.emplea-te.com\\\/noticias-oposiciones\\\/#organization\",\"name\":\"Academia de oposiciones Empl\u00e9ate\",\"url\":\"https:\\\/\\\/www.emplea-te.com\\\/noticias-oposiciones\\\/\",\"logo\":{\"@type\":\"ImageObject\",\"inLanguage\":\"es\",\"@id\":\"https:\\\/\\\/www.emplea-te.com\\\/noticias-oposiciones\\\/#\\\/schema\\\/logo\\\/image\\\/\",\"url\":\"https:\\\/\\\/www.emplea-te.com\\\/noticias-oposiciones\\\/wp-content\\\/uploads\\\/2019\\\/04\\\/empleate.jpg\",\"contentUrl\":\"https:\\\/\\\/www.emplea-te.com\\\/noticias-oposiciones\\\/wp-content\\\/uploads\\\/2019\\\/04\\\/empleate.jpg\",\"width\":250,\"height\":150,\"caption\":\"Academia de oposiciones Empl\u00e9ate\"},\"image\":{\"@id\":\"https:\\\/\\\/www.emplea-te.com\\\/noticias-oposiciones\\\/#\\\/schema\\\/logo\\\/image\\\/\"},\"sameAs\":[\"https:\\\/\\\/www.facebook.com\\\/AcademiaEmpleate\\\/\",\"https:\\\/\\\/x.com\\\/Emplea_Te\",\"https:\\\/\\\/www.instagram.com\\\/academia_empleate\\\/\"]},{\"@type\":\"Person\",\"@id\":\"https:\\\/\\\/www.emplea-te.com\\\/noticias-oposiciones\\\/#\\\/schema\\\/person\\\/d1bc587e1af2b95e9c32aba1795509a6\",\"name\":\"Empleate\"}]}<\/script>\n<!-- \/ Yoast SEO plugin. -->","yoast_head_json":{"title":"Xunta de Galicia. Subalternos A.P (discapacidad intelectual).","description":"Xunta de Galicia. Subalternos A.P (discapacidad intelectual). Se publican diversos Acuerdos del Tribunal Calificador de este proceso selectivo.","robots":{"index":"index","follow":"follow","max-snippet":"max-snippet:-1","max-image-preview":"max-image-preview:large","max-video-preview":"max-video-preview:-1"},"canonical":"https:\/\/www.emplea-te.com\/noticias-oposiciones\/xunta-de-galicia-subalternos-a-p-discapacidad-intelectual-se-publican-diversos-acuerdos-del-tribunal-calificador-de-este-proceso-selectivo\/","og_locale":"es_ES","og_type":"article","og_title":"Xunta de Galicia. Subalternos A.P (discapacidad intelectual).","og_description":"Xunta de Galicia. Subalternos A.P (discapacidad intelectual). Se publican diversos Acuerdos del Tribunal Calificador de este proceso selectivo.","og_url":"https:\/\/www.emplea-te.com\/noticias-oposiciones\/xunta-de-galicia-subalternos-a-p-discapacidad-intelectual-se-publican-diversos-acuerdos-del-tribunal-calificador-de-este-proceso-selectivo\/","og_site_name":"Noticas de oposiciones por Academia Emplea-te","article_publisher":"https:\/\/www.facebook.com\/AcademiaEmpleate\/","article_published_time":"2024-05-10T07:54:27+00:00","author":"Empleate","twitter_card":"summary_large_image","twitter_creator":"@Emplea_Te","twitter_site":"@Emplea_Te","twitter_misc":{"Escrito por":"Empleate","Tiempo de lectura":"4 minutos"},"schema":{"@context":"https:\/\/schema.org","@graph":[{"@type":"Article","@id":"https:\/\/www.emplea-te.com\/noticias-oposiciones\/xunta-de-galicia-subalternos-a-p-discapacidad-intelectual-se-publican-diversos-acuerdos-del-tribunal-calificador-de-este-proceso-selectivo\/#article","isPartOf":{"@id":"https:\/\/www.emplea-te.com\/noticias-oposiciones\/xunta-de-galicia-subalternos-a-p-discapacidad-intelectual-se-publican-diversos-acuerdos-del-tribunal-calificador-de-este-proceso-selectivo\/"},"author":{"name":"Empleate","@id":"https:\/\/www.emplea-te.com\/noticias-oposiciones\/#\/schema\/person\/d1bc587e1af2b95e9c32aba1795509a6"},"headline":"Xunta de Galicia. Subalternos A.P (discapacidad intelectual). Se publican diversos Acuerdos del Tribunal Calificador de este proceso selectivo.","datePublished":"2024-05-10T07:54:27+00:00","mainEntityOfPage":{"@id":"https:\/\/www.emplea-te.com\/noticias-oposiciones\/xunta-de-galicia-subalternos-a-p-discapacidad-intelectual-se-publican-diversos-acuerdos-del-tribunal-calificador-de-este-proceso-selectivo\/"},"wordCount":841,"publisher":{"@id":"https:\/\/www.emplea-te.com\/noticias-oposiciones\/#organization"},"keywords":["Informaci\u00f3n procesos selectivos"],"articleSection":["Oposiciones Auton\u00f3micas Galicia","Oposiciones Xunta"],"inLanguage":"es"},{"@type":"WebPage","@id":"https:\/\/www.emplea-te.com\/noticias-oposiciones\/xunta-de-galicia-subalternos-a-p-discapacidad-intelectual-se-publican-diversos-acuerdos-del-tribunal-calificador-de-este-proceso-selectivo\/","url":"https:\/\/www.emplea-te.com\/noticias-oposiciones\/xunta-de-galicia-subalternos-a-p-discapacidad-intelectual-se-publican-diversos-acuerdos-del-tribunal-calificador-de-este-proceso-selectivo\/","name":"Xunta de Galicia. Subalternos A.P (discapacidad intelectual).","isPartOf":{"@id":"https:\/\/www.emplea-te.com\/noticias-oposiciones\/#website"},"datePublished":"2024-05-10T07:54:27+00:00","description":"Xunta de Galicia. Subalternos A.P (discapacidad intelectual). Se publican diversos Acuerdos del Tribunal Calificador de este proceso selectivo.","breadcrumb":{"@id":"https:\/\/www.emplea-te.com\/noticias-oposiciones\/xunta-de-galicia-subalternos-a-p-discapacidad-intelectual-se-publican-diversos-acuerdos-del-tribunal-calificador-de-este-proceso-selectivo\/#breadcrumb"},"inLanguage":"es","potentialAction":[{"@type":"ReadAction","target":["https:\/\/www.emplea-te.com\/noticias-oposiciones\/xunta-de-galicia-subalternos-a-p-discapacidad-intelectual-se-publican-diversos-acuerdos-del-tribunal-calificador-de-este-proceso-selectivo\/"]}]},{"@type":"BreadcrumbList","@id":"https:\/\/www.emplea-te.com\/noticias-oposiciones\/xunta-de-galicia-subalternos-a-p-discapacidad-intelectual-se-publican-diversos-acuerdos-del-tribunal-calificador-de-este-proceso-selectivo\/#breadcrumb","itemListElement":[{"@type":"ListItem","position":1,"name":"Noticias Oposiciones","item":"https:\/\/www.emplea-te.com\/noticias-oposiciones\/"},{"@type":"ListItem","position":2,"name":"Oposiciones Xunta","item":"https:\/\/www.emplea-te.com\/noticias-oposiciones\/categoria\/oposiciones-xunta\/"},{"@type":"ListItem","position":3,"name":"Xunta de Galicia. Subalternos A.P (discapacidad intelectual). Se publican diversos Acuerdos del Tribunal Calificador de este proceso selectivo."}]},{"@type":"WebSite","@id":"https:\/\/www.emplea-te.com\/noticias-oposiciones\/#website","url":"https:\/\/www.emplea-te.com\/noticias-oposiciones\/","name":"Noticas de oposiciones por Academia Emplea-te","description":"Toda la actualidad de las ofertas y convocatorias.","publisher":{"@id":"https:\/\/www.emplea-te.com\/noticias-oposiciones\/#organization"},"potentialAction":[{"@type":"SearchAction","target":{"@type":"EntryPoint","urlTemplate":"https:\/\/www.emplea-te.com\/noticias-oposiciones\/?s={search_term_string}"},"query-input":{"@type":"PropertyValueSpecification","valueRequired":true,"valueName":"search_term_string"}}],"inLanguage":"es"},{"@type":"Organization","@id":"https:\/\/www.emplea-te.com\/noticias-oposiciones\/#organization","name":"Academia de oposiciones Empl\u00e9ate","url":"https:\/\/www.emplea-te.com\/noticias-oposiciones\/","logo":{"@type":"ImageObject","inLanguage":"es","@id":"https:\/\/www.emplea-te.com\/noticias-oposiciones\/#\/schema\/logo\/image\/","url":"https:\/\/www.emplea-te.com\/noticias-oposiciones\/wp-content\/uploads\/2019\/04\/empleate.jpg","contentUrl":"https:\/\/www.emplea-te.com\/noticias-oposiciones\/wp-content\/uploads\/2019\/04\/empleate.jpg","width":250,"height":150,"caption":"Academia de oposiciones Empl\u00e9ate"},"image":{"@id":"https:\/\/www.emplea-te.com\/noticias-oposiciones\/#\/schema\/logo\/image\/"},"sameAs":["https:\/\/www.facebook.com\/AcademiaEmpleate\/","https:\/\/x.com\/Emplea_Te","https:\/\/www.instagram.com\/academia_empleate\/"]},{"@type":"Person","@id":"https:\/\/www.emplea-te.com\/noticias-oposiciones\/#\/schema\/person\/d1bc587e1af2b95e9c32aba1795509a6","name":"Empleate"}]}},"_links":{"self":[{"href":"https:\/\/www.emplea-te.com\/noticias-oposiciones\/wp-json\/wp\/v2\/posts\/12433","targetHints":{"allow":["GET"]}}],"collection":[{"href":"https:\/\/www.emplea-te.com\/noticias-oposiciones\/wp-json\/wp\/v2\/posts"}],"about":[{"href":"https:\/\/www.emplea-te.com\/noticias-oposiciones\/wp-json\/wp\/v2\/types\/post"}],"author":[{"embeddable":true,"href":"https:\/\/www.emplea-te.com\/noticias-oposiciones\/wp-json\/wp\/v2\/users\/1"}],"replies":[{"embeddable":true,"href":"https:\/\/www.emplea-te.com\/noticias-oposiciones\/wp-json\/wp\/v2\/comments?post=12433"}],"version-history":[{"count":1,"href":"https:\/\/www.emplea-te.com\/noticias-oposiciones\/wp-json\/wp\/v2\/posts\/12433\/revisions"}],"predecessor-version":[{"id":12434,"href":"https:\/\/www.emplea-te.com\/noticias-oposiciones\/wp-json\/wp\/v2\/posts\/12433\/revisions\/12434"}],"wp:attachment":[{"href":"https:\/\/www.emplea-te.com\/noticias-oposiciones\/wp-json\/wp\/v2\/media?parent=12433"}],"wp:term":[{"taxonomy":"category","embeddable":true,"href":"https:\/\/www.emplea-te.com\/noticias-oposiciones\/wp-json\/wp\/v2\/categories?post=12433"},{"taxonomy":"post_tag","embeddable":true,"href":"https:\/\/www.emplea-te.com\/noticias-oposiciones\/wp-json\/wp\/v2\/tags?post=12433"}],"curies":[{"name":"wp","href":"https:\/\/api.w.org\/{rel}","templated":true}]}}