{"id":12437,"date":"2024-05-10T10:01:30","date_gmt":"2024-05-10T08:01:30","guid":{"rendered":"https:\/\/www.emplea-te.com\/noticias-oposiciones\/?p=12437"},"modified":"2024-05-10T10:01:30","modified_gmt":"2024-05-10T08:01:30","slug":"ayuntamiento-de-parla-aprobada-la-oep-2024","status":"publish","type":"post","link":"https:\/\/www.emplea-te.com\/noticias-oposiciones\/ayuntamiento-de-parla-aprobada-la-oep-2024\/","title":{"rendered":"Ayuntamiento de Parla. Aprobada la OEP 2024."},"content":{"rendered":"<p>Se publica en el BOCM de hoy, d\u00eda 10 de mayo de 2024, la Resoluci\u00f3n por la que se aprueba la Oferta de Empleo P\u00fablico 2024 para el Ayuntamiento de Parla.<\/p>\n<p>De entre las plazas ofertadas destacamos las siguientes:<\/p>\n<p>3 Plazas de Auxiliar Administrativo C2 reservadas a personal funcionario y por turno libre.<\/p>\n<p><a href=\"https:\/\/www.bocm.es\/boletin\/CM_Orden_BOCM\/2024\/05\/10\/BOCM-20240510-74.PDF\" target=\"_blank\" rel=\"noopener\"><strong>Accede a la publicaci\u00f3n completa de esta OEP desde este enlace.<\/strong><\/a><\/p>\n<p>\u00bfBuscas academia para preparar tu oposici\u00f3n de Auxiliar Administrativo de Ayuntamientos de Madrid?<br \/>\nInf\u00f3rmate de nuestros <a href=\"https:\/\/academiamadrid.emplea-te.com\/\" target=\"_blank\" rel=\"noopener\"><strong>cursos exclusivos de preparaci\u00f3n de plazas de Auxiliares Administrativos de Ayuntamientos de Madrid.\u00a0<\/strong><\/a><\/p>\n","protected":false},"excerpt":{"rendered":"<p>Se publica en el BOCM de hoy, d\u00eda 10 de mayo de 2024, la Resoluci\u00f3n por la que se aprueba la Oferta de Empleo P\u00fablico 2024 para el Ayuntamiento de Parla. De entre las plazas ofertadas destacamos las siguientes: 3 Plazas de Auxiliar Administrativo C2 reservadas a personal funcionario y por turno libre. Accede a &hellip; <a href=\"https:\/\/www.emplea-te.com\/noticias-oposiciones\/ayuntamiento-de-parla-aprobada-la-oep-2024\/\" class=\"more-link\">Continuar leyendo<span class=\"screen-reader-text\"> \u00abAyuntamiento de Parla. Aprobada la OEP 2024.\u00bb<\/span><\/a><\/p>\n","protected":false},"author":1,"featured_media":0,"comment_status":"closed","ping_status":"closed","sticky":false,"template":"","format":"standard","meta":{"footnotes":""},"categories":[114,109],"tags":[84],"class_list":["post-12437","post","type-post","status-publish","format-standard","hentry","category-oeps-ayuntamientos","category-oposiciones-madrid","tag-oferta-de-empleo-publico"],"yoast_head":"<!-- This site is optimized with the Yoast SEO plugin v27.5 - https:\/\/yoast.com\/product\/yoast-seo-wordpress\/ -->\n<title>Ayuntamiento de Parla. Aprobada la OEP 2024.<\/title>\n<meta name=\"description\" content=\"Ayuntamiento de Parla. Aprobada la OEP 2024.\" \/>\n<meta name=\"robots\" content=\"index, follow, max-snippet:-1, max-image-preview:large, max-video-preview:-1\" \/>\n<link rel=\"canonical\" href=\"https:\/\/www.emplea-te.com\/noticias-oposiciones\/ayuntamiento-de-parla-aprobada-la-oep-2024\/\" \/>\n<meta property=\"og:locale\" content=\"es_ES\" \/>\n<meta property=\"og:type\" content=\"article\" \/>\n<meta property=\"og:title\" content=\"Ayuntamiento de Parla. Aprobada la OEP 2024.\" \/>\n<meta property=\"og:description\" content=\"Ayuntamiento de Parla. Aprobada la OEP 2024.\" \/>\n<meta property=\"og:url\" content=\"https:\/\/www.emplea-te.com\/noticias-oposiciones\/ayuntamiento-de-parla-aprobada-la-oep-2024\/\" \/>\n<meta property=\"og:site_name\" content=\"Noticas de oposiciones por Academia Emplea-te\" \/>\n<meta property=\"article:publisher\" content=\"https:\/\/www.facebook.com\/AcademiaEmpleate\/\" \/>\n<meta property=\"article:published_time\" content=\"2024-05-10T08:01:30+00:00\" \/>\n<meta name=\"author\" content=\"Empleate\" \/>\n<meta name=\"twitter:card\" content=\"summary_large_image\" \/>\n<meta name=\"twitter:creator\" content=\"@Emplea_Te\" \/>\n<meta name=\"twitter:site\" content=\"@Emplea_Te\" \/>\n<meta name=\"twitter:label1\" content=\"Escrito por\" \/>\n\t<meta name=\"twitter:data1\" content=\"Empleate\" \/>\n\t<meta name=\"twitter:label2\" content=\"Tiempo de lectura\" \/>\n\t<meta name=\"twitter:data2\" content=\"1 minuto\" \/>\n<script type=\"application\/ld+json\" class=\"yoast-schema-graph\">{\"@context\":\"https:\\\/\\\/schema.org\",\"@graph\":[{\"@type\":\"Article\",\"@id\":\"https:\\\/\\\/www.emplea-te.com\\\/noticias-oposiciones\\\/ayuntamiento-de-parla-aprobada-la-oep-2024\\\/#article\",\"isPartOf\":{\"@id\":\"https:\\\/\\\/www.emplea-te.com\\\/noticias-oposiciones\\\/ayuntamiento-de-parla-aprobada-la-oep-2024\\\/\"},\"author\":{\"name\":\"Empleate\",\"@id\":\"https:\\\/\\\/www.emplea-te.com\\\/noticias-oposiciones\\\/#\\\/schema\\\/person\\\/d1bc587e1af2b95e9c32aba1795509a6\"},\"headline\":\"Ayuntamiento de Parla. Aprobada la OEP 2024.\",\"datePublished\":\"2024-05-10T08:01:30+00:00\",\"mainEntityOfPage\":{\"@id\":\"https:\\\/\\\/www.emplea-te.com\\\/noticias-oposiciones\\\/ayuntamiento-de-parla-aprobada-la-oep-2024\\\/\"},\"wordCount\":102,\"publisher\":{\"@id\":\"https:\\\/\\\/www.emplea-te.com\\\/noticias-oposiciones\\\/#organization\"},\"keywords\":[\"Oferta de Empleo P\u00fablico\"],\"articleSection\":[\"OEPS AYUNTAMIENTOS\",\"Oposiciones Madrid.\"],\"inLanguage\":\"es\"},{\"@type\":\"WebPage\",\"@id\":\"https:\\\/\\\/www.emplea-te.com\\\/noticias-oposiciones\\\/ayuntamiento-de-parla-aprobada-la-oep-2024\\\/\",\"url\":\"https:\\\/\\\/www.emplea-te.com\\\/noticias-oposiciones\\\/ayuntamiento-de-parla-aprobada-la-oep-2024\\\/\",\"name\":\"Ayuntamiento de Parla. Aprobada la OEP 2024.\",\"isPartOf\":{\"@id\":\"https:\\\/\\\/www.emplea-te.com\\\/noticias-oposiciones\\\/#website\"},\"datePublished\":\"2024-05-10T08:01:30+00:00\",\"description\":\"Ayuntamiento de Parla. Aprobada la OEP 2024.\",\"breadcrumb\":{\"@id\":\"https:\\\/\\\/www.emplea-te.com\\\/noticias-oposiciones\\\/ayuntamiento-de-parla-aprobada-la-oep-2024\\\/#breadcrumb\"},\"inLanguage\":\"es\",\"potentialAction\":[{\"@type\":\"ReadAction\",\"target\":[\"https:\\\/\\\/www.emplea-te.com\\\/noticias-oposiciones\\\/ayuntamiento-de-parla-aprobada-la-oep-2024\\\/\"]}]},{\"@type\":\"BreadcrumbList\",\"@id\":\"https:\\\/\\\/www.emplea-te.com\\\/noticias-oposiciones\\\/ayuntamiento-de-parla-aprobada-la-oep-2024\\\/#breadcrumb\",\"itemListElement\":[{\"@type\":\"ListItem\",\"position\":1,\"name\":\"Noticias Oposiciones\",\"item\":\"https:\\\/\\\/www.emplea-te.com\\\/noticias-oposiciones\\\/\"},{\"@type\":\"ListItem\",\"position\":2,\"name\":\"Oposiciones Madrid.\",\"item\":\"https:\\\/\\\/www.emplea-te.com\\\/noticias-oposiciones\\\/categoria\\\/oposiciones-madrid\\\/\"},{\"@type\":\"ListItem\",\"position\":3,\"name\":\"Ayuntamiento de Parla. Aprobada la OEP 2024.\"}]},{\"@type\":\"WebSite\",\"@id\":\"https:\\\/\\\/www.emplea-te.com\\\/noticias-oposiciones\\\/#website\",\"url\":\"https:\\\/\\\/www.emplea-te.com\\\/noticias-oposiciones\\\/\",\"name\":\"Noticas de oposiciones por Academia Emplea-te\",\"description\":\"Toda la actualidad de las ofertas y convocatorias.\",\"publisher\":{\"@id\":\"https:\\\/\\\/www.emplea-te.com\\\/noticias-oposiciones\\\/#organization\"},\"potentialAction\":[{\"@type\":\"SearchAction\",\"target\":{\"@type\":\"EntryPoint\",\"urlTemplate\":\"https:\\\/\\\/www.emplea-te.com\\\/noticias-oposiciones\\\/?s={search_term_string}\"},\"query-input\":{\"@type\":\"PropertyValueSpecification\",\"valueRequired\":true,\"valueName\":\"search_term_string\"}}],\"inLanguage\":\"es\"},{\"@type\":\"Organization\",\"@id\":\"https:\\\/\\\/www.emplea-te.com\\\/noticias-oposiciones\\\/#organization\",\"name\":\"Academia de oposiciones Empl\u00e9ate\",\"url\":\"https:\\\/\\\/www.emplea-te.com\\\/noticias-oposiciones\\\/\",\"logo\":{\"@type\":\"ImageObject\",\"inLanguage\":\"es\",\"@id\":\"https:\\\/\\\/www.emplea-te.com\\\/noticias-oposiciones\\\/#\\\/schema\\\/logo\\\/image\\\/\",\"url\":\"https:\\\/\\\/www.emplea-te.com\\\/noticias-oposiciones\\\/wp-content\\\/uploads\\\/2019\\\/04\\\/empleate.jpg\",\"contentUrl\":\"https:\\\/\\\/www.emplea-te.com\\\/noticias-oposiciones\\\/wp-content\\\/uploads\\\/2019\\\/04\\\/empleate.jpg\",\"width\":250,\"height\":150,\"caption\":\"Academia de oposiciones Empl\u00e9ate\"},\"image\":{\"@id\":\"https:\\\/\\\/www.emplea-te.com\\\/noticias-oposiciones\\\/#\\\/schema\\\/logo\\\/image\\\/\"},\"sameAs\":[\"https:\\\/\\\/www.facebook.com\\\/AcademiaEmpleate\\\/\",\"https:\\\/\\\/x.com\\\/Emplea_Te\",\"https:\\\/\\\/www.instagram.com\\\/academia_empleate\\\/\"]},{\"@type\":\"Person\",\"@id\":\"https:\\\/\\\/www.emplea-te.com\\\/noticias-oposiciones\\\/#\\\/schema\\\/person\\\/d1bc587e1af2b95e9c32aba1795509a6\",\"name\":\"Empleate\"}]}<\/script>\n<!-- \/ Yoast SEO plugin. -->","yoast_head_json":{"title":"Ayuntamiento de Parla. Aprobada la OEP 2024.","description":"Ayuntamiento de Parla. Aprobada la OEP 2024.","robots":{"index":"index","follow":"follow","max-snippet":"max-snippet:-1","max-image-preview":"max-image-preview:large","max-video-preview":"max-video-preview:-1"},"canonical":"https:\/\/www.emplea-te.com\/noticias-oposiciones\/ayuntamiento-de-parla-aprobada-la-oep-2024\/","og_locale":"es_ES","og_type":"article","og_title":"Ayuntamiento de Parla. Aprobada la OEP 2024.","og_description":"Ayuntamiento de Parla. Aprobada la OEP 2024.","og_url":"https:\/\/www.emplea-te.com\/noticias-oposiciones\/ayuntamiento-de-parla-aprobada-la-oep-2024\/","og_site_name":"Noticas de oposiciones por Academia Emplea-te","article_publisher":"https:\/\/www.facebook.com\/AcademiaEmpleate\/","article_published_time":"2024-05-10T08:01:30+00:00","author":"Empleate","twitter_card":"summary_large_image","twitter_creator":"@Emplea_Te","twitter_site":"@Emplea_Te","twitter_misc":{"Escrito por":"Empleate","Tiempo de lectura":"1 minuto"},"schema":{"@context":"https:\/\/schema.org","@graph":[{"@type":"Article","@id":"https:\/\/www.emplea-te.com\/noticias-oposiciones\/ayuntamiento-de-parla-aprobada-la-oep-2024\/#article","isPartOf":{"@id":"https:\/\/www.emplea-te.com\/noticias-oposiciones\/ayuntamiento-de-parla-aprobada-la-oep-2024\/"},"author":{"name":"Empleate","@id":"https:\/\/www.emplea-te.com\/noticias-oposiciones\/#\/schema\/person\/d1bc587e1af2b95e9c32aba1795509a6"},"headline":"Ayuntamiento de Parla. Aprobada la OEP 2024.","datePublished":"2024-05-10T08:01:30+00:00","mainEntityOfPage":{"@id":"https:\/\/www.emplea-te.com\/noticias-oposiciones\/ayuntamiento-de-parla-aprobada-la-oep-2024\/"},"wordCount":102,"publisher":{"@id":"https:\/\/www.emplea-te.com\/noticias-oposiciones\/#organization"},"keywords":["Oferta de Empleo P\u00fablico"],"articleSection":["OEPS AYUNTAMIENTOS","Oposiciones Madrid."],"inLanguage":"es"},{"@type":"WebPage","@id":"https:\/\/www.emplea-te.com\/noticias-oposiciones\/ayuntamiento-de-parla-aprobada-la-oep-2024\/","url":"https:\/\/www.emplea-te.com\/noticias-oposiciones\/ayuntamiento-de-parla-aprobada-la-oep-2024\/","name":"Ayuntamiento de Parla. Aprobada la OEP 2024.","isPartOf":{"@id":"https:\/\/www.emplea-te.com\/noticias-oposiciones\/#website"},"datePublished":"2024-05-10T08:01:30+00:00","description":"Ayuntamiento de Parla. Aprobada la OEP 2024.","breadcrumb":{"@id":"https:\/\/www.emplea-te.com\/noticias-oposiciones\/ayuntamiento-de-parla-aprobada-la-oep-2024\/#breadcrumb"},"inLanguage":"es","potentialAction":[{"@type":"ReadAction","target":["https:\/\/www.emplea-te.com\/noticias-oposiciones\/ayuntamiento-de-parla-aprobada-la-oep-2024\/"]}]},{"@type":"BreadcrumbList","@id":"https:\/\/www.emplea-te.com\/noticias-oposiciones\/ayuntamiento-de-parla-aprobada-la-oep-2024\/#breadcrumb","itemListElement":[{"@type":"ListItem","position":1,"name":"Noticias Oposiciones","item":"https:\/\/www.emplea-te.com\/noticias-oposiciones\/"},{"@type":"ListItem","position":2,"name":"Oposiciones Madrid.","item":"https:\/\/www.emplea-te.com\/noticias-oposiciones\/categoria\/oposiciones-madrid\/"},{"@type":"ListItem","position":3,"name":"Ayuntamiento de Parla. Aprobada la OEP 2024."}]},{"@type":"WebSite","@id":"https:\/\/www.emplea-te.com\/noticias-oposiciones\/#website","url":"https:\/\/www.emplea-te.com\/noticias-oposiciones\/","name":"Noticas de oposiciones por Academia Emplea-te","description":"Toda la actualidad de las ofertas y convocatorias.","publisher":{"@id":"https:\/\/www.emplea-te.com\/noticias-oposiciones\/#organization"},"potentialAction":[{"@type":"SearchAction","target":{"@type":"EntryPoint","urlTemplate":"https:\/\/www.emplea-te.com\/noticias-oposiciones\/?s={search_term_string}"},"query-input":{"@type":"PropertyValueSpecification","valueRequired":true,"valueName":"search_term_string"}}],"inLanguage":"es"},{"@type":"Organization","@id":"https:\/\/www.emplea-te.com\/noticias-oposiciones\/#organization","name":"Academia de oposiciones Empl\u00e9ate","url":"https:\/\/www.emplea-te.com\/noticias-oposiciones\/","logo":{"@type":"ImageObject","inLanguage":"es","@id":"https:\/\/www.emplea-te.com\/noticias-oposiciones\/#\/schema\/logo\/image\/","url":"https:\/\/www.emplea-te.com\/noticias-oposiciones\/wp-content\/uploads\/2019\/04\/empleate.jpg","contentUrl":"https:\/\/www.emplea-te.com\/noticias-oposiciones\/wp-content\/uploads\/2019\/04\/empleate.jpg","width":250,"height":150,"caption":"Academia de oposiciones Empl\u00e9ate"},"image":{"@id":"https:\/\/www.emplea-te.com\/noticias-oposiciones\/#\/schema\/logo\/image\/"},"sameAs":["https:\/\/www.facebook.com\/AcademiaEmpleate\/","https:\/\/x.com\/Emplea_Te","https:\/\/www.instagram.com\/academia_empleate\/"]},{"@type":"Person","@id":"https:\/\/www.emplea-te.com\/noticias-oposiciones\/#\/schema\/person\/d1bc587e1af2b95e9c32aba1795509a6","name":"Empleate"}]}},"_links":{"self":[{"href":"https:\/\/www.emplea-te.com\/noticias-oposiciones\/wp-json\/wp\/v2\/posts\/12437","targetHints":{"allow":["GET"]}}],"collection":[{"href":"https:\/\/www.emplea-te.com\/noticias-oposiciones\/wp-json\/wp\/v2\/posts"}],"about":[{"href":"https:\/\/www.emplea-te.com\/noticias-oposiciones\/wp-json\/wp\/v2\/types\/post"}],"author":[{"embeddable":true,"href":"https:\/\/www.emplea-te.com\/noticias-oposiciones\/wp-json\/wp\/v2\/users\/1"}],"replies":[{"embeddable":true,"href":"https:\/\/www.emplea-te.com\/noticias-oposiciones\/wp-json\/wp\/v2\/comments?post=12437"}],"version-history":[{"count":1,"href":"https:\/\/www.emplea-te.com\/noticias-oposiciones\/wp-json\/wp\/v2\/posts\/12437\/revisions"}],"predecessor-version":[{"id":12438,"href":"https:\/\/www.emplea-te.com\/noticias-oposiciones\/wp-json\/wp\/v2\/posts\/12437\/revisions\/12438"}],"wp:attachment":[{"href":"https:\/\/www.emplea-te.com\/noticias-oposiciones\/wp-json\/wp\/v2\/media?parent=12437"}],"wp:term":[{"taxonomy":"category","embeddable":true,"href":"https:\/\/www.emplea-te.com\/noticias-oposiciones\/wp-json\/wp\/v2\/categories?post=12437"},{"taxonomy":"post_tag","embeddable":true,"href":"https:\/\/www.emplea-te.com\/noticias-oposiciones\/wp-json\/wp\/v2\/tags?post=12437"}],"curies":[{"name":"wp","href":"https:\/\/api.w.org\/{rel}","templated":true}]}}