{"id":12439,"date":"2024-05-10T10:10:48","date_gmt":"2024-05-10T08:10:48","guid":{"rendered":"https:\/\/www.emplea-te.com\/noticias-oposiciones\/?p=12439"},"modified":"2024-05-10T10:34:38","modified_gmt":"2024-05-10T08:34:38","slug":"ayuntamiento-de-pozuelo-de-alarcon-publicacion-bases-regidoras-de-la-convocatoria-del-proceso-selectivo-que-sera-convocado-para-cubrir-3-plazas-de-tecnico-de-gestion-a2-por-oposicion-en-turno-libre","status":"publish","type":"post","link":"https:\/\/www.emplea-te.com\/noticias-oposiciones\/ayuntamiento-de-pozuelo-de-alarcon-publicacion-bases-regidoras-de-la-convocatoria-del-proceso-selectivo-que-sera-convocado-para-cubrir-3-plazas-de-tecnico-de-gestion-a2-por-oposicion-en-turno-libre\/","title":{"rendered":"Ayuntamiento de Pozuelo de Alarc\u00f3n. Publicaci\u00f3n bases regidoras de la convocatoria del proceso selectivo que ser\u00e1 convocado para cubrir 3 plazas de T\u00e9cnico de Gesti\u00f3n A2 por oposici\u00f3n en turno libre."},"content":{"rendered":"<p>Se publica en el BOCM de hoy, d\u00eda 10 de mayo de 2024, la Resoluci\u00f3n por la que se aprueban las bases que ha de regir el proceso selectivo para la cobertura de la\/s plaza\/s, cuyos datos\u00a0 se indican a continuaci\u00f3n:<\/p>\n<p>Es objeto de estas bases y su consiguiente convocatoria la cobertura, con car\u00e1cter de funcionario\/a de carrera, por turno libre, de tres plazas de t\u00e9cnico\/a de Gesti\u00f3n, encuadradas en la escala de Administraci\u00f3n General, subescala de Gesti\u00f3n, grupo A, subgrupo A2, del Ayuntamiento de Pozuelo de Alarc\u00f3n.<\/p>\n<p>Plazo de presentaci\u00f3n de solicitudes Veinte d\u00edas naturales a partir del d\u00eda siguiente a la publicaci\u00f3n del extracto de la convocatoria en el \u201cBolet\u00edn Oficial del Estado\u201d.<\/p>\n<p>Titulaci\u00f3n exigida: T\u00edtulo de Grado o Diplomatura Universitaria, Ingenier\u00eda T\u00e9cnica, Arquitectura T\u00e9cnica.<\/p>\n<p>Sistema de selecci\u00f3n:\u00a0 El sistema selectivo ser\u00e1 el de oposici\u00f3n y constar\u00e1 de\u00a0 3 ejercicios.<\/p>\n<p><a href=\"https:\/\/www.bocm.es\/boletin\/CM_Orden_BOCM\/2024\/05\/10\/BOCM-20240510-76.PDF\" target=\"_blank\" rel=\"noopener\"><strong>Accede a la consulta de las bases desde este enlace<\/strong><\/a><\/p>\n<p><a href=\"https:\/\/sede.pozuelodealarcon.es\/sede\/action\/infopublica?method=enter&amp;edictos=true#l4\" target=\"_blank\" rel=\"noopener\"><strong>Las bases tambi\u00e9n ser\u00e1n publicadas en la sede electr\u00f3nica del Ayuntamiento de Pozuelo de Alarc\u00f3n.<\/strong><\/a><\/p>\n<p><a href=\"https:\/\/academiamadrid.emplea-te.com\/\" target=\"_blank\" rel=\"noopener\"><strong>Inf\u00f3rmate de nuestros cursos para preparar oposiciones de T\u00e9cnico de Gesti\u00f3n A2 para Ayuntamientos de Madrid.\u00a0<\/strong><\/a><\/p>\n","protected":false},"excerpt":{"rendered":"<p>Se publica en el BOCM de hoy, d\u00eda 10 de mayo de 2024, la Resoluci\u00f3n por la que se aprueban las bases que ha de regir el proceso selectivo para la cobertura de la\/s plaza\/s, cuyos datos\u00a0 se indican a continuaci\u00f3n: Es objeto de estas bases y su consiguiente convocatoria la cobertura, con car\u00e1cter de &hellip; <a href=\"https:\/\/www.emplea-te.com\/noticias-oposiciones\/ayuntamiento-de-pozuelo-de-alarcon-publicacion-bases-regidoras-de-la-convocatoria-del-proceso-selectivo-que-sera-convocado-para-cubrir-3-plazas-de-tecnico-de-gestion-a2-por-oposicion-en-turno-libre\/\" class=\"more-link\">Continuar leyendo<span class=\"screen-reader-text\"> \u00abAyuntamiento de Pozuelo de Alarc\u00f3n. Publicaci\u00f3n bases regidoras de la convocatoria del proceso selectivo que ser\u00e1 convocado para cubrir 3 plazas de T\u00e9cnico de Gesti\u00f3n A2 por oposici\u00f3n en turno libre.\u00bb<\/span><\/a><\/p>\n","protected":false},"author":1,"featured_media":0,"comment_status":"closed","ping_status":"closed","sticky":false,"template":"","format":"standard","meta":{"footnotes":""},"categories":[115,109],"tags":[117,103],"class_list":["post-12439","post","type-post","status-publish","format-standard","hentry","category-convocatoria-ayuntamientos","category-oposiciones-madrid","tag-anuncio-de-convocatoria","tag-informacion-procesos-selectivos"],"yoast_head":"<!-- This site is optimized with the Yoast SEO plugin v27.5 - https:\/\/yoast.com\/product\/yoast-seo-wordpress\/ -->\n<title>Ayto. de Pozuelo de Alarc\u00f3n. Convocatoria. Proceso selectivo.<\/title>\n<meta name=\"description\" content=\"Ayuntamiento de Pozuelo de Alarc\u00f3n. Publicaci\u00f3n bases regidoras de la convocatoria del proceso selectivo que ser\u00e1 convocado para cubrir 3 plazas de T\u00e9cnico de Gesti\u00f3n A2 por oposici\u00f3n en turno libre.\" \/>\n<meta name=\"robots\" content=\"index, follow, max-snippet:-1, max-image-preview:large, max-video-preview:-1\" \/>\n<link rel=\"canonical\" href=\"https:\/\/www.emplea-te.com\/noticias-oposiciones\/ayuntamiento-de-pozuelo-de-alarcon-publicacion-bases-regidoras-de-la-convocatoria-del-proceso-selectivo-que-sera-convocado-para-cubrir-3-plazas-de-tecnico-de-gestion-a2-por-oposicion-en-turno-libre\/\" \/>\n<meta property=\"og:locale\" content=\"es_ES\" \/>\n<meta property=\"og:type\" content=\"article\" \/>\n<meta property=\"og:title\" content=\"Ayto. de Pozuelo de Alarc\u00f3n. Convocatoria. Proceso selectivo.\" \/>\n<meta property=\"og:description\" content=\"Ayuntamiento de Pozuelo de Alarc\u00f3n. Publicaci\u00f3n bases regidoras de la convocatoria del proceso selectivo que ser\u00e1 convocado para cubrir 3 plazas de T\u00e9cnico de Gesti\u00f3n A2 por oposici\u00f3n en turno libre.\" \/>\n<meta property=\"og:url\" content=\"https:\/\/www.emplea-te.com\/noticias-oposiciones\/ayuntamiento-de-pozuelo-de-alarcon-publicacion-bases-regidoras-de-la-convocatoria-del-proceso-selectivo-que-sera-convocado-para-cubrir-3-plazas-de-tecnico-de-gestion-a2-por-oposicion-en-turno-libre\/\" \/>\n<meta property=\"og:site_name\" content=\"Noticas de oposiciones por Academia Emplea-te\" \/>\n<meta property=\"article:publisher\" content=\"https:\/\/www.facebook.com\/AcademiaEmpleate\/\" \/>\n<meta property=\"article:published_time\" content=\"2024-05-10T08:10:48+00:00\" \/>\n<meta property=\"article:modified_time\" content=\"2024-05-10T08:34:38+00:00\" \/>\n<meta name=\"author\" content=\"Empleate\" \/>\n<meta name=\"twitter:card\" content=\"summary_large_image\" \/>\n<meta name=\"twitter:creator\" content=\"@Emplea_Te\" \/>\n<meta name=\"twitter:site\" content=\"@Emplea_Te\" \/>\n<meta name=\"twitter:label1\" content=\"Escrito por\" \/>\n\t<meta name=\"twitter:data1\" content=\"Empleate\" \/>\n\t<meta name=\"twitter:label2\" content=\"Tiempo de lectura\" \/>\n\t<meta name=\"twitter:data2\" content=\"1 minuto\" \/>\n<script type=\"application\/ld+json\" class=\"yoast-schema-graph\">{\"@context\":\"https:\\\/\\\/schema.org\",\"@graph\":[{\"@type\":\"Article\",\"@id\":\"https:\\\/\\\/www.emplea-te.com\\\/noticias-oposiciones\\\/ayuntamiento-de-pozuelo-de-alarcon-publicacion-bases-regidoras-de-la-convocatoria-del-proceso-selectivo-que-sera-convocado-para-cubrir-3-plazas-de-tecnico-de-gestion-a2-por-oposicion-en-turno-libre\\\/#article\",\"isPartOf\":{\"@id\":\"https:\\\/\\\/www.emplea-te.com\\\/noticias-oposiciones\\\/ayuntamiento-de-pozuelo-de-alarcon-publicacion-bases-regidoras-de-la-convocatoria-del-proceso-selectivo-que-sera-convocado-para-cubrir-3-plazas-de-tecnico-de-gestion-a2-por-oposicion-en-turno-libre\\\/\"},\"author\":{\"name\":\"Empleate\",\"@id\":\"https:\\\/\\\/www.emplea-te.com\\\/noticias-oposiciones\\\/#\\\/schema\\\/person\\\/d1bc587e1af2b95e9c32aba1795509a6\"},\"headline\":\"Ayuntamiento de Pozuelo de Alarc\u00f3n. Publicaci\u00f3n bases regidoras de la convocatoria del proceso selectivo que ser\u00e1 convocado para cubrir 3 plazas de T\u00e9cnico de Gesti\u00f3n A2 por oposici\u00f3n en turno libre.\",\"datePublished\":\"2024-05-10T08:10:48+00:00\",\"dateModified\":\"2024-05-10T08:34:38+00:00\",\"mainEntityOfPage\":{\"@id\":\"https:\\\/\\\/www.emplea-te.com\\\/noticias-oposiciones\\\/ayuntamiento-de-pozuelo-de-alarcon-publicacion-bases-regidoras-de-la-convocatoria-del-proceso-selectivo-que-sera-convocado-para-cubrir-3-plazas-de-tecnico-de-gestion-a2-por-oposicion-en-turno-libre\\\/\"},\"wordCount\":247,\"publisher\":{\"@id\":\"https:\\\/\\\/www.emplea-te.com\\\/noticias-oposiciones\\\/#organization\"},\"keywords\":[\"Anuncio de convocatoria\",\"Informaci\u00f3n procesos selectivos\"],\"articleSection\":[\"CONVOCATORIA AYUNTAMIENTOS\",\"Oposiciones Madrid.\"],\"inLanguage\":\"es\"},{\"@type\":\"WebPage\",\"@id\":\"https:\\\/\\\/www.emplea-te.com\\\/noticias-oposiciones\\\/ayuntamiento-de-pozuelo-de-alarcon-publicacion-bases-regidoras-de-la-convocatoria-del-proceso-selectivo-que-sera-convocado-para-cubrir-3-plazas-de-tecnico-de-gestion-a2-por-oposicion-en-turno-libre\\\/\",\"url\":\"https:\\\/\\\/www.emplea-te.com\\\/noticias-oposiciones\\\/ayuntamiento-de-pozuelo-de-alarcon-publicacion-bases-regidoras-de-la-convocatoria-del-proceso-selectivo-que-sera-convocado-para-cubrir-3-plazas-de-tecnico-de-gestion-a2-por-oposicion-en-turno-libre\\\/\",\"name\":\"Ayto. de Pozuelo de Alarc\u00f3n. Convocatoria. Proceso selectivo.\",\"isPartOf\":{\"@id\":\"https:\\\/\\\/www.emplea-te.com\\\/noticias-oposiciones\\\/#website\"},\"datePublished\":\"2024-05-10T08:10:48+00:00\",\"dateModified\":\"2024-05-10T08:34:38+00:00\",\"description\":\"Ayuntamiento de Pozuelo de Alarc\u00f3n. Publicaci\u00f3n bases regidoras de la convocatoria del proceso selectivo que ser\u00e1 convocado para cubrir 3 plazas de T\u00e9cnico de Gesti\u00f3n A2 por oposici\u00f3n en turno libre.\",\"breadcrumb\":{\"@id\":\"https:\\\/\\\/www.emplea-te.com\\\/noticias-oposiciones\\\/ayuntamiento-de-pozuelo-de-alarcon-publicacion-bases-regidoras-de-la-convocatoria-del-proceso-selectivo-que-sera-convocado-para-cubrir-3-plazas-de-tecnico-de-gestion-a2-por-oposicion-en-turno-libre\\\/#breadcrumb\"},\"inLanguage\":\"es\",\"potentialAction\":[{\"@type\":\"ReadAction\",\"target\":[\"https:\\\/\\\/www.emplea-te.com\\\/noticias-oposiciones\\\/ayuntamiento-de-pozuelo-de-alarcon-publicacion-bases-regidoras-de-la-convocatoria-del-proceso-selectivo-que-sera-convocado-para-cubrir-3-plazas-de-tecnico-de-gestion-a2-por-oposicion-en-turno-libre\\\/\"]}]},{\"@type\":\"BreadcrumbList\",\"@id\":\"https:\\\/\\\/www.emplea-te.com\\\/noticias-oposiciones\\\/ayuntamiento-de-pozuelo-de-alarcon-publicacion-bases-regidoras-de-la-convocatoria-del-proceso-selectivo-que-sera-convocado-para-cubrir-3-plazas-de-tecnico-de-gestion-a2-por-oposicion-en-turno-libre\\\/#breadcrumb\",\"itemListElement\":[{\"@type\":\"ListItem\",\"position\":1,\"name\":\"Noticias Oposiciones\",\"item\":\"https:\\\/\\\/www.emplea-te.com\\\/noticias-oposiciones\\\/\"},{\"@type\":\"ListItem\",\"position\":2,\"name\":\"Oposiciones Madrid.\",\"item\":\"https:\\\/\\\/www.emplea-te.com\\\/noticias-oposiciones\\\/categoria\\\/oposiciones-madrid\\\/\"},{\"@type\":\"ListItem\",\"position\":3,\"name\":\"Ayuntamiento de Pozuelo de Alarc\u00f3n. Publicaci\u00f3n bases regidoras de la convocatoria del proceso selectivo que ser\u00e1 convocado para cubrir 3 plazas de T\u00e9cnico de Gesti\u00f3n A2 por oposici\u00f3n en turno libre.\"}]},{\"@type\":\"WebSite\",\"@id\":\"https:\\\/\\\/www.emplea-te.com\\\/noticias-oposiciones\\\/#website\",\"url\":\"https:\\\/\\\/www.emplea-te.com\\\/noticias-oposiciones\\\/\",\"name\":\"Noticas de oposiciones por Academia Emplea-te\",\"description\":\"Toda la actualidad de las ofertas y convocatorias.\",\"publisher\":{\"@id\":\"https:\\\/\\\/www.emplea-te.com\\\/noticias-oposiciones\\\/#organization\"},\"potentialAction\":[{\"@type\":\"SearchAction\",\"target\":{\"@type\":\"EntryPoint\",\"urlTemplate\":\"https:\\\/\\\/www.emplea-te.com\\\/noticias-oposiciones\\\/?s={search_term_string}\"},\"query-input\":{\"@type\":\"PropertyValueSpecification\",\"valueRequired\":true,\"valueName\":\"search_term_string\"}}],\"inLanguage\":\"es\"},{\"@type\":\"Organization\",\"@id\":\"https:\\\/\\\/www.emplea-te.com\\\/noticias-oposiciones\\\/#organization\",\"name\":\"Academia de oposiciones Empl\u00e9ate\",\"url\":\"https:\\\/\\\/www.emplea-te.com\\\/noticias-oposiciones\\\/\",\"logo\":{\"@type\":\"ImageObject\",\"inLanguage\":\"es\",\"@id\":\"https:\\\/\\\/www.emplea-te.com\\\/noticias-oposiciones\\\/#\\\/schema\\\/logo\\\/image\\\/\",\"url\":\"https:\\\/\\\/www.emplea-te.com\\\/noticias-oposiciones\\\/wp-content\\\/uploads\\\/2019\\\/04\\\/empleate.jpg\",\"contentUrl\":\"https:\\\/\\\/www.emplea-te.com\\\/noticias-oposiciones\\\/wp-content\\\/uploads\\\/2019\\\/04\\\/empleate.jpg\",\"width\":250,\"height\":150,\"caption\":\"Academia de oposiciones Empl\u00e9ate\"},\"image\":{\"@id\":\"https:\\\/\\\/www.emplea-te.com\\\/noticias-oposiciones\\\/#\\\/schema\\\/logo\\\/image\\\/\"},\"sameAs\":[\"https:\\\/\\\/www.facebook.com\\\/AcademiaEmpleate\\\/\",\"https:\\\/\\\/x.com\\\/Emplea_Te\",\"https:\\\/\\\/www.instagram.com\\\/academia_empleate\\\/\"]},{\"@type\":\"Person\",\"@id\":\"https:\\\/\\\/www.emplea-te.com\\\/noticias-oposiciones\\\/#\\\/schema\\\/person\\\/d1bc587e1af2b95e9c32aba1795509a6\",\"name\":\"Empleate\"}]}<\/script>\n<!-- \/ Yoast SEO plugin. -->","yoast_head_json":{"title":"Ayto. de Pozuelo de Alarc\u00f3n. Convocatoria. Proceso selectivo.","description":"Ayuntamiento de Pozuelo de Alarc\u00f3n. Publicaci\u00f3n bases regidoras de la convocatoria del proceso selectivo que ser\u00e1 convocado para cubrir 3 plazas de T\u00e9cnico de Gesti\u00f3n A2 por oposici\u00f3n en turno libre.","robots":{"index":"index","follow":"follow","max-snippet":"max-snippet:-1","max-image-preview":"max-image-preview:large","max-video-preview":"max-video-preview:-1"},"canonical":"https:\/\/www.emplea-te.com\/noticias-oposiciones\/ayuntamiento-de-pozuelo-de-alarcon-publicacion-bases-regidoras-de-la-convocatoria-del-proceso-selectivo-que-sera-convocado-para-cubrir-3-plazas-de-tecnico-de-gestion-a2-por-oposicion-en-turno-libre\/","og_locale":"es_ES","og_type":"article","og_title":"Ayto. de Pozuelo de Alarc\u00f3n. Convocatoria. Proceso selectivo.","og_description":"Ayuntamiento de Pozuelo de Alarc\u00f3n. Publicaci\u00f3n bases regidoras de la convocatoria del proceso selectivo que ser\u00e1 convocado para cubrir 3 plazas de T\u00e9cnico de Gesti\u00f3n A2 por oposici\u00f3n en turno libre.","og_url":"https:\/\/www.emplea-te.com\/noticias-oposiciones\/ayuntamiento-de-pozuelo-de-alarcon-publicacion-bases-regidoras-de-la-convocatoria-del-proceso-selectivo-que-sera-convocado-para-cubrir-3-plazas-de-tecnico-de-gestion-a2-por-oposicion-en-turno-libre\/","og_site_name":"Noticas de oposiciones por Academia Emplea-te","article_publisher":"https:\/\/www.facebook.com\/AcademiaEmpleate\/","article_published_time":"2024-05-10T08:10:48+00:00","article_modified_time":"2024-05-10T08:34:38+00:00","author":"Empleate","twitter_card":"summary_large_image","twitter_creator":"@Emplea_Te","twitter_site":"@Emplea_Te","twitter_misc":{"Escrito por":"Empleate","Tiempo de lectura":"1 minuto"},"schema":{"@context":"https:\/\/schema.org","@graph":[{"@type":"Article","@id":"https:\/\/www.emplea-te.com\/noticias-oposiciones\/ayuntamiento-de-pozuelo-de-alarcon-publicacion-bases-regidoras-de-la-convocatoria-del-proceso-selectivo-que-sera-convocado-para-cubrir-3-plazas-de-tecnico-de-gestion-a2-por-oposicion-en-turno-libre\/#article","isPartOf":{"@id":"https:\/\/www.emplea-te.com\/noticias-oposiciones\/ayuntamiento-de-pozuelo-de-alarcon-publicacion-bases-regidoras-de-la-convocatoria-del-proceso-selectivo-que-sera-convocado-para-cubrir-3-plazas-de-tecnico-de-gestion-a2-por-oposicion-en-turno-libre\/"},"author":{"name":"Empleate","@id":"https:\/\/www.emplea-te.com\/noticias-oposiciones\/#\/schema\/person\/d1bc587e1af2b95e9c32aba1795509a6"},"headline":"Ayuntamiento de Pozuelo de Alarc\u00f3n. Publicaci\u00f3n bases regidoras de la convocatoria del proceso selectivo que ser\u00e1 convocado para cubrir 3 plazas de T\u00e9cnico de Gesti\u00f3n A2 por oposici\u00f3n en turno libre.","datePublished":"2024-05-10T08:10:48+00:00","dateModified":"2024-05-10T08:34:38+00:00","mainEntityOfPage":{"@id":"https:\/\/www.emplea-te.com\/noticias-oposiciones\/ayuntamiento-de-pozuelo-de-alarcon-publicacion-bases-regidoras-de-la-convocatoria-del-proceso-selectivo-que-sera-convocado-para-cubrir-3-plazas-de-tecnico-de-gestion-a2-por-oposicion-en-turno-libre\/"},"wordCount":247,"publisher":{"@id":"https:\/\/www.emplea-te.com\/noticias-oposiciones\/#organization"},"keywords":["Anuncio de convocatoria","Informaci\u00f3n procesos selectivos"],"articleSection":["CONVOCATORIA AYUNTAMIENTOS","Oposiciones Madrid."],"inLanguage":"es"},{"@type":"WebPage","@id":"https:\/\/www.emplea-te.com\/noticias-oposiciones\/ayuntamiento-de-pozuelo-de-alarcon-publicacion-bases-regidoras-de-la-convocatoria-del-proceso-selectivo-que-sera-convocado-para-cubrir-3-plazas-de-tecnico-de-gestion-a2-por-oposicion-en-turno-libre\/","url":"https:\/\/www.emplea-te.com\/noticias-oposiciones\/ayuntamiento-de-pozuelo-de-alarcon-publicacion-bases-regidoras-de-la-convocatoria-del-proceso-selectivo-que-sera-convocado-para-cubrir-3-plazas-de-tecnico-de-gestion-a2-por-oposicion-en-turno-libre\/","name":"Ayto. de Pozuelo de Alarc\u00f3n. Convocatoria. Proceso selectivo.","isPartOf":{"@id":"https:\/\/www.emplea-te.com\/noticias-oposiciones\/#website"},"datePublished":"2024-05-10T08:10:48+00:00","dateModified":"2024-05-10T08:34:38+00:00","description":"Ayuntamiento de Pozuelo de Alarc\u00f3n. Publicaci\u00f3n bases regidoras de la convocatoria del proceso selectivo que ser\u00e1 convocado para cubrir 3 plazas de T\u00e9cnico de Gesti\u00f3n A2 por oposici\u00f3n en turno libre.","breadcrumb":{"@id":"https:\/\/www.emplea-te.com\/noticias-oposiciones\/ayuntamiento-de-pozuelo-de-alarcon-publicacion-bases-regidoras-de-la-convocatoria-del-proceso-selectivo-que-sera-convocado-para-cubrir-3-plazas-de-tecnico-de-gestion-a2-por-oposicion-en-turno-libre\/#breadcrumb"},"inLanguage":"es","potentialAction":[{"@type":"ReadAction","target":["https:\/\/www.emplea-te.com\/noticias-oposiciones\/ayuntamiento-de-pozuelo-de-alarcon-publicacion-bases-regidoras-de-la-convocatoria-del-proceso-selectivo-que-sera-convocado-para-cubrir-3-plazas-de-tecnico-de-gestion-a2-por-oposicion-en-turno-libre\/"]}]},{"@type":"BreadcrumbList","@id":"https:\/\/www.emplea-te.com\/noticias-oposiciones\/ayuntamiento-de-pozuelo-de-alarcon-publicacion-bases-regidoras-de-la-convocatoria-del-proceso-selectivo-que-sera-convocado-para-cubrir-3-plazas-de-tecnico-de-gestion-a2-por-oposicion-en-turno-libre\/#breadcrumb","itemListElement":[{"@type":"ListItem","position":1,"name":"Noticias Oposiciones","item":"https:\/\/www.emplea-te.com\/noticias-oposiciones\/"},{"@type":"ListItem","position":2,"name":"Oposiciones Madrid.","item":"https:\/\/www.emplea-te.com\/noticias-oposiciones\/categoria\/oposiciones-madrid\/"},{"@type":"ListItem","position":3,"name":"Ayuntamiento de Pozuelo de Alarc\u00f3n. Publicaci\u00f3n bases regidoras de la convocatoria del proceso selectivo que ser\u00e1 convocado para cubrir 3 plazas de T\u00e9cnico de Gesti\u00f3n A2 por oposici\u00f3n en turno libre."}]},{"@type":"WebSite","@id":"https:\/\/www.emplea-te.com\/noticias-oposiciones\/#website","url":"https:\/\/www.emplea-te.com\/noticias-oposiciones\/","name":"Noticas de oposiciones por Academia Emplea-te","description":"Toda la actualidad de las ofertas y convocatorias.","publisher":{"@id":"https:\/\/www.emplea-te.com\/noticias-oposiciones\/#organization"},"potentialAction":[{"@type":"SearchAction","target":{"@type":"EntryPoint","urlTemplate":"https:\/\/www.emplea-te.com\/noticias-oposiciones\/?s={search_term_string}"},"query-input":{"@type":"PropertyValueSpecification","valueRequired":true,"valueName":"search_term_string"}}],"inLanguage":"es"},{"@type":"Organization","@id":"https:\/\/www.emplea-te.com\/noticias-oposiciones\/#organization","name":"Academia de oposiciones Empl\u00e9ate","url":"https:\/\/www.emplea-te.com\/noticias-oposiciones\/","logo":{"@type":"ImageObject","inLanguage":"es","@id":"https:\/\/www.emplea-te.com\/noticias-oposiciones\/#\/schema\/logo\/image\/","url":"https:\/\/www.emplea-te.com\/noticias-oposiciones\/wp-content\/uploads\/2019\/04\/empleate.jpg","contentUrl":"https:\/\/www.emplea-te.com\/noticias-oposiciones\/wp-content\/uploads\/2019\/04\/empleate.jpg","width":250,"height":150,"caption":"Academia de oposiciones Empl\u00e9ate"},"image":{"@id":"https:\/\/www.emplea-te.com\/noticias-oposiciones\/#\/schema\/logo\/image\/"},"sameAs":["https:\/\/www.facebook.com\/AcademiaEmpleate\/","https:\/\/x.com\/Emplea_Te","https:\/\/www.instagram.com\/academia_empleate\/"]},{"@type":"Person","@id":"https:\/\/www.emplea-te.com\/noticias-oposiciones\/#\/schema\/person\/d1bc587e1af2b95e9c32aba1795509a6","name":"Empleate"}]}},"_links":{"self":[{"href":"https:\/\/www.emplea-te.com\/noticias-oposiciones\/wp-json\/wp\/v2\/posts\/12439","targetHints":{"allow":["GET"]}}],"collection":[{"href":"https:\/\/www.emplea-te.com\/noticias-oposiciones\/wp-json\/wp\/v2\/posts"}],"about":[{"href":"https:\/\/www.emplea-te.com\/noticias-oposiciones\/wp-json\/wp\/v2\/types\/post"}],"author":[{"embeddable":true,"href":"https:\/\/www.emplea-te.com\/noticias-oposiciones\/wp-json\/wp\/v2\/users\/1"}],"replies":[{"embeddable":true,"href":"https:\/\/www.emplea-te.com\/noticias-oposiciones\/wp-json\/wp\/v2\/comments?post=12439"}],"version-history":[{"count":3,"href":"https:\/\/www.emplea-te.com\/noticias-oposiciones\/wp-json\/wp\/v2\/posts\/12439\/revisions"}],"predecessor-version":[{"id":12442,"href":"https:\/\/www.emplea-te.com\/noticias-oposiciones\/wp-json\/wp\/v2\/posts\/12439\/revisions\/12442"}],"wp:attachment":[{"href":"https:\/\/www.emplea-te.com\/noticias-oposiciones\/wp-json\/wp\/v2\/media?parent=12439"}],"wp:term":[{"taxonomy":"category","embeddable":true,"href":"https:\/\/www.emplea-te.com\/noticias-oposiciones\/wp-json\/wp\/v2\/categories?post=12439"},{"taxonomy":"post_tag","embeddable":true,"href":"https:\/\/www.emplea-te.com\/noticias-oposiciones\/wp-json\/wp\/v2\/tags?post=12439"}],"curies":[{"name":"wp","href":"https:\/\/api.w.org\/{rel}","templated":true}]}}