{"id":1244,"date":"2018-10-09T00:00:00","date_gmt":"2018-10-08T22:00:00","guid":{"rendered":"https:\/\/www.emplea-te.com\/noticias-oposiciones\/publicada-convocatoria-en-boe-de-3-plazas-de-auxiliar-administrativo-para-el-concello-de-lugo\/"},"modified":"2018-10-09T00:00:00","modified_gmt":"2018-10-08T22:00:00","slug":"publicada-convocatoria-en-boe-de-3-plazas-de-auxiliar-administrativo-para-el-concello-de-lugo","status":"publish","type":"post","link":"https:\/\/www.emplea-te.com\/noticias-oposiciones\/publicada-convocatoria-en-boe-de-3-plazas-de-auxiliar-administrativo-para-el-concello-de-lugo\/","title":{"rendered":"Publicada convocatoria en BOE de 3 plazas de Auxiliar Administrativo para el Concello de Lugo. <br>"},"content":{"rendered":"<p>Publicada en el BOE (9 de octubre de 2018) la convocatoria de tres plazas de Auxiliar Administrativo para el Concello de Lugo por el sistema de acceso libre.<\/p>\n<p>El plazo de presentaci\u00f3n de solicitudes ser\u00e1 de veinte d\u00edas naturales a contar desde el siguiente al de la publicaci\u00f3n de este anuncio en el BOE. (del 10 al 29 de Octubre)<\/p>\n<p><a href=\"https:\/\/www.boe.es\/boe\/dias\/2018\/10\/09\/pdfs\/BOE-A-2018-13734.pdf\" target=\"_blank\" rel=\"nofollow noopener noreferrer\"><span class=\"wysiwyg-color-green\">Enlace resoluci\u00f3n BOE <\/span><\/a><\/p>\n<p><a href=\"https:\/\/www.emplea-te.com\/1\/oposiciones-de-administrativo-y-auxiliar-administrativo\" target=\"_blank\" rel=\"nofollow noopener noreferrer\"><span class=\"wysiwyg-color-green\">Informaci\u00f3n de nuestros grupos presenciales para preparara estas oposiciones de Auxiliar Administrativo<\/span><\/a><\/p>\n<p><\/p>\n<p><\/p>\n","protected":false},"excerpt":{"rendered":"<p>Publicada en el BOE (9 de octubre de 2018) la convocatoria de tres plazas de Auxiliar Administrativo para el Concello de Lugo por el sistema de acceso libre. El plazo de presentaci\u00f3n de solicitudes ser\u00e1 de veinte d\u00edas naturales a contar desde el siguiente al de la publicaci\u00f3n de este anuncio en el BOE. (del &hellip; <a href=\"https:\/\/www.emplea-te.com\/noticias-oposiciones\/publicada-convocatoria-en-boe-de-3-plazas-de-auxiliar-administrativo-para-el-concello-de-lugo\/\" class=\"more-link\">Continuar leyendo<span class=\"screen-reader-text\"> \u00abPublicada convocatoria en BOE de 3 plazas de Auxiliar Administrativo para el Concello de Lugo. <br \/>\u00ab<\/span><\/a><\/p>\n","protected":false},"author":1,"featured_media":0,"comment_status":"open","ping_status":"open","sticky":false,"template":"","format":"standard","meta":{"footnotes":""},"categories":[],"tags":[],"class_list":["post-1244","post","type-post","status-publish","format-standard","hentry"],"yoast_head":"<!-- This site is optimized with the Yoast SEO plugin v27.3 - https:\/\/yoast.com\/product\/yoast-seo-wordpress\/ -->\n<title>Publicada convocatoria en BOE de 3 plazas de Auxiliar Administrativo para el Concello de Lugo.  - Noticas de oposiciones por Academia Emplea-te<\/title>\n<meta name=\"description\" content=\"Publicada en el BOE (9 de octubre de 2018) la convocatoria de tres plazas de Auxiliar Administrativo para el Concello de Lugo por el sistema de acceso libre. Enlace resoluci\u00f3n BOE\" \/>\n<meta name=\"robots\" content=\"index, follow, max-snippet:-1, max-image-preview:large, max-video-preview:-1\" \/>\n<link rel=\"canonical\" href=\"https:\/\/www.emplea-te.com\/noticias-oposiciones\/publicada-convocatoria-en-boe-de-3-plazas-de-auxiliar-administrativo-para-el-concello-de-lugo\/\" \/>\n<meta property=\"og:locale\" content=\"es_ES\" \/>\n<meta property=\"og:type\" content=\"article\" \/>\n<meta property=\"og:title\" content=\"Publicada convocatoria en BOE de 3 plazas de Auxiliar Administrativo para el Concello de Lugo.  - Noticas de oposiciones por Academia Emplea-te\" \/>\n<meta property=\"og:description\" content=\"Publicada en el BOE (9 de octubre de 2018) la convocatoria de tres plazas de Auxiliar Administrativo para el Concello de Lugo por el sistema de acceso libre. Enlace resoluci\u00f3n BOE\" \/>\n<meta property=\"og:url\" content=\"https:\/\/www.emplea-te.com\/noticias-oposiciones\/publicada-convocatoria-en-boe-de-3-plazas-de-auxiliar-administrativo-para-el-concello-de-lugo\/\" \/>\n<meta property=\"og:site_name\" content=\"Noticas de oposiciones por Academia Emplea-te\" \/>\n<meta property=\"article:publisher\" content=\"https:\/\/www.facebook.com\/AcademiaEmpleate\/\" \/>\n<meta property=\"article:published_time\" content=\"2018-10-08T22:00:00+00:00\" \/>\n<meta name=\"author\" content=\"Empleate\" \/>\n<meta name=\"twitter:card\" content=\"summary_large_image\" \/>\n<meta name=\"twitter:creator\" content=\"@Emplea_Te\" \/>\n<meta name=\"twitter:site\" content=\"@Emplea_Te\" \/>\n<meta name=\"twitter:label1\" content=\"Escrito por\" \/>\n\t<meta name=\"twitter:data1\" content=\"Empleate\" \/>\n<script type=\"application\/ld+json\" class=\"yoast-schema-graph\">{\"@context\":\"https:\\\/\\\/schema.org\",\"@graph\":[{\"@type\":\"Article\",\"@id\":\"https:\\\/\\\/www.emplea-te.com\\\/noticias-oposiciones\\\/publicada-convocatoria-en-boe-de-3-plazas-de-auxiliar-administrativo-para-el-concello-de-lugo\\\/#article\",\"isPartOf\":{\"@id\":\"https:\\\/\\\/www.emplea-te.com\\\/noticias-oposiciones\\\/publicada-convocatoria-en-boe-de-3-plazas-de-auxiliar-administrativo-para-el-concello-de-lugo\\\/\"},\"author\":{\"name\":\"Empleate\",\"@id\":\"https:\\\/\\\/www.emplea-te.com\\\/noticias-oposiciones\\\/#\\\/schema\\\/person\\\/d1bc587e1af2b95e9c32aba1795509a6\"},\"headline\":\"Publicada convocatoria en BOE de 3 plazas de Auxiliar Administrativo para el Concello de Lugo.\",\"datePublished\":\"2018-10-08T22:00:00+00:00\",\"mainEntityOfPage\":{\"@id\":\"https:\\\/\\\/www.emplea-te.com\\\/noticias-oposiciones\\\/publicada-convocatoria-en-boe-de-3-plazas-de-auxiliar-administrativo-para-el-concello-de-lugo\\\/\"},\"wordCount\":90,\"commentCount\":0,\"publisher\":{\"@id\":\"https:\\\/\\\/www.emplea-te.com\\\/noticias-oposiciones\\\/#organization\"},\"inLanguage\":\"es\",\"potentialAction\":[{\"@type\":\"CommentAction\",\"name\":\"Comment\",\"target\":[\"https:\\\/\\\/www.emplea-te.com\\\/noticias-oposiciones\\\/publicada-convocatoria-en-boe-de-3-plazas-de-auxiliar-administrativo-para-el-concello-de-lugo\\\/#respond\"]}]},{\"@type\":\"WebPage\",\"@id\":\"https:\\\/\\\/www.emplea-te.com\\\/noticias-oposiciones\\\/publicada-convocatoria-en-boe-de-3-plazas-de-auxiliar-administrativo-para-el-concello-de-lugo\\\/\",\"url\":\"https:\\\/\\\/www.emplea-te.com\\\/noticias-oposiciones\\\/publicada-convocatoria-en-boe-de-3-plazas-de-auxiliar-administrativo-para-el-concello-de-lugo\\\/\",\"name\":\"Publicada convocatoria en BOE de 3 plazas de Auxiliar Administrativo para el Concello de Lugo. - Noticas de oposiciones por Academia Emplea-te\",\"isPartOf\":{\"@id\":\"https:\\\/\\\/www.emplea-te.com\\\/noticias-oposiciones\\\/#website\"},\"datePublished\":\"2018-10-08T22:00:00+00:00\",\"description\":\"Publicada en el BOE (9 de octubre de 2018) la convocatoria de tres plazas de Auxiliar Administrativo para el Concello de Lugo por el sistema de acceso libre. Enlace resoluci\u00f3n BOE\",\"breadcrumb\":{\"@id\":\"https:\\\/\\\/www.emplea-te.com\\\/noticias-oposiciones\\\/publicada-convocatoria-en-boe-de-3-plazas-de-auxiliar-administrativo-para-el-concello-de-lugo\\\/#breadcrumb\"},\"inLanguage\":\"es\",\"potentialAction\":[{\"@type\":\"ReadAction\",\"target\":[\"https:\\\/\\\/www.emplea-te.com\\\/noticias-oposiciones\\\/publicada-convocatoria-en-boe-de-3-plazas-de-auxiliar-administrativo-para-el-concello-de-lugo\\\/\"]}]},{\"@type\":\"BreadcrumbList\",\"@id\":\"https:\\\/\\\/www.emplea-te.com\\\/noticias-oposiciones\\\/publicada-convocatoria-en-boe-de-3-plazas-de-auxiliar-administrativo-para-el-concello-de-lugo\\\/#breadcrumb\",\"itemListElement\":[{\"@type\":\"ListItem\",\"position\":1,\"name\":\"Noticias Oposiciones\",\"item\":\"https:\\\/\\\/www.emplea-te.com\\\/noticias-oposiciones\\\/\"},{\"@type\":\"ListItem\",\"position\":2,\"name\":\"Publicada convocatoria en BOE de 3 plazas de Auxiliar Administrativo para el Concello de Lugo.\"}]},{\"@type\":\"WebSite\",\"@id\":\"https:\\\/\\\/www.emplea-te.com\\\/noticias-oposiciones\\\/#website\",\"url\":\"https:\\\/\\\/www.emplea-te.com\\\/noticias-oposiciones\\\/\",\"name\":\"Noticas de oposiciones por Academia Emplea-te\",\"description\":\"Toda la actualidad de las ofertas y convocatorias.\",\"publisher\":{\"@id\":\"https:\\\/\\\/www.emplea-te.com\\\/noticias-oposiciones\\\/#organization\"},\"potentialAction\":[{\"@type\":\"SearchAction\",\"target\":{\"@type\":\"EntryPoint\",\"urlTemplate\":\"https:\\\/\\\/www.emplea-te.com\\\/noticias-oposiciones\\\/?s={search_term_string}\"},\"query-input\":{\"@type\":\"PropertyValueSpecification\",\"valueRequired\":true,\"valueName\":\"search_term_string\"}}],\"inLanguage\":\"es\"},{\"@type\":\"Organization\",\"@id\":\"https:\\\/\\\/www.emplea-te.com\\\/noticias-oposiciones\\\/#organization\",\"name\":\"Academia de oposiciones Empl\u00e9ate\",\"url\":\"https:\\\/\\\/www.emplea-te.com\\\/noticias-oposiciones\\\/\",\"logo\":{\"@type\":\"ImageObject\",\"inLanguage\":\"es\",\"@id\":\"https:\\\/\\\/www.emplea-te.com\\\/noticias-oposiciones\\\/#\\\/schema\\\/logo\\\/image\\\/\",\"url\":\"https:\\\/\\\/www.emplea-te.com\\\/noticias-oposiciones\\\/wp-content\\\/uploads\\\/2019\\\/04\\\/empleate.jpg\",\"contentUrl\":\"https:\\\/\\\/www.emplea-te.com\\\/noticias-oposiciones\\\/wp-content\\\/uploads\\\/2019\\\/04\\\/empleate.jpg\",\"width\":250,\"height\":150,\"caption\":\"Academia de oposiciones Empl\u00e9ate\"},\"image\":{\"@id\":\"https:\\\/\\\/www.emplea-te.com\\\/noticias-oposiciones\\\/#\\\/schema\\\/logo\\\/image\\\/\"},\"sameAs\":[\"https:\\\/\\\/www.facebook.com\\\/AcademiaEmpleate\\\/\",\"https:\\\/\\\/x.com\\\/Emplea_Te\",\"https:\\\/\\\/www.instagram.com\\\/academia_empleate\\\/\"]},{\"@type\":\"Person\",\"@id\":\"https:\\\/\\\/www.emplea-te.com\\\/noticias-oposiciones\\\/#\\\/schema\\\/person\\\/d1bc587e1af2b95e9c32aba1795509a6\",\"name\":\"Empleate\"}]}<\/script>\n<!-- \/ Yoast SEO plugin. -->","yoast_head_json":{"title":"Publicada convocatoria en BOE de 3 plazas de Auxiliar Administrativo para el Concello de Lugo.  - Noticas de oposiciones por Academia Emplea-te","description":"Publicada en el BOE (9 de octubre de 2018) la convocatoria de tres plazas de Auxiliar Administrativo para el Concello de Lugo por el sistema de acceso libre. Enlace resoluci\u00f3n BOE","robots":{"index":"index","follow":"follow","max-snippet":"max-snippet:-1","max-image-preview":"max-image-preview:large","max-video-preview":"max-video-preview:-1"},"canonical":"https:\/\/www.emplea-te.com\/noticias-oposiciones\/publicada-convocatoria-en-boe-de-3-plazas-de-auxiliar-administrativo-para-el-concello-de-lugo\/","og_locale":"es_ES","og_type":"article","og_title":"Publicada convocatoria en BOE de 3 plazas de Auxiliar Administrativo para el Concello de Lugo.  - Noticas de oposiciones por Academia Emplea-te","og_description":"Publicada en el BOE (9 de octubre de 2018) la convocatoria de tres plazas de Auxiliar Administrativo para el Concello de Lugo por el sistema de acceso libre. Enlace resoluci\u00f3n BOE","og_url":"https:\/\/www.emplea-te.com\/noticias-oposiciones\/publicada-convocatoria-en-boe-de-3-plazas-de-auxiliar-administrativo-para-el-concello-de-lugo\/","og_site_name":"Noticas de oposiciones por Academia Emplea-te","article_publisher":"https:\/\/www.facebook.com\/AcademiaEmpleate\/","article_published_time":"2018-10-08T22:00:00+00:00","author":"Empleate","twitter_card":"summary_large_image","twitter_creator":"@Emplea_Te","twitter_site":"@Emplea_Te","twitter_misc":{"Escrito por":"Empleate"},"schema":{"@context":"https:\/\/schema.org","@graph":[{"@type":"Article","@id":"https:\/\/www.emplea-te.com\/noticias-oposiciones\/publicada-convocatoria-en-boe-de-3-plazas-de-auxiliar-administrativo-para-el-concello-de-lugo\/#article","isPartOf":{"@id":"https:\/\/www.emplea-te.com\/noticias-oposiciones\/publicada-convocatoria-en-boe-de-3-plazas-de-auxiliar-administrativo-para-el-concello-de-lugo\/"},"author":{"name":"Empleate","@id":"https:\/\/www.emplea-te.com\/noticias-oposiciones\/#\/schema\/person\/d1bc587e1af2b95e9c32aba1795509a6"},"headline":"Publicada convocatoria en BOE de 3 plazas de Auxiliar Administrativo para el Concello de Lugo.","datePublished":"2018-10-08T22:00:00+00:00","mainEntityOfPage":{"@id":"https:\/\/www.emplea-te.com\/noticias-oposiciones\/publicada-convocatoria-en-boe-de-3-plazas-de-auxiliar-administrativo-para-el-concello-de-lugo\/"},"wordCount":90,"commentCount":0,"publisher":{"@id":"https:\/\/www.emplea-te.com\/noticias-oposiciones\/#organization"},"inLanguage":"es","potentialAction":[{"@type":"CommentAction","name":"Comment","target":["https:\/\/www.emplea-te.com\/noticias-oposiciones\/publicada-convocatoria-en-boe-de-3-plazas-de-auxiliar-administrativo-para-el-concello-de-lugo\/#respond"]}]},{"@type":"WebPage","@id":"https:\/\/www.emplea-te.com\/noticias-oposiciones\/publicada-convocatoria-en-boe-de-3-plazas-de-auxiliar-administrativo-para-el-concello-de-lugo\/","url":"https:\/\/www.emplea-te.com\/noticias-oposiciones\/publicada-convocatoria-en-boe-de-3-plazas-de-auxiliar-administrativo-para-el-concello-de-lugo\/","name":"Publicada convocatoria en BOE de 3 plazas de Auxiliar Administrativo para el Concello de Lugo. - Noticas de oposiciones por Academia Emplea-te","isPartOf":{"@id":"https:\/\/www.emplea-te.com\/noticias-oposiciones\/#website"},"datePublished":"2018-10-08T22:00:00+00:00","description":"Publicada en el BOE (9 de octubre de 2018) la convocatoria de tres plazas de Auxiliar Administrativo para el Concello de Lugo por el sistema de acceso libre. Enlace resoluci\u00f3n BOE","breadcrumb":{"@id":"https:\/\/www.emplea-te.com\/noticias-oposiciones\/publicada-convocatoria-en-boe-de-3-plazas-de-auxiliar-administrativo-para-el-concello-de-lugo\/#breadcrumb"},"inLanguage":"es","potentialAction":[{"@type":"ReadAction","target":["https:\/\/www.emplea-te.com\/noticias-oposiciones\/publicada-convocatoria-en-boe-de-3-plazas-de-auxiliar-administrativo-para-el-concello-de-lugo\/"]}]},{"@type":"BreadcrumbList","@id":"https:\/\/www.emplea-te.com\/noticias-oposiciones\/publicada-convocatoria-en-boe-de-3-plazas-de-auxiliar-administrativo-para-el-concello-de-lugo\/#breadcrumb","itemListElement":[{"@type":"ListItem","position":1,"name":"Noticias Oposiciones","item":"https:\/\/www.emplea-te.com\/noticias-oposiciones\/"},{"@type":"ListItem","position":2,"name":"Publicada convocatoria en BOE de 3 plazas de Auxiliar Administrativo para el Concello de Lugo."}]},{"@type":"WebSite","@id":"https:\/\/www.emplea-te.com\/noticias-oposiciones\/#website","url":"https:\/\/www.emplea-te.com\/noticias-oposiciones\/","name":"Noticas de oposiciones por Academia Emplea-te","description":"Toda la actualidad de las ofertas y convocatorias.","publisher":{"@id":"https:\/\/www.emplea-te.com\/noticias-oposiciones\/#organization"},"potentialAction":[{"@type":"SearchAction","target":{"@type":"EntryPoint","urlTemplate":"https:\/\/www.emplea-te.com\/noticias-oposiciones\/?s={search_term_string}"},"query-input":{"@type":"PropertyValueSpecification","valueRequired":true,"valueName":"search_term_string"}}],"inLanguage":"es"},{"@type":"Organization","@id":"https:\/\/www.emplea-te.com\/noticias-oposiciones\/#organization","name":"Academia de oposiciones Empl\u00e9ate","url":"https:\/\/www.emplea-te.com\/noticias-oposiciones\/","logo":{"@type":"ImageObject","inLanguage":"es","@id":"https:\/\/www.emplea-te.com\/noticias-oposiciones\/#\/schema\/logo\/image\/","url":"https:\/\/www.emplea-te.com\/noticias-oposiciones\/wp-content\/uploads\/2019\/04\/empleate.jpg","contentUrl":"https:\/\/www.emplea-te.com\/noticias-oposiciones\/wp-content\/uploads\/2019\/04\/empleate.jpg","width":250,"height":150,"caption":"Academia de oposiciones Empl\u00e9ate"},"image":{"@id":"https:\/\/www.emplea-te.com\/noticias-oposiciones\/#\/schema\/logo\/image\/"},"sameAs":["https:\/\/www.facebook.com\/AcademiaEmpleate\/","https:\/\/x.com\/Emplea_Te","https:\/\/www.instagram.com\/academia_empleate\/"]},{"@type":"Person","@id":"https:\/\/www.emplea-te.com\/noticias-oposiciones\/#\/schema\/person\/d1bc587e1af2b95e9c32aba1795509a6","name":"Empleate"}]}},"_links":{"self":[{"href":"https:\/\/www.emplea-te.com\/noticias-oposiciones\/wp-json\/wp\/v2\/posts\/1244","targetHints":{"allow":["GET"]}}],"collection":[{"href":"https:\/\/www.emplea-te.com\/noticias-oposiciones\/wp-json\/wp\/v2\/posts"}],"about":[{"href":"https:\/\/www.emplea-te.com\/noticias-oposiciones\/wp-json\/wp\/v2\/types\/post"}],"author":[{"embeddable":true,"href":"https:\/\/www.emplea-te.com\/noticias-oposiciones\/wp-json\/wp\/v2\/users\/1"}],"replies":[{"embeddable":true,"href":"https:\/\/www.emplea-te.com\/noticias-oposiciones\/wp-json\/wp\/v2\/comments?post=1244"}],"version-history":[{"count":0,"href":"https:\/\/www.emplea-te.com\/noticias-oposiciones\/wp-json\/wp\/v2\/posts\/1244\/revisions"}],"wp:attachment":[{"href":"https:\/\/www.emplea-te.com\/noticias-oposiciones\/wp-json\/wp\/v2\/media?parent=1244"}],"wp:term":[{"taxonomy":"category","embeddable":true,"href":"https:\/\/www.emplea-te.com\/noticias-oposiciones\/wp-json\/wp\/v2\/categories?post=1244"},{"taxonomy":"post_tag","embeddable":true,"href":"https:\/\/www.emplea-te.com\/noticias-oposiciones\/wp-json\/wp\/v2\/tags?post=1244"}],"curies":[{"name":"wp","href":"https:\/\/api.w.org\/{rel}","templated":true}]}}