{"id":12446,"date":"2024-05-13T09:48:01","date_gmt":"2024-05-13T07:48:01","guid":{"rendered":"https:\/\/www.emplea-te.com\/noticias-oposiciones\/?p=12446"},"modified":"2024-05-13T09:48:01","modified_gmt":"2024-05-13T07:48:01","slug":"ayuntamiento-de-boadilla-del-monte-relacion-definitiva-aspirantes-admitidos-y-excluidos-en-proceso-selectivo-convocado-para-cubrir-6-plazas-de-administrativo-c1-por-oposicion-en-turno-libre","status":"publish","type":"post","link":"https:\/\/www.emplea-te.com\/noticias-oposiciones\/ayuntamiento-de-boadilla-del-monte-relacion-definitiva-aspirantes-admitidos-y-excluidos-en-proceso-selectivo-convocado-para-cubrir-6-plazas-de-administrativo-c1-por-oposicion-en-turno-libre\/","title":{"rendered":"Ayuntamiento de Boadilla del Monte. Relaci\u00f3n definitiva aspirantes admitidos y excluidos en proceso selectivo convocado para cubrir 6 plazas de Administrativo C1 por oposici\u00f3n en turno libre."},"content":{"rendered":"<p>Se publica en el BOCM de hoy, d\u00eda 13 de mayo de 2024, la relaci\u00f3n definitiva de personas aspirantes admitidas y excluidas al proceso selectivo convocado para la cobertura, por el turno libre, mediante el sistema de oposici\u00f3n, de seis plazas de personal funcionario de Administrativo, de la Escala de Administraci\u00f3n General, Subescala Administrativa, Grupo C, Subgrupo C1, del Ayuntamiento de Boadilla del Monte.<\/p>\n<p>El ejercicio te\u00f3rico-pr\u00e1ctico de la fase de oposici\u00f3n tendr\u00e1 lugar, en llamamiento \u00fanico, el d\u00eda 19 de mayo de 2024, a las 10:00 horas, en la Universidad CEU San Pablo, sita en la avenida Montepr\u00edncipe, sin n\u00famero (Urbanizaci\u00f3n Montepr\u00edncipe), de Boadilla del Monte. Las prescripciones relativas a puertas de acceso y aulas de realizaci\u00f3n del ejercicio ser\u00e1n expuestas en el anuncio que, a tal efecto, se expondr\u00e1, para p\u00fablico conocimiento, en el tabl\u00f3n de edictos y anuncios digital del Ayuntamiento de Boadilla del Monte, con car\u00e1cter previo a su realizaci\u00f3n.<\/p>\n<p><a href=\"https:\/\/www.bocm.es\/boletin\/CM_Orden_BOCM\/2024\/05\/13\/BOCM-20240513-68.PDF\" target=\"_blank\" rel=\"noopener\"><strong>Accede a la consulta de la relaci\u00f3n definitiva de aspirantes admitidos y excluidos en este proceso selectivo publicada en el BOCM de hoy y a m\u00e1s informaci\u00f3n referente a esta convocatoria.\u00a0<\/strong><\/a><\/p>\n<p>\u00a1Prep\u00e1rate para las pr\u00f3ximas convocatorias de plazas de Administrativos de Ayuntamientos de Madrid en nuestros <a href=\"https:\/\/academiamadrid.emplea-te.com\/\" target=\"_blank\" rel=\"noopener\"><strong>cursos exclusivos de plazas locales de Ayuntamientos<\/strong><\/a>!<\/p>\n","protected":false},"excerpt":{"rendered":"<p>Se publica en el BOCM de hoy, d\u00eda 13 de mayo de 2024, la relaci\u00f3n definitiva de personas aspirantes admitidas y excluidas al proceso selectivo convocado para la cobertura, por el turno libre, mediante el sistema de oposici\u00f3n, de seis plazas de personal funcionario de Administrativo, de la Escala de Administraci\u00f3n General, Subescala Administrativa, Grupo &hellip; <a href=\"https:\/\/www.emplea-te.com\/noticias-oposiciones\/ayuntamiento-de-boadilla-del-monte-relacion-definitiva-aspirantes-admitidos-y-excluidos-en-proceso-selectivo-convocado-para-cubrir-6-plazas-de-administrativo-c1-por-oposicion-en-turno-libre\/\" class=\"more-link\">Continuar leyendo<span class=\"screen-reader-text\"> \u00abAyuntamiento de Boadilla del Monte. Relaci\u00f3n definitiva aspirantes admitidos y excluidos en proceso selectivo convocado para cubrir 6 plazas de Administrativo C1 por oposici\u00f3n en turno libre.\u00bb<\/span><\/a><\/p>\n","protected":false},"author":1,"featured_media":0,"comment_status":"closed","ping_status":"closed","sticky":false,"template":"","format":"standard","meta":{"footnotes":""},"categories":[115,109],"tags":[49,71,103,87],"class_list":["post-12446","post","type-post","status-publish","format-standard","hentry","category-convocatoria-ayuntamientos","category-oposiciones-madrid","tag-convocatorias-de-oposiciones","tag-fecha-examenes","tag-informacion-procesos-selectivos","tag-listados-definitivos-de-aspirantes-admitidos-y-excluidos"],"yoast_head":"<!-- This site is optimized with the Yoast SEO plugin v27.5 - https:\/\/yoast.com\/product\/yoast-seo-wordpress\/ -->\n<title>Ayuntamiento de Boadilla del Monte. Convocatoria empleo p\u00fablico.<\/title>\n<meta name=\"description\" content=\"Ayuntamiento de Boadilla del Monte. Relaci\u00f3n definitiva aspirantes admitidos y excluidos en proceso selectivo convocado para cubrir 6 plazas de Administrativo C1 por oposici\u00f3n en turno libre.\" \/>\n<meta name=\"robots\" content=\"index, follow, max-snippet:-1, max-image-preview:large, max-video-preview:-1\" \/>\n<link rel=\"canonical\" href=\"https:\/\/www.emplea-te.com\/noticias-oposiciones\/ayuntamiento-de-boadilla-del-monte-relacion-definitiva-aspirantes-admitidos-y-excluidos-en-proceso-selectivo-convocado-para-cubrir-6-plazas-de-administrativo-c1-por-oposicion-en-turno-libre\/\" \/>\n<meta property=\"og:locale\" content=\"es_ES\" \/>\n<meta property=\"og:type\" content=\"article\" \/>\n<meta property=\"og:title\" content=\"Ayuntamiento de Boadilla del Monte. Convocatoria empleo p\u00fablico.\" \/>\n<meta property=\"og:description\" content=\"Ayuntamiento de Boadilla del Monte. Relaci\u00f3n definitiva aspirantes admitidos y excluidos en proceso selectivo convocado para cubrir 6 plazas de Administrativo C1 por oposici\u00f3n en turno libre.\" \/>\n<meta property=\"og:url\" content=\"https:\/\/www.emplea-te.com\/noticias-oposiciones\/ayuntamiento-de-boadilla-del-monte-relacion-definitiva-aspirantes-admitidos-y-excluidos-en-proceso-selectivo-convocado-para-cubrir-6-plazas-de-administrativo-c1-por-oposicion-en-turno-libre\/\" \/>\n<meta property=\"og:site_name\" content=\"Noticas de oposiciones por Academia Emplea-te\" \/>\n<meta property=\"article:publisher\" content=\"https:\/\/www.facebook.com\/AcademiaEmpleate\/\" \/>\n<meta property=\"article:published_time\" content=\"2024-05-13T07:48:01+00:00\" \/>\n<meta name=\"author\" content=\"Empleate\" \/>\n<meta name=\"twitter:card\" content=\"summary_large_image\" \/>\n<meta name=\"twitter:creator\" content=\"@Emplea_Te\" \/>\n<meta name=\"twitter:site\" content=\"@Emplea_Te\" \/>\n<meta name=\"twitter:label1\" content=\"Escrito por\" \/>\n\t<meta name=\"twitter:data1\" content=\"Empleate\" \/>\n\t<meta name=\"twitter:label2\" content=\"Tiempo de lectura\" \/>\n\t<meta name=\"twitter:data2\" content=\"1 minuto\" \/>\n<script type=\"application\/ld+json\" class=\"yoast-schema-graph\">{\"@context\":\"https:\\\/\\\/schema.org\",\"@graph\":[{\"@type\":\"Article\",\"@id\":\"https:\\\/\\\/www.emplea-te.com\\\/noticias-oposiciones\\\/ayuntamiento-de-boadilla-del-monte-relacion-definitiva-aspirantes-admitidos-y-excluidos-en-proceso-selectivo-convocado-para-cubrir-6-plazas-de-administrativo-c1-por-oposicion-en-turno-libre\\\/#article\",\"isPartOf\":{\"@id\":\"https:\\\/\\\/www.emplea-te.com\\\/noticias-oposiciones\\\/ayuntamiento-de-boadilla-del-monte-relacion-definitiva-aspirantes-admitidos-y-excluidos-en-proceso-selectivo-convocado-para-cubrir-6-plazas-de-administrativo-c1-por-oposicion-en-turno-libre\\\/\"},\"author\":{\"name\":\"Empleate\",\"@id\":\"https:\\\/\\\/www.emplea-te.com\\\/noticias-oposiciones\\\/#\\\/schema\\\/person\\\/d1bc587e1af2b95e9c32aba1795509a6\"},\"headline\":\"Ayuntamiento de Boadilla del Monte. Relaci\u00f3n definitiva aspirantes admitidos y excluidos en proceso selectivo convocado para cubrir 6 plazas de Administrativo C1 por oposici\u00f3n en turno libre.\",\"datePublished\":\"2024-05-13T07:48:01+00:00\",\"mainEntityOfPage\":{\"@id\":\"https:\\\/\\\/www.emplea-te.com\\\/noticias-oposiciones\\\/ayuntamiento-de-boadilla-del-monte-relacion-definitiva-aspirantes-admitidos-y-excluidos-en-proceso-selectivo-convocado-para-cubrir-6-plazas-de-administrativo-c1-por-oposicion-en-turno-libre\\\/\"},\"wordCount\":253,\"publisher\":{\"@id\":\"https:\\\/\\\/www.emplea-te.com\\\/noticias-oposiciones\\\/#organization\"},\"keywords\":[\"Convocatoria\",\"Fecha ex\u00e1menes\",\"Informaci\u00f3n procesos selectivos\",\"Listados Definitivos de aspirantes admitidos y excluidos\"],\"articleSection\":[\"CONVOCATORIA AYUNTAMIENTOS\",\"Oposiciones Madrid.\"],\"inLanguage\":\"es\"},{\"@type\":\"WebPage\",\"@id\":\"https:\\\/\\\/www.emplea-te.com\\\/noticias-oposiciones\\\/ayuntamiento-de-boadilla-del-monte-relacion-definitiva-aspirantes-admitidos-y-excluidos-en-proceso-selectivo-convocado-para-cubrir-6-plazas-de-administrativo-c1-por-oposicion-en-turno-libre\\\/\",\"url\":\"https:\\\/\\\/www.emplea-te.com\\\/noticias-oposiciones\\\/ayuntamiento-de-boadilla-del-monte-relacion-definitiva-aspirantes-admitidos-y-excluidos-en-proceso-selectivo-convocado-para-cubrir-6-plazas-de-administrativo-c1-por-oposicion-en-turno-libre\\\/\",\"name\":\"Ayuntamiento de Boadilla del Monte. Convocatoria empleo p\u00fablico.\",\"isPartOf\":{\"@id\":\"https:\\\/\\\/www.emplea-te.com\\\/noticias-oposiciones\\\/#website\"},\"datePublished\":\"2024-05-13T07:48:01+00:00\",\"description\":\"Ayuntamiento de Boadilla del Monte. Relaci\u00f3n definitiva aspirantes admitidos y excluidos en proceso selectivo convocado para cubrir 6 plazas de Administrativo C1 por oposici\u00f3n en turno libre.\",\"breadcrumb\":{\"@id\":\"https:\\\/\\\/www.emplea-te.com\\\/noticias-oposiciones\\\/ayuntamiento-de-boadilla-del-monte-relacion-definitiva-aspirantes-admitidos-y-excluidos-en-proceso-selectivo-convocado-para-cubrir-6-plazas-de-administrativo-c1-por-oposicion-en-turno-libre\\\/#breadcrumb\"},\"inLanguage\":\"es\",\"potentialAction\":[{\"@type\":\"ReadAction\",\"target\":[\"https:\\\/\\\/www.emplea-te.com\\\/noticias-oposiciones\\\/ayuntamiento-de-boadilla-del-monte-relacion-definitiva-aspirantes-admitidos-y-excluidos-en-proceso-selectivo-convocado-para-cubrir-6-plazas-de-administrativo-c1-por-oposicion-en-turno-libre\\\/\"]}]},{\"@type\":\"BreadcrumbList\",\"@id\":\"https:\\\/\\\/www.emplea-te.com\\\/noticias-oposiciones\\\/ayuntamiento-de-boadilla-del-monte-relacion-definitiva-aspirantes-admitidos-y-excluidos-en-proceso-selectivo-convocado-para-cubrir-6-plazas-de-administrativo-c1-por-oposicion-en-turno-libre\\\/#breadcrumb\",\"itemListElement\":[{\"@type\":\"ListItem\",\"position\":1,\"name\":\"Noticias Oposiciones\",\"item\":\"https:\\\/\\\/www.emplea-te.com\\\/noticias-oposiciones\\\/\"},{\"@type\":\"ListItem\",\"position\":2,\"name\":\"Oposiciones Madrid.\",\"item\":\"https:\\\/\\\/www.emplea-te.com\\\/noticias-oposiciones\\\/categoria\\\/oposiciones-madrid\\\/\"},{\"@type\":\"ListItem\",\"position\":3,\"name\":\"Ayuntamiento de Boadilla del Monte. Relaci\u00f3n definitiva aspirantes admitidos y excluidos en proceso selectivo convocado para cubrir 6 plazas de Administrativo C1 por oposici\u00f3n en turno libre.\"}]},{\"@type\":\"WebSite\",\"@id\":\"https:\\\/\\\/www.emplea-te.com\\\/noticias-oposiciones\\\/#website\",\"url\":\"https:\\\/\\\/www.emplea-te.com\\\/noticias-oposiciones\\\/\",\"name\":\"Noticas de oposiciones por Academia Emplea-te\",\"description\":\"Toda la actualidad de las ofertas y convocatorias.\",\"publisher\":{\"@id\":\"https:\\\/\\\/www.emplea-te.com\\\/noticias-oposiciones\\\/#organization\"},\"potentialAction\":[{\"@type\":\"SearchAction\",\"target\":{\"@type\":\"EntryPoint\",\"urlTemplate\":\"https:\\\/\\\/www.emplea-te.com\\\/noticias-oposiciones\\\/?s={search_term_string}\"},\"query-input\":{\"@type\":\"PropertyValueSpecification\",\"valueRequired\":true,\"valueName\":\"search_term_string\"}}],\"inLanguage\":\"es\"},{\"@type\":\"Organization\",\"@id\":\"https:\\\/\\\/www.emplea-te.com\\\/noticias-oposiciones\\\/#organization\",\"name\":\"Academia de oposiciones Empl\u00e9ate\",\"url\":\"https:\\\/\\\/www.emplea-te.com\\\/noticias-oposiciones\\\/\",\"logo\":{\"@type\":\"ImageObject\",\"inLanguage\":\"es\",\"@id\":\"https:\\\/\\\/www.emplea-te.com\\\/noticias-oposiciones\\\/#\\\/schema\\\/logo\\\/image\\\/\",\"url\":\"https:\\\/\\\/www.emplea-te.com\\\/noticias-oposiciones\\\/wp-content\\\/uploads\\\/2019\\\/04\\\/empleate.jpg\",\"contentUrl\":\"https:\\\/\\\/www.emplea-te.com\\\/noticias-oposiciones\\\/wp-content\\\/uploads\\\/2019\\\/04\\\/empleate.jpg\",\"width\":250,\"height\":150,\"caption\":\"Academia de oposiciones Empl\u00e9ate\"},\"image\":{\"@id\":\"https:\\\/\\\/www.emplea-te.com\\\/noticias-oposiciones\\\/#\\\/schema\\\/logo\\\/image\\\/\"},\"sameAs\":[\"https:\\\/\\\/www.facebook.com\\\/AcademiaEmpleate\\\/\",\"https:\\\/\\\/x.com\\\/Emplea_Te\",\"https:\\\/\\\/www.instagram.com\\\/academia_empleate\\\/\"]},{\"@type\":\"Person\",\"@id\":\"https:\\\/\\\/www.emplea-te.com\\\/noticias-oposiciones\\\/#\\\/schema\\\/person\\\/d1bc587e1af2b95e9c32aba1795509a6\",\"name\":\"Empleate\"}]}<\/script>\n<!-- \/ Yoast SEO plugin. -->","yoast_head_json":{"title":"Ayuntamiento de Boadilla del Monte. Convocatoria empleo p\u00fablico.","description":"Ayuntamiento de Boadilla del Monte. Relaci\u00f3n definitiva aspirantes admitidos y excluidos en proceso selectivo convocado para cubrir 6 plazas de Administrativo C1 por oposici\u00f3n en turno libre.","robots":{"index":"index","follow":"follow","max-snippet":"max-snippet:-1","max-image-preview":"max-image-preview:large","max-video-preview":"max-video-preview:-1"},"canonical":"https:\/\/www.emplea-te.com\/noticias-oposiciones\/ayuntamiento-de-boadilla-del-monte-relacion-definitiva-aspirantes-admitidos-y-excluidos-en-proceso-selectivo-convocado-para-cubrir-6-plazas-de-administrativo-c1-por-oposicion-en-turno-libre\/","og_locale":"es_ES","og_type":"article","og_title":"Ayuntamiento de Boadilla del Monte. Convocatoria empleo p\u00fablico.","og_description":"Ayuntamiento de Boadilla del Monte. Relaci\u00f3n definitiva aspirantes admitidos y excluidos en proceso selectivo convocado para cubrir 6 plazas de Administrativo C1 por oposici\u00f3n en turno libre.","og_url":"https:\/\/www.emplea-te.com\/noticias-oposiciones\/ayuntamiento-de-boadilla-del-monte-relacion-definitiva-aspirantes-admitidos-y-excluidos-en-proceso-selectivo-convocado-para-cubrir-6-plazas-de-administrativo-c1-por-oposicion-en-turno-libre\/","og_site_name":"Noticas de oposiciones por Academia Emplea-te","article_publisher":"https:\/\/www.facebook.com\/AcademiaEmpleate\/","article_published_time":"2024-05-13T07:48:01+00:00","author":"Empleate","twitter_card":"summary_large_image","twitter_creator":"@Emplea_Te","twitter_site":"@Emplea_Te","twitter_misc":{"Escrito por":"Empleate","Tiempo de lectura":"1 minuto"},"schema":{"@context":"https:\/\/schema.org","@graph":[{"@type":"Article","@id":"https:\/\/www.emplea-te.com\/noticias-oposiciones\/ayuntamiento-de-boadilla-del-monte-relacion-definitiva-aspirantes-admitidos-y-excluidos-en-proceso-selectivo-convocado-para-cubrir-6-plazas-de-administrativo-c1-por-oposicion-en-turno-libre\/#article","isPartOf":{"@id":"https:\/\/www.emplea-te.com\/noticias-oposiciones\/ayuntamiento-de-boadilla-del-monte-relacion-definitiva-aspirantes-admitidos-y-excluidos-en-proceso-selectivo-convocado-para-cubrir-6-plazas-de-administrativo-c1-por-oposicion-en-turno-libre\/"},"author":{"name":"Empleate","@id":"https:\/\/www.emplea-te.com\/noticias-oposiciones\/#\/schema\/person\/d1bc587e1af2b95e9c32aba1795509a6"},"headline":"Ayuntamiento de Boadilla del Monte. Relaci\u00f3n definitiva aspirantes admitidos y excluidos en proceso selectivo convocado para cubrir 6 plazas de Administrativo C1 por oposici\u00f3n en turno libre.","datePublished":"2024-05-13T07:48:01+00:00","mainEntityOfPage":{"@id":"https:\/\/www.emplea-te.com\/noticias-oposiciones\/ayuntamiento-de-boadilla-del-monte-relacion-definitiva-aspirantes-admitidos-y-excluidos-en-proceso-selectivo-convocado-para-cubrir-6-plazas-de-administrativo-c1-por-oposicion-en-turno-libre\/"},"wordCount":253,"publisher":{"@id":"https:\/\/www.emplea-te.com\/noticias-oposiciones\/#organization"},"keywords":["Convocatoria","Fecha ex\u00e1menes","Informaci\u00f3n procesos selectivos","Listados Definitivos de aspirantes admitidos y excluidos"],"articleSection":["CONVOCATORIA AYUNTAMIENTOS","Oposiciones Madrid."],"inLanguage":"es"},{"@type":"WebPage","@id":"https:\/\/www.emplea-te.com\/noticias-oposiciones\/ayuntamiento-de-boadilla-del-monte-relacion-definitiva-aspirantes-admitidos-y-excluidos-en-proceso-selectivo-convocado-para-cubrir-6-plazas-de-administrativo-c1-por-oposicion-en-turno-libre\/","url":"https:\/\/www.emplea-te.com\/noticias-oposiciones\/ayuntamiento-de-boadilla-del-monte-relacion-definitiva-aspirantes-admitidos-y-excluidos-en-proceso-selectivo-convocado-para-cubrir-6-plazas-de-administrativo-c1-por-oposicion-en-turno-libre\/","name":"Ayuntamiento de Boadilla del Monte. Convocatoria empleo p\u00fablico.","isPartOf":{"@id":"https:\/\/www.emplea-te.com\/noticias-oposiciones\/#website"},"datePublished":"2024-05-13T07:48:01+00:00","description":"Ayuntamiento de Boadilla del Monte. Relaci\u00f3n definitiva aspirantes admitidos y excluidos en proceso selectivo convocado para cubrir 6 plazas de Administrativo C1 por oposici\u00f3n en turno libre.","breadcrumb":{"@id":"https:\/\/www.emplea-te.com\/noticias-oposiciones\/ayuntamiento-de-boadilla-del-monte-relacion-definitiva-aspirantes-admitidos-y-excluidos-en-proceso-selectivo-convocado-para-cubrir-6-plazas-de-administrativo-c1-por-oposicion-en-turno-libre\/#breadcrumb"},"inLanguage":"es","potentialAction":[{"@type":"ReadAction","target":["https:\/\/www.emplea-te.com\/noticias-oposiciones\/ayuntamiento-de-boadilla-del-monte-relacion-definitiva-aspirantes-admitidos-y-excluidos-en-proceso-selectivo-convocado-para-cubrir-6-plazas-de-administrativo-c1-por-oposicion-en-turno-libre\/"]}]},{"@type":"BreadcrumbList","@id":"https:\/\/www.emplea-te.com\/noticias-oposiciones\/ayuntamiento-de-boadilla-del-monte-relacion-definitiva-aspirantes-admitidos-y-excluidos-en-proceso-selectivo-convocado-para-cubrir-6-plazas-de-administrativo-c1-por-oposicion-en-turno-libre\/#breadcrumb","itemListElement":[{"@type":"ListItem","position":1,"name":"Noticias Oposiciones","item":"https:\/\/www.emplea-te.com\/noticias-oposiciones\/"},{"@type":"ListItem","position":2,"name":"Oposiciones Madrid.","item":"https:\/\/www.emplea-te.com\/noticias-oposiciones\/categoria\/oposiciones-madrid\/"},{"@type":"ListItem","position":3,"name":"Ayuntamiento de Boadilla del Monte. Relaci\u00f3n definitiva aspirantes admitidos y excluidos en proceso selectivo convocado para cubrir 6 plazas de Administrativo C1 por oposici\u00f3n en turno libre."}]},{"@type":"WebSite","@id":"https:\/\/www.emplea-te.com\/noticias-oposiciones\/#website","url":"https:\/\/www.emplea-te.com\/noticias-oposiciones\/","name":"Noticas de oposiciones por Academia Emplea-te","description":"Toda la actualidad de las ofertas y convocatorias.","publisher":{"@id":"https:\/\/www.emplea-te.com\/noticias-oposiciones\/#organization"},"potentialAction":[{"@type":"SearchAction","target":{"@type":"EntryPoint","urlTemplate":"https:\/\/www.emplea-te.com\/noticias-oposiciones\/?s={search_term_string}"},"query-input":{"@type":"PropertyValueSpecification","valueRequired":true,"valueName":"search_term_string"}}],"inLanguage":"es"},{"@type":"Organization","@id":"https:\/\/www.emplea-te.com\/noticias-oposiciones\/#organization","name":"Academia de oposiciones Empl\u00e9ate","url":"https:\/\/www.emplea-te.com\/noticias-oposiciones\/","logo":{"@type":"ImageObject","inLanguage":"es","@id":"https:\/\/www.emplea-te.com\/noticias-oposiciones\/#\/schema\/logo\/image\/","url":"https:\/\/www.emplea-te.com\/noticias-oposiciones\/wp-content\/uploads\/2019\/04\/empleate.jpg","contentUrl":"https:\/\/www.emplea-te.com\/noticias-oposiciones\/wp-content\/uploads\/2019\/04\/empleate.jpg","width":250,"height":150,"caption":"Academia de oposiciones Empl\u00e9ate"},"image":{"@id":"https:\/\/www.emplea-te.com\/noticias-oposiciones\/#\/schema\/logo\/image\/"},"sameAs":["https:\/\/www.facebook.com\/AcademiaEmpleate\/","https:\/\/x.com\/Emplea_Te","https:\/\/www.instagram.com\/academia_empleate\/"]},{"@type":"Person","@id":"https:\/\/www.emplea-te.com\/noticias-oposiciones\/#\/schema\/person\/d1bc587e1af2b95e9c32aba1795509a6","name":"Empleate"}]}},"_links":{"self":[{"href":"https:\/\/www.emplea-te.com\/noticias-oposiciones\/wp-json\/wp\/v2\/posts\/12446","targetHints":{"allow":["GET"]}}],"collection":[{"href":"https:\/\/www.emplea-te.com\/noticias-oposiciones\/wp-json\/wp\/v2\/posts"}],"about":[{"href":"https:\/\/www.emplea-te.com\/noticias-oposiciones\/wp-json\/wp\/v2\/types\/post"}],"author":[{"embeddable":true,"href":"https:\/\/www.emplea-te.com\/noticias-oposiciones\/wp-json\/wp\/v2\/users\/1"}],"replies":[{"embeddable":true,"href":"https:\/\/www.emplea-te.com\/noticias-oposiciones\/wp-json\/wp\/v2\/comments?post=12446"}],"version-history":[{"count":1,"href":"https:\/\/www.emplea-te.com\/noticias-oposiciones\/wp-json\/wp\/v2\/posts\/12446\/revisions"}],"predecessor-version":[{"id":12447,"href":"https:\/\/www.emplea-te.com\/noticias-oposiciones\/wp-json\/wp\/v2\/posts\/12446\/revisions\/12447"}],"wp:attachment":[{"href":"https:\/\/www.emplea-te.com\/noticias-oposiciones\/wp-json\/wp\/v2\/media?parent=12446"}],"wp:term":[{"taxonomy":"category","embeddable":true,"href":"https:\/\/www.emplea-te.com\/noticias-oposiciones\/wp-json\/wp\/v2\/categories?post=12446"},{"taxonomy":"post_tag","embeddable":true,"href":"https:\/\/www.emplea-te.com\/noticias-oposiciones\/wp-json\/wp\/v2\/tags?post=12446"}],"curies":[{"name":"wp","href":"https:\/\/api.w.org\/{rel}","templated":true}]}}