{"id":12456,"date":"2024-05-15T10:46:05","date_gmt":"2024-05-15T08:46:05","guid":{"rendered":"https:\/\/www.emplea-te.com\/noticias-oposiciones\/?p=12456"},"modified":"2024-05-15T10:46:16","modified_gmt":"2024-05-15T08:46:16","slug":"xunta-de-galicia-orientacion-laboral-a2-se-abre-el-plazo-de-presentacion-de-solicitudes-para-el-desempeno-transitorio-de-puestos-por-interinos","status":"publish","type":"post","link":"https:\/\/www.emplea-te.com\/noticias-oposiciones\/xunta-de-galicia-orientacion-laboral-a2-se-abre-el-plazo-de-presentacion-de-solicitudes-para-el-desempeno-transitorio-de-puestos-por-interinos\/","title":{"rendered":"Xunta de Galicia. Orientaci\u00f3n Laboral A2.  Se abre el plazo de presentaci\u00f3n de solicitudes para el desempe\u00f1o transitorio de puestos por interinos."},"content":{"rendered":"<p>Se publica en el DOG de hoy, d\u00eda 15 de mayo de 2024 la Resoluci\u00f3n de 23 de abril de 2024, de la Direcci\u00f3n General de la Funci\u00f3n P\u00fablica, por la que se abre el plazo de presentaci\u00f3n de solicitudes para la elaboraci\u00f3n de la lista para el desempe\u00f1o transitorio de puestos reservados a personal funcionario del cuerpo de gesti\u00f3n de la Administraci\u00f3n general de la Comunidad Aut\u00f3noma de Galicia, subgrupo A2, escala t\u00e9cnica de orientaci\u00f3n laboral.<\/p>\n<p>El objeto de esta convocatoria es elaborar las listas para la cobertura con car\u00e1cter temporal de puestos de trabajo reservados a funcionarios del cuerpo de gesti\u00f3n de la Administraci\u00f3n general de la Comunidad Aut\u00f3noma de Galicia, subgrupo A2, escala t\u00e9cnica de orientaci\u00f3n laboral.<\/p>\n<p><strong>\u00c1mbito territorial<br \/>\n<\/strong>El \u00e1mbito territorial de esta lista ser\u00e1 servicios centrales y cada una de las provincias de la Comunidad Aut\u00f3noma, debiendo especificarse en la instancia el\/los \u00e1mbito\/s objeto de elecci\u00f3n.<\/p>\n<p><strong>Titulaci\u00f3n\u00a0<\/strong><br \/>\nLa titulaci\u00f3n acad\u00e9mica exigida para participar ser\u00e1 estar en posesi\u00f3n o en condiciones de obtener el t\u00edtulo de diplomado o graduado en una titulaci\u00f3n de cualquier rama.<br \/>\nConocimiento de la lengua gallega:<br \/>\nSe debe estar en posesi\u00f3n del t\u00edtulo del Celga 4 o del t\u00edtulo equivalente debidamente homologado.<\/p>\n<p><strong>Solicitudes<br \/>\n<\/strong>Las personas interesadas en formar parte de las listas deber\u00e1n presentar una instancia, preferentemente por v\u00eda electr\u00f3nica, a trav\u00e9s del formulario normalizado contenido en el anexo I de la Orden de 22 de febrero de 2021 (DOG n\u00fam. 39, de 26 de febrero) (c\u00f3digo de procedimiento AP522T), accesible en el portal web corporativo <a href=\"http:\/\/www.xunta.es\" target=\"_blank\" rel=\"noopener\"><strong>xunta.gal\/funcion-publica<\/strong><\/a>, siguiendo la ruta -.<br \/>\nAsimismo, ser\u00e1 accesible en la sede electr\u00f3nica de la Xunta de Galicia, <a href=\"https:\/\/sede.xunta.gal.\" target=\"_blank\" rel=\"noopener\"><strong>https:\/\/sede.xunta.gal.\u00a0<\/strong><\/a><br \/>\nEl plazo para presentar las solicitudes ser\u00e1 de 20 d\u00edas h\u00e1biles, que se contar\u00e1n a partir del siguiente al de la publicaci\u00f3n de esta resoluci\u00f3n en el Diario Oficial de Galicia, es decir, del 16 de mayo al 13 de junio.<\/p>\n<p><strong>Elaboraci\u00f3n de las listas<br \/>\n<\/strong>La Comisi\u00f3n Permanente prevista en el art\u00edculo 4 del Decreto 37\/2006, de 2 de marzo, ser\u00e1 la encargada de elevar al titular de la Direcci\u00f3n General de la Funci\u00f3n P\u00fablica el anuncio de los listados provisionales y definitivos de personas admitidas y excluidas para su publicaci\u00f3n en el DOG.<br \/>\nDichos listados, en los que se indicar\u00e1 la puntuaci\u00f3n obtenida por cada persona candidata, podr\u00e1n consultarse en el portal web corporativo xunta.gal\/funcion-publica, siguiendo la ruta .<\/p>\n<p><a href=\"https:\/\/www.xunta.gal\/dog\/Publicados\/2024\/20240515\/AnuncioG0597-060524-0005_es.html\" target=\"_blank\" rel=\"noopener\"><strong>Accede a la Resoluci\u00f3n con su contenido \u00edntegro.\u00a0<\/strong><\/a><\/p>\n","protected":false},"excerpt":{"rendered":"<p>Se publica en el DOG de hoy, d\u00eda 15 de mayo de 2024 la Resoluci\u00f3n de 23 de abril de 2024, de la Direcci\u00f3n General de la Funci\u00f3n P\u00fablica, por la que se abre el plazo de presentaci\u00f3n de solicitudes para la elaboraci\u00f3n de la lista para el desempe\u00f1o transitorio de puestos reservados a personal &hellip; <a href=\"https:\/\/www.emplea-te.com\/noticias-oposiciones\/xunta-de-galicia-orientacion-laboral-a2-se-abre-el-plazo-de-presentacion-de-solicitudes-para-el-desempeno-transitorio-de-puestos-por-interinos\/\" class=\"more-link\">Continuar leyendo<span class=\"screen-reader-text\"> \u00abXunta de Galicia. Orientaci\u00f3n Laboral A2.  Se abre el plazo de presentaci\u00f3n de solicitudes para el desempe\u00f1o transitorio de puestos por interinos.\u00bb<\/span><\/a><\/p>\n","protected":false},"author":1,"featured_media":0,"comment_status":"closed","ping_status":"closed","sticky":false,"template":"","format":"standard","meta":{"footnotes":""},"categories":[56,4],"tags":[103],"class_list":["post-12456","post","type-post","status-publish","format-standard","hentry","category-oposiciones-autonomicas-galicia","category-oposiciones-xunta","tag-informacion-procesos-selectivos"],"yoast_head":"<!-- This site is optimized with the Yoast SEO plugin v27.5 - https:\/\/yoast.com\/product\/yoast-seo-wordpress\/ -->\n<title>Xunta de Galicia. Orientaci\u00f3n Laboral A2.<\/title>\n<meta name=\"description\" content=\"Xunta de Galicia. Orientaci\u00f3n Laboral A2. Se abre el plazo de presentaci\u00f3n de solicitudes para el desempe\u00f1o transitorio de puestos por interinos.\" \/>\n<meta name=\"robots\" content=\"index, follow, max-snippet:-1, max-image-preview:large, max-video-preview:-1\" \/>\n<link rel=\"canonical\" href=\"https:\/\/www.emplea-te.com\/noticias-oposiciones\/xunta-de-galicia-orientacion-laboral-a2-se-abre-el-plazo-de-presentacion-de-solicitudes-para-el-desempeno-transitorio-de-puestos-por-interinos\/\" \/>\n<meta property=\"og:locale\" content=\"es_ES\" \/>\n<meta property=\"og:type\" content=\"article\" \/>\n<meta property=\"og:title\" content=\"Xunta de Galicia. Orientaci\u00f3n Laboral A2.\" \/>\n<meta property=\"og:description\" content=\"Xunta de Galicia. Orientaci\u00f3n Laboral A2. Se abre el plazo de presentaci\u00f3n de solicitudes para el desempe\u00f1o transitorio de puestos por interinos.\" \/>\n<meta property=\"og:url\" content=\"https:\/\/www.emplea-te.com\/noticias-oposiciones\/xunta-de-galicia-orientacion-laboral-a2-se-abre-el-plazo-de-presentacion-de-solicitudes-para-el-desempeno-transitorio-de-puestos-por-interinos\/\" \/>\n<meta property=\"og:site_name\" content=\"Noticas de oposiciones por Academia Emplea-te\" \/>\n<meta property=\"article:publisher\" content=\"https:\/\/www.facebook.com\/AcademiaEmpleate\/\" \/>\n<meta property=\"article:published_time\" content=\"2024-05-15T08:46:05+00:00\" \/>\n<meta property=\"article:modified_time\" content=\"2024-05-15T08:46:16+00:00\" \/>\n<meta name=\"author\" content=\"Empleate\" \/>\n<meta name=\"twitter:card\" content=\"summary_large_image\" \/>\n<meta name=\"twitter:creator\" content=\"@Emplea_Te\" \/>\n<meta name=\"twitter:site\" content=\"@Emplea_Te\" \/>\n<meta name=\"twitter:label1\" content=\"Escrito por\" \/>\n\t<meta name=\"twitter:data1\" content=\"Empleate\" \/>\n\t<meta name=\"twitter:label2\" content=\"Tiempo de lectura\" \/>\n\t<meta name=\"twitter:data2\" content=\"2 minutos\" \/>\n<script type=\"application\/ld+json\" class=\"yoast-schema-graph\">{\"@context\":\"https:\\\/\\\/schema.org\",\"@graph\":[{\"@type\":\"Article\",\"@id\":\"https:\\\/\\\/www.emplea-te.com\\\/noticias-oposiciones\\\/xunta-de-galicia-orientacion-laboral-a2-se-abre-el-plazo-de-presentacion-de-solicitudes-para-el-desempeno-transitorio-de-puestos-por-interinos\\\/#article\",\"isPartOf\":{\"@id\":\"https:\\\/\\\/www.emplea-te.com\\\/noticias-oposiciones\\\/xunta-de-galicia-orientacion-laboral-a2-se-abre-el-plazo-de-presentacion-de-solicitudes-para-el-desempeno-transitorio-de-puestos-por-interinos\\\/\"},\"author\":{\"name\":\"Empleate\",\"@id\":\"https:\\\/\\\/www.emplea-te.com\\\/noticias-oposiciones\\\/#\\\/schema\\\/person\\\/d1bc587e1af2b95e9c32aba1795509a6\"},\"headline\":\"Xunta de Galicia. Orientaci\u00f3n Laboral A2. Se abre el plazo de presentaci\u00f3n de solicitudes para el desempe\u00f1o transitorio de puestos por interinos.\",\"datePublished\":\"2024-05-15T08:46:05+00:00\",\"dateModified\":\"2024-05-15T08:46:16+00:00\",\"mainEntityOfPage\":{\"@id\":\"https:\\\/\\\/www.emplea-te.com\\\/noticias-oposiciones\\\/xunta-de-galicia-orientacion-laboral-a2-se-abre-el-plazo-de-presentacion-de-solicitudes-para-el-desempeno-transitorio-de-puestos-por-interinos\\\/\"},\"wordCount\":471,\"publisher\":{\"@id\":\"https:\\\/\\\/www.emplea-te.com\\\/noticias-oposiciones\\\/#organization\"},\"keywords\":[\"Informaci\u00f3n procesos selectivos\"],\"articleSection\":[\"Oposiciones Auton\u00f3micas Galicia\",\"Oposiciones Xunta\"],\"inLanguage\":\"es\"},{\"@type\":\"WebPage\",\"@id\":\"https:\\\/\\\/www.emplea-te.com\\\/noticias-oposiciones\\\/xunta-de-galicia-orientacion-laboral-a2-se-abre-el-plazo-de-presentacion-de-solicitudes-para-el-desempeno-transitorio-de-puestos-por-interinos\\\/\",\"url\":\"https:\\\/\\\/www.emplea-te.com\\\/noticias-oposiciones\\\/xunta-de-galicia-orientacion-laboral-a2-se-abre-el-plazo-de-presentacion-de-solicitudes-para-el-desempeno-transitorio-de-puestos-por-interinos\\\/\",\"name\":\"Xunta de Galicia. Orientaci\u00f3n Laboral A2.\",\"isPartOf\":{\"@id\":\"https:\\\/\\\/www.emplea-te.com\\\/noticias-oposiciones\\\/#website\"},\"datePublished\":\"2024-05-15T08:46:05+00:00\",\"dateModified\":\"2024-05-15T08:46:16+00:00\",\"description\":\"Xunta de Galicia. Orientaci\u00f3n Laboral A2. Se abre el plazo de presentaci\u00f3n de solicitudes para el desempe\u00f1o transitorio de puestos por interinos.\",\"breadcrumb\":{\"@id\":\"https:\\\/\\\/www.emplea-te.com\\\/noticias-oposiciones\\\/xunta-de-galicia-orientacion-laboral-a2-se-abre-el-plazo-de-presentacion-de-solicitudes-para-el-desempeno-transitorio-de-puestos-por-interinos\\\/#breadcrumb\"},\"inLanguage\":\"es\",\"potentialAction\":[{\"@type\":\"ReadAction\",\"target\":[\"https:\\\/\\\/www.emplea-te.com\\\/noticias-oposiciones\\\/xunta-de-galicia-orientacion-laboral-a2-se-abre-el-plazo-de-presentacion-de-solicitudes-para-el-desempeno-transitorio-de-puestos-por-interinos\\\/\"]}]},{\"@type\":\"BreadcrumbList\",\"@id\":\"https:\\\/\\\/www.emplea-te.com\\\/noticias-oposiciones\\\/xunta-de-galicia-orientacion-laboral-a2-se-abre-el-plazo-de-presentacion-de-solicitudes-para-el-desempeno-transitorio-de-puestos-por-interinos\\\/#breadcrumb\",\"itemListElement\":[{\"@type\":\"ListItem\",\"position\":1,\"name\":\"Noticias Oposiciones\",\"item\":\"https:\\\/\\\/www.emplea-te.com\\\/noticias-oposiciones\\\/\"},{\"@type\":\"ListItem\",\"position\":2,\"name\":\"Oposiciones Xunta\",\"item\":\"https:\\\/\\\/www.emplea-te.com\\\/noticias-oposiciones\\\/categoria\\\/oposiciones-xunta\\\/\"},{\"@type\":\"ListItem\",\"position\":3,\"name\":\"Xunta de Galicia. Orientaci\u00f3n Laboral A2. Se abre el plazo de presentaci\u00f3n de solicitudes para el desempe\u00f1o transitorio de puestos por interinos.\"}]},{\"@type\":\"WebSite\",\"@id\":\"https:\\\/\\\/www.emplea-te.com\\\/noticias-oposiciones\\\/#website\",\"url\":\"https:\\\/\\\/www.emplea-te.com\\\/noticias-oposiciones\\\/\",\"name\":\"Noticas de oposiciones por Academia Emplea-te\",\"description\":\"Toda la actualidad de las ofertas y convocatorias.\",\"publisher\":{\"@id\":\"https:\\\/\\\/www.emplea-te.com\\\/noticias-oposiciones\\\/#organization\"},\"potentialAction\":[{\"@type\":\"SearchAction\",\"target\":{\"@type\":\"EntryPoint\",\"urlTemplate\":\"https:\\\/\\\/www.emplea-te.com\\\/noticias-oposiciones\\\/?s={search_term_string}\"},\"query-input\":{\"@type\":\"PropertyValueSpecification\",\"valueRequired\":true,\"valueName\":\"search_term_string\"}}],\"inLanguage\":\"es\"},{\"@type\":\"Organization\",\"@id\":\"https:\\\/\\\/www.emplea-te.com\\\/noticias-oposiciones\\\/#organization\",\"name\":\"Academia de oposiciones Empl\u00e9ate\",\"url\":\"https:\\\/\\\/www.emplea-te.com\\\/noticias-oposiciones\\\/\",\"logo\":{\"@type\":\"ImageObject\",\"inLanguage\":\"es\",\"@id\":\"https:\\\/\\\/www.emplea-te.com\\\/noticias-oposiciones\\\/#\\\/schema\\\/logo\\\/image\\\/\",\"url\":\"https:\\\/\\\/www.emplea-te.com\\\/noticias-oposiciones\\\/wp-content\\\/uploads\\\/2019\\\/04\\\/empleate.jpg\",\"contentUrl\":\"https:\\\/\\\/www.emplea-te.com\\\/noticias-oposiciones\\\/wp-content\\\/uploads\\\/2019\\\/04\\\/empleate.jpg\",\"width\":250,\"height\":150,\"caption\":\"Academia de oposiciones Empl\u00e9ate\"},\"image\":{\"@id\":\"https:\\\/\\\/www.emplea-te.com\\\/noticias-oposiciones\\\/#\\\/schema\\\/logo\\\/image\\\/\"},\"sameAs\":[\"https:\\\/\\\/www.facebook.com\\\/AcademiaEmpleate\\\/\",\"https:\\\/\\\/x.com\\\/Emplea_Te\",\"https:\\\/\\\/www.instagram.com\\\/academia_empleate\\\/\"]},{\"@type\":\"Person\",\"@id\":\"https:\\\/\\\/www.emplea-te.com\\\/noticias-oposiciones\\\/#\\\/schema\\\/person\\\/d1bc587e1af2b95e9c32aba1795509a6\",\"name\":\"Empleate\"}]}<\/script>\n<!-- \/ Yoast SEO plugin. -->","yoast_head_json":{"title":"Xunta de Galicia. Orientaci\u00f3n Laboral A2.","description":"Xunta de Galicia. Orientaci\u00f3n Laboral A2. Se abre el plazo de presentaci\u00f3n de solicitudes para el desempe\u00f1o transitorio de puestos por interinos.","robots":{"index":"index","follow":"follow","max-snippet":"max-snippet:-1","max-image-preview":"max-image-preview:large","max-video-preview":"max-video-preview:-1"},"canonical":"https:\/\/www.emplea-te.com\/noticias-oposiciones\/xunta-de-galicia-orientacion-laboral-a2-se-abre-el-plazo-de-presentacion-de-solicitudes-para-el-desempeno-transitorio-de-puestos-por-interinos\/","og_locale":"es_ES","og_type":"article","og_title":"Xunta de Galicia. Orientaci\u00f3n Laboral A2.","og_description":"Xunta de Galicia. Orientaci\u00f3n Laboral A2. Se abre el plazo de presentaci\u00f3n de solicitudes para el desempe\u00f1o transitorio de puestos por interinos.","og_url":"https:\/\/www.emplea-te.com\/noticias-oposiciones\/xunta-de-galicia-orientacion-laboral-a2-se-abre-el-plazo-de-presentacion-de-solicitudes-para-el-desempeno-transitorio-de-puestos-por-interinos\/","og_site_name":"Noticas de oposiciones por Academia Emplea-te","article_publisher":"https:\/\/www.facebook.com\/AcademiaEmpleate\/","article_published_time":"2024-05-15T08:46:05+00:00","article_modified_time":"2024-05-15T08:46:16+00:00","author":"Empleate","twitter_card":"summary_large_image","twitter_creator":"@Emplea_Te","twitter_site":"@Emplea_Te","twitter_misc":{"Escrito por":"Empleate","Tiempo de lectura":"2 minutos"},"schema":{"@context":"https:\/\/schema.org","@graph":[{"@type":"Article","@id":"https:\/\/www.emplea-te.com\/noticias-oposiciones\/xunta-de-galicia-orientacion-laboral-a2-se-abre-el-plazo-de-presentacion-de-solicitudes-para-el-desempeno-transitorio-de-puestos-por-interinos\/#article","isPartOf":{"@id":"https:\/\/www.emplea-te.com\/noticias-oposiciones\/xunta-de-galicia-orientacion-laboral-a2-se-abre-el-plazo-de-presentacion-de-solicitudes-para-el-desempeno-transitorio-de-puestos-por-interinos\/"},"author":{"name":"Empleate","@id":"https:\/\/www.emplea-te.com\/noticias-oposiciones\/#\/schema\/person\/d1bc587e1af2b95e9c32aba1795509a6"},"headline":"Xunta de Galicia. Orientaci\u00f3n Laboral A2. Se abre el plazo de presentaci\u00f3n de solicitudes para el desempe\u00f1o transitorio de puestos por interinos.","datePublished":"2024-05-15T08:46:05+00:00","dateModified":"2024-05-15T08:46:16+00:00","mainEntityOfPage":{"@id":"https:\/\/www.emplea-te.com\/noticias-oposiciones\/xunta-de-galicia-orientacion-laboral-a2-se-abre-el-plazo-de-presentacion-de-solicitudes-para-el-desempeno-transitorio-de-puestos-por-interinos\/"},"wordCount":471,"publisher":{"@id":"https:\/\/www.emplea-te.com\/noticias-oposiciones\/#organization"},"keywords":["Informaci\u00f3n procesos selectivos"],"articleSection":["Oposiciones Auton\u00f3micas Galicia","Oposiciones Xunta"],"inLanguage":"es"},{"@type":"WebPage","@id":"https:\/\/www.emplea-te.com\/noticias-oposiciones\/xunta-de-galicia-orientacion-laboral-a2-se-abre-el-plazo-de-presentacion-de-solicitudes-para-el-desempeno-transitorio-de-puestos-por-interinos\/","url":"https:\/\/www.emplea-te.com\/noticias-oposiciones\/xunta-de-galicia-orientacion-laboral-a2-se-abre-el-plazo-de-presentacion-de-solicitudes-para-el-desempeno-transitorio-de-puestos-por-interinos\/","name":"Xunta de Galicia. Orientaci\u00f3n Laboral A2.","isPartOf":{"@id":"https:\/\/www.emplea-te.com\/noticias-oposiciones\/#website"},"datePublished":"2024-05-15T08:46:05+00:00","dateModified":"2024-05-15T08:46:16+00:00","description":"Xunta de Galicia. Orientaci\u00f3n Laboral A2. Se abre el plazo de presentaci\u00f3n de solicitudes para el desempe\u00f1o transitorio de puestos por interinos.","breadcrumb":{"@id":"https:\/\/www.emplea-te.com\/noticias-oposiciones\/xunta-de-galicia-orientacion-laboral-a2-se-abre-el-plazo-de-presentacion-de-solicitudes-para-el-desempeno-transitorio-de-puestos-por-interinos\/#breadcrumb"},"inLanguage":"es","potentialAction":[{"@type":"ReadAction","target":["https:\/\/www.emplea-te.com\/noticias-oposiciones\/xunta-de-galicia-orientacion-laboral-a2-se-abre-el-plazo-de-presentacion-de-solicitudes-para-el-desempeno-transitorio-de-puestos-por-interinos\/"]}]},{"@type":"BreadcrumbList","@id":"https:\/\/www.emplea-te.com\/noticias-oposiciones\/xunta-de-galicia-orientacion-laboral-a2-se-abre-el-plazo-de-presentacion-de-solicitudes-para-el-desempeno-transitorio-de-puestos-por-interinos\/#breadcrumb","itemListElement":[{"@type":"ListItem","position":1,"name":"Noticias Oposiciones","item":"https:\/\/www.emplea-te.com\/noticias-oposiciones\/"},{"@type":"ListItem","position":2,"name":"Oposiciones Xunta","item":"https:\/\/www.emplea-te.com\/noticias-oposiciones\/categoria\/oposiciones-xunta\/"},{"@type":"ListItem","position":3,"name":"Xunta de Galicia. Orientaci\u00f3n Laboral A2. Se abre el plazo de presentaci\u00f3n de solicitudes para el desempe\u00f1o transitorio de puestos por interinos."}]},{"@type":"WebSite","@id":"https:\/\/www.emplea-te.com\/noticias-oposiciones\/#website","url":"https:\/\/www.emplea-te.com\/noticias-oposiciones\/","name":"Noticas de oposiciones por Academia Emplea-te","description":"Toda la actualidad de las ofertas y convocatorias.","publisher":{"@id":"https:\/\/www.emplea-te.com\/noticias-oposiciones\/#organization"},"potentialAction":[{"@type":"SearchAction","target":{"@type":"EntryPoint","urlTemplate":"https:\/\/www.emplea-te.com\/noticias-oposiciones\/?s={search_term_string}"},"query-input":{"@type":"PropertyValueSpecification","valueRequired":true,"valueName":"search_term_string"}}],"inLanguage":"es"},{"@type":"Organization","@id":"https:\/\/www.emplea-te.com\/noticias-oposiciones\/#organization","name":"Academia de oposiciones Empl\u00e9ate","url":"https:\/\/www.emplea-te.com\/noticias-oposiciones\/","logo":{"@type":"ImageObject","inLanguage":"es","@id":"https:\/\/www.emplea-te.com\/noticias-oposiciones\/#\/schema\/logo\/image\/","url":"https:\/\/www.emplea-te.com\/noticias-oposiciones\/wp-content\/uploads\/2019\/04\/empleate.jpg","contentUrl":"https:\/\/www.emplea-te.com\/noticias-oposiciones\/wp-content\/uploads\/2019\/04\/empleate.jpg","width":250,"height":150,"caption":"Academia de oposiciones Empl\u00e9ate"},"image":{"@id":"https:\/\/www.emplea-te.com\/noticias-oposiciones\/#\/schema\/logo\/image\/"},"sameAs":["https:\/\/www.facebook.com\/AcademiaEmpleate\/","https:\/\/x.com\/Emplea_Te","https:\/\/www.instagram.com\/academia_empleate\/"]},{"@type":"Person","@id":"https:\/\/www.emplea-te.com\/noticias-oposiciones\/#\/schema\/person\/d1bc587e1af2b95e9c32aba1795509a6","name":"Empleate"}]}},"_links":{"self":[{"href":"https:\/\/www.emplea-te.com\/noticias-oposiciones\/wp-json\/wp\/v2\/posts\/12456","targetHints":{"allow":["GET"]}}],"collection":[{"href":"https:\/\/www.emplea-te.com\/noticias-oposiciones\/wp-json\/wp\/v2\/posts"}],"about":[{"href":"https:\/\/www.emplea-te.com\/noticias-oposiciones\/wp-json\/wp\/v2\/types\/post"}],"author":[{"embeddable":true,"href":"https:\/\/www.emplea-te.com\/noticias-oposiciones\/wp-json\/wp\/v2\/users\/1"}],"replies":[{"embeddable":true,"href":"https:\/\/www.emplea-te.com\/noticias-oposiciones\/wp-json\/wp\/v2\/comments?post=12456"}],"version-history":[{"count":1,"href":"https:\/\/www.emplea-te.com\/noticias-oposiciones\/wp-json\/wp\/v2\/posts\/12456\/revisions"}],"predecessor-version":[{"id":12457,"href":"https:\/\/www.emplea-te.com\/noticias-oposiciones\/wp-json\/wp\/v2\/posts\/12456\/revisions\/12457"}],"wp:attachment":[{"href":"https:\/\/www.emplea-te.com\/noticias-oposiciones\/wp-json\/wp\/v2\/media?parent=12456"}],"wp:term":[{"taxonomy":"category","embeddable":true,"href":"https:\/\/www.emplea-te.com\/noticias-oposiciones\/wp-json\/wp\/v2\/categories?post=12456"},{"taxonomy":"post_tag","embeddable":true,"href":"https:\/\/www.emplea-te.com\/noticias-oposiciones\/wp-json\/wp\/v2\/tags?post=12456"}],"curies":[{"name":"wp","href":"https:\/\/api.w.org\/{rel}","templated":true}]}}