{"id":1247,"date":"2018-10-17T00:00:00","date_gmt":"2018-10-16T22:00:00","guid":{"rendered":"https:\/\/www.emplea-te.com\/noticias-oposiciones\/la-diputacion-de-la-coruna-convoca-el-proceso-selectivo-mediante-concurso-oposicion-para-cubrir-12-plazas\/"},"modified":"2018-10-17T00:00:00","modified_gmt":"2018-10-16T22:00:00","slug":"la-diputacion-de-la-coruna-convoca-el-proceso-selectivo-mediante-concurso-oposicion-para-cubrir-12-plazas","status":"publish","type":"post","link":"https:\/\/www.emplea-te.com\/noticias-oposiciones\/la-diputacion-de-la-coruna-convoca-el-proceso-selectivo-mediante-concurso-oposicion-para-cubrir-12-plazas\/","title":{"rendered":"<br>La Diputaci\u00f3n de la Coru\u00f1a convoca el proceso selectivo mediante concurso oposici\u00f3n para cubrir 12 plazas."},"content":{"rendered":"<p>La Diputaci\u00f3n de A Coru\u00f1a, convoca el proceso selectivo (promoci\u00f3n interna)&nbsp;mediante concurso- oposici\u00f3n para cubrir 12 plazas de personal funcionario. <\/p>\n<p><a href=\"https:\/\/www.eidolocal.gal\/guialocal\/fichaguia?codigoEELL=51000&amp;tab=4\" target=\"_blank\" rel=\"nofollow noopener noreferrer\"><span class=\"wysiwyg-color-green\">Enlace a la resoluci\u00f3n <\/span><\/a><\/p>\n<p>Destacamos 1 plaza de Auxiliar Administrativo : Fecha m\u00e1xima presentaci\u00f3n solicitudes 6 de noviembre de 2018.<\/p>\n<p><a href=\"https:\/\/www.boe.es\/boe\/dias\/2018\/10\/17\/pdfs\/BOE-A-2018-14190.pdf\" target=\"_blank\" rel=\"nofollow noopener noreferrer\"><span class=\"wysiwyg-color-green\">Enlace a publicaci\u00f3n en BOE <\/span><\/a><\/p>\n<p>Destacamos 1 plaza de Ayudante de Archivo de Bibliotecas: Fecha m\u00e1xima presentaci\u00f3n solicitudes 6 de noviembre de 2018.<\/p>\n<p><a href=\"https:\/\/www.boe.es\/boe\/dias\/2018\/10\/17\/pdfs\/BOE-A-2018-14190.pdf\" target=\"_blank\" rel=\"nofollow noopener noreferrer\"><span class=\"wysiwyg-color-green\">Enlace publicaci\u00f3n en BOE <\/span><\/a><\/p>\n<p><a href=\"https:\/\/www.emplea-te.com\/48\/oposiciones-de-OPOSICIONES-DE-ADMINISTRATIVO-Y-AUX.-ADMINISTRATIVO%C2%A0-PROMOCION-INTERNA\" target=\"_blank\" rel=\"nofollow noopener noreferrer\"><span class=\"wysiwyg-color-green\">Accede a la informaci\u00f3n de nuestros grupos reducidos para preparar la oposici\u00f3n de Auxiliar Administrativo <\/span><\/a><\/p>\n<p><a href=\"https:\/\/www.emplea-te.com\/37\/oposiciones-de-auxiliar-de-biblioteca\" target=\"_blank\" rel=\"nofollow noopener noreferrer\"><span class=\"wysiwyg-color-green\">Accede a la informaci\u00f3n de nuestros grupos para preparar la oposici\u00f3n de Auxiliar de Bibliotecas <\/span><\/a><\/p>\n<p><\/p>\n","protected":false},"excerpt":{"rendered":"<p>La Diputaci\u00f3n de A Coru\u00f1a, convoca el proceso selectivo (promoci\u00f3n interna)&nbsp;mediante concurso- oposici\u00f3n para cubrir 12 plazas de personal funcionario. Enlace a la resoluci\u00f3n Destacamos 1 plaza de Auxiliar Administrativo : Fecha m\u00e1xima presentaci\u00f3n solicitudes 6 de noviembre de 2018. Enlace a publicaci\u00f3n en BOE Destacamos 1 plaza de Ayudante de Archivo de Bibliotecas: Fecha &hellip; <a href=\"https:\/\/www.emplea-te.com\/noticias-oposiciones\/la-diputacion-de-la-coruna-convoca-el-proceso-selectivo-mediante-concurso-oposicion-para-cubrir-12-plazas\/\" class=\"more-link\">Continuar leyendo<span class=\"screen-reader-text\"> \u00ab<br \/>La Diputaci\u00f3n de la Coru\u00f1a convoca el proceso selectivo mediante concurso oposici\u00f3n para cubrir 12 plazas.\u00bb<\/span><\/a><\/p>\n","protected":false},"author":1,"featured_media":0,"comment_status":"open","ping_status":"open","sticky":false,"template":"","format":"standard","meta":{"footnotes":""},"categories":[],"tags":[],"class_list":["post-1247","post","type-post","status-publish","format-standard","hentry"],"yoast_head":"<!-- This site is optimized with the Yoast SEO plugin v27.3 - https:\/\/yoast.com\/product\/yoast-seo-wordpress\/ -->\n<title>La Diputaci\u00f3n de la Coru\u00f1a convoca el proceso selectivo mediante concurso oposici\u00f3n para cubrir 12 plazas. - Noticas de oposiciones por Academia Emplea-te<\/title>\n<meta name=\"description\" content=\"La Diputaci\u00f3n de A Coru\u00f1a, convoca el proceso selectivo (promoci\u00f3n interna)\u00a0mediante concurso- oposici\u00f3n para cubrir 12 plazas de personal funcionario.Enlace a la resoluci\u00f3n\" \/>\n<meta name=\"robots\" content=\"index, follow, max-snippet:-1, max-image-preview:large, max-video-preview:-1\" \/>\n<link rel=\"canonical\" href=\"https:\/\/www.emplea-te.com\/noticias-oposiciones\/la-diputacion-de-la-coruna-convoca-el-proceso-selectivo-mediante-concurso-oposicion-para-cubrir-12-plazas\/\" \/>\n<meta property=\"og:locale\" content=\"es_ES\" \/>\n<meta property=\"og:type\" content=\"article\" \/>\n<meta property=\"og:title\" content=\"La Diputaci\u00f3n de la Coru\u00f1a convoca el proceso selectivo mediante concurso oposici\u00f3n para cubrir 12 plazas. - Noticas de oposiciones por Academia Emplea-te\" \/>\n<meta property=\"og:description\" content=\"La Diputaci\u00f3n de A Coru\u00f1a, convoca el proceso selectivo (promoci\u00f3n interna)\u00a0mediante concurso- oposici\u00f3n para cubrir 12 plazas de personal funcionario.Enlace a la resoluci\u00f3n\" \/>\n<meta property=\"og:url\" content=\"https:\/\/www.emplea-te.com\/noticias-oposiciones\/la-diputacion-de-la-coruna-convoca-el-proceso-selectivo-mediante-concurso-oposicion-para-cubrir-12-plazas\/\" \/>\n<meta property=\"og:site_name\" content=\"Noticas de oposiciones por Academia Emplea-te\" \/>\n<meta property=\"article:publisher\" content=\"https:\/\/www.facebook.com\/AcademiaEmpleate\/\" \/>\n<meta property=\"article:published_time\" content=\"2018-10-16T22:00:00+00:00\" \/>\n<meta name=\"author\" content=\"Empleate\" \/>\n<meta name=\"twitter:card\" content=\"summary_large_image\" \/>\n<meta name=\"twitter:creator\" content=\"@Emplea_Te\" \/>\n<meta name=\"twitter:site\" content=\"@Emplea_Te\" \/>\n<meta name=\"twitter:label1\" content=\"Escrito por\" \/>\n\t<meta name=\"twitter:data1\" content=\"Empleate\" \/>\n\t<meta name=\"twitter:label2\" content=\"Tiempo de lectura\" \/>\n\t<meta name=\"twitter:data2\" content=\"1 minuto\" \/>\n<script type=\"application\/ld+json\" class=\"yoast-schema-graph\">{\"@context\":\"https:\\\/\\\/schema.org\",\"@graph\":[{\"@type\":\"Article\",\"@id\":\"https:\\\/\\\/www.emplea-te.com\\\/noticias-oposiciones\\\/la-diputacion-de-la-coruna-convoca-el-proceso-selectivo-mediante-concurso-oposicion-para-cubrir-12-plazas\\\/#article\",\"isPartOf\":{\"@id\":\"https:\\\/\\\/www.emplea-te.com\\\/noticias-oposiciones\\\/la-diputacion-de-la-coruna-convoca-el-proceso-selectivo-mediante-concurso-oposicion-para-cubrir-12-plazas\\\/\"},\"author\":{\"name\":\"Empleate\",\"@id\":\"https:\\\/\\\/www.emplea-te.com\\\/noticias-oposiciones\\\/#\\\/schema\\\/person\\\/d1bc587e1af2b95e9c32aba1795509a6\"},\"headline\":\"La Diputaci\u00f3n de la Coru\u00f1a convoca el proceso selectivo mediante concurso oposici\u00f3n para cubrir 12 plazas.\",\"datePublished\":\"2018-10-16T22:00:00+00:00\",\"mainEntityOfPage\":{\"@id\":\"https:\\\/\\\/www.emplea-te.com\\\/noticias-oposiciones\\\/la-diputacion-de-la-coruna-convoca-el-proceso-selectivo-mediante-concurso-oposicion-para-cubrir-12-plazas\\\/\"},\"wordCount\":124,\"commentCount\":0,\"publisher\":{\"@id\":\"https:\\\/\\\/www.emplea-te.com\\\/noticias-oposiciones\\\/#organization\"},\"inLanguage\":\"es\",\"potentialAction\":[{\"@type\":\"CommentAction\",\"name\":\"Comment\",\"target\":[\"https:\\\/\\\/www.emplea-te.com\\\/noticias-oposiciones\\\/la-diputacion-de-la-coruna-convoca-el-proceso-selectivo-mediante-concurso-oposicion-para-cubrir-12-plazas\\\/#respond\"]}]},{\"@type\":\"WebPage\",\"@id\":\"https:\\\/\\\/www.emplea-te.com\\\/noticias-oposiciones\\\/la-diputacion-de-la-coruna-convoca-el-proceso-selectivo-mediante-concurso-oposicion-para-cubrir-12-plazas\\\/\",\"url\":\"https:\\\/\\\/www.emplea-te.com\\\/noticias-oposiciones\\\/la-diputacion-de-la-coruna-convoca-el-proceso-selectivo-mediante-concurso-oposicion-para-cubrir-12-plazas\\\/\",\"name\":\"La Diputaci\u00f3n de la Coru\u00f1a convoca el proceso selectivo mediante concurso oposici\u00f3n para cubrir 12 plazas. - Noticas de oposiciones por Academia Emplea-te\",\"isPartOf\":{\"@id\":\"https:\\\/\\\/www.emplea-te.com\\\/noticias-oposiciones\\\/#website\"},\"datePublished\":\"2018-10-16T22:00:00+00:00\",\"description\":\"La Diputaci\u00f3n de A Coru\u00f1a, convoca el proceso selectivo (promoci\u00f3n interna)\u00a0mediante concurso- oposici\u00f3n para cubrir 12 plazas de personal funcionario.Enlace a la resoluci\u00f3n\",\"breadcrumb\":{\"@id\":\"https:\\\/\\\/www.emplea-te.com\\\/noticias-oposiciones\\\/la-diputacion-de-la-coruna-convoca-el-proceso-selectivo-mediante-concurso-oposicion-para-cubrir-12-plazas\\\/#breadcrumb\"},\"inLanguage\":\"es\",\"potentialAction\":[{\"@type\":\"ReadAction\",\"target\":[\"https:\\\/\\\/www.emplea-te.com\\\/noticias-oposiciones\\\/la-diputacion-de-la-coruna-convoca-el-proceso-selectivo-mediante-concurso-oposicion-para-cubrir-12-plazas\\\/\"]}]},{\"@type\":\"BreadcrumbList\",\"@id\":\"https:\\\/\\\/www.emplea-te.com\\\/noticias-oposiciones\\\/la-diputacion-de-la-coruna-convoca-el-proceso-selectivo-mediante-concurso-oposicion-para-cubrir-12-plazas\\\/#breadcrumb\",\"itemListElement\":[{\"@type\":\"ListItem\",\"position\":1,\"name\":\"Noticias Oposiciones\",\"item\":\"https:\\\/\\\/www.emplea-te.com\\\/noticias-oposiciones\\\/\"},{\"@type\":\"ListItem\",\"position\":2,\"name\":\"La Diputaci\u00f3n de la Coru\u00f1a convoca el proceso selectivo mediante concurso oposici\u00f3n para cubrir 12 plazas.\"}]},{\"@type\":\"WebSite\",\"@id\":\"https:\\\/\\\/www.emplea-te.com\\\/noticias-oposiciones\\\/#website\",\"url\":\"https:\\\/\\\/www.emplea-te.com\\\/noticias-oposiciones\\\/\",\"name\":\"Noticas de oposiciones por Academia Emplea-te\",\"description\":\"Toda la actualidad de las ofertas y convocatorias.\",\"publisher\":{\"@id\":\"https:\\\/\\\/www.emplea-te.com\\\/noticias-oposiciones\\\/#organization\"},\"potentialAction\":[{\"@type\":\"SearchAction\",\"target\":{\"@type\":\"EntryPoint\",\"urlTemplate\":\"https:\\\/\\\/www.emplea-te.com\\\/noticias-oposiciones\\\/?s={search_term_string}\"},\"query-input\":{\"@type\":\"PropertyValueSpecification\",\"valueRequired\":true,\"valueName\":\"search_term_string\"}}],\"inLanguage\":\"es\"},{\"@type\":\"Organization\",\"@id\":\"https:\\\/\\\/www.emplea-te.com\\\/noticias-oposiciones\\\/#organization\",\"name\":\"Academia de oposiciones Empl\u00e9ate\",\"url\":\"https:\\\/\\\/www.emplea-te.com\\\/noticias-oposiciones\\\/\",\"logo\":{\"@type\":\"ImageObject\",\"inLanguage\":\"es\",\"@id\":\"https:\\\/\\\/www.emplea-te.com\\\/noticias-oposiciones\\\/#\\\/schema\\\/logo\\\/image\\\/\",\"url\":\"https:\\\/\\\/www.emplea-te.com\\\/noticias-oposiciones\\\/wp-content\\\/uploads\\\/2019\\\/04\\\/empleate.jpg\",\"contentUrl\":\"https:\\\/\\\/www.emplea-te.com\\\/noticias-oposiciones\\\/wp-content\\\/uploads\\\/2019\\\/04\\\/empleate.jpg\",\"width\":250,\"height\":150,\"caption\":\"Academia de oposiciones Empl\u00e9ate\"},\"image\":{\"@id\":\"https:\\\/\\\/www.emplea-te.com\\\/noticias-oposiciones\\\/#\\\/schema\\\/logo\\\/image\\\/\"},\"sameAs\":[\"https:\\\/\\\/www.facebook.com\\\/AcademiaEmpleate\\\/\",\"https:\\\/\\\/x.com\\\/Emplea_Te\",\"https:\\\/\\\/www.instagram.com\\\/academia_empleate\\\/\"]},{\"@type\":\"Person\",\"@id\":\"https:\\\/\\\/www.emplea-te.com\\\/noticias-oposiciones\\\/#\\\/schema\\\/person\\\/d1bc587e1af2b95e9c32aba1795509a6\",\"name\":\"Empleate\"}]}<\/script>\n<!-- \/ Yoast SEO plugin. -->","yoast_head_json":{"title":"La Diputaci\u00f3n de la Coru\u00f1a convoca el proceso selectivo mediante concurso oposici\u00f3n para cubrir 12 plazas. - Noticas de oposiciones por Academia Emplea-te","description":"La Diputaci\u00f3n de A Coru\u00f1a, convoca el proceso selectivo (promoci\u00f3n interna)\u00a0mediante concurso- oposici\u00f3n para cubrir 12 plazas de personal funcionario.Enlace a la resoluci\u00f3n","robots":{"index":"index","follow":"follow","max-snippet":"max-snippet:-1","max-image-preview":"max-image-preview:large","max-video-preview":"max-video-preview:-1"},"canonical":"https:\/\/www.emplea-te.com\/noticias-oposiciones\/la-diputacion-de-la-coruna-convoca-el-proceso-selectivo-mediante-concurso-oposicion-para-cubrir-12-plazas\/","og_locale":"es_ES","og_type":"article","og_title":"La Diputaci\u00f3n de la Coru\u00f1a convoca el proceso selectivo mediante concurso oposici\u00f3n para cubrir 12 plazas. - Noticas de oposiciones por Academia Emplea-te","og_description":"La Diputaci\u00f3n de A Coru\u00f1a, convoca el proceso selectivo (promoci\u00f3n interna)\u00a0mediante concurso- oposici\u00f3n para cubrir 12 plazas de personal funcionario.Enlace a la resoluci\u00f3n","og_url":"https:\/\/www.emplea-te.com\/noticias-oposiciones\/la-diputacion-de-la-coruna-convoca-el-proceso-selectivo-mediante-concurso-oposicion-para-cubrir-12-plazas\/","og_site_name":"Noticas de oposiciones por Academia Emplea-te","article_publisher":"https:\/\/www.facebook.com\/AcademiaEmpleate\/","article_published_time":"2018-10-16T22:00:00+00:00","author":"Empleate","twitter_card":"summary_large_image","twitter_creator":"@Emplea_Te","twitter_site":"@Emplea_Te","twitter_misc":{"Escrito por":"Empleate","Tiempo de lectura":"1 minuto"},"schema":{"@context":"https:\/\/schema.org","@graph":[{"@type":"Article","@id":"https:\/\/www.emplea-te.com\/noticias-oposiciones\/la-diputacion-de-la-coruna-convoca-el-proceso-selectivo-mediante-concurso-oposicion-para-cubrir-12-plazas\/#article","isPartOf":{"@id":"https:\/\/www.emplea-te.com\/noticias-oposiciones\/la-diputacion-de-la-coruna-convoca-el-proceso-selectivo-mediante-concurso-oposicion-para-cubrir-12-plazas\/"},"author":{"name":"Empleate","@id":"https:\/\/www.emplea-te.com\/noticias-oposiciones\/#\/schema\/person\/d1bc587e1af2b95e9c32aba1795509a6"},"headline":"La Diputaci\u00f3n de la Coru\u00f1a convoca el proceso selectivo mediante concurso oposici\u00f3n para cubrir 12 plazas.","datePublished":"2018-10-16T22:00:00+00:00","mainEntityOfPage":{"@id":"https:\/\/www.emplea-te.com\/noticias-oposiciones\/la-diputacion-de-la-coruna-convoca-el-proceso-selectivo-mediante-concurso-oposicion-para-cubrir-12-plazas\/"},"wordCount":124,"commentCount":0,"publisher":{"@id":"https:\/\/www.emplea-te.com\/noticias-oposiciones\/#organization"},"inLanguage":"es","potentialAction":[{"@type":"CommentAction","name":"Comment","target":["https:\/\/www.emplea-te.com\/noticias-oposiciones\/la-diputacion-de-la-coruna-convoca-el-proceso-selectivo-mediante-concurso-oposicion-para-cubrir-12-plazas\/#respond"]}]},{"@type":"WebPage","@id":"https:\/\/www.emplea-te.com\/noticias-oposiciones\/la-diputacion-de-la-coruna-convoca-el-proceso-selectivo-mediante-concurso-oposicion-para-cubrir-12-plazas\/","url":"https:\/\/www.emplea-te.com\/noticias-oposiciones\/la-diputacion-de-la-coruna-convoca-el-proceso-selectivo-mediante-concurso-oposicion-para-cubrir-12-plazas\/","name":"La Diputaci\u00f3n de la Coru\u00f1a convoca el proceso selectivo mediante concurso oposici\u00f3n para cubrir 12 plazas. - Noticas de oposiciones por Academia Emplea-te","isPartOf":{"@id":"https:\/\/www.emplea-te.com\/noticias-oposiciones\/#website"},"datePublished":"2018-10-16T22:00:00+00:00","description":"La Diputaci\u00f3n de A Coru\u00f1a, convoca el proceso selectivo (promoci\u00f3n interna)\u00a0mediante concurso- oposici\u00f3n para cubrir 12 plazas de personal funcionario.Enlace a la resoluci\u00f3n","breadcrumb":{"@id":"https:\/\/www.emplea-te.com\/noticias-oposiciones\/la-diputacion-de-la-coruna-convoca-el-proceso-selectivo-mediante-concurso-oposicion-para-cubrir-12-plazas\/#breadcrumb"},"inLanguage":"es","potentialAction":[{"@type":"ReadAction","target":["https:\/\/www.emplea-te.com\/noticias-oposiciones\/la-diputacion-de-la-coruna-convoca-el-proceso-selectivo-mediante-concurso-oposicion-para-cubrir-12-plazas\/"]}]},{"@type":"BreadcrumbList","@id":"https:\/\/www.emplea-te.com\/noticias-oposiciones\/la-diputacion-de-la-coruna-convoca-el-proceso-selectivo-mediante-concurso-oposicion-para-cubrir-12-plazas\/#breadcrumb","itemListElement":[{"@type":"ListItem","position":1,"name":"Noticias Oposiciones","item":"https:\/\/www.emplea-te.com\/noticias-oposiciones\/"},{"@type":"ListItem","position":2,"name":"La Diputaci\u00f3n de la Coru\u00f1a convoca el proceso selectivo mediante concurso oposici\u00f3n para cubrir 12 plazas."}]},{"@type":"WebSite","@id":"https:\/\/www.emplea-te.com\/noticias-oposiciones\/#website","url":"https:\/\/www.emplea-te.com\/noticias-oposiciones\/","name":"Noticas de oposiciones por Academia Emplea-te","description":"Toda la actualidad de las ofertas y convocatorias.","publisher":{"@id":"https:\/\/www.emplea-te.com\/noticias-oposiciones\/#organization"},"potentialAction":[{"@type":"SearchAction","target":{"@type":"EntryPoint","urlTemplate":"https:\/\/www.emplea-te.com\/noticias-oposiciones\/?s={search_term_string}"},"query-input":{"@type":"PropertyValueSpecification","valueRequired":true,"valueName":"search_term_string"}}],"inLanguage":"es"},{"@type":"Organization","@id":"https:\/\/www.emplea-te.com\/noticias-oposiciones\/#organization","name":"Academia de oposiciones Empl\u00e9ate","url":"https:\/\/www.emplea-te.com\/noticias-oposiciones\/","logo":{"@type":"ImageObject","inLanguage":"es","@id":"https:\/\/www.emplea-te.com\/noticias-oposiciones\/#\/schema\/logo\/image\/","url":"https:\/\/www.emplea-te.com\/noticias-oposiciones\/wp-content\/uploads\/2019\/04\/empleate.jpg","contentUrl":"https:\/\/www.emplea-te.com\/noticias-oposiciones\/wp-content\/uploads\/2019\/04\/empleate.jpg","width":250,"height":150,"caption":"Academia de oposiciones Empl\u00e9ate"},"image":{"@id":"https:\/\/www.emplea-te.com\/noticias-oposiciones\/#\/schema\/logo\/image\/"},"sameAs":["https:\/\/www.facebook.com\/AcademiaEmpleate\/","https:\/\/x.com\/Emplea_Te","https:\/\/www.instagram.com\/academia_empleate\/"]},{"@type":"Person","@id":"https:\/\/www.emplea-te.com\/noticias-oposiciones\/#\/schema\/person\/d1bc587e1af2b95e9c32aba1795509a6","name":"Empleate"}]}},"_links":{"self":[{"href":"https:\/\/www.emplea-te.com\/noticias-oposiciones\/wp-json\/wp\/v2\/posts\/1247","targetHints":{"allow":["GET"]}}],"collection":[{"href":"https:\/\/www.emplea-te.com\/noticias-oposiciones\/wp-json\/wp\/v2\/posts"}],"about":[{"href":"https:\/\/www.emplea-te.com\/noticias-oposiciones\/wp-json\/wp\/v2\/types\/post"}],"author":[{"embeddable":true,"href":"https:\/\/www.emplea-te.com\/noticias-oposiciones\/wp-json\/wp\/v2\/users\/1"}],"replies":[{"embeddable":true,"href":"https:\/\/www.emplea-te.com\/noticias-oposiciones\/wp-json\/wp\/v2\/comments?post=1247"}],"version-history":[{"count":0,"href":"https:\/\/www.emplea-te.com\/noticias-oposiciones\/wp-json\/wp\/v2\/posts\/1247\/revisions"}],"wp:attachment":[{"href":"https:\/\/www.emplea-te.com\/noticias-oposiciones\/wp-json\/wp\/v2\/media?parent=1247"}],"wp:term":[{"taxonomy":"category","embeddable":true,"href":"https:\/\/www.emplea-te.com\/noticias-oposiciones\/wp-json\/wp\/v2\/categories?post=1247"},{"taxonomy":"post_tag","embeddable":true,"href":"https:\/\/www.emplea-te.com\/noticias-oposiciones\/wp-json\/wp\/v2\/tags?post=1247"}],"curies":[{"name":"wp","href":"https:\/\/api.w.org\/{rel}","templated":true}]}}