{"id":1248,"date":"2018-10-18T00:00:00","date_gmt":"2018-10-17T22:00:00","guid":{"rendered":"https:\/\/www.emplea-te.com\/noticias-oposiciones\/listas-provisionales-de-admitidos-auxiliar-administrativo-concello-de-a-coruna-promocion-interna\/"},"modified":"2018-10-18T00:00:00","modified_gmt":"2018-10-17T22:00:00","slug":"listas-provisionales-de-admitidos-auxiliar-administrativo-concello-de-a-coruna-promocion-interna","status":"publish","type":"post","link":"https:\/\/www.emplea-te.com\/noticias-oposiciones\/listas-provisionales-de-admitidos-auxiliar-administrativo-concello-de-a-coruna-promocion-interna\/","title":{"rendered":"Listas provisionales de admitidos Auxiliar Administrativo Concello de A Coru\u00f1a (promoci\u00f3n interna) <br>"},"content":{"rendered":"<p>Publicada la lista provisional de admitidos en el proceso selectivo destinado a cubrir plazas&nbsp;de Auxiliar Administrativo con car\u00e1cter interino en el Concello de A Coru\u00f1a.<\/p>\n<p>La lista de admitidos podr\u00e1 consultarse a trav\u00e9s del tel\u00e9fono 010 de informaci\u00f3n municipal (981 920 010) si se llama desde fuera de la ciudad), en la p\u00e1gina web del Ayuntamiento de A Coru\u00f1a (<a href=\"http:\/\/www.coruna.es\" target=\"\" rel=\"noopener noreferrer\">www.coruna.es<\/a>) <b>a efectos de correcci\u00f3n de errores, concedi\u00e9ndose la este fin un plazo de diez d\u00edas h\u00e1biles contados desde lo siguiente a su publicaci\u00f3n en la p\u00e1gina web del Ayuntamiento de A Coru\u00f1a<\/b>. <\/p>\n<p><a href=\"http:\/\/www.coruna.gal\/descarga\/1453666829986\/Lista-provisional-aux.admvo.pdf\" target=\"_blank\" rel=\"nofollow noopener noreferrer\"><span class=\"wysiwyg-color-green\">Enlace a la resoluci\u00f3n <\/span><\/a><\/p>\n<p><\/p>\n<p><a href=\"https:\/\/www.emplea-te.com\/48\/oposiciones-de-OPOSICIONES-DE-ADMINISTRATIVO-Y-AUX.-ADMINISTRATIVO%C2%A0-PROMOCION-INTERNA\" target=\"_blank\" rel=\"nofollow noopener noreferrer\"><span class=\"wysiwyg-color-green\">Prepara con nosotros las oposiciones de Auxiliar Administrativo promoci\u00f3n interna para el Concello de A Coru\u00f1a. <\/span><\/a><\/p>\n<p><\/p>\n","protected":false},"excerpt":{"rendered":"<p>Publicada la lista provisional de admitidos en el proceso selectivo destinado a cubrir plazas&nbsp;de Auxiliar Administrativo con car\u00e1cter interino en el Concello de A Coru\u00f1a. La lista de admitidos podr\u00e1 consultarse a trav\u00e9s del tel\u00e9fono 010 de informaci\u00f3n municipal (981 920 010) si se llama desde fuera de la ciudad), en la p\u00e1gina web del &hellip; <a href=\"https:\/\/www.emplea-te.com\/noticias-oposiciones\/listas-provisionales-de-admitidos-auxiliar-administrativo-concello-de-a-coruna-promocion-interna\/\" class=\"more-link\">Continuar leyendo<span class=\"screen-reader-text\"> \u00abListas provisionales de admitidos Auxiliar Administrativo Concello de A Coru\u00f1a (promoci\u00f3n interna) <br \/>\u00ab<\/span><\/a><\/p>\n","protected":false},"author":1,"featured_media":0,"comment_status":"open","ping_status":"open","sticky":false,"template":"","format":"standard","meta":{"footnotes":""},"categories":[],"tags":[],"class_list":["post-1248","post","type-post","status-publish","format-standard","hentry"],"yoast_head":"<!-- This site is optimized with the Yoast SEO plugin v27.3 - https:\/\/yoast.com\/product\/yoast-seo-wordpress\/ -->\n<title>Listas provisionales de admitidos Auxiliar Administrativo Concello de A Coru\u00f1a (promoci\u00f3n interna)  - Noticas de oposiciones por Academia Emplea-te<\/title>\n<meta name=\"description\" content=\"Publicada la lista provisional de admitidos en el proceso selectivo destinado a cubrir plazas\u00a0de Auxiliar Administrativo con car\u00e1cter interino en el Concello de A Coru\u00f1a.Enlace Resoluci\u00f3n\" \/>\n<meta name=\"robots\" content=\"index, follow, max-snippet:-1, max-image-preview:large, max-video-preview:-1\" \/>\n<link rel=\"canonical\" href=\"https:\/\/www.emplea-te.com\/noticias-oposiciones\/listas-provisionales-de-admitidos-auxiliar-administrativo-concello-de-a-coruna-promocion-interna\/\" \/>\n<meta property=\"og:locale\" content=\"es_ES\" \/>\n<meta property=\"og:type\" content=\"article\" \/>\n<meta property=\"og:title\" content=\"Listas provisionales de admitidos Auxiliar Administrativo Concello de A Coru\u00f1a (promoci\u00f3n interna)  - Noticas de oposiciones por Academia Emplea-te\" \/>\n<meta property=\"og:description\" content=\"Publicada la lista provisional de admitidos en el proceso selectivo destinado a cubrir plazas\u00a0de Auxiliar Administrativo con car\u00e1cter interino en el Concello de A Coru\u00f1a.Enlace Resoluci\u00f3n\" \/>\n<meta property=\"og:url\" content=\"https:\/\/www.emplea-te.com\/noticias-oposiciones\/listas-provisionales-de-admitidos-auxiliar-administrativo-concello-de-a-coruna-promocion-interna\/\" \/>\n<meta property=\"og:site_name\" content=\"Noticas de oposiciones por Academia Emplea-te\" \/>\n<meta property=\"article:publisher\" content=\"https:\/\/www.facebook.com\/AcademiaEmpleate\/\" \/>\n<meta property=\"article:published_time\" content=\"2018-10-17T22:00:00+00:00\" \/>\n<meta name=\"author\" content=\"Empleate\" \/>\n<meta name=\"twitter:card\" content=\"summary_large_image\" \/>\n<meta name=\"twitter:creator\" content=\"@Emplea_Te\" \/>\n<meta name=\"twitter:site\" content=\"@Emplea_Te\" \/>\n<meta name=\"twitter:label1\" content=\"Escrito por\" \/>\n\t<meta name=\"twitter:data1\" content=\"Empleate\" \/>\n\t<meta name=\"twitter:label2\" content=\"Tiempo de lectura\" \/>\n\t<meta name=\"twitter:data2\" content=\"1 minuto\" \/>\n<script type=\"application\/ld+json\" class=\"yoast-schema-graph\">{\"@context\":\"https:\\\/\\\/schema.org\",\"@graph\":[{\"@type\":\"Article\",\"@id\":\"https:\\\/\\\/www.emplea-te.com\\\/noticias-oposiciones\\\/listas-provisionales-de-admitidos-auxiliar-administrativo-concello-de-a-coruna-promocion-interna\\\/#article\",\"isPartOf\":{\"@id\":\"https:\\\/\\\/www.emplea-te.com\\\/noticias-oposiciones\\\/listas-provisionales-de-admitidos-auxiliar-administrativo-concello-de-a-coruna-promocion-interna\\\/\"},\"author\":{\"name\":\"Empleate\",\"@id\":\"https:\\\/\\\/www.emplea-te.com\\\/noticias-oposiciones\\\/#\\\/schema\\\/person\\\/d1bc587e1af2b95e9c32aba1795509a6\"},\"headline\":\"Listas provisionales de admitidos Auxiliar Administrativo Concello de A Coru\u00f1a (promoci\u00f3n interna)\",\"datePublished\":\"2018-10-17T22:00:00+00:00\",\"mainEntityOfPage\":{\"@id\":\"https:\\\/\\\/www.emplea-te.com\\\/noticias-oposiciones\\\/listas-provisionales-de-admitidos-auxiliar-administrativo-concello-de-a-coruna-promocion-interna\\\/\"},\"wordCount\":143,\"commentCount\":0,\"publisher\":{\"@id\":\"https:\\\/\\\/www.emplea-te.com\\\/noticias-oposiciones\\\/#organization\"},\"inLanguage\":\"es\",\"potentialAction\":[{\"@type\":\"CommentAction\",\"name\":\"Comment\",\"target\":[\"https:\\\/\\\/www.emplea-te.com\\\/noticias-oposiciones\\\/listas-provisionales-de-admitidos-auxiliar-administrativo-concello-de-a-coruna-promocion-interna\\\/#respond\"]}]},{\"@type\":\"WebPage\",\"@id\":\"https:\\\/\\\/www.emplea-te.com\\\/noticias-oposiciones\\\/listas-provisionales-de-admitidos-auxiliar-administrativo-concello-de-a-coruna-promocion-interna\\\/\",\"url\":\"https:\\\/\\\/www.emplea-te.com\\\/noticias-oposiciones\\\/listas-provisionales-de-admitidos-auxiliar-administrativo-concello-de-a-coruna-promocion-interna\\\/\",\"name\":\"Listas provisionales de admitidos Auxiliar Administrativo Concello de A Coru\u00f1a (promoci\u00f3n interna) - Noticas de oposiciones por Academia Emplea-te\",\"isPartOf\":{\"@id\":\"https:\\\/\\\/www.emplea-te.com\\\/noticias-oposiciones\\\/#website\"},\"datePublished\":\"2018-10-17T22:00:00+00:00\",\"description\":\"Publicada la lista provisional de admitidos en el proceso selectivo destinado a cubrir plazas\u00a0de Auxiliar Administrativo con car\u00e1cter interino en el Concello de A Coru\u00f1a.Enlace Resoluci\u00f3n\",\"breadcrumb\":{\"@id\":\"https:\\\/\\\/www.emplea-te.com\\\/noticias-oposiciones\\\/listas-provisionales-de-admitidos-auxiliar-administrativo-concello-de-a-coruna-promocion-interna\\\/#breadcrumb\"},\"inLanguage\":\"es\",\"potentialAction\":[{\"@type\":\"ReadAction\",\"target\":[\"https:\\\/\\\/www.emplea-te.com\\\/noticias-oposiciones\\\/listas-provisionales-de-admitidos-auxiliar-administrativo-concello-de-a-coruna-promocion-interna\\\/\"]}]},{\"@type\":\"BreadcrumbList\",\"@id\":\"https:\\\/\\\/www.emplea-te.com\\\/noticias-oposiciones\\\/listas-provisionales-de-admitidos-auxiliar-administrativo-concello-de-a-coruna-promocion-interna\\\/#breadcrumb\",\"itemListElement\":[{\"@type\":\"ListItem\",\"position\":1,\"name\":\"Noticias Oposiciones\",\"item\":\"https:\\\/\\\/www.emplea-te.com\\\/noticias-oposiciones\\\/\"},{\"@type\":\"ListItem\",\"position\":2,\"name\":\"Listas provisionales de admitidos Auxiliar Administrativo Concello de A Coru\u00f1a (promoci\u00f3n interna)\"}]},{\"@type\":\"WebSite\",\"@id\":\"https:\\\/\\\/www.emplea-te.com\\\/noticias-oposiciones\\\/#website\",\"url\":\"https:\\\/\\\/www.emplea-te.com\\\/noticias-oposiciones\\\/\",\"name\":\"Noticas de oposiciones por Academia Emplea-te\",\"description\":\"Toda la actualidad de las ofertas y convocatorias.\",\"publisher\":{\"@id\":\"https:\\\/\\\/www.emplea-te.com\\\/noticias-oposiciones\\\/#organization\"},\"potentialAction\":[{\"@type\":\"SearchAction\",\"target\":{\"@type\":\"EntryPoint\",\"urlTemplate\":\"https:\\\/\\\/www.emplea-te.com\\\/noticias-oposiciones\\\/?s={search_term_string}\"},\"query-input\":{\"@type\":\"PropertyValueSpecification\",\"valueRequired\":true,\"valueName\":\"search_term_string\"}}],\"inLanguage\":\"es\"},{\"@type\":\"Organization\",\"@id\":\"https:\\\/\\\/www.emplea-te.com\\\/noticias-oposiciones\\\/#organization\",\"name\":\"Academia de oposiciones Empl\u00e9ate\",\"url\":\"https:\\\/\\\/www.emplea-te.com\\\/noticias-oposiciones\\\/\",\"logo\":{\"@type\":\"ImageObject\",\"inLanguage\":\"es\",\"@id\":\"https:\\\/\\\/www.emplea-te.com\\\/noticias-oposiciones\\\/#\\\/schema\\\/logo\\\/image\\\/\",\"url\":\"https:\\\/\\\/www.emplea-te.com\\\/noticias-oposiciones\\\/wp-content\\\/uploads\\\/2019\\\/04\\\/empleate.jpg\",\"contentUrl\":\"https:\\\/\\\/www.emplea-te.com\\\/noticias-oposiciones\\\/wp-content\\\/uploads\\\/2019\\\/04\\\/empleate.jpg\",\"width\":250,\"height\":150,\"caption\":\"Academia de oposiciones Empl\u00e9ate\"},\"image\":{\"@id\":\"https:\\\/\\\/www.emplea-te.com\\\/noticias-oposiciones\\\/#\\\/schema\\\/logo\\\/image\\\/\"},\"sameAs\":[\"https:\\\/\\\/www.facebook.com\\\/AcademiaEmpleate\\\/\",\"https:\\\/\\\/x.com\\\/Emplea_Te\",\"https:\\\/\\\/www.instagram.com\\\/academia_empleate\\\/\"]},{\"@type\":\"Person\",\"@id\":\"https:\\\/\\\/www.emplea-te.com\\\/noticias-oposiciones\\\/#\\\/schema\\\/person\\\/d1bc587e1af2b95e9c32aba1795509a6\",\"name\":\"Empleate\"}]}<\/script>\n<!-- \/ Yoast SEO plugin. -->","yoast_head_json":{"title":"Listas provisionales de admitidos Auxiliar Administrativo Concello de A Coru\u00f1a (promoci\u00f3n interna)  - Noticas de oposiciones por Academia Emplea-te","description":"Publicada la lista provisional de admitidos en el proceso selectivo destinado a cubrir plazas\u00a0de Auxiliar Administrativo con car\u00e1cter interino en el Concello de A Coru\u00f1a.Enlace Resoluci\u00f3n","robots":{"index":"index","follow":"follow","max-snippet":"max-snippet:-1","max-image-preview":"max-image-preview:large","max-video-preview":"max-video-preview:-1"},"canonical":"https:\/\/www.emplea-te.com\/noticias-oposiciones\/listas-provisionales-de-admitidos-auxiliar-administrativo-concello-de-a-coruna-promocion-interna\/","og_locale":"es_ES","og_type":"article","og_title":"Listas provisionales de admitidos Auxiliar Administrativo Concello de A Coru\u00f1a (promoci\u00f3n interna)  - Noticas de oposiciones por Academia Emplea-te","og_description":"Publicada la lista provisional de admitidos en el proceso selectivo destinado a cubrir plazas\u00a0de Auxiliar Administrativo con car\u00e1cter interino en el Concello de A Coru\u00f1a.Enlace Resoluci\u00f3n","og_url":"https:\/\/www.emplea-te.com\/noticias-oposiciones\/listas-provisionales-de-admitidos-auxiliar-administrativo-concello-de-a-coruna-promocion-interna\/","og_site_name":"Noticas de oposiciones por Academia Emplea-te","article_publisher":"https:\/\/www.facebook.com\/AcademiaEmpleate\/","article_published_time":"2018-10-17T22:00:00+00:00","author":"Empleate","twitter_card":"summary_large_image","twitter_creator":"@Emplea_Te","twitter_site":"@Emplea_Te","twitter_misc":{"Escrito por":"Empleate","Tiempo de lectura":"1 minuto"},"schema":{"@context":"https:\/\/schema.org","@graph":[{"@type":"Article","@id":"https:\/\/www.emplea-te.com\/noticias-oposiciones\/listas-provisionales-de-admitidos-auxiliar-administrativo-concello-de-a-coruna-promocion-interna\/#article","isPartOf":{"@id":"https:\/\/www.emplea-te.com\/noticias-oposiciones\/listas-provisionales-de-admitidos-auxiliar-administrativo-concello-de-a-coruna-promocion-interna\/"},"author":{"name":"Empleate","@id":"https:\/\/www.emplea-te.com\/noticias-oposiciones\/#\/schema\/person\/d1bc587e1af2b95e9c32aba1795509a6"},"headline":"Listas provisionales de admitidos Auxiliar Administrativo Concello de A Coru\u00f1a (promoci\u00f3n interna)","datePublished":"2018-10-17T22:00:00+00:00","mainEntityOfPage":{"@id":"https:\/\/www.emplea-te.com\/noticias-oposiciones\/listas-provisionales-de-admitidos-auxiliar-administrativo-concello-de-a-coruna-promocion-interna\/"},"wordCount":143,"commentCount":0,"publisher":{"@id":"https:\/\/www.emplea-te.com\/noticias-oposiciones\/#organization"},"inLanguage":"es","potentialAction":[{"@type":"CommentAction","name":"Comment","target":["https:\/\/www.emplea-te.com\/noticias-oposiciones\/listas-provisionales-de-admitidos-auxiliar-administrativo-concello-de-a-coruna-promocion-interna\/#respond"]}]},{"@type":"WebPage","@id":"https:\/\/www.emplea-te.com\/noticias-oposiciones\/listas-provisionales-de-admitidos-auxiliar-administrativo-concello-de-a-coruna-promocion-interna\/","url":"https:\/\/www.emplea-te.com\/noticias-oposiciones\/listas-provisionales-de-admitidos-auxiliar-administrativo-concello-de-a-coruna-promocion-interna\/","name":"Listas provisionales de admitidos Auxiliar Administrativo Concello de A Coru\u00f1a (promoci\u00f3n interna) - Noticas de oposiciones por Academia Emplea-te","isPartOf":{"@id":"https:\/\/www.emplea-te.com\/noticias-oposiciones\/#website"},"datePublished":"2018-10-17T22:00:00+00:00","description":"Publicada la lista provisional de admitidos en el proceso selectivo destinado a cubrir plazas\u00a0de Auxiliar Administrativo con car\u00e1cter interino en el Concello de A Coru\u00f1a.Enlace Resoluci\u00f3n","breadcrumb":{"@id":"https:\/\/www.emplea-te.com\/noticias-oposiciones\/listas-provisionales-de-admitidos-auxiliar-administrativo-concello-de-a-coruna-promocion-interna\/#breadcrumb"},"inLanguage":"es","potentialAction":[{"@type":"ReadAction","target":["https:\/\/www.emplea-te.com\/noticias-oposiciones\/listas-provisionales-de-admitidos-auxiliar-administrativo-concello-de-a-coruna-promocion-interna\/"]}]},{"@type":"BreadcrumbList","@id":"https:\/\/www.emplea-te.com\/noticias-oposiciones\/listas-provisionales-de-admitidos-auxiliar-administrativo-concello-de-a-coruna-promocion-interna\/#breadcrumb","itemListElement":[{"@type":"ListItem","position":1,"name":"Noticias Oposiciones","item":"https:\/\/www.emplea-te.com\/noticias-oposiciones\/"},{"@type":"ListItem","position":2,"name":"Listas provisionales de admitidos Auxiliar Administrativo Concello de A Coru\u00f1a (promoci\u00f3n interna)"}]},{"@type":"WebSite","@id":"https:\/\/www.emplea-te.com\/noticias-oposiciones\/#website","url":"https:\/\/www.emplea-te.com\/noticias-oposiciones\/","name":"Noticas de oposiciones por Academia Emplea-te","description":"Toda la actualidad de las ofertas y convocatorias.","publisher":{"@id":"https:\/\/www.emplea-te.com\/noticias-oposiciones\/#organization"},"potentialAction":[{"@type":"SearchAction","target":{"@type":"EntryPoint","urlTemplate":"https:\/\/www.emplea-te.com\/noticias-oposiciones\/?s={search_term_string}"},"query-input":{"@type":"PropertyValueSpecification","valueRequired":true,"valueName":"search_term_string"}}],"inLanguage":"es"},{"@type":"Organization","@id":"https:\/\/www.emplea-te.com\/noticias-oposiciones\/#organization","name":"Academia de oposiciones Empl\u00e9ate","url":"https:\/\/www.emplea-te.com\/noticias-oposiciones\/","logo":{"@type":"ImageObject","inLanguage":"es","@id":"https:\/\/www.emplea-te.com\/noticias-oposiciones\/#\/schema\/logo\/image\/","url":"https:\/\/www.emplea-te.com\/noticias-oposiciones\/wp-content\/uploads\/2019\/04\/empleate.jpg","contentUrl":"https:\/\/www.emplea-te.com\/noticias-oposiciones\/wp-content\/uploads\/2019\/04\/empleate.jpg","width":250,"height":150,"caption":"Academia de oposiciones Empl\u00e9ate"},"image":{"@id":"https:\/\/www.emplea-te.com\/noticias-oposiciones\/#\/schema\/logo\/image\/"},"sameAs":["https:\/\/www.facebook.com\/AcademiaEmpleate\/","https:\/\/x.com\/Emplea_Te","https:\/\/www.instagram.com\/academia_empleate\/"]},{"@type":"Person","@id":"https:\/\/www.emplea-te.com\/noticias-oposiciones\/#\/schema\/person\/d1bc587e1af2b95e9c32aba1795509a6","name":"Empleate"}]}},"_links":{"self":[{"href":"https:\/\/www.emplea-te.com\/noticias-oposiciones\/wp-json\/wp\/v2\/posts\/1248","targetHints":{"allow":["GET"]}}],"collection":[{"href":"https:\/\/www.emplea-te.com\/noticias-oposiciones\/wp-json\/wp\/v2\/posts"}],"about":[{"href":"https:\/\/www.emplea-te.com\/noticias-oposiciones\/wp-json\/wp\/v2\/types\/post"}],"author":[{"embeddable":true,"href":"https:\/\/www.emplea-te.com\/noticias-oposiciones\/wp-json\/wp\/v2\/users\/1"}],"replies":[{"embeddable":true,"href":"https:\/\/www.emplea-te.com\/noticias-oposiciones\/wp-json\/wp\/v2\/comments?post=1248"}],"version-history":[{"count":0,"href":"https:\/\/www.emplea-te.com\/noticias-oposiciones\/wp-json\/wp\/v2\/posts\/1248\/revisions"}],"wp:attachment":[{"href":"https:\/\/www.emplea-te.com\/noticias-oposiciones\/wp-json\/wp\/v2\/media?parent=1248"}],"wp:term":[{"taxonomy":"category","embeddable":true,"href":"https:\/\/www.emplea-te.com\/noticias-oposiciones\/wp-json\/wp\/v2\/categories?post=1248"},{"taxonomy":"post_tag","embeddable":true,"href":"https:\/\/www.emplea-te.com\/noticias-oposiciones\/wp-json\/wp\/v2\/tags?post=1248"}],"curies":[{"name":"wp","href":"https:\/\/api.w.org\/{rel}","templated":true}]}}