{"id":1251,"date":"2018-10-23T00:00:00","date_gmt":"2018-10-22T22:00:00","guid":{"rendered":"https:\/\/www.emplea-te.com\/noticias-oposiciones\/policia-nacional-escala-basica-modificacion-de-la-composicion-de-los-tribunales-calificadores-del-proceso-selectivo\/"},"modified":"2018-10-23T00:00:00","modified_gmt":"2018-10-22T22:00:00","slug":"policia-nacional-escala-basica-modificacion-de-la-composicion-de-los-tribunales-calificadores-del-proceso-selectivo","status":"publish","type":"post","link":"https:\/\/www.emplea-te.com\/noticias-oposiciones\/policia-nacional-escala-basica-modificacion-de-la-composicion-de-los-tribunales-calificadores-del-proceso-selectivo\/","title":{"rendered":"<br>Polic\u00eda Nacional, Escala b\u00e1sica.Modificaci\u00f3n de la composici\u00f3n de los tribunales calificadores del proceso selectivo."},"content":{"rendered":"<p>Resoluci\u00f3n de 26 de septiembre de 2018, de la Direcci\u00f3n General de la Polic\u00eda, por la que se modifica la composici\u00f3n de los Tribunales calificadores de la oposici\u00f3n de ingreso en la Escala B\u00e1sica, categor\u00eda de Polic\u00eda, de la Polic\u00eda Nacional, convocada por Resoluci\u00f3n de 11 de abril de 2018.<\/p>\n<p>Por Resoluci\u00f3n de 11 de abril de 2018, de la Direcci\u00f3n General de la Polic\u00eda (\u00abBOE\u00bb n\u00fam. 94, del 18), se convoc\u00f3 oposici\u00f3n libre para cubrir plazas de alumnos de la Escuela Nacional de Polic\u00eda, de la Divisi\u00f3n de Formaci\u00f3n y Perfeccionamiento, aspirantes a ingreso en la Escala B\u00e1sica, categor\u00eda de Polic\u00eda, de la Polic\u00eda Nacional, y se designaron los Tribunales calificadores que habr\u00edan de intervenir en el desarrollo, ejecuci\u00f3n y calificaci\u00f3n de las pruebas.<br \/>Con posterioridad a la fecha indicada, do\u00f1a Mar\u00eda Est\u00edbaliz Palma Varona, Comisaria de la Polic\u00eda Nacional, Presidenta del Tribunal n\u00famero 3, ha cambiado de destino y do\u00f1a Mar\u00eda Roc\u00edo Cano Morillo, Inspectora de la Polic\u00eda Nacional, vocal del Tribunal n\u00famero 2, ha formulado renuncia a su nombramiento; por lo que les impiden cumplir con las funciones inherentes a<b> <\/b>los miembros del Tribunal Calificador; circunstancias que aconsejan modificar la composici\u00f3n de los mencionados Tribunales, al objeto de garantizar la necesaria armon\u00eda, eficacia y funcionalidad en el desarrollo del proceso.<br \/>En consecuencia, esta Direcci\u00f3n General, en el ejercicio de las competencias que le atribuye el art\u00edculo 4 del Reglamento de los procesos selectivos y de formaci\u00f3n en el Cuerpo Nacional de Polic\u00eda, aprobado por Real Decreto 614\/1995, de 21 de abril, acuerda:<br \/>Nombrar Presidenta del Tribunal n\u00famero 3 a do\u00f1a Eulalia Gonz\u00e1lez Pe\u00f1a, Comisaria Principal de la Polic\u00eda Nacional, en sustituci\u00f3n de do\u00f1a Est\u00edbaliz Palma Varona. Nombrar Vocal del Tribunal n\u00famero 2 a do\u00f1a Isabel Castanedo Ramos, Inspector mos, Inspectora de la Polic\u00eda Nacional, en sustituci\u00f3n de do\u00f1a Mar\u00eda Roc\u00edo Cano Morillo.<\/p>\n<p><a href=\"https:\/\/www.boe.es\/boe\/dias\/2018\/10\/20\/pdfs\/BOE-A-2018-14377.pdf\" target=\"_blank\" rel=\"nofollow noopener noreferrer\"><span class=\"wysiwyg-color-green\">Enlace a la resoluci\u00f3n <\/span><\/a><span class=\"wysiwyg-color-green\"><\/span><\/p>\n<p><span><a href=\"https:\/\/www.emplea-te.com\/1-oposiciones-de-policia-nacional\" target=\"_blank\" rel=\"nofollow noopener noreferrer\"><span class=\"wysiwyg-color-green\">Informaci\u00f3n de las oposiciones de Polic\u00eda Nacional Escala B\u00e1sica<\/span><\/a><span class=\"wysiwyg-color-green\"> <\/span><\/span><span class=\"wysiwyg-color-green\"><\/span><\/p>\n","protected":false},"excerpt":{"rendered":"<p>Resoluci\u00f3n de 26 de septiembre de 2018, de la Direcci\u00f3n General de la Polic\u00eda, por la que se modifica la composici\u00f3n de los Tribunales calificadores de la oposici\u00f3n de ingreso en la Escala B\u00e1sica, categor\u00eda de Polic\u00eda, de la Polic\u00eda Nacional, convocada por Resoluci\u00f3n de 11 de abril de 2018. Por Resoluci\u00f3n de 11 de &hellip; <a href=\"https:\/\/www.emplea-te.com\/noticias-oposiciones\/policia-nacional-escala-basica-modificacion-de-la-composicion-de-los-tribunales-calificadores-del-proceso-selectivo\/\" class=\"more-link\">Continuar leyendo<span class=\"screen-reader-text\"> \u00ab<br \/>Polic\u00eda Nacional, Escala b\u00e1sica.Modificaci\u00f3n de la composici\u00f3n de los tribunales calificadores del proceso selectivo.\u00bb<\/span><\/a><\/p>\n","protected":false},"author":1,"featured_media":0,"comment_status":"open","ping_status":"open","sticky":false,"template":"","format":"standard","meta":{"footnotes":""},"categories":[],"tags":[],"class_list":["post-1251","post","type-post","status-publish","format-standard","hentry"],"yoast_head":"<!-- This site is optimized with the Yoast SEO plugin v27.3 - https:\/\/yoast.com\/product\/yoast-seo-wordpress\/ -->\n<title>Polic\u00eda Nacional, Escala b\u00e1sica.Modificaci\u00f3n de la composici\u00f3n de los tribunales calificadores del proceso selectivo. - Noticas de oposiciones por Academia Emplea-te<\/title>\n<meta name=\"description\" content=\"Publicada la resoluci\u00f3n en el BOE respecto a:Polic\u00eda Nacional (Escala B\u00e1sica)\u00a0. Modificada la composici\u00f3n del tribunal calificador del proceso selectivo. Enlace a resoluci\u00f3n\" \/>\n<meta name=\"robots\" content=\"index, follow, max-snippet:-1, max-image-preview:large, max-video-preview:-1\" \/>\n<link rel=\"canonical\" href=\"https:\/\/www.emplea-te.com\/noticias-oposiciones\/policia-nacional-escala-basica-modificacion-de-la-composicion-de-los-tribunales-calificadores-del-proceso-selectivo\/\" \/>\n<meta property=\"og:locale\" content=\"es_ES\" \/>\n<meta property=\"og:type\" content=\"article\" \/>\n<meta property=\"og:title\" content=\"Polic\u00eda Nacional, Escala b\u00e1sica.Modificaci\u00f3n de la composici\u00f3n de los tribunales calificadores del proceso selectivo. - Noticas de oposiciones por Academia Emplea-te\" \/>\n<meta property=\"og:description\" content=\"Publicada la resoluci\u00f3n en el BOE respecto a:Polic\u00eda Nacional (Escala B\u00e1sica)\u00a0. Modificada la composici\u00f3n del tribunal calificador del proceso selectivo. Enlace a resoluci\u00f3n\" \/>\n<meta property=\"og:url\" content=\"https:\/\/www.emplea-te.com\/noticias-oposiciones\/policia-nacional-escala-basica-modificacion-de-la-composicion-de-los-tribunales-calificadores-del-proceso-selectivo\/\" \/>\n<meta property=\"og:site_name\" content=\"Noticas de oposiciones por Academia Emplea-te\" \/>\n<meta property=\"article:publisher\" content=\"https:\/\/www.facebook.com\/AcademiaEmpleate\/\" \/>\n<meta property=\"article:published_time\" content=\"2018-10-22T22:00:00+00:00\" \/>\n<meta name=\"author\" content=\"Empleate\" \/>\n<meta name=\"twitter:card\" content=\"summary_large_image\" \/>\n<meta name=\"twitter:creator\" content=\"@Emplea_Te\" \/>\n<meta name=\"twitter:site\" content=\"@Emplea_Te\" \/>\n<meta name=\"twitter:label1\" content=\"Escrito por\" \/>\n\t<meta name=\"twitter:data1\" content=\"Empleate\" \/>\n\t<meta name=\"twitter:label2\" content=\"Tiempo de lectura\" \/>\n\t<meta name=\"twitter:data2\" content=\"2 minutos\" \/>\n<script type=\"application\/ld+json\" class=\"yoast-schema-graph\">{\"@context\":\"https:\\\/\\\/schema.org\",\"@graph\":[{\"@type\":\"Article\",\"@id\":\"https:\\\/\\\/www.emplea-te.com\\\/noticias-oposiciones\\\/policia-nacional-escala-basica-modificacion-de-la-composicion-de-los-tribunales-calificadores-del-proceso-selectivo\\\/#article\",\"isPartOf\":{\"@id\":\"https:\\\/\\\/www.emplea-te.com\\\/noticias-oposiciones\\\/policia-nacional-escala-basica-modificacion-de-la-composicion-de-los-tribunales-calificadores-del-proceso-selectivo\\\/\"},\"author\":{\"name\":\"Empleate\",\"@id\":\"https:\\\/\\\/www.emplea-te.com\\\/noticias-oposiciones\\\/#\\\/schema\\\/person\\\/d1bc587e1af2b95e9c32aba1795509a6\"},\"headline\":\"Polic\u00eda Nacional, Escala b\u00e1sica.Modificaci\u00f3n de la composici\u00f3n de los tribunales calificadores del proceso selectivo.\",\"datePublished\":\"2018-10-22T22:00:00+00:00\",\"mainEntityOfPage\":{\"@id\":\"https:\\\/\\\/www.emplea-te.com\\\/noticias-oposiciones\\\/policia-nacional-escala-basica-modificacion-de-la-composicion-de-los-tribunales-calificadores-del-proceso-selectivo\\\/\"},\"wordCount\":382,\"commentCount\":0,\"publisher\":{\"@id\":\"https:\\\/\\\/www.emplea-te.com\\\/noticias-oposiciones\\\/#organization\"},\"inLanguage\":\"es\",\"potentialAction\":[{\"@type\":\"CommentAction\",\"name\":\"Comment\",\"target\":[\"https:\\\/\\\/www.emplea-te.com\\\/noticias-oposiciones\\\/policia-nacional-escala-basica-modificacion-de-la-composicion-de-los-tribunales-calificadores-del-proceso-selectivo\\\/#respond\"]}]},{\"@type\":\"WebPage\",\"@id\":\"https:\\\/\\\/www.emplea-te.com\\\/noticias-oposiciones\\\/policia-nacional-escala-basica-modificacion-de-la-composicion-de-los-tribunales-calificadores-del-proceso-selectivo\\\/\",\"url\":\"https:\\\/\\\/www.emplea-te.com\\\/noticias-oposiciones\\\/policia-nacional-escala-basica-modificacion-de-la-composicion-de-los-tribunales-calificadores-del-proceso-selectivo\\\/\",\"name\":\"Polic\u00eda Nacional, Escala b\u00e1sica.Modificaci\u00f3n de la composici\u00f3n de los tribunales calificadores del proceso selectivo. - Noticas de oposiciones por Academia Emplea-te\",\"isPartOf\":{\"@id\":\"https:\\\/\\\/www.emplea-te.com\\\/noticias-oposiciones\\\/#website\"},\"datePublished\":\"2018-10-22T22:00:00+00:00\",\"description\":\"Publicada la resoluci\u00f3n en el BOE respecto a:Polic\u00eda Nacional (Escala B\u00e1sica)\u00a0. Modificada la composici\u00f3n del tribunal calificador del proceso selectivo. Enlace a resoluci\u00f3n\",\"breadcrumb\":{\"@id\":\"https:\\\/\\\/www.emplea-te.com\\\/noticias-oposiciones\\\/policia-nacional-escala-basica-modificacion-de-la-composicion-de-los-tribunales-calificadores-del-proceso-selectivo\\\/#breadcrumb\"},\"inLanguage\":\"es\",\"potentialAction\":[{\"@type\":\"ReadAction\",\"target\":[\"https:\\\/\\\/www.emplea-te.com\\\/noticias-oposiciones\\\/policia-nacional-escala-basica-modificacion-de-la-composicion-de-los-tribunales-calificadores-del-proceso-selectivo\\\/\"]}]},{\"@type\":\"BreadcrumbList\",\"@id\":\"https:\\\/\\\/www.emplea-te.com\\\/noticias-oposiciones\\\/policia-nacional-escala-basica-modificacion-de-la-composicion-de-los-tribunales-calificadores-del-proceso-selectivo\\\/#breadcrumb\",\"itemListElement\":[{\"@type\":\"ListItem\",\"position\":1,\"name\":\"Noticias Oposiciones\",\"item\":\"https:\\\/\\\/www.emplea-te.com\\\/noticias-oposiciones\\\/\"},{\"@type\":\"ListItem\",\"position\":2,\"name\":\"Polic\u00eda Nacional, Escala b\u00e1sica.Modificaci\u00f3n de la composici\u00f3n de los tribunales calificadores del proceso selectivo.\"}]},{\"@type\":\"WebSite\",\"@id\":\"https:\\\/\\\/www.emplea-te.com\\\/noticias-oposiciones\\\/#website\",\"url\":\"https:\\\/\\\/www.emplea-te.com\\\/noticias-oposiciones\\\/\",\"name\":\"Noticas de oposiciones por Academia Emplea-te\",\"description\":\"Toda la actualidad de las ofertas y convocatorias.\",\"publisher\":{\"@id\":\"https:\\\/\\\/www.emplea-te.com\\\/noticias-oposiciones\\\/#organization\"},\"potentialAction\":[{\"@type\":\"SearchAction\",\"target\":{\"@type\":\"EntryPoint\",\"urlTemplate\":\"https:\\\/\\\/www.emplea-te.com\\\/noticias-oposiciones\\\/?s={search_term_string}\"},\"query-input\":{\"@type\":\"PropertyValueSpecification\",\"valueRequired\":true,\"valueName\":\"search_term_string\"}}],\"inLanguage\":\"es\"},{\"@type\":\"Organization\",\"@id\":\"https:\\\/\\\/www.emplea-te.com\\\/noticias-oposiciones\\\/#organization\",\"name\":\"Academia de oposiciones Empl\u00e9ate\",\"url\":\"https:\\\/\\\/www.emplea-te.com\\\/noticias-oposiciones\\\/\",\"logo\":{\"@type\":\"ImageObject\",\"inLanguage\":\"es\",\"@id\":\"https:\\\/\\\/www.emplea-te.com\\\/noticias-oposiciones\\\/#\\\/schema\\\/logo\\\/image\\\/\",\"url\":\"https:\\\/\\\/www.emplea-te.com\\\/noticias-oposiciones\\\/wp-content\\\/uploads\\\/2019\\\/04\\\/empleate.jpg\",\"contentUrl\":\"https:\\\/\\\/www.emplea-te.com\\\/noticias-oposiciones\\\/wp-content\\\/uploads\\\/2019\\\/04\\\/empleate.jpg\",\"width\":250,\"height\":150,\"caption\":\"Academia de oposiciones Empl\u00e9ate\"},\"image\":{\"@id\":\"https:\\\/\\\/www.emplea-te.com\\\/noticias-oposiciones\\\/#\\\/schema\\\/logo\\\/image\\\/\"},\"sameAs\":[\"https:\\\/\\\/www.facebook.com\\\/AcademiaEmpleate\\\/\",\"https:\\\/\\\/x.com\\\/Emplea_Te\",\"https:\\\/\\\/www.instagram.com\\\/academia_empleate\\\/\"]},{\"@type\":\"Person\",\"@id\":\"https:\\\/\\\/www.emplea-te.com\\\/noticias-oposiciones\\\/#\\\/schema\\\/person\\\/d1bc587e1af2b95e9c32aba1795509a6\",\"name\":\"Empleate\"}]}<\/script>\n<!-- \/ Yoast SEO plugin. -->","yoast_head_json":{"title":"Polic\u00eda Nacional, Escala b\u00e1sica.Modificaci\u00f3n de la composici\u00f3n de los tribunales calificadores del proceso selectivo. - Noticas de oposiciones por Academia Emplea-te","description":"Publicada la resoluci\u00f3n en el BOE respecto a:Polic\u00eda Nacional (Escala B\u00e1sica)\u00a0. Modificada la composici\u00f3n del tribunal calificador del proceso selectivo. Enlace a resoluci\u00f3n","robots":{"index":"index","follow":"follow","max-snippet":"max-snippet:-1","max-image-preview":"max-image-preview:large","max-video-preview":"max-video-preview:-1"},"canonical":"https:\/\/www.emplea-te.com\/noticias-oposiciones\/policia-nacional-escala-basica-modificacion-de-la-composicion-de-los-tribunales-calificadores-del-proceso-selectivo\/","og_locale":"es_ES","og_type":"article","og_title":"Polic\u00eda Nacional, Escala b\u00e1sica.Modificaci\u00f3n de la composici\u00f3n de los tribunales calificadores del proceso selectivo. - Noticas de oposiciones por Academia Emplea-te","og_description":"Publicada la resoluci\u00f3n en el BOE respecto a:Polic\u00eda Nacional (Escala B\u00e1sica)\u00a0. Modificada la composici\u00f3n del tribunal calificador del proceso selectivo. Enlace a resoluci\u00f3n","og_url":"https:\/\/www.emplea-te.com\/noticias-oposiciones\/policia-nacional-escala-basica-modificacion-de-la-composicion-de-los-tribunales-calificadores-del-proceso-selectivo\/","og_site_name":"Noticas de oposiciones por Academia Emplea-te","article_publisher":"https:\/\/www.facebook.com\/AcademiaEmpleate\/","article_published_time":"2018-10-22T22:00:00+00:00","author":"Empleate","twitter_card":"summary_large_image","twitter_creator":"@Emplea_Te","twitter_site":"@Emplea_Te","twitter_misc":{"Escrito por":"Empleate","Tiempo de lectura":"2 minutos"},"schema":{"@context":"https:\/\/schema.org","@graph":[{"@type":"Article","@id":"https:\/\/www.emplea-te.com\/noticias-oposiciones\/policia-nacional-escala-basica-modificacion-de-la-composicion-de-los-tribunales-calificadores-del-proceso-selectivo\/#article","isPartOf":{"@id":"https:\/\/www.emplea-te.com\/noticias-oposiciones\/policia-nacional-escala-basica-modificacion-de-la-composicion-de-los-tribunales-calificadores-del-proceso-selectivo\/"},"author":{"name":"Empleate","@id":"https:\/\/www.emplea-te.com\/noticias-oposiciones\/#\/schema\/person\/d1bc587e1af2b95e9c32aba1795509a6"},"headline":"Polic\u00eda Nacional, Escala b\u00e1sica.Modificaci\u00f3n de la composici\u00f3n de los tribunales calificadores del proceso selectivo.","datePublished":"2018-10-22T22:00:00+00:00","mainEntityOfPage":{"@id":"https:\/\/www.emplea-te.com\/noticias-oposiciones\/policia-nacional-escala-basica-modificacion-de-la-composicion-de-los-tribunales-calificadores-del-proceso-selectivo\/"},"wordCount":382,"commentCount":0,"publisher":{"@id":"https:\/\/www.emplea-te.com\/noticias-oposiciones\/#organization"},"inLanguage":"es","potentialAction":[{"@type":"CommentAction","name":"Comment","target":["https:\/\/www.emplea-te.com\/noticias-oposiciones\/policia-nacional-escala-basica-modificacion-de-la-composicion-de-los-tribunales-calificadores-del-proceso-selectivo\/#respond"]}]},{"@type":"WebPage","@id":"https:\/\/www.emplea-te.com\/noticias-oposiciones\/policia-nacional-escala-basica-modificacion-de-la-composicion-de-los-tribunales-calificadores-del-proceso-selectivo\/","url":"https:\/\/www.emplea-te.com\/noticias-oposiciones\/policia-nacional-escala-basica-modificacion-de-la-composicion-de-los-tribunales-calificadores-del-proceso-selectivo\/","name":"Polic\u00eda Nacional, Escala b\u00e1sica.Modificaci\u00f3n de la composici\u00f3n de los tribunales calificadores del proceso selectivo. - Noticas de oposiciones por Academia Emplea-te","isPartOf":{"@id":"https:\/\/www.emplea-te.com\/noticias-oposiciones\/#website"},"datePublished":"2018-10-22T22:00:00+00:00","description":"Publicada la resoluci\u00f3n en el BOE respecto a:Polic\u00eda Nacional (Escala B\u00e1sica)\u00a0. Modificada la composici\u00f3n del tribunal calificador del proceso selectivo. Enlace a resoluci\u00f3n","breadcrumb":{"@id":"https:\/\/www.emplea-te.com\/noticias-oposiciones\/policia-nacional-escala-basica-modificacion-de-la-composicion-de-los-tribunales-calificadores-del-proceso-selectivo\/#breadcrumb"},"inLanguage":"es","potentialAction":[{"@type":"ReadAction","target":["https:\/\/www.emplea-te.com\/noticias-oposiciones\/policia-nacional-escala-basica-modificacion-de-la-composicion-de-los-tribunales-calificadores-del-proceso-selectivo\/"]}]},{"@type":"BreadcrumbList","@id":"https:\/\/www.emplea-te.com\/noticias-oposiciones\/policia-nacional-escala-basica-modificacion-de-la-composicion-de-los-tribunales-calificadores-del-proceso-selectivo\/#breadcrumb","itemListElement":[{"@type":"ListItem","position":1,"name":"Noticias Oposiciones","item":"https:\/\/www.emplea-te.com\/noticias-oposiciones\/"},{"@type":"ListItem","position":2,"name":"Polic\u00eda Nacional, Escala b\u00e1sica.Modificaci\u00f3n de la composici\u00f3n de los tribunales calificadores del proceso selectivo."}]},{"@type":"WebSite","@id":"https:\/\/www.emplea-te.com\/noticias-oposiciones\/#website","url":"https:\/\/www.emplea-te.com\/noticias-oposiciones\/","name":"Noticas de oposiciones por Academia Emplea-te","description":"Toda la actualidad de las ofertas y convocatorias.","publisher":{"@id":"https:\/\/www.emplea-te.com\/noticias-oposiciones\/#organization"},"potentialAction":[{"@type":"SearchAction","target":{"@type":"EntryPoint","urlTemplate":"https:\/\/www.emplea-te.com\/noticias-oposiciones\/?s={search_term_string}"},"query-input":{"@type":"PropertyValueSpecification","valueRequired":true,"valueName":"search_term_string"}}],"inLanguage":"es"},{"@type":"Organization","@id":"https:\/\/www.emplea-te.com\/noticias-oposiciones\/#organization","name":"Academia de oposiciones Empl\u00e9ate","url":"https:\/\/www.emplea-te.com\/noticias-oposiciones\/","logo":{"@type":"ImageObject","inLanguage":"es","@id":"https:\/\/www.emplea-te.com\/noticias-oposiciones\/#\/schema\/logo\/image\/","url":"https:\/\/www.emplea-te.com\/noticias-oposiciones\/wp-content\/uploads\/2019\/04\/empleate.jpg","contentUrl":"https:\/\/www.emplea-te.com\/noticias-oposiciones\/wp-content\/uploads\/2019\/04\/empleate.jpg","width":250,"height":150,"caption":"Academia de oposiciones Empl\u00e9ate"},"image":{"@id":"https:\/\/www.emplea-te.com\/noticias-oposiciones\/#\/schema\/logo\/image\/"},"sameAs":["https:\/\/www.facebook.com\/AcademiaEmpleate\/","https:\/\/x.com\/Emplea_Te","https:\/\/www.instagram.com\/academia_empleate\/"]},{"@type":"Person","@id":"https:\/\/www.emplea-te.com\/noticias-oposiciones\/#\/schema\/person\/d1bc587e1af2b95e9c32aba1795509a6","name":"Empleate"}]}},"_links":{"self":[{"href":"https:\/\/www.emplea-te.com\/noticias-oposiciones\/wp-json\/wp\/v2\/posts\/1251","targetHints":{"allow":["GET"]}}],"collection":[{"href":"https:\/\/www.emplea-te.com\/noticias-oposiciones\/wp-json\/wp\/v2\/posts"}],"about":[{"href":"https:\/\/www.emplea-te.com\/noticias-oposiciones\/wp-json\/wp\/v2\/types\/post"}],"author":[{"embeddable":true,"href":"https:\/\/www.emplea-te.com\/noticias-oposiciones\/wp-json\/wp\/v2\/users\/1"}],"replies":[{"embeddable":true,"href":"https:\/\/www.emplea-te.com\/noticias-oposiciones\/wp-json\/wp\/v2\/comments?post=1251"}],"version-history":[{"count":0,"href":"https:\/\/www.emplea-te.com\/noticias-oposiciones\/wp-json\/wp\/v2\/posts\/1251\/revisions"}],"wp:attachment":[{"href":"https:\/\/www.emplea-te.com\/noticias-oposiciones\/wp-json\/wp\/v2\/media?parent=1251"}],"wp:term":[{"taxonomy":"category","embeddable":true,"href":"https:\/\/www.emplea-te.com\/noticias-oposiciones\/wp-json\/wp\/v2\/categories?post=1251"},{"taxonomy":"post_tag","embeddable":true,"href":"https:\/\/www.emplea-te.com\/noticias-oposiciones\/wp-json\/wp\/v2\/tags?post=1251"}],"curies":[{"name":"wp","href":"https:\/\/api.w.org\/{rel}","templated":true}]}}