{"id":1252,"date":"2018-10-24T00:00:00","date_gmt":"2018-10-23T22:00:00","guid":{"rendered":"https:\/\/www.emplea-te.com\/noticias-oposiciones\/listado-provisional-de-admitidos-y-excluidos-para-la-elaboracion-de-listas-para-la-cobertura-de-puestos-de-auxiliar-administrativo-con-caracter-interino-del-concello-de-a-coruna\/"},"modified":"2018-10-24T00:00:00","modified_gmt":"2018-10-23T22:00:00","slug":"listado-provisional-de-admitidos-y-excluidos-para-la-elaboracion-de-listas-para-la-cobertura-de-puestos-de-auxiliar-administrativo-con-caracter-interino-del-concello-de-a-coruna","status":"publish","type":"post","link":"https:\/\/www.emplea-te.com\/noticias-oposiciones\/listado-provisional-de-admitidos-y-excluidos-para-la-elaboracion-de-listas-para-la-cobertura-de-puestos-de-auxiliar-administrativo-con-caracter-interino-del-concello-de-a-coruna\/","title":{"rendered":"<br>Listado provisional de admitidos y excluidos para la elaboraci\u00f3n de listas&nbsp;para la cobertura de puestos de &nbsp;Auxiliar Administrativo con car\u00e1cter interino del Concello de A Coru\u00f1a."},"content":{"rendered":"<p>Publicada en la&nbsp;web del Concello de A Coru\u00f1a la lista &nbsp;provisional de aspirantes admitidos y excluidos al proceso selectivo convocado para la elaboraci\u00f3n de listas para la cobertura con car\u00e1cter interino, de plazas de Auxiliar Administrativo\/a en los distintos supuestos regulados en el&nbsp; art. 10.1 de la Ley 7\/2007 del Estatuto B\u00e1sico del Empleado P\u00fablico.<\/p>\n<p><a href=\"http:\/\/www.coruna.gal\/portal\/es\/ayuntamiento\/gobierno-abierto\/seleccion-de-personal\/detalle-oferta\/elaboracion-lista-plazas-auxiliar-administrativo-a-funcionarios-as-interinos-as\/contenido\/1453666829986?argIdioma=es\" target=\"_blank\" rel=\"nofollow noopener noreferrer\"><span class=\"wysiwyg-color-green\">Enlace a resoluci\u00f3n <\/span><\/a><\/p>\n<p><\/p>\n<\/p>\n<p><b>Plazo de subsanaci\u00f3n de errores: 10 d\u00edas h\u00e1biles, contados desde el d\u00eda siguiente al de la publicaci\u00f3n de la lista provisional en la p\u00e1g. web, esto es, del 18 al 31 de octubre de 2018, ambos incluidos.<\/b><\/p>\n<p><\/p>\n","protected":false},"excerpt":{"rendered":"<p>Publicada en la&nbsp;web del Concello de A Coru\u00f1a la lista &nbsp;provisional de aspirantes admitidos y excluidos al proceso selectivo convocado para la elaboraci\u00f3n de listas para la cobertura con car\u00e1cter interino, de plazas de Auxiliar Administrativo\/a en los distintos supuestos regulados en el&nbsp; art. 10.1 de la Ley 7\/2007 del Estatuto B\u00e1sico del Empleado P\u00fablico. &hellip; <a href=\"https:\/\/www.emplea-te.com\/noticias-oposiciones\/listado-provisional-de-admitidos-y-excluidos-para-la-elaboracion-de-listas-para-la-cobertura-de-puestos-de-auxiliar-administrativo-con-caracter-interino-del-concello-de-a-coruna\/\" class=\"more-link\">Continuar leyendo<span class=\"screen-reader-text\"> \u00ab<br \/>Listado provisional de admitidos y excluidos para la elaboraci\u00f3n de listas&nbsp;para la cobertura de puestos de &nbsp;Auxiliar Administrativo con car\u00e1cter interino del Concello de A Coru\u00f1a.\u00bb<\/span><\/a><\/p>\n","protected":false},"author":1,"featured_media":0,"comment_status":"open","ping_status":"open","sticky":false,"template":"","format":"standard","meta":{"footnotes":""},"categories":[],"tags":[],"class_list":["post-1252","post","type-post","status-publish","format-standard","hentry"],"yoast_head":"<!-- This site is optimized with the Yoast SEO plugin v27.3 - https:\/\/yoast.com\/product\/yoast-seo-wordpress\/ -->\n<title>Listado provisional de admitidos y excluidos para la elaboraci\u00f3n de listas&nbsp;para la cobertura de puestos de &nbsp;Auxiliar Administrativo con car\u00e1cter interino del Concello de A Coru\u00f1a. - Noticas de oposiciones por Academia Emplea-te<\/title>\n<meta name=\"description\" content=\"Publicada en Web del Concello de A Coru\u00f1a la lista provisional de admitidos y excluidos en el proceso selectivo convocado para la elaboraci\u00f3n de listas para la cobertura con car\u00e1cter interino de plazas de Auxiliar Administrativo. Enlace a resoluci\u00f3n.\" \/>\n<meta name=\"robots\" content=\"index, follow, max-snippet:-1, max-image-preview:large, max-video-preview:-1\" \/>\n<link rel=\"canonical\" href=\"https:\/\/www.emplea-te.com\/noticias-oposiciones\/listado-provisional-de-admitidos-y-excluidos-para-la-elaboracion-de-listas-para-la-cobertura-de-puestos-de-auxiliar-administrativo-con-caracter-interino-del-concello-de-a-coruna\/\" \/>\n<meta property=\"og:locale\" content=\"es_ES\" \/>\n<meta property=\"og:type\" content=\"article\" \/>\n<meta property=\"og:title\" content=\"Listado provisional de admitidos y excluidos para la elaboraci\u00f3n de listas&nbsp;para la cobertura de puestos de &nbsp;Auxiliar Administrativo con car\u00e1cter interino del Concello de A Coru\u00f1a. - Noticas de oposiciones por Academia Emplea-te\" \/>\n<meta property=\"og:description\" content=\"Publicada en Web del Concello de A Coru\u00f1a la lista provisional de admitidos y excluidos en el proceso selectivo convocado para la elaboraci\u00f3n de listas para la cobertura con car\u00e1cter interino de plazas de Auxiliar Administrativo. Enlace a resoluci\u00f3n.\" \/>\n<meta property=\"og:url\" content=\"https:\/\/www.emplea-te.com\/noticias-oposiciones\/listado-provisional-de-admitidos-y-excluidos-para-la-elaboracion-de-listas-para-la-cobertura-de-puestos-de-auxiliar-administrativo-con-caracter-interino-del-concello-de-a-coruna\/\" \/>\n<meta property=\"og:site_name\" content=\"Noticas de oposiciones por Academia Emplea-te\" \/>\n<meta property=\"article:publisher\" content=\"https:\/\/www.facebook.com\/AcademiaEmpleate\/\" \/>\n<meta property=\"article:published_time\" content=\"2018-10-23T22:00:00+00:00\" \/>\n<meta name=\"author\" content=\"Empleate\" \/>\n<meta name=\"twitter:card\" content=\"summary_large_image\" \/>\n<meta name=\"twitter:creator\" content=\"@Emplea_Te\" \/>\n<meta name=\"twitter:site\" content=\"@Emplea_Te\" \/>\n<meta name=\"twitter:label1\" content=\"Escrito por\" \/>\n\t<meta name=\"twitter:data1\" content=\"Empleate\" \/>\n\t<meta name=\"twitter:label2\" content=\"Tiempo de lectura\" \/>\n\t<meta name=\"twitter:data2\" content=\"1 minuto\" \/>\n<script type=\"application\/ld+json\" class=\"yoast-schema-graph\">{\"@context\":\"https:\\\/\\\/schema.org\",\"@graph\":[{\"@type\":\"Article\",\"@id\":\"https:\\\/\\\/www.emplea-te.com\\\/noticias-oposiciones\\\/listado-provisional-de-admitidos-y-excluidos-para-la-elaboracion-de-listas-para-la-cobertura-de-puestos-de-auxiliar-administrativo-con-caracter-interino-del-concello-de-a-coruna\\\/#article\",\"isPartOf\":{\"@id\":\"https:\\\/\\\/www.emplea-te.com\\\/noticias-oposiciones\\\/listado-provisional-de-admitidos-y-excluidos-para-la-elaboracion-de-listas-para-la-cobertura-de-puestos-de-auxiliar-administrativo-con-caracter-interino-del-concello-de-a-coruna\\\/\"},\"author\":{\"name\":\"Empleate\",\"@id\":\"https:\\\/\\\/www.emplea-te.com\\\/noticias-oposiciones\\\/#\\\/schema\\\/person\\\/d1bc587e1af2b95e9c32aba1795509a6\"},\"headline\":\"Listado provisional de admitidos y excluidos para la elaboraci\u00f3n de listas&nbsp;para la cobertura de puestos de &nbsp;Auxiliar Administrativo con car\u00e1cter interino del Concello de A Coru\u00f1a.\",\"datePublished\":\"2018-10-23T22:00:00+00:00\",\"mainEntityOfPage\":{\"@id\":\"https:\\\/\\\/www.emplea-te.com\\\/noticias-oposiciones\\\/listado-provisional-de-admitidos-y-excluidos-para-la-elaboracion-de-listas-para-la-cobertura-de-puestos-de-auxiliar-administrativo-con-caracter-interino-del-concello-de-a-coruna\\\/\"},\"wordCount\":138,\"commentCount\":0,\"publisher\":{\"@id\":\"https:\\\/\\\/www.emplea-te.com\\\/noticias-oposiciones\\\/#organization\"},\"inLanguage\":\"es\",\"potentialAction\":[{\"@type\":\"CommentAction\",\"name\":\"Comment\",\"target\":[\"https:\\\/\\\/www.emplea-te.com\\\/noticias-oposiciones\\\/listado-provisional-de-admitidos-y-excluidos-para-la-elaboracion-de-listas-para-la-cobertura-de-puestos-de-auxiliar-administrativo-con-caracter-interino-del-concello-de-a-coruna\\\/#respond\"]}]},{\"@type\":\"WebPage\",\"@id\":\"https:\\\/\\\/www.emplea-te.com\\\/noticias-oposiciones\\\/listado-provisional-de-admitidos-y-excluidos-para-la-elaboracion-de-listas-para-la-cobertura-de-puestos-de-auxiliar-administrativo-con-caracter-interino-del-concello-de-a-coruna\\\/\",\"url\":\"https:\\\/\\\/www.emplea-te.com\\\/noticias-oposiciones\\\/listado-provisional-de-admitidos-y-excluidos-para-la-elaboracion-de-listas-para-la-cobertura-de-puestos-de-auxiliar-administrativo-con-caracter-interino-del-concello-de-a-coruna\\\/\",\"name\":\"Listado provisional de admitidos y excluidos para la elaboraci\u00f3n de listas&nbsp;para la cobertura de puestos de &nbsp;Auxiliar Administrativo con car\u00e1cter interino del Concello de A Coru\u00f1a. - Noticas de oposiciones por Academia Emplea-te\",\"isPartOf\":{\"@id\":\"https:\\\/\\\/www.emplea-te.com\\\/noticias-oposiciones\\\/#website\"},\"datePublished\":\"2018-10-23T22:00:00+00:00\",\"description\":\"Publicada en Web del Concello de A Coru\u00f1a la lista provisional de admitidos y excluidos en el proceso selectivo convocado para la elaboraci\u00f3n de listas para la cobertura con car\u00e1cter interino de plazas de Auxiliar Administrativo. Enlace a resoluci\u00f3n.\",\"breadcrumb\":{\"@id\":\"https:\\\/\\\/www.emplea-te.com\\\/noticias-oposiciones\\\/listado-provisional-de-admitidos-y-excluidos-para-la-elaboracion-de-listas-para-la-cobertura-de-puestos-de-auxiliar-administrativo-con-caracter-interino-del-concello-de-a-coruna\\\/#breadcrumb\"},\"inLanguage\":\"es\",\"potentialAction\":[{\"@type\":\"ReadAction\",\"target\":[\"https:\\\/\\\/www.emplea-te.com\\\/noticias-oposiciones\\\/listado-provisional-de-admitidos-y-excluidos-para-la-elaboracion-de-listas-para-la-cobertura-de-puestos-de-auxiliar-administrativo-con-caracter-interino-del-concello-de-a-coruna\\\/\"]}]},{\"@type\":\"BreadcrumbList\",\"@id\":\"https:\\\/\\\/www.emplea-te.com\\\/noticias-oposiciones\\\/listado-provisional-de-admitidos-y-excluidos-para-la-elaboracion-de-listas-para-la-cobertura-de-puestos-de-auxiliar-administrativo-con-caracter-interino-del-concello-de-a-coruna\\\/#breadcrumb\",\"itemListElement\":[{\"@type\":\"ListItem\",\"position\":1,\"name\":\"Noticias Oposiciones\",\"item\":\"https:\\\/\\\/www.emplea-te.com\\\/noticias-oposiciones\\\/\"},{\"@type\":\"ListItem\",\"position\":2,\"name\":\"Listado provisional de admitidos y excluidos para la elaboraci\u00f3n de listas&nbsp;para la cobertura de puestos de &nbsp;Auxiliar Administrativo con car\u00e1cter interino del Concello de A Coru\u00f1a.\"}]},{\"@type\":\"WebSite\",\"@id\":\"https:\\\/\\\/www.emplea-te.com\\\/noticias-oposiciones\\\/#website\",\"url\":\"https:\\\/\\\/www.emplea-te.com\\\/noticias-oposiciones\\\/\",\"name\":\"Noticas de oposiciones por Academia Emplea-te\",\"description\":\"Toda la actualidad de las ofertas y convocatorias.\",\"publisher\":{\"@id\":\"https:\\\/\\\/www.emplea-te.com\\\/noticias-oposiciones\\\/#organization\"},\"potentialAction\":[{\"@type\":\"SearchAction\",\"target\":{\"@type\":\"EntryPoint\",\"urlTemplate\":\"https:\\\/\\\/www.emplea-te.com\\\/noticias-oposiciones\\\/?s={search_term_string}\"},\"query-input\":{\"@type\":\"PropertyValueSpecification\",\"valueRequired\":true,\"valueName\":\"search_term_string\"}}],\"inLanguage\":\"es\"},{\"@type\":\"Organization\",\"@id\":\"https:\\\/\\\/www.emplea-te.com\\\/noticias-oposiciones\\\/#organization\",\"name\":\"Academia de oposiciones Empl\u00e9ate\",\"url\":\"https:\\\/\\\/www.emplea-te.com\\\/noticias-oposiciones\\\/\",\"logo\":{\"@type\":\"ImageObject\",\"inLanguage\":\"es\",\"@id\":\"https:\\\/\\\/www.emplea-te.com\\\/noticias-oposiciones\\\/#\\\/schema\\\/logo\\\/image\\\/\",\"url\":\"https:\\\/\\\/www.emplea-te.com\\\/noticias-oposiciones\\\/wp-content\\\/uploads\\\/2019\\\/04\\\/empleate.jpg\",\"contentUrl\":\"https:\\\/\\\/www.emplea-te.com\\\/noticias-oposiciones\\\/wp-content\\\/uploads\\\/2019\\\/04\\\/empleate.jpg\",\"width\":250,\"height\":150,\"caption\":\"Academia de oposiciones Empl\u00e9ate\"},\"image\":{\"@id\":\"https:\\\/\\\/www.emplea-te.com\\\/noticias-oposiciones\\\/#\\\/schema\\\/logo\\\/image\\\/\"},\"sameAs\":[\"https:\\\/\\\/www.facebook.com\\\/AcademiaEmpleate\\\/\",\"https:\\\/\\\/x.com\\\/Emplea_Te\",\"https:\\\/\\\/www.instagram.com\\\/academia_empleate\\\/\"]},{\"@type\":\"Person\",\"@id\":\"https:\\\/\\\/www.emplea-te.com\\\/noticias-oposiciones\\\/#\\\/schema\\\/person\\\/d1bc587e1af2b95e9c32aba1795509a6\",\"name\":\"Empleate\"}]}<\/script>\n<!-- \/ Yoast SEO plugin. -->","yoast_head_json":{"title":"Listado provisional de admitidos y excluidos para la elaboraci\u00f3n de listas&nbsp;para la cobertura de puestos de &nbsp;Auxiliar Administrativo con car\u00e1cter interino del Concello de A Coru\u00f1a. - Noticas de oposiciones por Academia Emplea-te","description":"Publicada en Web del Concello de A Coru\u00f1a la lista provisional de admitidos y excluidos en el proceso selectivo convocado para la elaboraci\u00f3n de listas para la cobertura con car\u00e1cter interino de plazas de Auxiliar Administrativo. Enlace a resoluci\u00f3n.","robots":{"index":"index","follow":"follow","max-snippet":"max-snippet:-1","max-image-preview":"max-image-preview:large","max-video-preview":"max-video-preview:-1"},"canonical":"https:\/\/www.emplea-te.com\/noticias-oposiciones\/listado-provisional-de-admitidos-y-excluidos-para-la-elaboracion-de-listas-para-la-cobertura-de-puestos-de-auxiliar-administrativo-con-caracter-interino-del-concello-de-a-coruna\/","og_locale":"es_ES","og_type":"article","og_title":"Listado provisional de admitidos y excluidos para la elaboraci\u00f3n de listas&nbsp;para la cobertura de puestos de &nbsp;Auxiliar Administrativo con car\u00e1cter interino del Concello de A Coru\u00f1a. - Noticas de oposiciones por Academia Emplea-te","og_description":"Publicada en Web del Concello de A Coru\u00f1a la lista provisional de admitidos y excluidos en el proceso selectivo convocado para la elaboraci\u00f3n de listas para la cobertura con car\u00e1cter interino de plazas de Auxiliar Administrativo. Enlace a resoluci\u00f3n.","og_url":"https:\/\/www.emplea-te.com\/noticias-oposiciones\/listado-provisional-de-admitidos-y-excluidos-para-la-elaboracion-de-listas-para-la-cobertura-de-puestos-de-auxiliar-administrativo-con-caracter-interino-del-concello-de-a-coruna\/","og_site_name":"Noticas de oposiciones por Academia Emplea-te","article_publisher":"https:\/\/www.facebook.com\/AcademiaEmpleate\/","article_published_time":"2018-10-23T22:00:00+00:00","author":"Empleate","twitter_card":"summary_large_image","twitter_creator":"@Emplea_Te","twitter_site":"@Emplea_Te","twitter_misc":{"Escrito por":"Empleate","Tiempo de lectura":"1 minuto"},"schema":{"@context":"https:\/\/schema.org","@graph":[{"@type":"Article","@id":"https:\/\/www.emplea-te.com\/noticias-oposiciones\/listado-provisional-de-admitidos-y-excluidos-para-la-elaboracion-de-listas-para-la-cobertura-de-puestos-de-auxiliar-administrativo-con-caracter-interino-del-concello-de-a-coruna\/#article","isPartOf":{"@id":"https:\/\/www.emplea-te.com\/noticias-oposiciones\/listado-provisional-de-admitidos-y-excluidos-para-la-elaboracion-de-listas-para-la-cobertura-de-puestos-de-auxiliar-administrativo-con-caracter-interino-del-concello-de-a-coruna\/"},"author":{"name":"Empleate","@id":"https:\/\/www.emplea-te.com\/noticias-oposiciones\/#\/schema\/person\/d1bc587e1af2b95e9c32aba1795509a6"},"headline":"Listado provisional de admitidos y excluidos para la elaboraci\u00f3n de listas&nbsp;para la cobertura de puestos de &nbsp;Auxiliar Administrativo con car\u00e1cter interino del Concello de A Coru\u00f1a.","datePublished":"2018-10-23T22:00:00+00:00","mainEntityOfPage":{"@id":"https:\/\/www.emplea-te.com\/noticias-oposiciones\/listado-provisional-de-admitidos-y-excluidos-para-la-elaboracion-de-listas-para-la-cobertura-de-puestos-de-auxiliar-administrativo-con-caracter-interino-del-concello-de-a-coruna\/"},"wordCount":138,"commentCount":0,"publisher":{"@id":"https:\/\/www.emplea-te.com\/noticias-oposiciones\/#organization"},"inLanguage":"es","potentialAction":[{"@type":"CommentAction","name":"Comment","target":["https:\/\/www.emplea-te.com\/noticias-oposiciones\/listado-provisional-de-admitidos-y-excluidos-para-la-elaboracion-de-listas-para-la-cobertura-de-puestos-de-auxiliar-administrativo-con-caracter-interino-del-concello-de-a-coruna\/#respond"]}]},{"@type":"WebPage","@id":"https:\/\/www.emplea-te.com\/noticias-oposiciones\/listado-provisional-de-admitidos-y-excluidos-para-la-elaboracion-de-listas-para-la-cobertura-de-puestos-de-auxiliar-administrativo-con-caracter-interino-del-concello-de-a-coruna\/","url":"https:\/\/www.emplea-te.com\/noticias-oposiciones\/listado-provisional-de-admitidos-y-excluidos-para-la-elaboracion-de-listas-para-la-cobertura-de-puestos-de-auxiliar-administrativo-con-caracter-interino-del-concello-de-a-coruna\/","name":"Listado provisional de admitidos y excluidos para la elaboraci\u00f3n de listas&nbsp;para la cobertura de puestos de &nbsp;Auxiliar Administrativo con car\u00e1cter interino del Concello de A Coru\u00f1a. - Noticas de oposiciones por Academia Emplea-te","isPartOf":{"@id":"https:\/\/www.emplea-te.com\/noticias-oposiciones\/#website"},"datePublished":"2018-10-23T22:00:00+00:00","description":"Publicada en Web del Concello de A Coru\u00f1a la lista provisional de admitidos y excluidos en el proceso selectivo convocado para la elaboraci\u00f3n de listas para la cobertura con car\u00e1cter interino de plazas de Auxiliar Administrativo. Enlace a resoluci\u00f3n.","breadcrumb":{"@id":"https:\/\/www.emplea-te.com\/noticias-oposiciones\/listado-provisional-de-admitidos-y-excluidos-para-la-elaboracion-de-listas-para-la-cobertura-de-puestos-de-auxiliar-administrativo-con-caracter-interino-del-concello-de-a-coruna\/#breadcrumb"},"inLanguage":"es","potentialAction":[{"@type":"ReadAction","target":["https:\/\/www.emplea-te.com\/noticias-oposiciones\/listado-provisional-de-admitidos-y-excluidos-para-la-elaboracion-de-listas-para-la-cobertura-de-puestos-de-auxiliar-administrativo-con-caracter-interino-del-concello-de-a-coruna\/"]}]},{"@type":"BreadcrumbList","@id":"https:\/\/www.emplea-te.com\/noticias-oposiciones\/listado-provisional-de-admitidos-y-excluidos-para-la-elaboracion-de-listas-para-la-cobertura-de-puestos-de-auxiliar-administrativo-con-caracter-interino-del-concello-de-a-coruna\/#breadcrumb","itemListElement":[{"@type":"ListItem","position":1,"name":"Noticias Oposiciones","item":"https:\/\/www.emplea-te.com\/noticias-oposiciones\/"},{"@type":"ListItem","position":2,"name":"Listado provisional de admitidos y excluidos para la elaboraci\u00f3n de listas&nbsp;para la cobertura de puestos de &nbsp;Auxiliar Administrativo con car\u00e1cter interino del Concello de A Coru\u00f1a."}]},{"@type":"WebSite","@id":"https:\/\/www.emplea-te.com\/noticias-oposiciones\/#website","url":"https:\/\/www.emplea-te.com\/noticias-oposiciones\/","name":"Noticas de oposiciones por Academia Emplea-te","description":"Toda la actualidad de las ofertas y convocatorias.","publisher":{"@id":"https:\/\/www.emplea-te.com\/noticias-oposiciones\/#organization"},"potentialAction":[{"@type":"SearchAction","target":{"@type":"EntryPoint","urlTemplate":"https:\/\/www.emplea-te.com\/noticias-oposiciones\/?s={search_term_string}"},"query-input":{"@type":"PropertyValueSpecification","valueRequired":true,"valueName":"search_term_string"}}],"inLanguage":"es"},{"@type":"Organization","@id":"https:\/\/www.emplea-te.com\/noticias-oposiciones\/#organization","name":"Academia de oposiciones Empl\u00e9ate","url":"https:\/\/www.emplea-te.com\/noticias-oposiciones\/","logo":{"@type":"ImageObject","inLanguage":"es","@id":"https:\/\/www.emplea-te.com\/noticias-oposiciones\/#\/schema\/logo\/image\/","url":"https:\/\/www.emplea-te.com\/noticias-oposiciones\/wp-content\/uploads\/2019\/04\/empleate.jpg","contentUrl":"https:\/\/www.emplea-te.com\/noticias-oposiciones\/wp-content\/uploads\/2019\/04\/empleate.jpg","width":250,"height":150,"caption":"Academia de oposiciones Empl\u00e9ate"},"image":{"@id":"https:\/\/www.emplea-te.com\/noticias-oposiciones\/#\/schema\/logo\/image\/"},"sameAs":["https:\/\/www.facebook.com\/AcademiaEmpleate\/","https:\/\/x.com\/Emplea_Te","https:\/\/www.instagram.com\/academia_empleate\/"]},{"@type":"Person","@id":"https:\/\/www.emplea-te.com\/noticias-oposiciones\/#\/schema\/person\/d1bc587e1af2b95e9c32aba1795509a6","name":"Empleate"}]}},"_links":{"self":[{"href":"https:\/\/www.emplea-te.com\/noticias-oposiciones\/wp-json\/wp\/v2\/posts\/1252","targetHints":{"allow":["GET"]}}],"collection":[{"href":"https:\/\/www.emplea-te.com\/noticias-oposiciones\/wp-json\/wp\/v2\/posts"}],"about":[{"href":"https:\/\/www.emplea-te.com\/noticias-oposiciones\/wp-json\/wp\/v2\/types\/post"}],"author":[{"embeddable":true,"href":"https:\/\/www.emplea-te.com\/noticias-oposiciones\/wp-json\/wp\/v2\/users\/1"}],"replies":[{"embeddable":true,"href":"https:\/\/www.emplea-te.com\/noticias-oposiciones\/wp-json\/wp\/v2\/comments?post=1252"}],"version-history":[{"count":0,"href":"https:\/\/www.emplea-te.com\/noticias-oposiciones\/wp-json\/wp\/v2\/posts\/1252\/revisions"}],"wp:attachment":[{"href":"https:\/\/www.emplea-te.com\/noticias-oposiciones\/wp-json\/wp\/v2\/media?parent=1252"}],"wp:term":[{"taxonomy":"category","embeddable":true,"href":"https:\/\/www.emplea-te.com\/noticias-oposiciones\/wp-json\/wp\/v2\/categories?post=1252"},{"taxonomy":"post_tag","embeddable":true,"href":"https:\/\/www.emplea-te.com\/noticias-oposiciones\/wp-json\/wp\/v2\/tags?post=1252"}],"curies":[{"name":"wp","href":"https:\/\/api.w.org\/{rel}","templated":true}]}}