{"id":1253,"date":"2018-10-25T00:00:00","date_gmt":"2018-10-24T22:00:00","guid":{"rendered":"https:\/\/www.emplea-te.com\/noticias-oposiciones\/publicada-la-modificacion-del-pacto-sobre-seleccion-de-personal-estatutario-temporal-del-sergas\/"},"modified":"2018-10-25T00:00:00","modified_gmt":"2018-10-24T22:00:00","slug":"publicada-la-modificacion-del-pacto-sobre-seleccion-de-personal-estatutario-temporal-del-sergas","status":"publish","type":"post","link":"https:\/\/www.emplea-te.com\/noticias-oposiciones\/publicada-la-modificacion-del-pacto-sobre-seleccion-de-personal-estatutario-temporal-del-sergas\/","title":{"rendered":"<br>Publicada la modificaci\u00f3n del pacto sobre selecci\u00f3n de personal estatutario temporal del SERGAS"},"content":{"rendered":"<p>Publicada la modificaci\u00f3n del pacto sobre selecci\u00f3n de personal estatutario temporal del SERGAS en el DOG.<\/p>\n<p>RESOLUCI\ufffdN de 17 de octubre de 2018, de la Direcci\u00f3n General de Recursos Humanos, por la que se dispone la publicaci\u00f3n del acuerdo de la Mesa Sectorial de Sanidad de fecha 16 de octubre de 2018, de modificaci\u00f3n del pacto sobre selecci\u00f3n de personal estatutario temporal del Sistema p\u00fablico de salud de Galicia.<\/p>\n<p>En sesi\u00f3n extraordinaria celebrada el 6 de julio de 2018 fueron aprobadas por la Mesa Sectorial de Sanidad las bases de la carrera profesional en el \u00e1mbito del Servicio Gallego de Salud y las entidades adscritas a la Conseller\u00eda de Sanidad y a dicho organismo (DOG n\u00fam. 144, de 30 de julio), conforme a las cuales puede acceder al grado inicial el personal fijo de la categor\u00eda, el personal interino en plaza vacante y el personal fijo de otra categor\u00eda que est\u00e9 desempe\u00f1ando una plaza vacante por promoci\u00f3n interna temporal.<br \/>En esa misma sesi\u00f3n, y como as\u00ed qued\u00f3 reflejado en el acta de fin de negociaci\u00f3n se adopt\u00f3, entre otros, el siguiente acuerdo: \u00abDentro de los sistemas de selecci\u00f3n de personal estatutario temporal se promover\u00e1n las medidas precisas para que el hecho de estar vinculado como personal sustituto de larga duraci\u00f3n no sea impedimento para las ofertas de nombramientos de interinidad, respetando el orden de prelaci\u00f3n y dem\u00e1s preceptos que resulten de aplicaci\u00f3n\u00bb.<br \/>Con el objeto de dar cumplimiento a este acuerdo, previo tratamiento en la Comisi\u00f3n Central de Seguimiento del Pacto, la Administraci\u00f3n sanitaria y las centrales sindicales integrantes de la mesa sectorial de negociaci\u00f3n del personal estatutario, CIG, CESM-O\u00b4Mega, UGT, CSIF y SATSE, aprobaron la modificaci\u00f3n de las cl\u00e1usulas III.2 y IV.5 del vigente Pacto sobre selecci\u00f3n de personal estatutario temporal del Sistema p\u00fablico de salud de Galicia (DOG n\u00fam. 123, de 30 de junio de 2016).<\/p>\n<p>Esta modificaci\u00f3n entrar\u00e1 en vigor el d\u00eda siguiente al de su publicaci\u00f3n en el Diario Oficial de Galicia. (Hoy d\u00eda 25 de Octubre) <\/p>\n<p><a href=\"\"https:\/\/www.xunta.gal\/dog\/Publicados\/2018\/20181024\/AnuncioG0003-181018-0001_es.pdf\"\" target=\"\"_blank\"\" rel=\"noopener noreferrer\"nofollow\"\"><span class=\"\"wysiwyg-color-green\"\">Enlace a resoluci\u00f3n <\/span><\/a><\/p>\n<\/p>\n<p>\u00ab<\/p>\n","protected":false},"excerpt":{"rendered":"<p>Publicada la modificaci\u00f3n del pacto sobre selecci\u00f3n de personal estatutario temporal del SERGAS en el DOG. RESOLUCI\ufffdN de 17 de octubre de 2018, de la Direcci\u00f3n General de Recursos Humanos, por la que se dispone la publicaci\u00f3n del acuerdo de la Mesa Sectorial de Sanidad de fecha 16 de octubre de 2018, de modificaci\u00f3n del &hellip; <a href=\"https:\/\/www.emplea-te.com\/noticias-oposiciones\/publicada-la-modificacion-del-pacto-sobre-seleccion-de-personal-estatutario-temporal-del-sergas\/\" class=\"more-link\">Continuar leyendo<span class=\"screen-reader-text\"> \u00ab<br \/>Publicada la modificaci\u00f3n del pacto sobre selecci\u00f3n de personal estatutario temporal del SERGAS\u00bb<\/span><\/a><\/p>\n","protected":false},"author":1,"featured_media":0,"comment_status":"open","ping_status":"open","sticky":false,"template":"","format":"standard","meta":{"footnotes":""},"categories":[],"tags":[],"class_list":["post-1253","post","type-post","status-publish","format-standard","hentry"],"yoast_head":"<!-- This site is optimized with the Yoast SEO plugin v27.3 - https:\/\/yoast.com\/product\/yoast-seo-wordpress\/ -->\n<title>Publicada la modificaci\u00f3n del pacto sobre selecci\u00f3n de personal estatutario temporal del SERGAS - Noticas de oposiciones por Academia Emplea-te<\/title>\n<meta name=\"description\" content=\"Publicada la modificaci\u00f3n del pacto sobre selecci\u00f3n de personal estatutario temporal del SERGAS en el DOG. Enlace a resoluci\u00f3n.\" \/>\n<meta name=\"robots\" content=\"index, follow, max-snippet:-1, max-image-preview:large, max-video-preview:-1\" \/>\n<link rel=\"canonical\" href=\"https:\/\/www.emplea-te.com\/noticias-oposiciones\/publicada-la-modificacion-del-pacto-sobre-seleccion-de-personal-estatutario-temporal-del-sergas\/\" \/>\n<meta property=\"og:locale\" content=\"es_ES\" \/>\n<meta property=\"og:type\" content=\"article\" \/>\n<meta property=\"og:title\" content=\"Publicada la modificaci\u00f3n del pacto sobre selecci\u00f3n de personal estatutario temporal del SERGAS - Noticas de oposiciones por Academia Emplea-te\" \/>\n<meta property=\"og:description\" content=\"Publicada la modificaci\u00f3n del pacto sobre selecci\u00f3n de personal estatutario temporal del SERGAS en el DOG. Enlace a resoluci\u00f3n.\" \/>\n<meta property=\"og:url\" content=\"https:\/\/www.emplea-te.com\/noticias-oposiciones\/publicada-la-modificacion-del-pacto-sobre-seleccion-de-personal-estatutario-temporal-del-sergas\/\" \/>\n<meta property=\"og:site_name\" content=\"Noticas de oposiciones por Academia Emplea-te\" \/>\n<meta property=\"article:publisher\" content=\"https:\/\/www.facebook.com\/AcademiaEmpleate\/\" \/>\n<meta property=\"article:published_time\" content=\"2018-10-24T22:00:00+00:00\" \/>\n<meta name=\"author\" content=\"Empleate\" \/>\n<meta name=\"twitter:card\" content=\"summary_large_image\" \/>\n<meta name=\"twitter:creator\" content=\"@Emplea_Te\" \/>\n<meta name=\"twitter:site\" content=\"@Emplea_Te\" \/>\n<meta name=\"twitter:label1\" content=\"Escrito por\" \/>\n\t<meta name=\"twitter:data1\" content=\"Empleate\" \/>\n\t<meta name=\"twitter:label2\" content=\"Tiempo de lectura\" \/>\n\t<meta name=\"twitter:data2\" content=\"2 minutos\" \/>\n<script type=\"application\/ld+json\" class=\"yoast-schema-graph\">{\"@context\":\"https:\\\/\\\/schema.org\",\"@graph\":[{\"@type\":\"Article\",\"@id\":\"https:\\\/\\\/www.emplea-te.com\\\/noticias-oposiciones\\\/publicada-la-modificacion-del-pacto-sobre-seleccion-de-personal-estatutario-temporal-del-sergas\\\/#article\",\"isPartOf\":{\"@id\":\"https:\\\/\\\/www.emplea-te.com\\\/noticias-oposiciones\\\/publicada-la-modificacion-del-pacto-sobre-seleccion-de-personal-estatutario-temporal-del-sergas\\\/\"},\"author\":{\"name\":\"Empleate\",\"@id\":\"https:\\\/\\\/www.emplea-te.com\\\/noticias-oposiciones\\\/#\\\/schema\\\/person\\\/d1bc587e1af2b95e9c32aba1795509a6\"},\"headline\":\"Publicada la modificaci\u00f3n del pacto sobre selecci\u00f3n de personal estatutario temporal del SERGAS\",\"datePublished\":\"2018-10-24T22:00:00+00:00\",\"mainEntityOfPage\":{\"@id\":\"https:\\\/\\\/www.emplea-te.com\\\/noticias-oposiciones\\\/publicada-la-modificacion-del-pacto-sobre-seleccion-de-personal-estatutario-temporal-del-sergas\\\/\"},\"wordCount\":374,\"commentCount\":0,\"publisher\":{\"@id\":\"https:\\\/\\\/www.emplea-te.com\\\/noticias-oposiciones\\\/#organization\"},\"inLanguage\":\"es\",\"potentialAction\":[{\"@type\":\"CommentAction\",\"name\":\"Comment\",\"target\":[\"https:\\\/\\\/www.emplea-te.com\\\/noticias-oposiciones\\\/publicada-la-modificacion-del-pacto-sobre-seleccion-de-personal-estatutario-temporal-del-sergas\\\/#respond\"]}]},{\"@type\":\"WebPage\",\"@id\":\"https:\\\/\\\/www.emplea-te.com\\\/noticias-oposiciones\\\/publicada-la-modificacion-del-pacto-sobre-seleccion-de-personal-estatutario-temporal-del-sergas\\\/\",\"url\":\"https:\\\/\\\/www.emplea-te.com\\\/noticias-oposiciones\\\/publicada-la-modificacion-del-pacto-sobre-seleccion-de-personal-estatutario-temporal-del-sergas\\\/\",\"name\":\"Publicada la modificaci\u00f3n del pacto sobre selecci\u00f3n de personal estatutario temporal del SERGAS - Noticas de oposiciones por Academia Emplea-te\",\"isPartOf\":{\"@id\":\"https:\\\/\\\/www.emplea-te.com\\\/noticias-oposiciones\\\/#website\"},\"datePublished\":\"2018-10-24T22:00:00+00:00\",\"description\":\"Publicada la modificaci\u00f3n del pacto sobre selecci\u00f3n de personal estatutario temporal del SERGAS en el DOG. Enlace a resoluci\u00f3n.\",\"breadcrumb\":{\"@id\":\"https:\\\/\\\/www.emplea-te.com\\\/noticias-oposiciones\\\/publicada-la-modificacion-del-pacto-sobre-seleccion-de-personal-estatutario-temporal-del-sergas\\\/#breadcrumb\"},\"inLanguage\":\"es\",\"potentialAction\":[{\"@type\":\"ReadAction\",\"target\":[\"https:\\\/\\\/www.emplea-te.com\\\/noticias-oposiciones\\\/publicada-la-modificacion-del-pacto-sobre-seleccion-de-personal-estatutario-temporal-del-sergas\\\/\"]}]},{\"@type\":\"BreadcrumbList\",\"@id\":\"https:\\\/\\\/www.emplea-te.com\\\/noticias-oposiciones\\\/publicada-la-modificacion-del-pacto-sobre-seleccion-de-personal-estatutario-temporal-del-sergas\\\/#breadcrumb\",\"itemListElement\":[{\"@type\":\"ListItem\",\"position\":1,\"name\":\"Noticias Oposiciones\",\"item\":\"https:\\\/\\\/www.emplea-te.com\\\/noticias-oposiciones\\\/\"},{\"@type\":\"ListItem\",\"position\":2,\"name\":\"Publicada la modificaci\u00f3n del pacto sobre selecci\u00f3n de personal estatutario temporal del SERGAS\"}]},{\"@type\":\"WebSite\",\"@id\":\"https:\\\/\\\/www.emplea-te.com\\\/noticias-oposiciones\\\/#website\",\"url\":\"https:\\\/\\\/www.emplea-te.com\\\/noticias-oposiciones\\\/\",\"name\":\"Noticas de oposiciones por Academia Emplea-te\",\"description\":\"Toda la actualidad de las ofertas y convocatorias.\",\"publisher\":{\"@id\":\"https:\\\/\\\/www.emplea-te.com\\\/noticias-oposiciones\\\/#organization\"},\"potentialAction\":[{\"@type\":\"SearchAction\",\"target\":{\"@type\":\"EntryPoint\",\"urlTemplate\":\"https:\\\/\\\/www.emplea-te.com\\\/noticias-oposiciones\\\/?s={search_term_string}\"},\"query-input\":{\"@type\":\"PropertyValueSpecification\",\"valueRequired\":true,\"valueName\":\"search_term_string\"}}],\"inLanguage\":\"es\"},{\"@type\":\"Organization\",\"@id\":\"https:\\\/\\\/www.emplea-te.com\\\/noticias-oposiciones\\\/#organization\",\"name\":\"Academia de oposiciones Empl\u00e9ate\",\"url\":\"https:\\\/\\\/www.emplea-te.com\\\/noticias-oposiciones\\\/\",\"logo\":{\"@type\":\"ImageObject\",\"inLanguage\":\"es\",\"@id\":\"https:\\\/\\\/www.emplea-te.com\\\/noticias-oposiciones\\\/#\\\/schema\\\/logo\\\/image\\\/\",\"url\":\"https:\\\/\\\/www.emplea-te.com\\\/noticias-oposiciones\\\/wp-content\\\/uploads\\\/2019\\\/04\\\/empleate.jpg\",\"contentUrl\":\"https:\\\/\\\/www.emplea-te.com\\\/noticias-oposiciones\\\/wp-content\\\/uploads\\\/2019\\\/04\\\/empleate.jpg\",\"width\":250,\"height\":150,\"caption\":\"Academia de oposiciones Empl\u00e9ate\"},\"image\":{\"@id\":\"https:\\\/\\\/www.emplea-te.com\\\/noticias-oposiciones\\\/#\\\/schema\\\/logo\\\/image\\\/\"},\"sameAs\":[\"https:\\\/\\\/www.facebook.com\\\/AcademiaEmpleate\\\/\",\"https:\\\/\\\/x.com\\\/Emplea_Te\",\"https:\\\/\\\/www.instagram.com\\\/academia_empleate\\\/\"]},{\"@type\":\"Person\",\"@id\":\"https:\\\/\\\/www.emplea-te.com\\\/noticias-oposiciones\\\/#\\\/schema\\\/person\\\/d1bc587e1af2b95e9c32aba1795509a6\",\"name\":\"Empleate\"}]}<\/script>\n<!-- \/ Yoast SEO plugin. -->","yoast_head_json":{"title":"Publicada la modificaci\u00f3n del pacto sobre selecci\u00f3n de personal estatutario temporal del SERGAS - Noticas de oposiciones por Academia Emplea-te","description":"Publicada la modificaci\u00f3n del pacto sobre selecci\u00f3n de personal estatutario temporal del SERGAS en el DOG. Enlace a resoluci\u00f3n.","robots":{"index":"index","follow":"follow","max-snippet":"max-snippet:-1","max-image-preview":"max-image-preview:large","max-video-preview":"max-video-preview:-1"},"canonical":"https:\/\/www.emplea-te.com\/noticias-oposiciones\/publicada-la-modificacion-del-pacto-sobre-seleccion-de-personal-estatutario-temporal-del-sergas\/","og_locale":"es_ES","og_type":"article","og_title":"Publicada la modificaci\u00f3n del pacto sobre selecci\u00f3n de personal estatutario temporal del SERGAS - Noticas de oposiciones por Academia Emplea-te","og_description":"Publicada la modificaci\u00f3n del pacto sobre selecci\u00f3n de personal estatutario temporal del SERGAS en el DOG. Enlace a resoluci\u00f3n.","og_url":"https:\/\/www.emplea-te.com\/noticias-oposiciones\/publicada-la-modificacion-del-pacto-sobre-seleccion-de-personal-estatutario-temporal-del-sergas\/","og_site_name":"Noticas de oposiciones por Academia Emplea-te","article_publisher":"https:\/\/www.facebook.com\/AcademiaEmpleate\/","article_published_time":"2018-10-24T22:00:00+00:00","author":"Empleate","twitter_card":"summary_large_image","twitter_creator":"@Emplea_Te","twitter_site":"@Emplea_Te","twitter_misc":{"Escrito por":"Empleate","Tiempo de lectura":"2 minutos"},"schema":{"@context":"https:\/\/schema.org","@graph":[{"@type":"Article","@id":"https:\/\/www.emplea-te.com\/noticias-oposiciones\/publicada-la-modificacion-del-pacto-sobre-seleccion-de-personal-estatutario-temporal-del-sergas\/#article","isPartOf":{"@id":"https:\/\/www.emplea-te.com\/noticias-oposiciones\/publicada-la-modificacion-del-pacto-sobre-seleccion-de-personal-estatutario-temporal-del-sergas\/"},"author":{"name":"Empleate","@id":"https:\/\/www.emplea-te.com\/noticias-oposiciones\/#\/schema\/person\/d1bc587e1af2b95e9c32aba1795509a6"},"headline":"Publicada la modificaci\u00f3n del pacto sobre selecci\u00f3n de personal estatutario temporal del SERGAS","datePublished":"2018-10-24T22:00:00+00:00","mainEntityOfPage":{"@id":"https:\/\/www.emplea-te.com\/noticias-oposiciones\/publicada-la-modificacion-del-pacto-sobre-seleccion-de-personal-estatutario-temporal-del-sergas\/"},"wordCount":374,"commentCount":0,"publisher":{"@id":"https:\/\/www.emplea-te.com\/noticias-oposiciones\/#organization"},"inLanguage":"es","potentialAction":[{"@type":"CommentAction","name":"Comment","target":["https:\/\/www.emplea-te.com\/noticias-oposiciones\/publicada-la-modificacion-del-pacto-sobre-seleccion-de-personal-estatutario-temporal-del-sergas\/#respond"]}]},{"@type":"WebPage","@id":"https:\/\/www.emplea-te.com\/noticias-oposiciones\/publicada-la-modificacion-del-pacto-sobre-seleccion-de-personal-estatutario-temporal-del-sergas\/","url":"https:\/\/www.emplea-te.com\/noticias-oposiciones\/publicada-la-modificacion-del-pacto-sobre-seleccion-de-personal-estatutario-temporal-del-sergas\/","name":"Publicada la modificaci\u00f3n del pacto sobre selecci\u00f3n de personal estatutario temporal del SERGAS - Noticas de oposiciones por Academia Emplea-te","isPartOf":{"@id":"https:\/\/www.emplea-te.com\/noticias-oposiciones\/#website"},"datePublished":"2018-10-24T22:00:00+00:00","description":"Publicada la modificaci\u00f3n del pacto sobre selecci\u00f3n de personal estatutario temporal del SERGAS en el DOG. Enlace a resoluci\u00f3n.","breadcrumb":{"@id":"https:\/\/www.emplea-te.com\/noticias-oposiciones\/publicada-la-modificacion-del-pacto-sobre-seleccion-de-personal-estatutario-temporal-del-sergas\/#breadcrumb"},"inLanguage":"es","potentialAction":[{"@type":"ReadAction","target":["https:\/\/www.emplea-te.com\/noticias-oposiciones\/publicada-la-modificacion-del-pacto-sobre-seleccion-de-personal-estatutario-temporal-del-sergas\/"]}]},{"@type":"BreadcrumbList","@id":"https:\/\/www.emplea-te.com\/noticias-oposiciones\/publicada-la-modificacion-del-pacto-sobre-seleccion-de-personal-estatutario-temporal-del-sergas\/#breadcrumb","itemListElement":[{"@type":"ListItem","position":1,"name":"Noticias Oposiciones","item":"https:\/\/www.emplea-te.com\/noticias-oposiciones\/"},{"@type":"ListItem","position":2,"name":"Publicada la modificaci\u00f3n del pacto sobre selecci\u00f3n de personal estatutario temporal del SERGAS"}]},{"@type":"WebSite","@id":"https:\/\/www.emplea-te.com\/noticias-oposiciones\/#website","url":"https:\/\/www.emplea-te.com\/noticias-oposiciones\/","name":"Noticas de oposiciones por Academia Emplea-te","description":"Toda la actualidad de las ofertas y convocatorias.","publisher":{"@id":"https:\/\/www.emplea-te.com\/noticias-oposiciones\/#organization"},"potentialAction":[{"@type":"SearchAction","target":{"@type":"EntryPoint","urlTemplate":"https:\/\/www.emplea-te.com\/noticias-oposiciones\/?s={search_term_string}"},"query-input":{"@type":"PropertyValueSpecification","valueRequired":true,"valueName":"search_term_string"}}],"inLanguage":"es"},{"@type":"Organization","@id":"https:\/\/www.emplea-te.com\/noticias-oposiciones\/#organization","name":"Academia de oposiciones Empl\u00e9ate","url":"https:\/\/www.emplea-te.com\/noticias-oposiciones\/","logo":{"@type":"ImageObject","inLanguage":"es","@id":"https:\/\/www.emplea-te.com\/noticias-oposiciones\/#\/schema\/logo\/image\/","url":"https:\/\/www.emplea-te.com\/noticias-oposiciones\/wp-content\/uploads\/2019\/04\/empleate.jpg","contentUrl":"https:\/\/www.emplea-te.com\/noticias-oposiciones\/wp-content\/uploads\/2019\/04\/empleate.jpg","width":250,"height":150,"caption":"Academia de oposiciones Empl\u00e9ate"},"image":{"@id":"https:\/\/www.emplea-te.com\/noticias-oposiciones\/#\/schema\/logo\/image\/"},"sameAs":["https:\/\/www.facebook.com\/AcademiaEmpleate\/","https:\/\/x.com\/Emplea_Te","https:\/\/www.instagram.com\/academia_empleate\/"]},{"@type":"Person","@id":"https:\/\/www.emplea-te.com\/noticias-oposiciones\/#\/schema\/person\/d1bc587e1af2b95e9c32aba1795509a6","name":"Empleate"}]}},"_links":{"self":[{"href":"https:\/\/www.emplea-te.com\/noticias-oposiciones\/wp-json\/wp\/v2\/posts\/1253","targetHints":{"allow":["GET"]}}],"collection":[{"href":"https:\/\/www.emplea-te.com\/noticias-oposiciones\/wp-json\/wp\/v2\/posts"}],"about":[{"href":"https:\/\/www.emplea-te.com\/noticias-oposiciones\/wp-json\/wp\/v2\/types\/post"}],"author":[{"embeddable":true,"href":"https:\/\/www.emplea-te.com\/noticias-oposiciones\/wp-json\/wp\/v2\/users\/1"}],"replies":[{"embeddable":true,"href":"https:\/\/www.emplea-te.com\/noticias-oposiciones\/wp-json\/wp\/v2\/comments?post=1253"}],"version-history":[{"count":0,"href":"https:\/\/www.emplea-te.com\/noticias-oposiciones\/wp-json\/wp\/v2\/posts\/1253\/revisions"}],"wp:attachment":[{"href":"https:\/\/www.emplea-te.com\/noticias-oposiciones\/wp-json\/wp\/v2\/media?parent=1253"}],"wp:term":[{"taxonomy":"category","embeddable":true,"href":"https:\/\/www.emplea-te.com\/noticias-oposiciones\/wp-json\/wp\/v2\/categories?post=1253"},{"taxonomy":"post_tag","embeddable":true,"href":"https:\/\/www.emplea-te.com\/noticias-oposiciones\/wp-json\/wp\/v2\/tags?post=1253"}],"curies":[{"name":"wp","href":"https:\/\/api.w.org\/{rel}","templated":true}]}}